{"id":10013,"date":"2022-03-24T10:55:51","date_gmt":"2022-03-24T09:55:51","guid":{"rendered":"http:\/\/etival.fr\/?p=10013"},"modified":"2022-03-24T11:00:56","modified_gmt":"2022-03-24T10:00:56","slug":"formation-dassistant-de-vie-aux-personnes-dependantes","status":"publish","type":"post","link":"https:\/\/etival.fr\/?p=10013","title":{"rendered":"Formation d&rsquo;assistant de vie aux personnes d\u00e9pendantes"},"content":{"rendered":"\n<p>Une formation&nbsp;<strong>Assistant de vie aux personnes d\u00e9pendantes<\/strong>&nbsp;va avoir lieu \u00e0 Saint-Di\u00e9 du 19 avril au 28 aout 2022.<\/p>\n\n\n\n<p>Cette formation a pour objectif l\u2019obtention d\u2019un titre professionnel permettant l\u2019accompagnement des personnes d\u00e9pendantes \u00e0 leur domicile.<\/p>\n\n\n\n<p>Les prochaines r\u00e9unions d\u2019information sont les 28 et 31 mars \u00e0 la P\u00e9pini\u00e8re d\u2019entreprise de Saint-Di\u00e9 \u00e0 09h00.<\/p>\n\n\n\n<p>Pour s\u2019inscrire, il faut se rapprocher des conseillers P\u00f4le Emploi, Mission Locale ou Cap Emploi.<\/p>\n\n\n\n<p>Vous pourrez trouver <a href=\"http:\/\/etival.fr\/wp-content\/uploads\/2022\/03\/Fiche-technique-ADVD-Saint-Die-avril-22-1.pdf\">ICI<\/a> la fiche technique correspondant \u00e0 la formation. <br><\/p>\n\n\n\n<p><strong>ALAJI Organisme de Formation\u00a0: 03 83 58 18 28<\/strong><br><strong>1, All\u00e9e des ch\u00eanes 88000 Epinal<\/strong><\/p>\n","protected":false},"excerpt":{"rendered":"<p>Une formation&nbsp;Assistant de vie aux personnes d\u00e9pendantes&nbsp;va avoir lieu \u00e0 Saint-Di\u00e9 du 19 avril au 28 aout 2022. Cette formation a pour objectif l\u2019obtention d\u2019un titre professionnel permettant l\u2019accompagnement des personnes d\u00e9pendantes \u00e0 leur domicile. Les prochaines r\u00e9unions d\u2019information sont les 28 et 31 mars \u00e0 la P\u00e9pini\u00e8re d\u2019entreprise de Saint-Di\u00e9 \u00e0 09h00. Pour s\u2019inscrire, [&hellip;]<\/p>\n","protected":false},"author":2,"featured_media":0,"comment_status":"closed","ping_status":"open","sticky":false,"template":"","format":"standard","meta":{"footnotes":""},"categories":[7],"tags":[],"class_list":["post-10013","post","type-post","status-publish","format-standard","hentry","category-divers"],"yoast_head":"<!-- This site is optimized with the Yoast SEO plugin v26.8 - https:\/\/yoast.com\/product\/yoast-seo-wordpress\/ -->\n<title>Formation d&#039;assistant de vie aux personnes d\u00e9pendantes - Etival-Clairefontaine<\/title>\n<meta name=\"robots\" content=\"index, follow, max-snippet:-1, max-image-preview:large, max-video-preview:-1\" \/>\n<link rel=\"canonical\" href=\"https:\/\/etival.fr\/?p=10013\" \/>\n<meta property=\"og:locale\" content=\"fr_FR\" \/>\n<meta property=\"og:type\" content=\"article\" \/>\n<meta property=\"og:title\" content=\"Formation d&#039;assistant de vie aux personnes d\u00e9pendantes - Etival-Clairefontaine\" \/>\n<meta property=\"og:description\" content=\"Une formation&nbsp;Assistant de vie aux personnes d\u00e9pendantes&nbsp;va avoir lieu \u00e0 Saint-Di\u00e9 du 19 avril au 28 aout 2022. Cette formation a pour objectif l\u2019obtention d\u2019un titre professionnel permettant l\u2019accompagnement des personnes d\u00e9pendantes \u00e0 leur domicile. Les prochaines r\u00e9unions d\u2019information sont les 28 et 31 mars \u00e0 la P\u00e9pini\u00e8re d\u2019entreprise de Saint-Di\u00e9 \u00e0 09h00. Pour s\u2019inscrire, [&hellip;]\" \/>\n<meta property=\"og:url\" content=\"https:\/\/etival.fr\/?p=10013\" \/>\n<meta property=\"og:site_name\" content=\"Etival-Clairefontaine\" \/>\n<meta property=\"article:published_time\" content=\"2022-03-24T09:55:51+00:00\" \/>\n<meta property=\"article:modified_time\" content=\"2022-03-24T10:00:56+00:00\" \/>\n<meta name=\"author\" content=\"Catherine\" \/>\n<meta name=\"twitter:card\" content=\"summary_large_image\" \/>\n<meta name=\"twitter:label1\" content=\"\u00c9crit par\" \/>\n\t<meta name=\"twitter:data1\" content=\"Catherine\" \/>\n\t<meta name=\"twitter:label2\" content=\"Dur\u00e9e de lecture estim\u00e9e\" \/>\n\t<meta name=\"twitter:data2\" content=\"1 minute\" \/>\n<script type=\"application\/ld+json\" class=\"yoast-schema-graph\">{\"@context\":\"https:\/\/schema.org\",\"@graph\":[{\"@type\":\"Article\",\"@id\":\"https:\/\/etival.fr\/?p=10013#article\",\"isPartOf\":{\"@id\":\"https:\/\/etival.fr\/?p=10013\"},\"author\":{\"name\":\"Catherine\",\"@id\":\"https:\/\/etival.fr\/#\/schema\/person\/966767531f422984430588510b8d4c3f\"},\"headline\":\"Formation d&rsquo;assistant de vie aux personnes d\u00e9pendantes\",\"datePublished\":\"2022-03-24T09:55:51+00:00\",\"dateModified\":\"2022-03-24T10:00:56+00:00\",\"mainEntityOfPage\":{\"@id\":\"https:\/\/etival.fr\/?p=10013\"},\"wordCount\":104,\"articleSection\":[\"Divers\"],\"inLanguage\":\"fr-FR\"},{\"@type\":\"WebPage\",\"@id\":\"https:\/\/etival.fr\/?p=10013\",\"url\":\"https:\/\/etival.fr\/?p=10013\",\"name\":\"Formation d'assistant de vie aux personnes d\u00e9pendantes - Etival-Clairefontaine\",\"isPartOf\":{\"@id\":\"https:\/\/etival.fr\/#website\"},\"datePublished\":\"2022-03-24T09:55:51+00:00\",\"dateModified\":\"2022-03-24T10:00:56+00:00\",\"author\":{\"@id\":\"https:\/\/etival.fr\/#\/schema\/person\/966767531f422984430588510b8d4c3f\"},\"breadcrumb\":{\"@id\":\"https:\/\/etival.fr\/?p=10013#breadcrumb\"},\"inLanguage\":\"fr-FR\",\"potentialAction\":[{\"@type\":\"ReadAction\",\"target\":[\"https:\/\/etival.fr\/?p=10013\"]}]},{\"@type\":\"BreadcrumbList\",\"@id\":\"https:\/\/etival.fr\/?p=10013#breadcrumb\",\"itemListElement\":[{\"@type\":\"ListItem\",\"position\":1,\"name\":\"Accueil\",\"item\":\"https:\/\/etival.fr\/\"},{\"@type\":\"ListItem\",\"position\":2,\"name\":\"Formation d&rsquo;assistant de vie aux personnes d\u00e9pendantes\"}]},{\"@type\":\"WebSite\",\"@id\":\"https:\/\/etival.fr\/#website\",\"url\":\"https:\/\/etival.fr\/\",\"name\":\"Etival-Clairefontaine\",\"description\":\"Informations et actualit\u00e9s de la commune\",\"potentialAction\":[{\"@type\":\"SearchAction\",\"target\":{\"@type\":\"EntryPoint\",\"urlTemplate\":\"https:\/\/etival.fr\/?s={search_term_string}\"},\"query-input\":{\"@type\":\"PropertyValueSpecification\",\"valueRequired\":true,\"valueName\":\"search_term_string\"}}],\"inLanguage\":\"fr-FR\"},{\"@type\":\"Person\",\"@id\":\"https:\/\/etival.fr\/#\/schema\/person\/966767531f422984430588510b8d4c3f\",\"name\":\"Catherine\",\"image\":{\"@type\":\"ImageObject\",\"inLanguage\":\"fr-FR\",\"@id\":\"https:\/\/etival.fr\/#\/schema\/person\/image\/\",\"url\":\"https:\/\/secure.gravatar.com\/avatar\/b99eff3bf59bd614e6c532df451dc649?s=96&d=mm&r=g\",\"contentUrl\":\"https:\/\/secure.gravatar.com\/avatar\/b99eff3bf59bd614e6c532df451dc649?s=96&d=mm&r=g\",\"caption\":\"Catherine\"},\"url\":\"https:\/\/etival.fr\/?author=2\"}]}<\/script>\n<!-- \/ Yoast SEO plugin. -->","yoast_head_json":{"title":"Formation d'assistant de vie aux personnes d\u00e9pendantes - Etival-Clairefontaine","robots":{"index":"index","follow":"follow","max-snippet":"max-snippet:-1","max-image-preview":"max-image-preview:large","max-video-preview":"max-video-preview:-1"},"canonical":"https:\/\/etival.fr\/?p=10013","og_locale":"fr_FR","og_type":"article","og_title":"Formation d'assistant de vie aux personnes d\u00e9pendantes - Etival-Clairefontaine","og_description":"Une formation&nbsp;Assistant de vie aux personnes d\u00e9pendantes&nbsp;va avoir lieu \u00e0 Saint-Di\u00e9 du 19 avril au 28 aout 2022. Cette formation a pour objectif l\u2019obtention d\u2019un titre professionnel permettant l\u2019accompagnement des personnes d\u00e9pendantes \u00e0 leur domicile. Les prochaines r\u00e9unions d\u2019information sont les 28 et 31 mars \u00e0 la P\u00e9pini\u00e8re d\u2019entreprise de Saint-Di\u00e9 \u00e0 09h00. Pour s\u2019inscrire, [&hellip;]","og_url":"https:\/\/etival.fr\/?p=10013","og_site_name":"Etival-Clairefontaine","article_published_time":"2022-03-24T09:55:51+00:00","article_modified_time":"2022-03-24T10:00:56+00:00","author":"Catherine","twitter_card":"summary_large_image","twitter_misc":{"\u00c9crit par":"Catherine","Dur\u00e9e de lecture estim\u00e9e":"1 minute"},"schema":{"@context":"https:\/\/schema.org","@graph":[{"@type":"Article","@id":"https:\/\/etival.fr\/?p=10013#article","isPartOf":{"@id":"https:\/\/etival.fr\/?p=10013"},"author":{"name":"Catherine","@id":"https:\/\/etival.fr\/#\/schema\/person\/966767531f422984430588510b8d4c3f"},"headline":"Formation d&rsquo;assistant de vie aux personnes d\u00e9pendantes","datePublished":"2022-03-24T09:55:51+00:00","dateModified":"2022-03-24T10:00:56+00:00","mainEntityOfPage":{"@id":"https:\/\/etival.fr\/?p=10013"},"wordCount":104,"articleSection":["Divers"],"inLanguage":"fr-FR"},{"@type":"WebPage","@id":"https:\/\/etival.fr\/?p=10013","url":"https:\/\/etival.fr\/?p=10013","name":"Formation d'assistant de vie aux personnes d\u00e9pendantes - Etival-Clairefontaine","isPartOf":{"@id":"https:\/\/etival.fr\/#website"},"datePublished":"2022-03-24T09:55:51+00:00","dateModified":"2022-03-24T10:00:56+00:00","author":{"@id":"https:\/\/etival.fr\/#\/schema\/person\/966767531f422984430588510b8d4c3f"},"breadcrumb":{"@id":"https:\/\/etival.fr\/?p=10013#breadcrumb"},"inLanguage":"fr-FR","potentialAction":[{"@type":"ReadAction","target":["https:\/\/etival.fr\/?p=10013"]}]},{"@type":"BreadcrumbList","@id":"https:\/\/etival.fr\/?p=10013#breadcrumb","itemListElement":[{"@type":"ListItem","position":1,"name":"Accueil","item":"https:\/\/etival.fr\/"},{"@type":"ListItem","position":2,"name":"Formation d&rsquo;assistant de vie aux personnes d\u00e9pendantes"}]},{"@type":"WebSite","@id":"https:\/\/etival.fr\/#website","url":"https:\/\/etival.fr\/","name":"Etival-Clairefontaine","description":"Informations et actualit\u00e9s de la commune","potentialAction":[{"@type":"SearchAction","target":{"@type":"EntryPoint","urlTemplate":"https:\/\/etival.fr\/?s={search_term_string}"},"query-input":{"@type":"PropertyValueSpecification","valueRequired":true,"valueName":"search_term_string"}}],"inLanguage":"fr-FR"},{"@type":"Person","@id":"https:\/\/etival.fr\/#\/schema\/person\/966767531f422984430588510b8d4c3f","name":"Catherine","image":{"@type":"ImageObject","inLanguage":"fr-FR","@id":"https:\/\/etival.fr\/#\/schema\/person\/image\/","url":"https:\/\/secure.gravatar.com\/avatar\/b99eff3bf59bd614e6c532df451dc649?s=96&d=mm&r=g","contentUrl":"https:\/\/secure.gravatar.com\/avatar\/b99eff3bf59bd614e6c532df451dc649?s=96&d=mm&r=g","caption":"Catherine"},"url":"https:\/\/etival.fr\/?author=2"}]}},"_links":{"self":[{"href":"https:\/\/etival.fr\/index.php?rest_route=\/wp\/v2\/posts\/10013","targetHints":{"allow":["GET"]}}],"collection":[{"href":"https:\/\/etival.fr\/index.php?rest_route=\/wp\/v2\/posts"}],"about":[{"href":"https:\/\/etival.fr\/index.php?rest_route=\/wp\/v2\/types\/post"}],"author":[{"embeddable":true,"href":"https:\/\/etival.fr\/index.php?rest_route=\/wp\/v2\/users\/2"}],"replies":[{"embeddable":true,"href":"https:\/\/etival.fr\/index.php?rest_route=%2Fwp%2Fv2%2Fcomments&post=10013"}],"version-history":[{"count":3,"href":"https:\/\/etival.fr\/index.php?rest_route=\/wp\/v2\/posts\/10013\/revisions"}],"predecessor-version":[{"id":10018,"href":"https:\/\/etival.fr\/index.php?rest_route=\/wp\/v2\/posts\/10013\/revisions\/10018"}],"wp:attachment":[{"href":"https:\/\/etival.fr\/index.php?rest_route=%2Fwp%2Fv2%2Fmedia&parent=10013"}],"wp:term":[{"taxonomy":"category","embeddable":true,"href":"https:\/\/etival.fr\/index.php?rest_route=%2Fwp%2Fv2%2Fcategories&post=10013"},{"taxonomy":"post_tag","embeddable":true,"href":"https:\/\/etival.fr\/index.php?rest_route=%2Fwp%2Fv2%2Ftags&post=10013"}],"curies":[{"name":"wp","href":"https:\/\/api.w.org\/{rel}","templated":true}]}}