{"id":10127,"date":"2022-05-06T10:23:41","date_gmt":"2022-05-06T09:23:41","guid":{"rendered":"http:\/\/etival.fr\/?p=10127"},"modified":"2022-05-06T10:24:04","modified_gmt":"2022-05-06T09:24:04","slug":"arrete-du-maire-n73-2022","status":"publish","type":"post","link":"https:\/\/etival.fr\/?p=10127","title":{"rendered":"ARR\u00caT\u00c9 DU MAIRE &#8211; N\u00b073-2022"},"content":{"rendered":"\n<div class=\"wp-block-image\"><figure class=\"alignleft size-full is-resized\"><a href=\"http:\/\/etival.fr\/wp-content\/uploads\/2017\/02\/warning-146916_960_720.png\"><img loading=\"lazy\" decoding=\"async\" src=\"http:\/\/etival.fr\/wp-content\/uploads\/2017\/02\/warning-146916_960_720.png\" alt=\"\" class=\"wp-image-4656\" width=\"194\" height=\"170\" srcset=\"https:\/\/etival.fr\/wp-content\/uploads\/2017\/02\/warning-146916_960_720.png 815w, https:\/\/etival.fr\/wp-content\/uploads\/2017\/02\/warning-146916_960_720-300x265.png 300w, https:\/\/etival.fr\/wp-content\/uploads\/2017\/02\/warning-146916_960_720-768x678.png 768w, https:\/\/etival.fr\/wp-content\/uploads\/2017\/02\/warning-146916_960_720-624x551.png 624w\" sizes=\"auto, (max-width: 194px) 100vw, 194px\" \/><\/a><\/figure><\/div>\n\n\n\n<p><strong>A compter du lundi 9 mai 2022 d\u00e8s 7 heures<\/strong> et jusqu&rsquo;\u00e0 la fin des travaux, les entreprises mandat\u00e9es par Synergie 88, sont autoris\u00e9es \u00e0 occuper le domaine public Avenue Charles de Gaulle afin de proc\u00e9der \u00e0 des travaux sur les diff\u00e9rents r\u00e9seaux. <br>Durant les travaux et au droit des chantiers, la circulation sera r\u00e9duite \u00e0 une voie et r\u00e9gl\u00e9e par alternat au moyen de feux tricolores. Les automobilistes devront r\u00e9duire leur vitesse \u00e0 30km\/h.<\/p>\n","protected":false},"excerpt":{"rendered":"<p>A compter du lundi 9 mai 2022 d\u00e8s 7 heures et jusqu&rsquo;\u00e0 la fin des travaux, les entreprises mandat\u00e9es par Synergie 88, sont autoris\u00e9es \u00e0 occuper le domaine public Avenue Charles de Gaulle afin de proc\u00e9der \u00e0 des travaux sur les diff\u00e9rents r\u00e9seaux. Durant les travaux et au droit des chantiers, la circulation sera r\u00e9duite [&hellip;]<\/p>\n","protected":false},"author":2,"featured_media":0,"comment_status":"closed","ping_status":"open","sticky":false,"template":"","format":"standard","meta":{"footnotes":""},"categories":[6],"tags":[],"class_list":["post-10127","post","type-post","status-publish","format-standard","hentry","category-informations-municipales"],"yoast_head":"<!-- This site is optimized with the Yoast SEO plugin v26.8 - https:\/\/yoast.com\/product\/yoast-seo-wordpress\/ -->\n<title>ARR\u00caT\u00c9 DU MAIRE - N\u00b073-2022 - Etival-Clairefontaine<\/title>\n<meta name=\"robots\" content=\"index, follow, max-snippet:-1, max-image-preview:large, max-video-preview:-1\" \/>\n<link rel=\"canonical\" href=\"https:\/\/etival.fr\/?p=10127\" \/>\n<meta property=\"og:locale\" content=\"fr_FR\" \/>\n<meta property=\"og:type\" content=\"article\" \/>\n<meta property=\"og:title\" content=\"ARR\u00caT\u00c9 DU MAIRE - N\u00b073-2022 - Etival-Clairefontaine\" \/>\n<meta property=\"og:description\" content=\"A compter du lundi 9 mai 2022 d\u00e8s 7 heures et jusqu&rsquo;\u00e0 la fin des travaux, les entreprises mandat\u00e9es par Synergie 88, sont autoris\u00e9es \u00e0 occuper le domaine public Avenue Charles de Gaulle afin de proc\u00e9der \u00e0 des travaux sur les diff\u00e9rents r\u00e9seaux. Durant les travaux et au droit des chantiers, la circulation sera r\u00e9duite [&hellip;]\" \/>\n<meta property=\"og:url\" content=\"https:\/\/etival.fr\/?p=10127\" \/>\n<meta property=\"og:site_name\" content=\"Etival-Clairefontaine\" \/>\n<meta property=\"article:published_time\" content=\"2022-05-06T09:23:41+00:00\" \/>\n<meta property=\"article:modified_time\" content=\"2022-05-06T09:24:04+00:00\" \/>\n<meta property=\"og:image\" content=\"http:\/\/etival.fr\/wp-content\/uploads\/2017\/02\/warning-146916_960_720.png\" \/>\n<meta name=\"author\" content=\"Catherine\" \/>\n<meta name=\"twitter:card\" content=\"summary_large_image\" \/>\n<meta name=\"twitter:label1\" content=\"\u00c9crit par\" \/>\n\t<meta name=\"twitter:data1\" content=\"Catherine\" \/>\n\t<meta name=\"twitter:label2\" content=\"Dur\u00e9e de lecture estim\u00e9e\" \/>\n\t<meta name=\"twitter:data2\" content=\"1 minute\" \/>\n<script type=\"application\/ld+json\" class=\"yoast-schema-graph\">{\"@context\":\"https:\/\/schema.org\",\"@graph\":[{\"@type\":\"Article\",\"@id\":\"https:\/\/etival.fr\/?p=10127#article\",\"isPartOf\":{\"@id\":\"https:\/\/etival.fr\/?p=10127\"},\"author\":{\"name\":\"Catherine\",\"@id\":\"https:\/\/etival.fr\/#\/schema\/person\/966767531f422984430588510b8d4c3f\"},\"headline\":\"ARR\u00caT\u00c9 DU MAIRE &#8211; N\u00b073-2022\",\"datePublished\":\"2022-05-06T09:23:41+00:00\",\"dateModified\":\"2022-05-06T09:24:04+00:00\",\"mainEntityOfPage\":{\"@id\":\"https:\/\/etival.fr\/?p=10127\"},\"wordCount\":85,\"image\":{\"@id\":\"https:\/\/etival.fr\/?p=10127#primaryimage\"},\"thumbnailUrl\":\"http:\/\/etival.fr\/wp-content\/uploads\/2017\/02\/warning-146916_960_720.png\",\"articleSection\":[\"Informations Municipales\"],\"inLanguage\":\"fr-FR\"},{\"@type\":\"WebPage\",\"@id\":\"https:\/\/etival.fr\/?p=10127\",\"url\":\"https:\/\/etival.fr\/?p=10127\",\"name\":\"ARR\u00caT\u00c9 DU MAIRE - N\u00b073-2022 - Etival-Clairefontaine\",\"isPartOf\":{\"@id\":\"https:\/\/etival.fr\/#website\"},\"primaryImageOfPage\":{\"@id\":\"https:\/\/etival.fr\/?p=10127#primaryimage\"},\"image\":{\"@id\":\"https:\/\/etival.fr\/?p=10127#primaryimage\"},\"thumbnailUrl\":\"http:\/\/etival.fr\/wp-content\/uploads\/2017\/02\/warning-146916_960_720.png\",\"datePublished\":\"2022-05-06T09:23:41+00:00\",\"dateModified\":\"2022-05-06T09:24:04+00:00\",\"author\":{\"@id\":\"https:\/\/etival.fr\/#\/schema\/person\/966767531f422984430588510b8d4c3f\"},\"breadcrumb\":{\"@id\":\"https:\/\/etival.fr\/?p=10127#breadcrumb\"},\"inLanguage\":\"fr-FR\",\"potentialAction\":[{\"@type\":\"ReadAction\",\"target\":[\"https:\/\/etival.fr\/?p=10127\"]}]},{\"@type\":\"ImageObject\",\"inLanguage\":\"fr-FR\",\"@id\":\"https:\/\/etival.fr\/?p=10127#primaryimage\",\"url\":\"http:\/\/etival.fr\/wp-content\/uploads\/2017\/02\/warning-146916_960_720.png\",\"contentUrl\":\"http:\/\/etival.fr\/wp-content\/uploads\/2017\/02\/warning-146916_960_720.png\"},{\"@type\":\"BreadcrumbList\",\"@id\":\"https:\/\/etival.fr\/?p=10127#breadcrumb\",\"itemListElement\":[{\"@type\":\"ListItem\",\"position\":1,\"name\":\"Accueil\",\"item\":\"https:\/\/etival.fr\/\"},{\"@type\":\"ListItem\",\"position\":2,\"name\":\"ARR\u00caT\u00c9 DU MAIRE &#8211; N\u00b073-2022\"}]},{\"@type\":\"WebSite\",\"@id\":\"https:\/\/etival.fr\/#website\",\"url\":\"https:\/\/etival.fr\/\",\"name\":\"Etival-Clairefontaine\",\"description\":\"Informations et actualit\u00e9s de la commune\",\"potentialAction\":[{\"@type\":\"SearchAction\",\"target\":{\"@type\":\"EntryPoint\",\"urlTemplate\":\"https:\/\/etival.fr\/?s={search_term_string}\"},\"query-input\":{\"@type\":\"PropertyValueSpecification\",\"valueRequired\":true,\"valueName\":\"search_term_string\"}}],\"inLanguage\":\"fr-FR\"},{\"@type\":\"Person\",\"@id\":\"https:\/\/etival.fr\/#\/schema\/person\/966767531f422984430588510b8d4c3f\",\"name\":\"Catherine\",\"image\":{\"@type\":\"ImageObject\",\"inLanguage\":\"fr-FR\",\"@id\":\"https:\/\/etival.fr\/#\/schema\/person\/image\/\",\"url\":\"https:\/\/secure.gravatar.com\/avatar\/b99eff3bf59bd614e6c532df451dc649?s=96&d=mm&r=g\",\"contentUrl\":\"https:\/\/secure.gravatar.com\/avatar\/b99eff3bf59bd614e6c532df451dc649?s=96&d=mm&r=g\",\"caption\":\"Catherine\"},\"url\":\"https:\/\/etival.fr\/?author=2\"}]}<\/script>\n<!-- \/ Yoast SEO plugin. -->","yoast_head_json":{"title":"ARR\u00caT\u00c9 DU MAIRE - N\u00b073-2022 - Etival-Clairefontaine","robots":{"index":"index","follow":"follow","max-snippet":"max-snippet:-1","max-image-preview":"max-image-preview:large","max-video-preview":"max-video-preview:-1"},"canonical":"https:\/\/etival.fr\/?p=10127","og_locale":"fr_FR","og_type":"article","og_title":"ARR\u00caT\u00c9 DU MAIRE - N\u00b073-2022 - Etival-Clairefontaine","og_description":"A compter du lundi 9 mai 2022 d\u00e8s 7 heures et jusqu&rsquo;\u00e0 la fin des travaux, les entreprises mandat\u00e9es par Synergie 88, sont autoris\u00e9es \u00e0 occuper le domaine public Avenue Charles de Gaulle afin de proc\u00e9der \u00e0 des travaux sur les diff\u00e9rents r\u00e9seaux. Durant les travaux et au droit des chantiers, la circulation sera r\u00e9duite [&hellip;]","og_url":"https:\/\/etival.fr\/?p=10127","og_site_name":"Etival-Clairefontaine","article_published_time":"2022-05-06T09:23:41+00:00","article_modified_time":"2022-05-06T09:24:04+00:00","og_image":[{"url":"http:\/\/etival.fr\/wp-content\/uploads\/2017\/02\/warning-146916_960_720.png","type":"","width":"","height":""}],"author":"Catherine","twitter_card":"summary_large_image","twitter_misc":{"\u00c9crit par":"Catherine","Dur\u00e9e de lecture estim\u00e9e":"1 minute"},"schema":{"@context":"https:\/\/schema.org","@graph":[{"@type":"Article","@id":"https:\/\/etival.fr\/?p=10127#article","isPartOf":{"@id":"https:\/\/etival.fr\/?p=10127"},"author":{"name":"Catherine","@id":"https:\/\/etival.fr\/#\/schema\/person\/966767531f422984430588510b8d4c3f"},"headline":"ARR\u00caT\u00c9 DU MAIRE &#8211; N\u00b073-2022","datePublished":"2022-05-06T09:23:41+00:00","dateModified":"2022-05-06T09:24:04+00:00","mainEntityOfPage":{"@id":"https:\/\/etival.fr\/?p=10127"},"wordCount":85,"image":{"@id":"https:\/\/etival.fr\/?p=10127#primaryimage"},"thumbnailUrl":"http:\/\/etival.fr\/wp-content\/uploads\/2017\/02\/warning-146916_960_720.png","articleSection":["Informations Municipales"],"inLanguage":"fr-FR"},{"@type":"WebPage","@id":"https:\/\/etival.fr\/?p=10127","url":"https:\/\/etival.fr\/?p=10127","name":"ARR\u00caT\u00c9 DU MAIRE - N\u00b073-2022 - Etival-Clairefontaine","isPartOf":{"@id":"https:\/\/etival.fr\/#website"},"primaryImageOfPage":{"@id":"https:\/\/etival.fr\/?p=10127#primaryimage"},"image":{"@id":"https:\/\/etival.fr\/?p=10127#primaryimage"},"thumbnailUrl":"http:\/\/etival.fr\/wp-content\/uploads\/2017\/02\/warning-146916_960_720.png","datePublished":"2022-05-06T09:23:41+00:00","dateModified":"2022-05-06T09:24:04+00:00","author":{"@id":"https:\/\/etival.fr\/#\/schema\/person\/966767531f422984430588510b8d4c3f"},"breadcrumb":{"@id":"https:\/\/etival.fr\/?p=10127#breadcrumb"},"inLanguage":"fr-FR","potentialAction":[{"@type":"ReadAction","target":["https:\/\/etival.fr\/?p=10127"]}]},{"@type":"ImageObject","inLanguage":"fr-FR","@id":"https:\/\/etival.fr\/?p=10127#primaryimage","url":"http:\/\/etival.fr\/wp-content\/uploads\/2017\/02\/warning-146916_960_720.png","contentUrl":"http:\/\/etival.fr\/wp-content\/uploads\/2017\/02\/warning-146916_960_720.png"},{"@type":"BreadcrumbList","@id":"https:\/\/etival.fr\/?p=10127#breadcrumb","itemListElement":[{"@type":"ListItem","position":1,"name":"Accueil","item":"https:\/\/etival.fr\/"},{"@type":"ListItem","position":2,"name":"ARR\u00caT\u00c9 DU MAIRE &#8211; N\u00b073-2022"}]},{"@type":"WebSite","@id":"https:\/\/etival.fr\/#website","url":"https:\/\/etival.fr\/","name":"Etival-Clairefontaine","description":"Informations et actualit\u00e9s de la commune","potentialAction":[{"@type":"SearchAction","target":{"@type":"EntryPoint","urlTemplate":"https:\/\/etival.fr\/?s={search_term_string}"},"query-input":{"@type":"PropertyValueSpecification","valueRequired":true,"valueName":"search_term_string"}}],"inLanguage":"fr-FR"},{"@type":"Person","@id":"https:\/\/etival.fr\/#\/schema\/person\/966767531f422984430588510b8d4c3f","name":"Catherine","image":{"@type":"ImageObject","inLanguage":"fr-FR","@id":"https:\/\/etival.fr\/#\/schema\/person\/image\/","url":"https:\/\/secure.gravatar.com\/avatar\/b99eff3bf59bd614e6c532df451dc649?s=96&d=mm&r=g","contentUrl":"https:\/\/secure.gravatar.com\/avatar\/b99eff3bf59bd614e6c532df451dc649?s=96&d=mm&r=g","caption":"Catherine"},"url":"https:\/\/etival.fr\/?author=2"}]}},"_links":{"self":[{"href":"https:\/\/etival.fr\/index.php?rest_route=\/wp\/v2\/posts\/10127","targetHints":{"allow":["GET"]}}],"collection":[{"href":"https:\/\/etival.fr\/index.php?rest_route=\/wp\/v2\/posts"}],"about":[{"href":"https:\/\/etival.fr\/index.php?rest_route=\/wp\/v2\/types\/post"}],"author":[{"embeddable":true,"href":"https:\/\/etival.fr\/index.php?rest_route=\/wp\/v2\/users\/2"}],"replies":[{"embeddable":true,"href":"https:\/\/etival.fr\/index.php?rest_route=%2Fwp%2Fv2%2Fcomments&post=10127"}],"version-history":[{"count":1,"href":"https:\/\/etival.fr\/index.php?rest_route=\/wp\/v2\/posts\/10127\/revisions"}],"predecessor-version":[{"id":10128,"href":"https:\/\/etival.fr\/index.php?rest_route=\/wp\/v2\/posts\/10127\/revisions\/10128"}],"wp:attachment":[{"href":"https:\/\/etival.fr\/index.php?rest_route=%2Fwp%2Fv2%2Fmedia&parent=10127"}],"wp:term":[{"taxonomy":"category","embeddable":true,"href":"https:\/\/etival.fr\/index.php?rest_route=%2Fwp%2Fv2%2Fcategories&post=10127"},{"taxonomy":"post_tag","embeddable":true,"href":"https:\/\/etival.fr\/index.php?rest_route=%2Fwp%2Fv2%2Ftags&post=10127"}],"curies":[{"name":"wp","href":"https:\/\/api.w.org\/{rel}","templated":true}]}}