{"id":10187,"date":"2022-06-03T10:46:26","date_gmt":"2022-06-03T09:46:26","guid":{"rendered":"http:\/\/etival.fr\/?p=10187"},"modified":"2022-06-03T10:49:52","modified_gmt":"2022-06-03T09:49:52","slug":"seuil-de-vigilance-dans-les-vosges","status":"publish","type":"post","link":"https:\/\/etival.fr\/?p=10187","title":{"rendered":"Seuil de vigilance dans les Vosges"},"content":{"rendered":"\n<p>Lors de la derni\u00e8re r\u00e9union du Comit\u00e9 de ressource en eau du 19 mai 2022, le Pr\u00e9fet des Vosges a d\u00e9cid\u00e9&nbsp; de placer le d\u00e9partement&nbsp; en seuil vigilance.<br>Ci-joint, l&rsquo;<a href=\"http:\/\/etival.fr\/wp-content\/uploads\/2022\/06\/2022-0531-vigilance.pdf\">arr\u00eat\u00e9 n\u00b0146\/2022<\/a> pour application et sensibilisation.<\/p>\n\n\n\n<figure class=\"wp-block-image\"><img decoding=\"async\" src=\"https:\/\/www.marne.gouv.fr\/var\/ide_site\/storage\/images\/barre-de-logos-page-d-accueil\/prefecture-region-grand-est\/153606-3-fre-FR\/Prefecture-region-Grand-Est_large.jpg\" alt=\"Pr\u00e9fecture r\u00e9gion Grand-Est \/ Barre de logos page d'accueil \/ Accueil - Les  services de l'\u00c9tat dans la Marne\"\/><\/figure>\n","protected":false},"excerpt":{"rendered":"<p>Lors de la derni\u00e8re r\u00e9union du Comit\u00e9 de ressource en eau du 19 mai 2022, le Pr\u00e9fet des Vosges a d\u00e9cid\u00e9&nbsp; de placer le d\u00e9partement&nbsp; en seuil vigilance.Ci-joint, l&rsquo;arr\u00eat\u00e9 n\u00b0146\/2022 pour application et sensibilisation.<\/p>\n","protected":false},"author":2,"featured_media":0,"comment_status":"closed","ping_status":"open","sticky":false,"template":"","format":"standard","meta":{"footnotes":""},"categories":[6],"tags":[],"class_list":["post-10187","post","type-post","status-publish","format-standard","hentry","category-informations-municipales"],"yoast_head":"<!-- This site is optimized with the Yoast SEO plugin v26.8 - https:\/\/yoast.com\/product\/yoast-seo-wordpress\/ -->\n<title>Seuil de vigilance dans les Vosges - Etival-Clairefontaine<\/title>\n<meta name=\"robots\" content=\"index, follow, max-snippet:-1, max-image-preview:large, max-video-preview:-1\" \/>\n<link rel=\"canonical\" href=\"https:\/\/etival.fr\/?p=10187\" \/>\n<meta property=\"og:locale\" content=\"fr_FR\" \/>\n<meta property=\"og:type\" content=\"article\" \/>\n<meta property=\"og:title\" content=\"Seuil de vigilance dans les Vosges - Etival-Clairefontaine\" \/>\n<meta property=\"og:description\" content=\"Lors de la derni\u00e8re r\u00e9union du Comit\u00e9 de ressource en eau du 19 mai 2022, le Pr\u00e9fet des Vosges a d\u00e9cid\u00e9&nbsp; de placer le d\u00e9partement&nbsp; en seuil vigilance.Ci-joint, l&rsquo;arr\u00eat\u00e9 n\u00b0146\/2022 pour application et sensibilisation.\" \/>\n<meta property=\"og:url\" content=\"https:\/\/etival.fr\/?p=10187\" \/>\n<meta property=\"og:site_name\" content=\"Etival-Clairefontaine\" \/>\n<meta property=\"article:published_time\" content=\"2022-06-03T09:46:26+00:00\" \/>\n<meta property=\"article:modified_time\" content=\"2022-06-03T09:49:52+00:00\" \/>\n<meta property=\"og:image\" content=\"https:\/\/www.marne.gouv.fr\/var\/ide_site\/storage\/images\/barre-de-logos-page-d-accueil\/prefecture-region-grand-est\/153606-3-fre-FR\/Prefecture-region-Grand-Est_large.jpg\" \/>\n<meta name=\"author\" content=\"Catherine\" \/>\n<meta name=\"twitter:card\" content=\"summary_large_image\" \/>\n<meta name=\"twitter:label1\" content=\"\u00c9crit par\" \/>\n\t<meta name=\"twitter:data1\" content=\"Catherine\" \/>\n\t<meta name=\"twitter:label2\" content=\"Dur\u00e9e de lecture estim\u00e9e\" \/>\n\t<meta name=\"twitter:data2\" content=\"1 minute\" \/>\n<script type=\"application\/ld+json\" class=\"yoast-schema-graph\">{\"@context\":\"https:\/\/schema.org\",\"@graph\":[{\"@type\":\"Article\",\"@id\":\"https:\/\/etival.fr\/?p=10187#article\",\"isPartOf\":{\"@id\":\"https:\/\/etival.fr\/?p=10187\"},\"author\":{\"name\":\"Catherine\",\"@id\":\"https:\/\/etival.fr\/#\/schema\/person\/966767531f422984430588510b8d4c3f\"},\"headline\":\"Seuil de vigilance dans les Vosges\",\"datePublished\":\"2022-06-03T09:46:26+00:00\",\"dateModified\":\"2022-06-03T09:49:52+00:00\",\"mainEntityOfPage\":{\"@id\":\"https:\/\/etival.fr\/?p=10187\"},\"wordCount\":48,\"image\":{\"@id\":\"https:\/\/etival.fr\/?p=10187#primaryimage\"},\"thumbnailUrl\":\"https:\/\/www.marne.gouv.fr\/var\/ide_site\/storage\/images\/barre-de-logos-page-d-accueil\/prefecture-region-grand-est\/153606-3-fre-FR\/Prefecture-region-Grand-Est_large.jpg\",\"articleSection\":[\"Informations Municipales\"],\"inLanguage\":\"fr-FR\"},{\"@type\":\"WebPage\",\"@id\":\"https:\/\/etival.fr\/?p=10187\",\"url\":\"https:\/\/etival.fr\/?p=10187\",\"name\":\"Seuil de vigilance dans les Vosges - Etival-Clairefontaine\",\"isPartOf\":{\"@id\":\"https:\/\/etival.fr\/#website\"},\"primaryImageOfPage\":{\"@id\":\"https:\/\/etival.fr\/?p=10187#primaryimage\"},\"image\":{\"@id\":\"https:\/\/etival.fr\/?p=10187#primaryimage\"},\"thumbnailUrl\":\"https:\/\/www.marne.gouv.fr\/var\/ide_site\/storage\/images\/barre-de-logos-page-d-accueil\/prefecture-region-grand-est\/153606-3-fre-FR\/Prefecture-region-Grand-Est_large.jpg\",\"datePublished\":\"2022-06-03T09:46:26+00:00\",\"dateModified\":\"2022-06-03T09:49:52+00:00\",\"author\":{\"@id\":\"https:\/\/etival.fr\/#\/schema\/person\/966767531f422984430588510b8d4c3f\"},\"breadcrumb\":{\"@id\":\"https:\/\/etival.fr\/?p=10187#breadcrumb\"},\"inLanguage\":\"fr-FR\",\"potentialAction\":[{\"@type\":\"ReadAction\",\"target\":[\"https:\/\/etival.fr\/?p=10187\"]}]},{\"@type\":\"ImageObject\",\"inLanguage\":\"fr-FR\",\"@id\":\"https:\/\/etival.fr\/?p=10187#primaryimage\",\"url\":\"https:\/\/www.marne.gouv.fr\/var\/ide_site\/storage\/images\/barre-de-logos-page-d-accueil\/prefecture-region-grand-est\/153606-3-fre-FR\/Prefecture-region-Grand-Est_large.jpg\",\"contentUrl\":\"https:\/\/www.marne.gouv.fr\/var\/ide_site\/storage\/images\/barre-de-logos-page-d-accueil\/prefecture-region-grand-est\/153606-3-fre-FR\/Prefecture-region-Grand-Est_large.jpg\"},{\"@type\":\"BreadcrumbList\",\"@id\":\"https:\/\/etival.fr\/?p=10187#breadcrumb\",\"itemListElement\":[{\"@type\":\"ListItem\",\"position\":1,\"name\":\"Accueil\",\"item\":\"https:\/\/etival.fr\/\"},{\"@type\":\"ListItem\",\"position\":2,\"name\":\"Seuil de vigilance dans les Vosges\"}]},{\"@type\":\"WebSite\",\"@id\":\"https:\/\/etival.fr\/#website\",\"url\":\"https:\/\/etival.fr\/\",\"name\":\"Etival-Clairefontaine\",\"description\":\"Informations et actualit\u00e9s de la commune\",\"potentialAction\":[{\"@type\":\"SearchAction\",\"target\":{\"@type\":\"EntryPoint\",\"urlTemplate\":\"https:\/\/etival.fr\/?s={search_term_string}\"},\"query-input\":{\"@type\":\"PropertyValueSpecification\",\"valueRequired\":true,\"valueName\":\"search_term_string\"}}],\"inLanguage\":\"fr-FR\"},{\"@type\":\"Person\",\"@id\":\"https:\/\/etival.fr\/#\/schema\/person\/966767531f422984430588510b8d4c3f\",\"name\":\"Catherine\",\"image\":{\"@type\":\"ImageObject\",\"inLanguage\":\"fr-FR\",\"@id\":\"https:\/\/etival.fr\/#\/schema\/person\/image\/\",\"url\":\"https:\/\/secure.gravatar.com\/avatar\/b99eff3bf59bd614e6c532df451dc649?s=96&d=mm&r=g\",\"contentUrl\":\"https:\/\/secure.gravatar.com\/avatar\/b99eff3bf59bd614e6c532df451dc649?s=96&d=mm&r=g\",\"caption\":\"Catherine\"},\"url\":\"https:\/\/etival.fr\/?author=2\"}]}<\/script>\n<!-- \/ Yoast SEO plugin. -->","yoast_head_json":{"title":"Seuil de vigilance dans les Vosges - Etival-Clairefontaine","robots":{"index":"index","follow":"follow","max-snippet":"max-snippet:-1","max-image-preview":"max-image-preview:large","max-video-preview":"max-video-preview:-1"},"canonical":"https:\/\/etival.fr\/?p=10187","og_locale":"fr_FR","og_type":"article","og_title":"Seuil de vigilance dans les Vosges - Etival-Clairefontaine","og_description":"Lors de la derni\u00e8re r\u00e9union du Comit\u00e9 de ressource en eau du 19 mai 2022, le Pr\u00e9fet des Vosges a d\u00e9cid\u00e9&nbsp; de placer le d\u00e9partement&nbsp; en seuil vigilance.Ci-joint, l&rsquo;arr\u00eat\u00e9 n\u00b0146\/2022 pour application et sensibilisation.","og_url":"https:\/\/etival.fr\/?p=10187","og_site_name":"Etival-Clairefontaine","article_published_time":"2022-06-03T09:46:26+00:00","article_modified_time":"2022-06-03T09:49:52+00:00","og_image":[{"url":"https:\/\/www.marne.gouv.fr\/var\/ide_site\/storage\/images\/barre-de-logos-page-d-accueil\/prefecture-region-grand-est\/153606-3-fre-FR\/Prefecture-region-Grand-Est_large.jpg","type":"","width":"","height":""}],"author":"Catherine","twitter_card":"summary_large_image","twitter_misc":{"\u00c9crit par":"Catherine","Dur\u00e9e de lecture estim\u00e9e":"1 minute"},"schema":{"@context":"https:\/\/schema.org","@graph":[{"@type":"Article","@id":"https:\/\/etival.fr\/?p=10187#article","isPartOf":{"@id":"https:\/\/etival.fr\/?p=10187"},"author":{"name":"Catherine","@id":"https:\/\/etival.fr\/#\/schema\/person\/966767531f422984430588510b8d4c3f"},"headline":"Seuil de vigilance dans les Vosges","datePublished":"2022-06-03T09:46:26+00:00","dateModified":"2022-06-03T09:49:52+00:00","mainEntityOfPage":{"@id":"https:\/\/etival.fr\/?p=10187"},"wordCount":48,"image":{"@id":"https:\/\/etival.fr\/?p=10187#primaryimage"},"thumbnailUrl":"https:\/\/www.marne.gouv.fr\/var\/ide_site\/storage\/images\/barre-de-logos-page-d-accueil\/prefecture-region-grand-est\/153606-3-fre-FR\/Prefecture-region-Grand-Est_large.jpg","articleSection":["Informations Municipales"],"inLanguage":"fr-FR"},{"@type":"WebPage","@id":"https:\/\/etival.fr\/?p=10187","url":"https:\/\/etival.fr\/?p=10187","name":"Seuil de vigilance dans les Vosges - Etival-Clairefontaine","isPartOf":{"@id":"https:\/\/etival.fr\/#website"},"primaryImageOfPage":{"@id":"https:\/\/etival.fr\/?p=10187#primaryimage"},"image":{"@id":"https:\/\/etival.fr\/?p=10187#primaryimage"},"thumbnailUrl":"https:\/\/www.marne.gouv.fr\/var\/ide_site\/storage\/images\/barre-de-logos-page-d-accueil\/prefecture-region-grand-est\/153606-3-fre-FR\/Prefecture-region-Grand-Est_large.jpg","datePublished":"2022-06-03T09:46:26+00:00","dateModified":"2022-06-03T09:49:52+00:00","author":{"@id":"https:\/\/etival.fr\/#\/schema\/person\/966767531f422984430588510b8d4c3f"},"breadcrumb":{"@id":"https:\/\/etival.fr\/?p=10187#breadcrumb"},"inLanguage":"fr-FR","potentialAction":[{"@type":"ReadAction","target":["https:\/\/etival.fr\/?p=10187"]}]},{"@type":"ImageObject","inLanguage":"fr-FR","@id":"https:\/\/etival.fr\/?p=10187#primaryimage","url":"https:\/\/www.marne.gouv.fr\/var\/ide_site\/storage\/images\/barre-de-logos-page-d-accueil\/prefecture-region-grand-est\/153606-3-fre-FR\/Prefecture-region-Grand-Est_large.jpg","contentUrl":"https:\/\/www.marne.gouv.fr\/var\/ide_site\/storage\/images\/barre-de-logos-page-d-accueil\/prefecture-region-grand-est\/153606-3-fre-FR\/Prefecture-region-Grand-Est_large.jpg"},{"@type":"BreadcrumbList","@id":"https:\/\/etival.fr\/?p=10187#breadcrumb","itemListElement":[{"@type":"ListItem","position":1,"name":"Accueil","item":"https:\/\/etival.fr\/"},{"@type":"ListItem","position":2,"name":"Seuil de vigilance dans les Vosges"}]},{"@type":"WebSite","@id":"https:\/\/etival.fr\/#website","url":"https:\/\/etival.fr\/","name":"Etival-Clairefontaine","description":"Informations et actualit\u00e9s de la commune","potentialAction":[{"@type":"SearchAction","target":{"@type":"EntryPoint","urlTemplate":"https:\/\/etival.fr\/?s={search_term_string}"},"query-input":{"@type":"PropertyValueSpecification","valueRequired":true,"valueName":"search_term_string"}}],"inLanguage":"fr-FR"},{"@type":"Person","@id":"https:\/\/etival.fr\/#\/schema\/person\/966767531f422984430588510b8d4c3f","name":"Catherine","image":{"@type":"ImageObject","inLanguage":"fr-FR","@id":"https:\/\/etival.fr\/#\/schema\/person\/image\/","url":"https:\/\/secure.gravatar.com\/avatar\/b99eff3bf59bd614e6c532df451dc649?s=96&d=mm&r=g","contentUrl":"https:\/\/secure.gravatar.com\/avatar\/b99eff3bf59bd614e6c532df451dc649?s=96&d=mm&r=g","caption":"Catherine"},"url":"https:\/\/etival.fr\/?author=2"}]}},"_links":{"self":[{"href":"https:\/\/etival.fr\/index.php?rest_route=\/wp\/v2\/posts\/10187","targetHints":{"allow":["GET"]}}],"collection":[{"href":"https:\/\/etival.fr\/index.php?rest_route=\/wp\/v2\/posts"}],"about":[{"href":"https:\/\/etival.fr\/index.php?rest_route=\/wp\/v2\/types\/post"}],"author":[{"embeddable":true,"href":"https:\/\/etival.fr\/index.php?rest_route=\/wp\/v2\/users\/2"}],"replies":[{"embeddable":true,"href":"https:\/\/etival.fr\/index.php?rest_route=%2Fwp%2Fv2%2Fcomments&post=10187"}],"version-history":[{"count":4,"href":"https:\/\/etival.fr\/index.php?rest_route=\/wp\/v2\/posts\/10187\/revisions"}],"predecessor-version":[{"id":10191,"href":"https:\/\/etival.fr\/index.php?rest_route=\/wp\/v2\/posts\/10187\/revisions\/10191"}],"wp:attachment":[{"href":"https:\/\/etival.fr\/index.php?rest_route=%2Fwp%2Fv2%2Fmedia&parent=10187"}],"wp:term":[{"taxonomy":"category","embeddable":true,"href":"https:\/\/etival.fr\/index.php?rest_route=%2Fwp%2Fv2%2Fcategories&post=10187"},{"taxonomy":"post_tag","embeddable":true,"href":"https:\/\/etival.fr\/index.php?rest_route=%2Fwp%2Fv2%2Ftags&post=10187"}],"curies":[{"name":"wp","href":"https:\/\/api.w.org\/{rel}","templated":true}]}}