{"id":10214,"date":"2024-03-20T06:00:00","date_gmt":"2024-03-20T05:00:00","guid":{"rendered":"http:\/\/etival.fr\/?p=10214"},"modified":"2024-03-20T10:18:56","modified_gmt":"2024-03-20T09:18:56","slug":"groupement-fioul-pellets","status":"publish","type":"post","link":"https:\/\/etival.fr\/?p=10214","title":{"rendered":"Groupement Fioul"},"content":{"rendered":"<div class=\"wp-block-image\">\n<figure class=\"alignleft is-resized\"><a href=\"http:\/\/etival.fr\/wp-content\/uploads\/2016\/03\/camion.jpg\"><img loading=\"lazy\" decoding=\"async\" width=\"345\" height=\"180\" src=\"http:\/\/etival.fr\/wp-content\/uploads\/2016\/03\/camion.jpg\" alt=\"\" class=\"wp-image-3522\" style=\"width:127px;height:66px\" srcset=\"https:\/\/etival.fr\/wp-content\/uploads\/2016\/03\/camion.jpg 345w, https:\/\/etival.fr\/wp-content\/uploads\/2016\/03\/camion-300x157.jpg 300w\" sizes=\"auto, (max-width: 345px) 100vw, 345px\" \/><\/a><\/figure><\/div>\n\n\n<h3 class=\"wp-block-heading has-medium-font-size\">Groupement d\u2019achat fioul<\/h3>\n\n\n\n<h3 class=\"wp-block-heading\">Date limite des&nbsp;commandes le&nbsp;MARDI 9 AVRIL 2024 inclus<\/h3>\n\n\n\n<p class=\"has-medium-font-size\">Demande d\u2019achat \u00e0 t\u00e9l\u00e9charger <a href=\"https:\/\/etival.fr\/wp-content\/uploads\/2024\/03\/achats-fioul-2024-AVRIL.pdf\"><strong>ICI<\/strong><\/a><\/p>\n\n\n\n<p class=\"has-medium-font-size\">Conditions de groupement&nbsp;\u00e0 t\u00e9l\u00e9charger <a href=\"https:\/\/etival.fr\/wp-content\/uploads\/2024\/03\/conditions-de-groupement-achats_fioul.pdf\"><strong>ICI<\/strong><\/a><\/p>\n\n\n\n<p class=\"has-vivid-cyan-blue-color has-text-color\">Merci de\u00a0nous les transmettre soit :<br>\u2013 \u00e0 l&rsquo;accueil de la Mairie<br>\u2013 en la\u00a0glissant dans la bo\u00eete aux lettres de la Mairie<br>\u2013 par courriel : communication@etival.fr\u00a0 (en pr\u00e9cisant en objet : Groupement Fioul)<br>Renseignements au 03.29.41.29.57<\/p>\n\n\n\n<p><\/p>\n","protected":false},"excerpt":{"rendered":"<p>Groupement d\u2019achat fioul Date limite des&nbsp;commandes le&nbsp;MARDI 9 AVRIL 2024 inclus Demande d\u2019achat \u00e0 t\u00e9l\u00e9charger ICI Conditions de groupement&nbsp;\u00e0 t\u00e9l\u00e9charger ICI Merci de\u00a0nous les transmettre soit :\u2013 \u00e0 l&rsquo;accueil de la Mairie\u2013 en la\u00a0glissant dans la bo\u00eete aux lettres de la Mairie\u2013 par courriel : communication@etival.fr\u00a0 (en pr\u00e9cisant en objet : Groupement Fioul)Renseignements au 03.29.41.29.57<\/p>\n","protected":false},"author":2,"featured_media":0,"comment_status":"closed","ping_status":"open","sticky":false,"template":"","format":"standard","meta":{"footnotes":""},"categories":[6],"tags":[],"class_list":["post-10214","post","type-post","status-publish","format-standard","hentry","category-informations-municipales"],"yoast_head":"<!-- This site is optimized with the Yoast SEO plugin v26.8 - https:\/\/yoast.com\/product\/yoast-seo-wordpress\/ -->\n<title>Groupement Fioul - Etival-Clairefontaine<\/title>\n<meta name=\"robots\" content=\"index, follow, max-snippet:-1, max-image-preview:large, max-video-preview:-1\" \/>\n<link rel=\"canonical\" href=\"https:\/\/etival.fr\/?p=10214\" \/>\n<meta property=\"og:locale\" content=\"fr_FR\" \/>\n<meta property=\"og:type\" content=\"article\" \/>\n<meta property=\"og:title\" content=\"Groupement Fioul - Etival-Clairefontaine\" \/>\n<meta property=\"og:description\" content=\"Groupement d\u2019achat fioul Date limite des&nbsp;commandes le&nbsp;MARDI 9 AVRIL 2024 inclus Demande d\u2019achat \u00e0 t\u00e9l\u00e9charger ICI Conditions de groupement&nbsp;\u00e0 t\u00e9l\u00e9charger ICI Merci de\u00a0nous les transmettre soit :\u2013 \u00e0 l&rsquo;accueil de la Mairie\u2013 en la\u00a0glissant dans la bo\u00eete aux lettres de la Mairie\u2013 par courriel : communication@etival.fr\u00a0 (en pr\u00e9cisant en objet : Groupement Fioul)Renseignements au 03.29.41.29.57\" \/>\n<meta property=\"og:url\" content=\"https:\/\/etival.fr\/?p=10214\" \/>\n<meta property=\"og:site_name\" content=\"Etival-Clairefontaine\" \/>\n<meta property=\"article:published_time\" content=\"2024-03-20T05:00:00+00:00\" \/>\n<meta property=\"article:modified_time\" content=\"2024-03-20T09:18:56+00:00\" \/>\n<meta property=\"og:image\" content=\"http:\/\/etival.fr\/wp-content\/uploads\/2016\/03\/camion.jpg\" \/>\n<meta name=\"author\" content=\"Catherine\" \/>\n<meta name=\"twitter:card\" content=\"summary_large_image\" \/>\n<meta name=\"twitter:label1\" content=\"\u00c9crit par\" \/>\n\t<meta name=\"twitter:data1\" content=\"Catherine\" \/>\n\t<meta name=\"twitter:label2\" content=\"Dur\u00e9e de lecture estim\u00e9e\" \/>\n\t<meta name=\"twitter:data2\" content=\"1 minute\" \/>\n<script type=\"application\/ld+json\" class=\"yoast-schema-graph\">{\"@context\":\"https:\/\/schema.org\",\"@graph\":[{\"@type\":\"Article\",\"@id\":\"https:\/\/etival.fr\/?p=10214#article\",\"isPartOf\":{\"@id\":\"https:\/\/etival.fr\/?p=10214\"},\"author\":{\"name\":\"Catherine\",\"@id\":\"https:\/\/etival.fr\/#\/schema\/person\/966767531f422984430588510b8d4c3f\"},\"headline\":\"Groupement Fioul\",\"datePublished\":\"2024-03-20T05:00:00+00:00\",\"dateModified\":\"2024-03-20T09:18:56+00:00\",\"mainEntityOfPage\":{\"@id\":\"https:\/\/etival.fr\/?p=10214\"},\"wordCount\":68,\"image\":{\"@id\":\"https:\/\/etival.fr\/?p=10214#primaryimage\"},\"thumbnailUrl\":\"http:\/\/etival.fr\/wp-content\/uploads\/2016\/03\/camion.jpg\",\"articleSection\":[\"Informations Municipales\"],\"inLanguage\":\"fr-FR\"},{\"@type\":\"WebPage\",\"@id\":\"https:\/\/etival.fr\/?p=10214\",\"url\":\"https:\/\/etival.fr\/?p=10214\",\"name\":\"Groupement Fioul - Etival-Clairefontaine\",\"isPartOf\":{\"@id\":\"https:\/\/etival.fr\/#website\"},\"primaryImageOfPage\":{\"@id\":\"https:\/\/etival.fr\/?p=10214#primaryimage\"},\"image\":{\"@id\":\"https:\/\/etival.fr\/?p=10214#primaryimage\"},\"thumbnailUrl\":\"http:\/\/etival.fr\/wp-content\/uploads\/2016\/03\/camion.jpg\",\"datePublished\":\"2024-03-20T05:00:00+00:00\",\"dateModified\":\"2024-03-20T09:18:56+00:00\",\"author\":{\"@id\":\"https:\/\/etival.fr\/#\/schema\/person\/966767531f422984430588510b8d4c3f\"},\"breadcrumb\":{\"@id\":\"https:\/\/etival.fr\/?p=10214#breadcrumb\"},\"inLanguage\":\"fr-FR\",\"potentialAction\":[{\"@type\":\"ReadAction\",\"target\":[\"https:\/\/etival.fr\/?p=10214\"]}]},{\"@type\":\"ImageObject\",\"inLanguage\":\"fr-FR\",\"@id\":\"https:\/\/etival.fr\/?p=10214#primaryimage\",\"url\":\"https:\/\/etival.fr\/wp-content\/uploads\/2016\/03\/camion.jpg\",\"contentUrl\":\"https:\/\/etival.fr\/wp-content\/uploads\/2016\/03\/camion.jpg\",\"width\":345,\"height\":180},{\"@type\":\"BreadcrumbList\",\"@id\":\"https:\/\/etival.fr\/?p=10214#breadcrumb\",\"itemListElement\":[{\"@type\":\"ListItem\",\"position\":1,\"name\":\"Accueil\",\"item\":\"https:\/\/etival.fr\/\"},{\"@type\":\"ListItem\",\"position\":2,\"name\":\"Groupement Fioul\"}]},{\"@type\":\"WebSite\",\"@id\":\"https:\/\/etival.fr\/#website\",\"url\":\"https:\/\/etival.fr\/\",\"name\":\"Etival-Clairefontaine\",\"description\":\"Informations et actualit\u00e9s de la commune\",\"potentialAction\":[{\"@type\":\"SearchAction\",\"target\":{\"@type\":\"EntryPoint\",\"urlTemplate\":\"https:\/\/etival.fr\/?s={search_term_string}\"},\"query-input\":{\"@type\":\"PropertyValueSpecification\",\"valueRequired\":true,\"valueName\":\"search_term_string\"}}],\"inLanguage\":\"fr-FR\"},{\"@type\":\"Person\",\"@id\":\"https:\/\/etival.fr\/#\/schema\/person\/966767531f422984430588510b8d4c3f\",\"name\":\"Catherine\",\"image\":{\"@type\":\"ImageObject\",\"inLanguage\":\"fr-FR\",\"@id\":\"https:\/\/etival.fr\/#\/schema\/person\/image\/\",\"url\":\"https:\/\/secure.gravatar.com\/avatar\/b99eff3bf59bd614e6c532df451dc649?s=96&d=mm&r=g\",\"contentUrl\":\"https:\/\/secure.gravatar.com\/avatar\/b99eff3bf59bd614e6c532df451dc649?s=96&d=mm&r=g\",\"caption\":\"Catherine\"},\"url\":\"https:\/\/etival.fr\/?author=2\"}]}<\/script>\n<!-- \/ Yoast SEO plugin. -->","yoast_head_json":{"title":"Groupement Fioul - Etival-Clairefontaine","robots":{"index":"index","follow":"follow","max-snippet":"max-snippet:-1","max-image-preview":"max-image-preview:large","max-video-preview":"max-video-preview:-1"},"canonical":"https:\/\/etival.fr\/?p=10214","og_locale":"fr_FR","og_type":"article","og_title":"Groupement Fioul - Etival-Clairefontaine","og_description":"Groupement d\u2019achat fioul Date limite des&nbsp;commandes le&nbsp;MARDI 9 AVRIL 2024 inclus Demande d\u2019achat \u00e0 t\u00e9l\u00e9charger ICI Conditions de groupement&nbsp;\u00e0 t\u00e9l\u00e9charger ICI Merci de\u00a0nous les transmettre soit :\u2013 \u00e0 l&rsquo;accueil de la Mairie\u2013 en la\u00a0glissant dans la bo\u00eete aux lettres de la Mairie\u2013 par courriel : communication@etival.fr\u00a0 (en pr\u00e9cisant en objet : Groupement Fioul)Renseignements au 03.29.41.29.57","og_url":"https:\/\/etival.fr\/?p=10214","og_site_name":"Etival-Clairefontaine","article_published_time":"2024-03-20T05:00:00+00:00","article_modified_time":"2024-03-20T09:18:56+00:00","og_image":[{"url":"http:\/\/etival.fr\/wp-content\/uploads\/2016\/03\/camion.jpg","type":"","width":"","height":""}],"author":"Catherine","twitter_card":"summary_large_image","twitter_misc":{"\u00c9crit par":"Catherine","Dur\u00e9e de lecture estim\u00e9e":"1 minute"},"schema":{"@context":"https:\/\/schema.org","@graph":[{"@type":"Article","@id":"https:\/\/etival.fr\/?p=10214#article","isPartOf":{"@id":"https:\/\/etival.fr\/?p=10214"},"author":{"name":"Catherine","@id":"https:\/\/etival.fr\/#\/schema\/person\/966767531f422984430588510b8d4c3f"},"headline":"Groupement Fioul","datePublished":"2024-03-20T05:00:00+00:00","dateModified":"2024-03-20T09:18:56+00:00","mainEntityOfPage":{"@id":"https:\/\/etival.fr\/?p=10214"},"wordCount":68,"image":{"@id":"https:\/\/etival.fr\/?p=10214#primaryimage"},"thumbnailUrl":"http:\/\/etival.fr\/wp-content\/uploads\/2016\/03\/camion.jpg","articleSection":["Informations Municipales"],"inLanguage":"fr-FR"},{"@type":"WebPage","@id":"https:\/\/etival.fr\/?p=10214","url":"https:\/\/etival.fr\/?p=10214","name":"Groupement Fioul - Etival-Clairefontaine","isPartOf":{"@id":"https:\/\/etival.fr\/#website"},"primaryImageOfPage":{"@id":"https:\/\/etival.fr\/?p=10214#primaryimage"},"image":{"@id":"https:\/\/etival.fr\/?p=10214#primaryimage"},"thumbnailUrl":"http:\/\/etival.fr\/wp-content\/uploads\/2016\/03\/camion.jpg","datePublished":"2024-03-20T05:00:00+00:00","dateModified":"2024-03-20T09:18:56+00:00","author":{"@id":"https:\/\/etival.fr\/#\/schema\/person\/966767531f422984430588510b8d4c3f"},"breadcrumb":{"@id":"https:\/\/etival.fr\/?p=10214#breadcrumb"},"inLanguage":"fr-FR","potentialAction":[{"@type":"ReadAction","target":["https:\/\/etival.fr\/?p=10214"]}]},{"@type":"ImageObject","inLanguage":"fr-FR","@id":"https:\/\/etival.fr\/?p=10214#primaryimage","url":"https:\/\/etival.fr\/wp-content\/uploads\/2016\/03\/camion.jpg","contentUrl":"https:\/\/etival.fr\/wp-content\/uploads\/2016\/03\/camion.jpg","width":345,"height":180},{"@type":"BreadcrumbList","@id":"https:\/\/etival.fr\/?p=10214#breadcrumb","itemListElement":[{"@type":"ListItem","position":1,"name":"Accueil","item":"https:\/\/etival.fr\/"},{"@type":"ListItem","position":2,"name":"Groupement Fioul"}]},{"@type":"WebSite","@id":"https:\/\/etival.fr\/#website","url":"https:\/\/etival.fr\/","name":"Etival-Clairefontaine","description":"Informations et actualit\u00e9s de la commune","potentialAction":[{"@type":"SearchAction","target":{"@type":"EntryPoint","urlTemplate":"https:\/\/etival.fr\/?s={search_term_string}"},"query-input":{"@type":"PropertyValueSpecification","valueRequired":true,"valueName":"search_term_string"}}],"inLanguage":"fr-FR"},{"@type":"Person","@id":"https:\/\/etival.fr\/#\/schema\/person\/966767531f422984430588510b8d4c3f","name":"Catherine","image":{"@type":"ImageObject","inLanguage":"fr-FR","@id":"https:\/\/etival.fr\/#\/schema\/person\/image\/","url":"https:\/\/secure.gravatar.com\/avatar\/b99eff3bf59bd614e6c532df451dc649?s=96&d=mm&r=g","contentUrl":"https:\/\/secure.gravatar.com\/avatar\/b99eff3bf59bd614e6c532df451dc649?s=96&d=mm&r=g","caption":"Catherine"},"url":"https:\/\/etival.fr\/?author=2"}]}},"_links":{"self":[{"href":"https:\/\/etival.fr\/index.php?rest_route=\/wp\/v2\/posts\/10214","targetHints":{"allow":["GET"]}}],"collection":[{"href":"https:\/\/etival.fr\/index.php?rest_route=\/wp\/v2\/posts"}],"about":[{"href":"https:\/\/etival.fr\/index.php?rest_route=\/wp\/v2\/types\/post"}],"author":[{"embeddable":true,"href":"https:\/\/etival.fr\/index.php?rest_route=\/wp\/v2\/users\/2"}],"replies":[{"embeddable":true,"href":"https:\/\/etival.fr\/index.php?rest_route=%2Fwp%2Fv2%2Fcomments&post=10214"}],"version-history":[{"count":16,"href":"https:\/\/etival.fr\/index.php?rest_route=\/wp\/v2\/posts\/10214\/revisions"}],"predecessor-version":[{"id":11814,"href":"https:\/\/etival.fr\/index.php?rest_route=\/wp\/v2\/posts\/10214\/revisions\/11814"}],"wp:attachment":[{"href":"https:\/\/etival.fr\/index.php?rest_route=%2Fwp%2Fv2%2Fmedia&parent=10214"}],"wp:term":[{"taxonomy":"category","embeddable":true,"href":"https:\/\/etival.fr\/index.php?rest_route=%2Fwp%2Fv2%2Fcategories&post=10214"},{"taxonomy":"post_tag","embeddable":true,"href":"https:\/\/etival.fr\/index.php?rest_route=%2Fwp%2Fv2%2Ftags&post=10214"}],"curies":[{"name":"wp","href":"https:\/\/api.w.org\/{rel}","templated":true}]}}