{"id":10244,"date":"2022-06-22T13:05:51","date_gmt":"2022-06-22T12:05:51","guid":{"rendered":"http:\/\/etival.fr\/?p=10244"},"modified":"2022-06-22T13:08:07","modified_gmt":"2022-06-22T12:08:07","slug":"transport-scolaire-college-et-lycee","status":"publish","type":"post","link":"https:\/\/etival.fr\/?p=10244","title":{"rendered":"Transport scolaire coll\u00e8ge et lyc\u00e9e"},"content":{"rendered":"\n<div class=\"wp-block-image\"><figure class=\"alignleft size-full is-resized\"><a href=\"http:\/\/etival.fr\/wp-content\/uploads\/2022\/06\/logo-syllabe.png\"><img loading=\"lazy\" decoding=\"async\" src=\"http:\/\/etival.fr\/wp-content\/uploads\/2022\/06\/logo-syllabe.png\" alt=\"\" class=\"wp-image-10245\" width=\"141\" height=\"60\" srcset=\"https:\/\/etival.fr\/wp-content\/uploads\/2022\/06\/logo-syllabe.png 360w, https:\/\/etival.fr\/wp-content\/uploads\/2022\/06\/logo-syllabe-300x129.png 300w\" sizes=\"auto, (max-width: 141px) 100vw, 141px\" \/><\/a><figcaption>   <strong> CARTE DE BUS<\/strong><\/figcaption><\/figure><\/div>\n\n\n\n<p class=\"has-black-color has-text-color\">&#x25b6; La commune participe \u00e0 la prise en charge <br>    \u00e0 hauteur de 94 \u20ac\/an pour le transport des \u00e9l\u00e8ves <br>    jusqu\u2019\u00e0 l\u2019\u00e2ge de 16 ans. <br>    Afin de proc\u00e9der au remboursement de ces frais, <br>    merci de faire parvenir en Mairie ou par mail \u00e0 communication@etival.fr, <strong>obligatoirement avant le 15 octobre 2022<\/strong>, <br>un justificatif de paiement, l\u2019inscription en ligne et un Relev\u00e9 d\u2019Identit\u00e9 Bancaire. <br><strong>(Apr\u00e8s cette date aucun remboursement ne pourra \u00eatre effectu\u00e9)<\/strong>.<\/p>\n","protected":false},"excerpt":{"rendered":"<p>&#x25b6; La commune participe \u00e0 la prise en charge \u00e0 hauteur de 94 \u20ac\/an pour le transport des \u00e9l\u00e8ves jusqu\u2019\u00e0 l\u2019\u00e2ge de 16 ans. Afin de proc\u00e9der au remboursement de ces frais, merci de faire parvenir en Mairie ou par mail \u00e0 communication@etival.fr, obligatoirement avant le 15 octobre 2022, un justificatif de paiement, l\u2019inscription en [&hellip;]<\/p>\n","protected":false},"author":2,"featured_media":0,"comment_status":"closed","ping_status":"open","sticky":false,"template":"","format":"standard","meta":{"footnotes":""},"categories":[6],"tags":[],"class_list":["post-10244","post","type-post","status-publish","format-standard","hentry","category-informations-municipales"],"yoast_head":"<!-- This site is optimized with the Yoast SEO plugin v26.8 - https:\/\/yoast.com\/product\/yoast-seo-wordpress\/ -->\n<title>Transport scolaire coll\u00e8ge et lyc\u00e9e - Etival-Clairefontaine<\/title>\n<meta name=\"robots\" content=\"index, follow, max-snippet:-1, max-image-preview:large, max-video-preview:-1\" \/>\n<link rel=\"canonical\" href=\"https:\/\/etival.fr\/?p=10244\" \/>\n<meta property=\"og:locale\" content=\"fr_FR\" \/>\n<meta property=\"og:type\" content=\"article\" \/>\n<meta property=\"og:title\" content=\"Transport scolaire coll\u00e8ge et lyc\u00e9e - Etival-Clairefontaine\" \/>\n<meta property=\"og:description\" content=\"&#x25b6; La commune participe \u00e0 la prise en charge \u00e0 hauteur de 94 \u20ac\/an pour le transport des \u00e9l\u00e8ves jusqu\u2019\u00e0 l\u2019\u00e2ge de 16 ans. Afin de proc\u00e9der au remboursement de ces frais, merci de faire parvenir en Mairie ou par mail \u00e0 communication@etival.fr, obligatoirement avant le 15 octobre 2022, un justificatif de paiement, l\u2019inscription en [&hellip;]\" \/>\n<meta property=\"og:url\" content=\"https:\/\/etival.fr\/?p=10244\" \/>\n<meta property=\"og:site_name\" content=\"Etival-Clairefontaine\" \/>\n<meta property=\"article:published_time\" content=\"2022-06-22T12:05:51+00:00\" \/>\n<meta property=\"article:modified_time\" content=\"2022-06-22T12:08:07+00:00\" \/>\n<meta property=\"og:image\" content=\"http:\/\/etival.fr\/wp-content\/uploads\/2022\/06\/logo-syllabe.png\" \/>\n<meta name=\"author\" content=\"Catherine\" \/>\n<meta name=\"twitter:card\" content=\"summary_large_image\" \/>\n<meta name=\"twitter:label1\" content=\"\u00c9crit par\" \/>\n\t<meta name=\"twitter:data1\" content=\"Catherine\" \/>\n\t<meta name=\"twitter:label2\" content=\"Dur\u00e9e de lecture estim\u00e9e\" \/>\n\t<meta name=\"twitter:data2\" content=\"1 minute\" \/>\n<script type=\"application\/ld+json\" class=\"yoast-schema-graph\">{\"@context\":\"https:\/\/schema.org\",\"@graph\":[{\"@type\":\"Article\",\"@id\":\"https:\/\/etival.fr\/?p=10244#article\",\"isPartOf\":{\"@id\":\"https:\/\/etival.fr\/?p=10244\"},\"author\":{\"name\":\"Catherine\",\"@id\":\"https:\/\/etival.fr\/#\/schema\/person\/966767531f422984430588510b8d4c3f\"},\"headline\":\"Transport scolaire coll\u00e8ge et lyc\u00e9e\",\"datePublished\":\"2022-06-22T12:05:51+00:00\",\"dateModified\":\"2022-06-22T12:08:07+00:00\",\"mainEntityOfPage\":{\"@id\":\"https:\/\/etival.fr\/?p=10244\"},\"wordCount\":82,\"image\":{\"@id\":\"https:\/\/etival.fr\/?p=10244#primaryimage\"},\"thumbnailUrl\":\"http:\/\/etival.fr\/wp-content\/uploads\/2022\/06\/logo-syllabe.png\",\"articleSection\":[\"Informations Municipales\"],\"inLanguage\":\"fr-FR\"},{\"@type\":\"WebPage\",\"@id\":\"https:\/\/etival.fr\/?p=10244\",\"url\":\"https:\/\/etival.fr\/?p=10244\",\"name\":\"Transport scolaire coll\u00e8ge et lyc\u00e9e - Etival-Clairefontaine\",\"isPartOf\":{\"@id\":\"https:\/\/etival.fr\/#website\"},\"primaryImageOfPage\":{\"@id\":\"https:\/\/etival.fr\/?p=10244#primaryimage\"},\"image\":{\"@id\":\"https:\/\/etival.fr\/?p=10244#primaryimage\"},\"thumbnailUrl\":\"http:\/\/etival.fr\/wp-content\/uploads\/2022\/06\/logo-syllabe.png\",\"datePublished\":\"2022-06-22T12:05:51+00:00\",\"dateModified\":\"2022-06-22T12:08:07+00:00\",\"author\":{\"@id\":\"https:\/\/etival.fr\/#\/schema\/person\/966767531f422984430588510b8d4c3f\"},\"breadcrumb\":{\"@id\":\"https:\/\/etival.fr\/?p=10244#breadcrumb\"},\"inLanguage\":\"fr-FR\",\"potentialAction\":[{\"@type\":\"ReadAction\",\"target\":[\"https:\/\/etival.fr\/?p=10244\"]}]},{\"@type\":\"ImageObject\",\"inLanguage\":\"fr-FR\",\"@id\":\"https:\/\/etival.fr\/?p=10244#primaryimage\",\"url\":\"https:\/\/etival.fr\/wp-content\/uploads\/2022\/06\/logo-syllabe.png\",\"contentUrl\":\"https:\/\/etival.fr\/wp-content\/uploads\/2022\/06\/logo-syllabe.png\",\"width\":360,\"height\":155},{\"@type\":\"BreadcrumbList\",\"@id\":\"https:\/\/etival.fr\/?p=10244#breadcrumb\",\"itemListElement\":[{\"@type\":\"ListItem\",\"position\":1,\"name\":\"Accueil\",\"item\":\"https:\/\/etival.fr\/\"},{\"@type\":\"ListItem\",\"position\":2,\"name\":\"Transport scolaire coll\u00e8ge et lyc\u00e9e\"}]},{\"@type\":\"WebSite\",\"@id\":\"https:\/\/etival.fr\/#website\",\"url\":\"https:\/\/etival.fr\/\",\"name\":\"Etival-Clairefontaine\",\"description\":\"Informations et actualit\u00e9s de la commune\",\"potentialAction\":[{\"@type\":\"SearchAction\",\"target\":{\"@type\":\"EntryPoint\",\"urlTemplate\":\"https:\/\/etival.fr\/?s={search_term_string}\"},\"query-input\":{\"@type\":\"PropertyValueSpecification\",\"valueRequired\":true,\"valueName\":\"search_term_string\"}}],\"inLanguage\":\"fr-FR\"},{\"@type\":\"Person\",\"@id\":\"https:\/\/etival.fr\/#\/schema\/person\/966767531f422984430588510b8d4c3f\",\"name\":\"Catherine\",\"image\":{\"@type\":\"ImageObject\",\"inLanguage\":\"fr-FR\",\"@id\":\"https:\/\/etival.fr\/#\/schema\/person\/image\/\",\"url\":\"https:\/\/secure.gravatar.com\/avatar\/b99eff3bf59bd614e6c532df451dc649?s=96&d=mm&r=g\",\"contentUrl\":\"https:\/\/secure.gravatar.com\/avatar\/b99eff3bf59bd614e6c532df451dc649?s=96&d=mm&r=g\",\"caption\":\"Catherine\"},\"url\":\"https:\/\/etival.fr\/?author=2\"}]}<\/script>\n<!-- \/ Yoast SEO plugin. -->","yoast_head_json":{"title":"Transport scolaire coll\u00e8ge et lyc\u00e9e - Etival-Clairefontaine","robots":{"index":"index","follow":"follow","max-snippet":"max-snippet:-1","max-image-preview":"max-image-preview:large","max-video-preview":"max-video-preview:-1"},"canonical":"https:\/\/etival.fr\/?p=10244","og_locale":"fr_FR","og_type":"article","og_title":"Transport scolaire coll\u00e8ge et lyc\u00e9e - Etival-Clairefontaine","og_description":"&#x25b6; La commune participe \u00e0 la prise en charge \u00e0 hauteur de 94 \u20ac\/an pour le transport des \u00e9l\u00e8ves jusqu\u2019\u00e0 l\u2019\u00e2ge de 16 ans. Afin de proc\u00e9der au remboursement de ces frais, merci de faire parvenir en Mairie ou par mail \u00e0 communication@etival.fr, obligatoirement avant le 15 octobre 2022, un justificatif de paiement, l\u2019inscription en [&hellip;]","og_url":"https:\/\/etival.fr\/?p=10244","og_site_name":"Etival-Clairefontaine","article_published_time":"2022-06-22T12:05:51+00:00","article_modified_time":"2022-06-22T12:08:07+00:00","og_image":[{"url":"http:\/\/etival.fr\/wp-content\/uploads\/2022\/06\/logo-syllabe.png","type":"","width":"","height":""}],"author":"Catherine","twitter_card":"summary_large_image","twitter_misc":{"\u00c9crit par":"Catherine","Dur\u00e9e de lecture estim\u00e9e":"1 minute"},"schema":{"@context":"https:\/\/schema.org","@graph":[{"@type":"Article","@id":"https:\/\/etival.fr\/?p=10244#article","isPartOf":{"@id":"https:\/\/etival.fr\/?p=10244"},"author":{"name":"Catherine","@id":"https:\/\/etival.fr\/#\/schema\/person\/966767531f422984430588510b8d4c3f"},"headline":"Transport scolaire coll\u00e8ge et lyc\u00e9e","datePublished":"2022-06-22T12:05:51+00:00","dateModified":"2022-06-22T12:08:07+00:00","mainEntityOfPage":{"@id":"https:\/\/etival.fr\/?p=10244"},"wordCount":82,"image":{"@id":"https:\/\/etival.fr\/?p=10244#primaryimage"},"thumbnailUrl":"http:\/\/etival.fr\/wp-content\/uploads\/2022\/06\/logo-syllabe.png","articleSection":["Informations Municipales"],"inLanguage":"fr-FR"},{"@type":"WebPage","@id":"https:\/\/etival.fr\/?p=10244","url":"https:\/\/etival.fr\/?p=10244","name":"Transport scolaire coll\u00e8ge et lyc\u00e9e - Etival-Clairefontaine","isPartOf":{"@id":"https:\/\/etival.fr\/#website"},"primaryImageOfPage":{"@id":"https:\/\/etival.fr\/?p=10244#primaryimage"},"image":{"@id":"https:\/\/etival.fr\/?p=10244#primaryimage"},"thumbnailUrl":"http:\/\/etival.fr\/wp-content\/uploads\/2022\/06\/logo-syllabe.png","datePublished":"2022-06-22T12:05:51+00:00","dateModified":"2022-06-22T12:08:07+00:00","author":{"@id":"https:\/\/etival.fr\/#\/schema\/person\/966767531f422984430588510b8d4c3f"},"breadcrumb":{"@id":"https:\/\/etival.fr\/?p=10244#breadcrumb"},"inLanguage":"fr-FR","potentialAction":[{"@type":"ReadAction","target":["https:\/\/etival.fr\/?p=10244"]}]},{"@type":"ImageObject","inLanguage":"fr-FR","@id":"https:\/\/etival.fr\/?p=10244#primaryimage","url":"https:\/\/etival.fr\/wp-content\/uploads\/2022\/06\/logo-syllabe.png","contentUrl":"https:\/\/etival.fr\/wp-content\/uploads\/2022\/06\/logo-syllabe.png","width":360,"height":155},{"@type":"BreadcrumbList","@id":"https:\/\/etival.fr\/?p=10244#breadcrumb","itemListElement":[{"@type":"ListItem","position":1,"name":"Accueil","item":"https:\/\/etival.fr\/"},{"@type":"ListItem","position":2,"name":"Transport scolaire coll\u00e8ge et lyc\u00e9e"}]},{"@type":"WebSite","@id":"https:\/\/etival.fr\/#website","url":"https:\/\/etival.fr\/","name":"Etival-Clairefontaine","description":"Informations et actualit\u00e9s de la commune","potentialAction":[{"@type":"SearchAction","target":{"@type":"EntryPoint","urlTemplate":"https:\/\/etival.fr\/?s={search_term_string}"},"query-input":{"@type":"PropertyValueSpecification","valueRequired":true,"valueName":"search_term_string"}}],"inLanguage":"fr-FR"},{"@type":"Person","@id":"https:\/\/etival.fr\/#\/schema\/person\/966767531f422984430588510b8d4c3f","name":"Catherine","image":{"@type":"ImageObject","inLanguage":"fr-FR","@id":"https:\/\/etival.fr\/#\/schema\/person\/image\/","url":"https:\/\/secure.gravatar.com\/avatar\/b99eff3bf59bd614e6c532df451dc649?s=96&d=mm&r=g","contentUrl":"https:\/\/secure.gravatar.com\/avatar\/b99eff3bf59bd614e6c532df451dc649?s=96&d=mm&r=g","caption":"Catherine"},"url":"https:\/\/etival.fr\/?author=2"}]}},"_links":{"self":[{"href":"https:\/\/etival.fr\/index.php?rest_route=\/wp\/v2\/posts\/10244","targetHints":{"allow":["GET"]}}],"collection":[{"href":"https:\/\/etival.fr\/index.php?rest_route=\/wp\/v2\/posts"}],"about":[{"href":"https:\/\/etival.fr\/index.php?rest_route=\/wp\/v2\/types\/post"}],"author":[{"embeddable":true,"href":"https:\/\/etival.fr\/index.php?rest_route=\/wp\/v2\/users\/2"}],"replies":[{"embeddable":true,"href":"https:\/\/etival.fr\/index.php?rest_route=%2Fwp%2Fv2%2Fcomments&post=10244"}],"version-history":[{"count":4,"href":"https:\/\/etival.fr\/index.php?rest_route=\/wp\/v2\/posts\/10244\/revisions"}],"predecessor-version":[{"id":10249,"href":"https:\/\/etival.fr\/index.php?rest_route=\/wp\/v2\/posts\/10244\/revisions\/10249"}],"wp:attachment":[{"href":"https:\/\/etival.fr\/index.php?rest_route=%2Fwp%2Fv2%2Fmedia&parent=10244"}],"wp:term":[{"taxonomy":"category","embeddable":true,"href":"https:\/\/etival.fr\/index.php?rest_route=%2Fwp%2Fv2%2Fcategories&post=10244"},{"taxonomy":"post_tag","embeddable":true,"href":"https:\/\/etival.fr\/index.php?rest_route=%2Fwp%2Fv2%2Ftags&post=10244"}],"curies":[{"name":"wp","href":"https:\/\/api.w.org\/{rel}","templated":true}]}}