{"id":10276,"date":"2022-07-19T15:06:55","date_gmt":"2022-07-19T14:06:55","guid":{"rendered":"http:\/\/etival.fr\/?p=10276"},"modified":"2022-07-19T15:52:16","modified_gmt":"2022-07-19T14:52:16","slug":"etape-du-tour-de-france","status":"publish","type":"post","link":"https:\/\/etival.fr\/?p=10276","title":{"rendered":"\u00c9tape du Tour de France"},"content":{"rendered":"\n<p>Comme vous le savez, la Ville de Saint-Di\u00e9-des-Vosges a l&rsquo;honneur d&rsquo;accueillir l&rsquo;arriv\u00e9e de la 5\u00e8me \u00e9tape et le d\u00e9part de la 6\u00e8me \u00e9tape du Tour de France Femmes.<\/p>\n\n\n\n<p>Dans le cadre de l&rsquo;organisation de cet \u00e9v\u00e9nement exceptionnel, un guide pratique qui recense toutes les informations utiles li\u00e9es \u00e0 cette manifestation a \u00e9t\u00e9 \u00e9dit\u00e9.<\/p>\n\n\n\n<p>De plus, pour faciliter le transport depuis les communes de la Communaut\u00e9 d&rsquo;agglom\u00e9ration, 6 navettes inter-urbaines desserviront Saint-Di\u00e9-des-Vosges :<\/p>\n\n\n\n<ul class=\"wp-block-list\"><li>Navette 1 : Biffontaine, Corcieux, Bruy\u00e8res, Taintrux, Saint-Di\u00e9-des-Vosges (arr\u00eat de bus, rue Marcel Mauss)<\/li><li>Navette 2 : Belval, Moussey, Moyenmoutier, Etival, Saint-Di\u00e9-des-Vosges (arr\u00eat de bus, rue Marcel Mauss)<\/li><li>Navette 3 : Ban-de-Sapt, Saint-Di\u00e9-des-Vosges (arr\u00eat de bus, rue Marcel Mauss)<\/li><li>Navette 4 : Combrimont, Ban-de-Laveline, Saint-Di\u00e9-des-Vosges (gymnase Ren\u00e9 Perrin)<\/li><li>Navette 5 : Plainfaing, Saint-Di\u00e9-des-Vosges (gymnase Ren\u00e9 Perrin)<\/li><li>Navette 6 : Raon-sur-Plaine, Saint-Di\u00e9-des-Vosges (arr\u00eat de bus, rue Marcel Mauss)<\/li><\/ul>\n\n\n\n<p>Les horaires des navettes sont consultables via ce lien:<a href=\"https:\/\/saint-die.eu\/sports-et-loisirs\/tour-de-france\/tour-de-france-femme-2022\" target=\"_blank\" rel=\"noreferrer noopener\">https:\/\/saint-die.eu\/sports-et-loisirs\/tour-de-france\/tour-de-france-femme-2022<\/a><\/p>\n\n\n\n<p>En esp\u00e9rant vous voir nombreux<\/p>\n\n\n","protected":false},"excerpt":{"rendered":"<p>Comme vous le savez, la Ville de Saint-Di\u00e9-des-Vosges a l&rsquo;honneur d&rsquo;accueillir l&rsquo;arriv\u00e9e de la 5\u00e8me \u00e9tape et le d\u00e9part de la 6\u00e8me \u00e9tape du Tour de France Femmes. Dans le cadre de l&rsquo;organisation de cet \u00e9v\u00e9nement exceptionnel, un guide pratique qui recense toutes les informations utiles li\u00e9es \u00e0 cette manifestation a \u00e9t\u00e9 \u00e9dit\u00e9. De plus, [&hellip;]<\/p>\n","protected":false},"author":2,"featured_media":0,"comment_status":"closed","ping_status":"open","sticky":false,"template":"","format":"standard","meta":{"footnotes":""},"categories":[7],"tags":[],"class_list":["post-10276","post","type-post","status-publish","format-standard","hentry","category-divers"],"yoast_head":"<!-- This site is optimized with the Yoast SEO plugin v26.8 - https:\/\/yoast.com\/product\/yoast-seo-wordpress\/ -->\n<title>\u00c9tape du Tour de France - Etival-Clairefontaine<\/title>\n<meta name=\"robots\" content=\"index, follow, max-snippet:-1, max-image-preview:large, max-video-preview:-1\" \/>\n<link rel=\"canonical\" href=\"https:\/\/etival.fr\/?p=10276\" \/>\n<meta property=\"og:locale\" content=\"fr_FR\" \/>\n<meta property=\"og:type\" content=\"article\" \/>\n<meta property=\"og:title\" content=\"\u00c9tape du Tour de France - Etival-Clairefontaine\" \/>\n<meta property=\"og:description\" content=\"Comme vous le savez, la Ville de Saint-Di\u00e9-des-Vosges a l&rsquo;honneur d&rsquo;accueillir l&rsquo;arriv\u00e9e de la 5\u00e8me \u00e9tape et le d\u00e9part de la 6\u00e8me \u00e9tape du Tour de France Femmes. Dans le cadre de l&rsquo;organisation de cet \u00e9v\u00e9nement exceptionnel, un guide pratique qui recense toutes les informations utiles li\u00e9es \u00e0 cette manifestation a \u00e9t\u00e9 \u00e9dit\u00e9. De plus, [&hellip;]\" \/>\n<meta property=\"og:url\" content=\"https:\/\/etival.fr\/?p=10276\" \/>\n<meta property=\"og:site_name\" content=\"Etival-Clairefontaine\" \/>\n<meta property=\"article:published_time\" content=\"2022-07-19T14:06:55+00:00\" \/>\n<meta property=\"article:modified_time\" content=\"2022-07-19T14:52:16+00:00\" \/>\n<meta name=\"author\" content=\"Catherine\" \/>\n<meta name=\"twitter:card\" content=\"summary_large_image\" \/>\n<meta name=\"twitter:label1\" content=\"\u00c9crit par\" \/>\n\t<meta name=\"twitter:data1\" content=\"Catherine\" \/>\n\t<meta name=\"twitter:label2\" content=\"Dur\u00e9e de lecture estim\u00e9e\" \/>\n\t<meta name=\"twitter:data2\" content=\"1 minute\" \/>\n<script type=\"application\/ld+json\" class=\"yoast-schema-graph\">{\"@context\":\"https:\/\/schema.org\",\"@graph\":[{\"@type\":\"Article\",\"@id\":\"https:\/\/etival.fr\/?p=10276#article\",\"isPartOf\":{\"@id\":\"https:\/\/etival.fr\/?p=10276\"},\"author\":{\"name\":\"Catherine\",\"@id\":\"https:\/\/etival.fr\/#\/schema\/person\/966767531f422984430588510b8d4c3f\"},\"headline\":\"\u00c9tape du Tour de France\",\"datePublished\":\"2022-07-19T14:06:55+00:00\",\"dateModified\":\"2022-07-19T14:52:16+00:00\",\"mainEntityOfPage\":{\"@id\":\"https:\/\/etival.fr\/?p=10276\"},\"wordCount\":173,\"articleSection\":[\"Divers\"],\"inLanguage\":\"fr-FR\"},{\"@type\":\"WebPage\",\"@id\":\"https:\/\/etival.fr\/?p=10276\",\"url\":\"https:\/\/etival.fr\/?p=10276\",\"name\":\"\u00c9tape du Tour de France - Etival-Clairefontaine\",\"isPartOf\":{\"@id\":\"https:\/\/etival.fr\/#website\"},\"datePublished\":\"2022-07-19T14:06:55+00:00\",\"dateModified\":\"2022-07-19T14:52:16+00:00\",\"author\":{\"@id\":\"https:\/\/etival.fr\/#\/schema\/person\/966767531f422984430588510b8d4c3f\"},\"breadcrumb\":{\"@id\":\"https:\/\/etival.fr\/?p=10276#breadcrumb\"},\"inLanguage\":\"fr-FR\",\"potentialAction\":[{\"@type\":\"ReadAction\",\"target\":[\"https:\/\/etival.fr\/?p=10276\"]}]},{\"@type\":\"BreadcrumbList\",\"@id\":\"https:\/\/etival.fr\/?p=10276#breadcrumb\",\"itemListElement\":[{\"@type\":\"ListItem\",\"position\":1,\"name\":\"Accueil\",\"item\":\"https:\/\/etival.fr\/\"},{\"@type\":\"ListItem\",\"position\":2,\"name\":\"\u00c9tape du Tour de France\"}]},{\"@type\":\"WebSite\",\"@id\":\"https:\/\/etival.fr\/#website\",\"url\":\"https:\/\/etival.fr\/\",\"name\":\"Etival-Clairefontaine\",\"description\":\"Informations et actualit\u00e9s de la commune\",\"potentialAction\":[{\"@type\":\"SearchAction\",\"target\":{\"@type\":\"EntryPoint\",\"urlTemplate\":\"https:\/\/etival.fr\/?s={search_term_string}\"},\"query-input\":{\"@type\":\"PropertyValueSpecification\",\"valueRequired\":true,\"valueName\":\"search_term_string\"}}],\"inLanguage\":\"fr-FR\"},{\"@type\":\"Person\",\"@id\":\"https:\/\/etival.fr\/#\/schema\/person\/966767531f422984430588510b8d4c3f\",\"name\":\"Catherine\",\"image\":{\"@type\":\"ImageObject\",\"inLanguage\":\"fr-FR\",\"@id\":\"https:\/\/etival.fr\/#\/schema\/person\/image\/\",\"url\":\"https:\/\/secure.gravatar.com\/avatar\/b99eff3bf59bd614e6c532df451dc649?s=96&d=mm&r=g\",\"contentUrl\":\"https:\/\/secure.gravatar.com\/avatar\/b99eff3bf59bd614e6c532df451dc649?s=96&d=mm&r=g\",\"caption\":\"Catherine\"},\"url\":\"https:\/\/etival.fr\/?author=2\"}]}<\/script>\n<!-- \/ Yoast SEO plugin. -->","yoast_head_json":{"title":"\u00c9tape du Tour de France - Etival-Clairefontaine","robots":{"index":"index","follow":"follow","max-snippet":"max-snippet:-1","max-image-preview":"max-image-preview:large","max-video-preview":"max-video-preview:-1"},"canonical":"https:\/\/etival.fr\/?p=10276","og_locale":"fr_FR","og_type":"article","og_title":"\u00c9tape du Tour de France - Etival-Clairefontaine","og_description":"Comme vous le savez, la Ville de Saint-Di\u00e9-des-Vosges a l&rsquo;honneur d&rsquo;accueillir l&rsquo;arriv\u00e9e de la 5\u00e8me \u00e9tape et le d\u00e9part de la 6\u00e8me \u00e9tape du Tour de France Femmes. Dans le cadre de l&rsquo;organisation de cet \u00e9v\u00e9nement exceptionnel, un guide pratique qui recense toutes les informations utiles li\u00e9es \u00e0 cette manifestation a \u00e9t\u00e9 \u00e9dit\u00e9. De plus, [&hellip;]","og_url":"https:\/\/etival.fr\/?p=10276","og_site_name":"Etival-Clairefontaine","article_published_time":"2022-07-19T14:06:55+00:00","article_modified_time":"2022-07-19T14:52:16+00:00","author":"Catherine","twitter_card":"summary_large_image","twitter_misc":{"\u00c9crit par":"Catherine","Dur\u00e9e de lecture estim\u00e9e":"1 minute"},"schema":{"@context":"https:\/\/schema.org","@graph":[{"@type":"Article","@id":"https:\/\/etival.fr\/?p=10276#article","isPartOf":{"@id":"https:\/\/etival.fr\/?p=10276"},"author":{"name":"Catherine","@id":"https:\/\/etival.fr\/#\/schema\/person\/966767531f422984430588510b8d4c3f"},"headline":"\u00c9tape du Tour de France","datePublished":"2022-07-19T14:06:55+00:00","dateModified":"2022-07-19T14:52:16+00:00","mainEntityOfPage":{"@id":"https:\/\/etival.fr\/?p=10276"},"wordCount":173,"articleSection":["Divers"],"inLanguage":"fr-FR"},{"@type":"WebPage","@id":"https:\/\/etival.fr\/?p=10276","url":"https:\/\/etival.fr\/?p=10276","name":"\u00c9tape du Tour de France - Etival-Clairefontaine","isPartOf":{"@id":"https:\/\/etival.fr\/#website"},"datePublished":"2022-07-19T14:06:55+00:00","dateModified":"2022-07-19T14:52:16+00:00","author":{"@id":"https:\/\/etival.fr\/#\/schema\/person\/966767531f422984430588510b8d4c3f"},"breadcrumb":{"@id":"https:\/\/etival.fr\/?p=10276#breadcrumb"},"inLanguage":"fr-FR","potentialAction":[{"@type":"ReadAction","target":["https:\/\/etival.fr\/?p=10276"]}]},{"@type":"BreadcrumbList","@id":"https:\/\/etival.fr\/?p=10276#breadcrumb","itemListElement":[{"@type":"ListItem","position":1,"name":"Accueil","item":"https:\/\/etival.fr\/"},{"@type":"ListItem","position":2,"name":"\u00c9tape du Tour de France"}]},{"@type":"WebSite","@id":"https:\/\/etival.fr\/#website","url":"https:\/\/etival.fr\/","name":"Etival-Clairefontaine","description":"Informations et actualit\u00e9s de la commune","potentialAction":[{"@type":"SearchAction","target":{"@type":"EntryPoint","urlTemplate":"https:\/\/etival.fr\/?s={search_term_string}"},"query-input":{"@type":"PropertyValueSpecification","valueRequired":true,"valueName":"search_term_string"}}],"inLanguage":"fr-FR"},{"@type":"Person","@id":"https:\/\/etival.fr\/#\/schema\/person\/966767531f422984430588510b8d4c3f","name":"Catherine","image":{"@type":"ImageObject","inLanguage":"fr-FR","@id":"https:\/\/etival.fr\/#\/schema\/person\/image\/","url":"https:\/\/secure.gravatar.com\/avatar\/b99eff3bf59bd614e6c532df451dc649?s=96&d=mm&r=g","contentUrl":"https:\/\/secure.gravatar.com\/avatar\/b99eff3bf59bd614e6c532df451dc649?s=96&d=mm&r=g","caption":"Catherine"},"url":"https:\/\/etival.fr\/?author=2"}]}},"_links":{"self":[{"href":"https:\/\/etival.fr\/index.php?rest_route=\/wp\/v2\/posts\/10276","targetHints":{"allow":["GET"]}}],"collection":[{"href":"https:\/\/etival.fr\/index.php?rest_route=\/wp\/v2\/posts"}],"about":[{"href":"https:\/\/etival.fr\/index.php?rest_route=\/wp\/v2\/types\/post"}],"author":[{"embeddable":true,"href":"https:\/\/etival.fr\/index.php?rest_route=\/wp\/v2\/users\/2"}],"replies":[{"embeddable":true,"href":"https:\/\/etival.fr\/index.php?rest_route=%2Fwp%2Fv2%2Fcomments&post=10276"}],"version-history":[{"count":1,"href":"https:\/\/etival.fr\/index.php?rest_route=\/wp\/v2\/posts\/10276\/revisions"}],"predecessor-version":[{"id":10277,"href":"https:\/\/etival.fr\/index.php?rest_route=\/wp\/v2\/posts\/10276\/revisions\/10277"}],"wp:attachment":[{"href":"https:\/\/etival.fr\/index.php?rest_route=%2Fwp%2Fv2%2Fmedia&parent=10276"}],"wp:term":[{"taxonomy":"category","embeddable":true,"href":"https:\/\/etival.fr\/index.php?rest_route=%2Fwp%2Fv2%2Fcategories&post=10276"},{"taxonomy":"post_tag","embeddable":true,"href":"https:\/\/etival.fr\/index.php?rest_route=%2Fwp%2Fv2%2Ftags&post=10276"}],"curies":[{"name":"wp","href":"https:\/\/api.w.org\/{rel}","templated":true}]}}