{"id":10314,"date":"2022-08-30T13:52:26","date_gmt":"2022-08-30T12:52:26","guid":{"rendered":"http:\/\/etival.fr\/?p=10314"},"modified":"2022-08-30T13:53:13","modified_gmt":"2022-08-30T12:53:13","slug":"exercice-pour-les-sapeurs-pompiers-a-labbaye","status":"publish","type":"post","link":"https:\/\/etival.fr\/?p=10314","title":{"rendered":"Exercice pour les sapeurs-pompiers, \u00e0 l&rsquo;Abbaye"},"content":{"rendered":"\n<figure class=\"wp-block-gallery has-nested-images columns-default is-cropped wp-block-gallery-1 is-layout-flex wp-block-gallery-is-layout-flex\">\n<figure class=\"wp-block-image size-large\"><a href=\"http:\/\/etival.fr\/wp-content\/uploads\/2022\/08\/DSCN0124-scaled.jpg\"><img loading=\"lazy\" decoding=\"async\" width=\"768\" height=\"1024\" data-id=\"10317\" src=\"http:\/\/etival.fr\/wp-content\/uploads\/2022\/08\/DSCN0124-768x1024.jpg\" alt=\"\" class=\"wp-image-10317\" srcset=\"https:\/\/etival.fr\/wp-content\/uploads\/2022\/08\/DSCN0124-768x1024.jpg 768w, https:\/\/etival.fr\/wp-content\/uploads\/2022\/08\/DSCN0124-225x300.jpg 225w, https:\/\/etival.fr\/wp-content\/uploads\/2022\/08\/DSCN0124-1152x1536.jpg 1152w, https:\/\/etival.fr\/wp-content\/uploads\/2022\/08\/DSCN0124-1536x2048.jpg 1536w, https:\/\/etival.fr\/wp-content\/uploads\/2022\/08\/DSCN0124-624x832.jpg 624w, https:\/\/etival.fr\/wp-content\/uploads\/2022\/08\/DSCN0124-scaled.jpg 1920w\" sizes=\"auto, (max-width: 768px) 100vw, 768px\" \/><\/a><\/figure>\n\n\n\n<figure class=\"wp-block-image size-large\"><a href=\"http:\/\/etival.fr\/wp-content\/uploads\/2022\/08\/DSCN0125-scaled.jpg\"><img loading=\"lazy\" decoding=\"async\" width=\"768\" height=\"1024\" data-id=\"10315\" src=\"http:\/\/etival.fr\/wp-content\/uploads\/2022\/08\/DSCN0125-768x1024.jpg\" alt=\"\" class=\"wp-image-10315\" srcset=\"https:\/\/etival.fr\/wp-content\/uploads\/2022\/08\/DSCN0125-768x1024.jpg 768w, https:\/\/etival.fr\/wp-content\/uploads\/2022\/08\/DSCN0125-225x300.jpg 225w, https:\/\/etival.fr\/wp-content\/uploads\/2022\/08\/DSCN0125-1152x1536.jpg 1152w, https:\/\/etival.fr\/wp-content\/uploads\/2022\/08\/DSCN0125-1536x2048.jpg 1536w, https:\/\/etival.fr\/wp-content\/uploads\/2022\/08\/DSCN0125-624x832.jpg 624w, https:\/\/etival.fr\/wp-content\/uploads\/2022\/08\/DSCN0125-scaled.jpg 1920w\" sizes=\"auto, (max-width: 768px) 100vw, 768px\" \/><\/a><\/figure>\n\n\n\n<figure class=\"wp-block-image size-large\"><a href=\"http:\/\/etival.fr\/wp-content\/uploads\/2022\/08\/DSCN0127-scaled.jpg\"><img loading=\"lazy\" decoding=\"async\" width=\"768\" height=\"1024\" data-id=\"10316\" src=\"http:\/\/etival.fr\/wp-content\/uploads\/2022\/08\/DSCN0127-768x1024.jpg\" alt=\"\" class=\"wp-image-10316\" srcset=\"https:\/\/etival.fr\/wp-content\/uploads\/2022\/08\/DSCN0127-768x1024.jpg 768w, https:\/\/etival.fr\/wp-content\/uploads\/2022\/08\/DSCN0127-225x300.jpg 225w, https:\/\/etival.fr\/wp-content\/uploads\/2022\/08\/DSCN0127-1152x1536.jpg 1152w, https:\/\/etival.fr\/wp-content\/uploads\/2022\/08\/DSCN0127-1536x2048.jpg 1536w, https:\/\/etival.fr\/wp-content\/uploads\/2022\/08\/DSCN0127-624x832.jpg 624w, https:\/\/etival.fr\/wp-content\/uploads\/2022\/08\/DSCN0127-scaled.jpg 1920w\" sizes=\"auto, (max-width: 768px) 100vw, 768px\" \/><\/a><\/figure>\n<\/figure>\n\n\n\n<p>Ce mardi apr\u00e8s-midi, les sapeurs pompiers de l&rsquo;arrondissement ont uni leurs forces et leurs moyens dans le cadre d&rsquo;un exercice de sauvetage en milieu p\u00e9rilleux.<\/p>\n","protected":false},"excerpt":{"rendered":"<p>Ce mardi apr\u00e8s-midi, les sapeurs pompiers de l&rsquo;arrondissement ont uni leurs forces et leurs moyens dans le cadre d&rsquo;un exercice de sauvetage en milieu p\u00e9rilleux.<\/p>\n","protected":false},"author":2,"featured_media":0,"comment_status":"closed","ping_status":"open","sticky":false,"template":"","format":"standard","meta":{"footnotes":""},"categories":[6],"tags":[],"class_list":["post-10314","post","type-post","status-publish","format-standard","hentry","category-informations-municipales"],"yoast_head":"<!-- This site is optimized with the Yoast SEO plugin v26.8 - https:\/\/yoast.com\/product\/yoast-seo-wordpress\/ -->\n<title>Exercice pour les sapeurs-pompiers, \u00e0 l&#039;Abbaye - Etival-Clairefontaine<\/title>\n<meta name=\"robots\" content=\"index, follow, max-snippet:-1, max-image-preview:large, max-video-preview:-1\" \/>\n<link rel=\"canonical\" href=\"https:\/\/etival.fr\/?p=10314\" \/>\n<meta property=\"og:locale\" content=\"fr_FR\" \/>\n<meta property=\"og:type\" content=\"article\" \/>\n<meta property=\"og:title\" content=\"Exercice pour les sapeurs-pompiers, \u00e0 l&#039;Abbaye - Etival-Clairefontaine\" \/>\n<meta property=\"og:description\" content=\"Ce mardi apr\u00e8s-midi, les sapeurs pompiers de l&rsquo;arrondissement ont uni leurs forces et leurs moyens dans le cadre d&rsquo;un exercice de sauvetage en milieu p\u00e9rilleux.\" \/>\n<meta property=\"og:url\" content=\"https:\/\/etival.fr\/?p=10314\" \/>\n<meta property=\"og:site_name\" content=\"Etival-Clairefontaine\" \/>\n<meta property=\"article:published_time\" content=\"2022-08-30T12:52:26+00:00\" \/>\n<meta property=\"article:modified_time\" content=\"2022-08-30T12:53:13+00:00\" \/>\n<meta property=\"og:image\" content=\"http:\/\/etival.fr\/wp-content\/uploads\/2022\/08\/DSCN0124-768x1024.jpg\" \/>\n<meta name=\"author\" content=\"Catherine\" \/>\n<meta name=\"twitter:card\" content=\"summary_large_image\" \/>\n<meta name=\"twitter:label1\" content=\"\u00c9crit par\" \/>\n\t<meta name=\"twitter:data1\" content=\"Catherine\" \/>\n\t<meta name=\"twitter:label2\" content=\"Dur\u00e9e de lecture estim\u00e9e\" \/>\n\t<meta name=\"twitter:data2\" content=\"1 minute\" \/>\n<script type=\"application\/ld+json\" class=\"yoast-schema-graph\">{\"@context\":\"https:\/\/schema.org\",\"@graph\":[{\"@type\":\"Article\",\"@id\":\"https:\/\/etival.fr\/?p=10314#article\",\"isPartOf\":{\"@id\":\"https:\/\/etival.fr\/?p=10314\"},\"author\":{\"name\":\"Catherine\",\"@id\":\"https:\/\/etival.fr\/#\/schema\/person\/966767531f422984430588510b8d4c3f\"},\"headline\":\"Exercice pour les sapeurs-pompiers, \u00e0 l&rsquo;Abbaye\",\"datePublished\":\"2022-08-30T12:52:26+00:00\",\"dateModified\":\"2022-08-30T12:53:13+00:00\",\"mainEntityOfPage\":{\"@id\":\"https:\/\/etival.fr\/?p=10314\"},\"wordCount\":35,\"image\":{\"@id\":\"https:\/\/etival.fr\/?p=10314#primaryimage\"},\"thumbnailUrl\":\"http:\/\/etival.fr\/wp-content\/uploads\/2022\/08\/DSCN0124-768x1024.jpg\",\"articleSection\":[\"Informations Municipales\"],\"inLanguage\":\"fr-FR\"},{\"@type\":\"WebPage\",\"@id\":\"https:\/\/etival.fr\/?p=10314\",\"url\":\"https:\/\/etival.fr\/?p=10314\",\"name\":\"Exercice pour les sapeurs-pompiers, \u00e0 l'Abbaye - Etival-Clairefontaine\",\"isPartOf\":{\"@id\":\"https:\/\/etival.fr\/#website\"},\"primaryImageOfPage\":{\"@id\":\"https:\/\/etival.fr\/?p=10314#primaryimage\"},\"image\":{\"@id\":\"https:\/\/etival.fr\/?p=10314#primaryimage\"},\"thumbnailUrl\":\"http:\/\/etival.fr\/wp-content\/uploads\/2022\/08\/DSCN0124-768x1024.jpg\",\"datePublished\":\"2022-08-30T12:52:26+00:00\",\"dateModified\":\"2022-08-30T12:53:13+00:00\",\"author\":{\"@id\":\"https:\/\/etival.fr\/#\/schema\/person\/966767531f422984430588510b8d4c3f\"},\"breadcrumb\":{\"@id\":\"https:\/\/etival.fr\/?p=10314#breadcrumb\"},\"inLanguage\":\"fr-FR\",\"potentialAction\":[{\"@type\":\"ReadAction\",\"target\":[\"https:\/\/etival.fr\/?p=10314\"]}]},{\"@type\":\"ImageObject\",\"inLanguage\":\"fr-FR\",\"@id\":\"https:\/\/etival.fr\/?p=10314#primaryimage\",\"url\":\"https:\/\/etival.fr\/wp-content\/uploads\/2022\/08\/DSCN0124-scaled.jpg\",\"contentUrl\":\"https:\/\/etival.fr\/wp-content\/uploads\/2022\/08\/DSCN0124-scaled.jpg\",\"width\":1920,\"height\":2560},{\"@type\":\"BreadcrumbList\",\"@id\":\"https:\/\/etival.fr\/?p=10314#breadcrumb\",\"itemListElement\":[{\"@type\":\"ListItem\",\"position\":1,\"name\":\"Accueil\",\"item\":\"https:\/\/etival.fr\/\"},{\"@type\":\"ListItem\",\"position\":2,\"name\":\"Exercice pour les sapeurs-pompiers, \u00e0 l&rsquo;Abbaye\"}]},{\"@type\":\"WebSite\",\"@id\":\"https:\/\/etival.fr\/#website\",\"url\":\"https:\/\/etival.fr\/\",\"name\":\"Etival-Clairefontaine\",\"description\":\"Informations et actualit\u00e9s de la commune\",\"potentialAction\":[{\"@type\":\"SearchAction\",\"target\":{\"@type\":\"EntryPoint\",\"urlTemplate\":\"https:\/\/etival.fr\/?s={search_term_string}\"},\"query-input\":{\"@type\":\"PropertyValueSpecification\",\"valueRequired\":true,\"valueName\":\"search_term_string\"}}],\"inLanguage\":\"fr-FR\"},{\"@type\":\"Person\",\"@id\":\"https:\/\/etival.fr\/#\/schema\/person\/966767531f422984430588510b8d4c3f\",\"name\":\"Catherine\",\"image\":{\"@type\":\"ImageObject\",\"inLanguage\":\"fr-FR\",\"@id\":\"https:\/\/etival.fr\/#\/schema\/person\/image\/\",\"url\":\"https:\/\/secure.gravatar.com\/avatar\/b99eff3bf59bd614e6c532df451dc649?s=96&d=mm&r=g\",\"contentUrl\":\"https:\/\/secure.gravatar.com\/avatar\/b99eff3bf59bd614e6c532df451dc649?s=96&d=mm&r=g\",\"caption\":\"Catherine\"},\"url\":\"https:\/\/etival.fr\/?author=2\"}]}<\/script>\n<!-- \/ Yoast SEO plugin. -->","yoast_head_json":{"title":"Exercice pour les sapeurs-pompiers, \u00e0 l'Abbaye - Etival-Clairefontaine","robots":{"index":"index","follow":"follow","max-snippet":"max-snippet:-1","max-image-preview":"max-image-preview:large","max-video-preview":"max-video-preview:-1"},"canonical":"https:\/\/etival.fr\/?p=10314","og_locale":"fr_FR","og_type":"article","og_title":"Exercice pour les sapeurs-pompiers, \u00e0 l'Abbaye - Etival-Clairefontaine","og_description":"Ce mardi apr\u00e8s-midi, les sapeurs pompiers de l&rsquo;arrondissement ont uni leurs forces et leurs moyens dans le cadre d&rsquo;un exercice de sauvetage en milieu p\u00e9rilleux.","og_url":"https:\/\/etival.fr\/?p=10314","og_site_name":"Etival-Clairefontaine","article_published_time":"2022-08-30T12:52:26+00:00","article_modified_time":"2022-08-30T12:53:13+00:00","og_image":[{"url":"http:\/\/etival.fr\/wp-content\/uploads\/2022\/08\/DSCN0124-768x1024.jpg","type":"","width":"","height":""}],"author":"Catherine","twitter_card":"summary_large_image","twitter_misc":{"\u00c9crit par":"Catherine","Dur\u00e9e de lecture estim\u00e9e":"1 minute"},"schema":{"@context":"https:\/\/schema.org","@graph":[{"@type":"Article","@id":"https:\/\/etival.fr\/?p=10314#article","isPartOf":{"@id":"https:\/\/etival.fr\/?p=10314"},"author":{"name":"Catherine","@id":"https:\/\/etival.fr\/#\/schema\/person\/966767531f422984430588510b8d4c3f"},"headline":"Exercice pour les sapeurs-pompiers, \u00e0 l&rsquo;Abbaye","datePublished":"2022-08-30T12:52:26+00:00","dateModified":"2022-08-30T12:53:13+00:00","mainEntityOfPage":{"@id":"https:\/\/etival.fr\/?p=10314"},"wordCount":35,"image":{"@id":"https:\/\/etival.fr\/?p=10314#primaryimage"},"thumbnailUrl":"http:\/\/etival.fr\/wp-content\/uploads\/2022\/08\/DSCN0124-768x1024.jpg","articleSection":["Informations Municipales"],"inLanguage":"fr-FR"},{"@type":"WebPage","@id":"https:\/\/etival.fr\/?p=10314","url":"https:\/\/etival.fr\/?p=10314","name":"Exercice pour les sapeurs-pompiers, \u00e0 l'Abbaye - Etival-Clairefontaine","isPartOf":{"@id":"https:\/\/etival.fr\/#website"},"primaryImageOfPage":{"@id":"https:\/\/etival.fr\/?p=10314#primaryimage"},"image":{"@id":"https:\/\/etival.fr\/?p=10314#primaryimage"},"thumbnailUrl":"http:\/\/etival.fr\/wp-content\/uploads\/2022\/08\/DSCN0124-768x1024.jpg","datePublished":"2022-08-30T12:52:26+00:00","dateModified":"2022-08-30T12:53:13+00:00","author":{"@id":"https:\/\/etival.fr\/#\/schema\/person\/966767531f422984430588510b8d4c3f"},"breadcrumb":{"@id":"https:\/\/etival.fr\/?p=10314#breadcrumb"},"inLanguage":"fr-FR","potentialAction":[{"@type":"ReadAction","target":["https:\/\/etival.fr\/?p=10314"]}]},{"@type":"ImageObject","inLanguage":"fr-FR","@id":"https:\/\/etival.fr\/?p=10314#primaryimage","url":"https:\/\/etival.fr\/wp-content\/uploads\/2022\/08\/DSCN0124-scaled.jpg","contentUrl":"https:\/\/etival.fr\/wp-content\/uploads\/2022\/08\/DSCN0124-scaled.jpg","width":1920,"height":2560},{"@type":"BreadcrumbList","@id":"https:\/\/etival.fr\/?p=10314#breadcrumb","itemListElement":[{"@type":"ListItem","position":1,"name":"Accueil","item":"https:\/\/etival.fr\/"},{"@type":"ListItem","position":2,"name":"Exercice pour les sapeurs-pompiers, \u00e0 l&rsquo;Abbaye"}]},{"@type":"WebSite","@id":"https:\/\/etival.fr\/#website","url":"https:\/\/etival.fr\/","name":"Etival-Clairefontaine","description":"Informations et actualit\u00e9s de la commune","potentialAction":[{"@type":"SearchAction","target":{"@type":"EntryPoint","urlTemplate":"https:\/\/etival.fr\/?s={search_term_string}"},"query-input":{"@type":"PropertyValueSpecification","valueRequired":true,"valueName":"search_term_string"}}],"inLanguage":"fr-FR"},{"@type":"Person","@id":"https:\/\/etival.fr\/#\/schema\/person\/966767531f422984430588510b8d4c3f","name":"Catherine","image":{"@type":"ImageObject","inLanguage":"fr-FR","@id":"https:\/\/etival.fr\/#\/schema\/person\/image\/","url":"https:\/\/secure.gravatar.com\/avatar\/b99eff3bf59bd614e6c532df451dc649?s=96&d=mm&r=g","contentUrl":"https:\/\/secure.gravatar.com\/avatar\/b99eff3bf59bd614e6c532df451dc649?s=96&d=mm&r=g","caption":"Catherine"},"url":"https:\/\/etival.fr\/?author=2"}]}},"_links":{"self":[{"href":"https:\/\/etival.fr\/index.php?rest_route=\/wp\/v2\/posts\/10314","targetHints":{"allow":["GET"]}}],"collection":[{"href":"https:\/\/etival.fr\/index.php?rest_route=\/wp\/v2\/posts"}],"about":[{"href":"https:\/\/etival.fr\/index.php?rest_route=\/wp\/v2\/types\/post"}],"author":[{"embeddable":true,"href":"https:\/\/etival.fr\/index.php?rest_route=\/wp\/v2\/users\/2"}],"replies":[{"embeddable":true,"href":"https:\/\/etival.fr\/index.php?rest_route=%2Fwp%2Fv2%2Fcomments&post=10314"}],"version-history":[{"count":1,"href":"https:\/\/etival.fr\/index.php?rest_route=\/wp\/v2\/posts\/10314\/revisions"}],"predecessor-version":[{"id":10318,"href":"https:\/\/etival.fr\/index.php?rest_route=\/wp\/v2\/posts\/10314\/revisions\/10318"}],"wp:attachment":[{"href":"https:\/\/etival.fr\/index.php?rest_route=%2Fwp%2Fv2%2Fmedia&parent=10314"}],"wp:term":[{"taxonomy":"category","embeddable":true,"href":"https:\/\/etival.fr\/index.php?rest_route=%2Fwp%2Fv2%2Fcategories&post=10314"},{"taxonomy":"post_tag","embeddable":true,"href":"https:\/\/etival.fr\/index.php?rest_route=%2Fwp%2Fv2%2Ftags&post=10314"}],"curies":[{"name":"wp","href":"https:\/\/api.w.org\/{rel}","templated":true}]}}