{"id":10330,"date":"2022-09-03T07:37:02","date_gmt":"2022-09-03T06:37:02","guid":{"rendered":"http:\/\/etival.fr\/?p=10330"},"modified":"2022-09-03T07:37:18","modified_gmt":"2022-09-03T06:37:18","slug":"inscription-a-lecole-de-tennis","status":"publish","type":"post","link":"https:\/\/etival.fr\/?p=10330","title":{"rendered":"Inscription \u00e0 l&rsquo;\u00e9cole de tennis"},"content":{"rendered":"\n<div class=\"wp-block-media-text alignwide is-stacked-on-mobile\" style=\"grid-template-columns:20% auto\"><figure class=\"wp-block-media-text__media\"><img loading=\"lazy\" decoding=\"async\" width=\"540\" height=\"720\" src=\"http:\/\/etival.fr\/wp-content\/uploads\/2022\/09\/logo-TCE.jpg\" alt=\"\" class=\"wp-image-10331 size-full\" srcset=\"https:\/\/etival.fr\/wp-content\/uploads\/2022\/09\/logo-TCE.jpg 540w, https:\/\/etival.fr\/wp-content\/uploads\/2022\/09\/logo-TCE-225x300.jpg 225w\" sizes=\"auto, (max-width: 540px) 100vw, 540px\" \/><\/figure><div class=\"wp-block-media-text__content\">\n<p>Nous avons encore des places \u00e0 pourvoir pour notre \u00e9cole de tennis dans les groupes enfants et ados.&nbsp;<\/p>\n\n\n\n<p>Groupes enfants et ados. Entra\u00eenements les jeudis soirs.&nbsp;<\/p>\n\n\n\n<p>Contact par mail ou t\u00e9l\u00e9phone <br>aupr\u00e8s de Florian :&nbsp;<a href=\"mailto:florian.chenal@orange.fr\" target=\"_blank\" rel=\"noreferrer noopener\">florian.chenal@orange.fr<\/a>&nbsp;<br>ou 06 72 77 07 42 ou aupr\u00e8s de Charline 06 73 18 75 68<\/p>\n<\/div><\/div>\n\n\n\n<p><\/p>\n","protected":false},"excerpt":{"rendered":"<p>Nous avons encore des places \u00e0 pourvoir pour notre \u00e9cole de tennis dans les groupes enfants et ados.&nbsp; Groupes enfants et ados. Entra\u00eenements les jeudis soirs.&nbsp; Contact par mail ou t\u00e9l\u00e9phone aupr\u00e8s de Florian :&nbsp;florian.chenal@orange.fr&nbsp;ou 06 72 77 07 42 ou aupr\u00e8s de Charline 06 73 18 75 68<\/p>\n","protected":false},"author":2,"featured_media":0,"comment_status":"closed","ping_status":"open","sticky":false,"template":"","format":"standard","meta":{"footnotes":""},"categories":[5],"tags":[],"class_list":["post-10330","post","type-post","status-publish","format-standard","hentry","category-informations-associations"],"yoast_head":"<!-- This site is optimized with the Yoast SEO plugin v26.8 - https:\/\/yoast.com\/product\/yoast-seo-wordpress\/ -->\n<title>Inscription \u00e0 l&#039;\u00e9cole de tennis - Etival-Clairefontaine<\/title>\n<meta name=\"robots\" content=\"index, follow, max-snippet:-1, max-image-preview:large, max-video-preview:-1\" \/>\n<link rel=\"canonical\" href=\"https:\/\/etival.fr\/?p=10330\" \/>\n<meta property=\"og:locale\" content=\"fr_FR\" \/>\n<meta property=\"og:type\" content=\"article\" \/>\n<meta property=\"og:title\" content=\"Inscription \u00e0 l&#039;\u00e9cole de tennis - Etival-Clairefontaine\" \/>\n<meta property=\"og:description\" content=\"Nous avons encore des places \u00e0 pourvoir pour notre \u00e9cole de tennis dans les groupes enfants et ados.&nbsp; Groupes enfants et ados. Entra\u00eenements les jeudis soirs.&nbsp; Contact par mail ou t\u00e9l\u00e9phone aupr\u00e8s de Florian :&nbsp;florian.chenal@orange.fr&nbsp;ou 06 72 77 07 42 ou aupr\u00e8s de Charline 06 73 18 75 68\" \/>\n<meta property=\"og:url\" content=\"https:\/\/etival.fr\/?p=10330\" \/>\n<meta property=\"og:site_name\" content=\"Etival-Clairefontaine\" \/>\n<meta property=\"article:published_time\" content=\"2022-09-03T06:37:02+00:00\" \/>\n<meta property=\"article:modified_time\" content=\"2022-09-03T06:37:18+00:00\" \/>\n<meta property=\"og:image\" content=\"http:\/\/etival.fr\/wp-content\/uploads\/2022\/09\/logo-TCE.jpg\" \/>\n<meta name=\"author\" content=\"Catherine\" \/>\n<meta name=\"twitter:card\" content=\"summary_large_image\" \/>\n<meta name=\"twitter:label1\" content=\"\u00c9crit par\" \/>\n\t<meta name=\"twitter:data1\" content=\"Catherine\" \/>\n\t<meta name=\"twitter:label2\" content=\"Dur\u00e9e de lecture estim\u00e9e\" \/>\n\t<meta name=\"twitter:data2\" content=\"1 minute\" \/>\n<script type=\"application\/ld+json\" class=\"yoast-schema-graph\">{\"@context\":\"https:\/\/schema.org\",\"@graph\":[{\"@type\":\"Article\",\"@id\":\"https:\/\/etival.fr\/?p=10330#article\",\"isPartOf\":{\"@id\":\"https:\/\/etival.fr\/?p=10330\"},\"author\":{\"name\":\"Catherine\",\"@id\":\"https:\/\/etival.fr\/#\/schema\/person\/966767531f422984430588510b8d4c3f\"},\"headline\":\"Inscription \u00e0 l&rsquo;\u00e9cole de tennis\",\"datePublished\":\"2022-09-03T06:37:02+00:00\",\"dateModified\":\"2022-09-03T06:37:18+00:00\",\"mainEntityOfPage\":{\"@id\":\"https:\/\/etival.fr\/?p=10330\"},\"wordCount\":56,\"image\":{\"@id\":\"https:\/\/etival.fr\/?p=10330#primaryimage\"},\"thumbnailUrl\":\"http:\/\/etival.fr\/wp-content\/uploads\/2022\/09\/logo-TCE.jpg\",\"articleSection\":[\"Informations Associations\"],\"inLanguage\":\"fr-FR\"},{\"@type\":\"WebPage\",\"@id\":\"https:\/\/etival.fr\/?p=10330\",\"url\":\"https:\/\/etival.fr\/?p=10330\",\"name\":\"Inscription \u00e0 l'\u00e9cole de tennis - Etival-Clairefontaine\",\"isPartOf\":{\"@id\":\"https:\/\/etival.fr\/#website\"},\"primaryImageOfPage\":{\"@id\":\"https:\/\/etival.fr\/?p=10330#primaryimage\"},\"image\":{\"@id\":\"https:\/\/etival.fr\/?p=10330#primaryimage\"},\"thumbnailUrl\":\"http:\/\/etival.fr\/wp-content\/uploads\/2022\/09\/logo-TCE.jpg\",\"datePublished\":\"2022-09-03T06:37:02+00:00\",\"dateModified\":\"2022-09-03T06:37:18+00:00\",\"author\":{\"@id\":\"https:\/\/etival.fr\/#\/schema\/person\/966767531f422984430588510b8d4c3f\"},\"breadcrumb\":{\"@id\":\"https:\/\/etival.fr\/?p=10330#breadcrumb\"},\"inLanguage\":\"fr-FR\",\"potentialAction\":[{\"@type\":\"ReadAction\",\"target\":[\"https:\/\/etival.fr\/?p=10330\"]}]},{\"@type\":\"ImageObject\",\"inLanguage\":\"fr-FR\",\"@id\":\"https:\/\/etival.fr\/?p=10330#primaryimage\",\"url\":\"https:\/\/etival.fr\/wp-content\/uploads\/2022\/09\/logo-TCE.jpg\",\"contentUrl\":\"https:\/\/etival.fr\/wp-content\/uploads\/2022\/09\/logo-TCE.jpg\",\"width\":540,\"height\":720},{\"@type\":\"BreadcrumbList\",\"@id\":\"https:\/\/etival.fr\/?p=10330#breadcrumb\",\"itemListElement\":[{\"@type\":\"ListItem\",\"position\":1,\"name\":\"Accueil\",\"item\":\"https:\/\/etival.fr\/\"},{\"@type\":\"ListItem\",\"position\":2,\"name\":\"Inscription \u00e0 l&rsquo;\u00e9cole de tennis\"}]},{\"@type\":\"WebSite\",\"@id\":\"https:\/\/etival.fr\/#website\",\"url\":\"https:\/\/etival.fr\/\",\"name\":\"Etival-Clairefontaine\",\"description\":\"Informations et actualit\u00e9s de la commune\",\"potentialAction\":[{\"@type\":\"SearchAction\",\"target\":{\"@type\":\"EntryPoint\",\"urlTemplate\":\"https:\/\/etival.fr\/?s={search_term_string}\"},\"query-input\":{\"@type\":\"PropertyValueSpecification\",\"valueRequired\":true,\"valueName\":\"search_term_string\"}}],\"inLanguage\":\"fr-FR\"},{\"@type\":\"Person\",\"@id\":\"https:\/\/etival.fr\/#\/schema\/person\/966767531f422984430588510b8d4c3f\",\"name\":\"Catherine\",\"image\":{\"@type\":\"ImageObject\",\"inLanguage\":\"fr-FR\",\"@id\":\"https:\/\/etival.fr\/#\/schema\/person\/image\/\",\"url\":\"https:\/\/secure.gravatar.com\/avatar\/b99eff3bf59bd614e6c532df451dc649?s=96&d=mm&r=g\",\"contentUrl\":\"https:\/\/secure.gravatar.com\/avatar\/b99eff3bf59bd614e6c532df451dc649?s=96&d=mm&r=g\",\"caption\":\"Catherine\"},\"url\":\"https:\/\/etival.fr\/?author=2\"}]}<\/script>\n<!-- \/ Yoast SEO plugin. -->","yoast_head_json":{"title":"Inscription \u00e0 l'\u00e9cole de tennis - Etival-Clairefontaine","robots":{"index":"index","follow":"follow","max-snippet":"max-snippet:-1","max-image-preview":"max-image-preview:large","max-video-preview":"max-video-preview:-1"},"canonical":"https:\/\/etival.fr\/?p=10330","og_locale":"fr_FR","og_type":"article","og_title":"Inscription \u00e0 l'\u00e9cole de tennis - Etival-Clairefontaine","og_description":"Nous avons encore des places \u00e0 pourvoir pour notre \u00e9cole de tennis dans les groupes enfants et ados.&nbsp; Groupes enfants et ados. Entra\u00eenements les jeudis soirs.&nbsp; Contact par mail ou t\u00e9l\u00e9phone aupr\u00e8s de Florian :&nbsp;florian.chenal@orange.fr&nbsp;ou 06 72 77 07 42 ou aupr\u00e8s de Charline 06 73 18 75 68","og_url":"https:\/\/etival.fr\/?p=10330","og_site_name":"Etival-Clairefontaine","article_published_time":"2022-09-03T06:37:02+00:00","article_modified_time":"2022-09-03T06:37:18+00:00","og_image":[{"url":"http:\/\/etival.fr\/wp-content\/uploads\/2022\/09\/logo-TCE.jpg","type":"","width":"","height":""}],"author":"Catherine","twitter_card":"summary_large_image","twitter_misc":{"\u00c9crit par":"Catherine","Dur\u00e9e de lecture estim\u00e9e":"1 minute"},"schema":{"@context":"https:\/\/schema.org","@graph":[{"@type":"Article","@id":"https:\/\/etival.fr\/?p=10330#article","isPartOf":{"@id":"https:\/\/etival.fr\/?p=10330"},"author":{"name":"Catherine","@id":"https:\/\/etival.fr\/#\/schema\/person\/966767531f422984430588510b8d4c3f"},"headline":"Inscription \u00e0 l&rsquo;\u00e9cole de tennis","datePublished":"2022-09-03T06:37:02+00:00","dateModified":"2022-09-03T06:37:18+00:00","mainEntityOfPage":{"@id":"https:\/\/etival.fr\/?p=10330"},"wordCount":56,"image":{"@id":"https:\/\/etival.fr\/?p=10330#primaryimage"},"thumbnailUrl":"http:\/\/etival.fr\/wp-content\/uploads\/2022\/09\/logo-TCE.jpg","articleSection":["Informations Associations"],"inLanguage":"fr-FR"},{"@type":"WebPage","@id":"https:\/\/etival.fr\/?p=10330","url":"https:\/\/etival.fr\/?p=10330","name":"Inscription \u00e0 l'\u00e9cole de tennis - Etival-Clairefontaine","isPartOf":{"@id":"https:\/\/etival.fr\/#website"},"primaryImageOfPage":{"@id":"https:\/\/etival.fr\/?p=10330#primaryimage"},"image":{"@id":"https:\/\/etival.fr\/?p=10330#primaryimage"},"thumbnailUrl":"http:\/\/etival.fr\/wp-content\/uploads\/2022\/09\/logo-TCE.jpg","datePublished":"2022-09-03T06:37:02+00:00","dateModified":"2022-09-03T06:37:18+00:00","author":{"@id":"https:\/\/etival.fr\/#\/schema\/person\/966767531f422984430588510b8d4c3f"},"breadcrumb":{"@id":"https:\/\/etival.fr\/?p=10330#breadcrumb"},"inLanguage":"fr-FR","potentialAction":[{"@type":"ReadAction","target":["https:\/\/etival.fr\/?p=10330"]}]},{"@type":"ImageObject","inLanguage":"fr-FR","@id":"https:\/\/etival.fr\/?p=10330#primaryimage","url":"https:\/\/etival.fr\/wp-content\/uploads\/2022\/09\/logo-TCE.jpg","contentUrl":"https:\/\/etival.fr\/wp-content\/uploads\/2022\/09\/logo-TCE.jpg","width":540,"height":720},{"@type":"BreadcrumbList","@id":"https:\/\/etival.fr\/?p=10330#breadcrumb","itemListElement":[{"@type":"ListItem","position":1,"name":"Accueil","item":"https:\/\/etival.fr\/"},{"@type":"ListItem","position":2,"name":"Inscription \u00e0 l&rsquo;\u00e9cole de tennis"}]},{"@type":"WebSite","@id":"https:\/\/etival.fr\/#website","url":"https:\/\/etival.fr\/","name":"Etival-Clairefontaine","description":"Informations et actualit\u00e9s de la commune","potentialAction":[{"@type":"SearchAction","target":{"@type":"EntryPoint","urlTemplate":"https:\/\/etival.fr\/?s={search_term_string}"},"query-input":{"@type":"PropertyValueSpecification","valueRequired":true,"valueName":"search_term_string"}}],"inLanguage":"fr-FR"},{"@type":"Person","@id":"https:\/\/etival.fr\/#\/schema\/person\/966767531f422984430588510b8d4c3f","name":"Catherine","image":{"@type":"ImageObject","inLanguage":"fr-FR","@id":"https:\/\/etival.fr\/#\/schema\/person\/image\/","url":"https:\/\/secure.gravatar.com\/avatar\/b99eff3bf59bd614e6c532df451dc649?s=96&d=mm&r=g","contentUrl":"https:\/\/secure.gravatar.com\/avatar\/b99eff3bf59bd614e6c532df451dc649?s=96&d=mm&r=g","caption":"Catherine"},"url":"https:\/\/etival.fr\/?author=2"}]}},"_links":{"self":[{"href":"https:\/\/etival.fr\/index.php?rest_route=\/wp\/v2\/posts\/10330","targetHints":{"allow":["GET"]}}],"collection":[{"href":"https:\/\/etival.fr\/index.php?rest_route=\/wp\/v2\/posts"}],"about":[{"href":"https:\/\/etival.fr\/index.php?rest_route=\/wp\/v2\/types\/post"}],"author":[{"embeddable":true,"href":"https:\/\/etival.fr\/index.php?rest_route=\/wp\/v2\/users\/2"}],"replies":[{"embeddable":true,"href":"https:\/\/etival.fr\/index.php?rest_route=%2Fwp%2Fv2%2Fcomments&post=10330"}],"version-history":[{"count":2,"href":"https:\/\/etival.fr\/index.php?rest_route=\/wp\/v2\/posts\/10330\/revisions"}],"predecessor-version":[{"id":10333,"href":"https:\/\/etival.fr\/index.php?rest_route=\/wp\/v2\/posts\/10330\/revisions\/10333"}],"wp:attachment":[{"href":"https:\/\/etival.fr\/index.php?rest_route=%2Fwp%2Fv2%2Fmedia&parent=10330"}],"wp:term":[{"taxonomy":"category","embeddable":true,"href":"https:\/\/etival.fr\/index.php?rest_route=%2Fwp%2Fv2%2Fcategories&post=10330"},{"taxonomy":"post_tag","embeddable":true,"href":"https:\/\/etival.fr\/index.php?rest_route=%2Fwp%2Fv2%2Ftags&post=10330"}],"curies":[{"name":"wp","href":"https:\/\/api.w.org\/{rel}","templated":true}]}}