{"id":10355,"date":"2022-09-15T07:12:31","date_gmt":"2022-09-15T06:12:31","guid":{"rendered":"http:\/\/etival.fr\/?p=10355"},"modified":"2022-09-15T07:14:06","modified_gmt":"2022-09-15T06:14:06","slug":"bien-vieillir-a-domicile","status":"publish","type":"post","link":"https:\/\/etival.fr\/?p=10355","title":{"rendered":"\u00ab\u00a0Bien vieillir \u00e0 domicile\u00a0\u00bb"},"content":{"rendered":"\n<p>Organis\u00e9 par le Conseil D\u00e9partemental des Vosges, un bus am\u00e9nag\u00e9 sera install\u00e9 devant la salle des F\u00eates Edmond Cunin<strong> le mardi 20 septembre de 9h30 \u00e0 11h30<\/strong>.<\/p>\n\n\n\n<p>Ouvert gratuitement \u00e0 tout public, il sera propos\u00e9 des informations, des ateliers, des d\u00e9monstrations, des animations&#8230; Comme objectifs d&rsquo;aller au plus pr\u00e8s des personnes les plus \u00e9loign\u00e9es en apportant une information de proximit\u00e9 sur le bien-vieillir \u00e0 domicile.<\/p>\n\n\n\n<p class=\"has-small-font-size\"><em>(Le C.C.A.S met un v\u00e9hicule avec chauffeur \u00e0 disposition des personnes ayant des difficult\u00e9s \u00e0 se d\u00e9placer.<br>Inscription en Mairie ou au 03.29.41.29.57, jusqu&rsquo;au lundi 19 septembre midi)<\/em><\/p>\n\n\n\n<figure class=\"wp-block-image size-large is-resized\"><a href=\"http:\/\/etival.fr\/wp-content\/uploads\/2022\/09\/VILLAGES-DU-BIEN-VIEILLIR-scaled.jpg\"><img loading=\"lazy\" decoding=\"async\" src=\"http:\/\/etival.fr\/wp-content\/uploads\/2022\/09\/VILLAGES-DU-BIEN-VIEILLIR-724x1024.jpg\" alt=\"\" class=\"wp-image-10357\" width=\"568\" height=\"803\" srcset=\"https:\/\/etival.fr\/wp-content\/uploads\/2022\/09\/VILLAGES-DU-BIEN-VIEILLIR-724x1024.jpg 724w, https:\/\/etival.fr\/wp-content\/uploads\/2022\/09\/VILLAGES-DU-BIEN-VIEILLIR-212x300.jpg 212w, https:\/\/etival.fr\/wp-content\/uploads\/2022\/09\/VILLAGES-DU-BIEN-VIEILLIR-768x1086.jpg 768w, https:\/\/etival.fr\/wp-content\/uploads\/2022\/09\/VILLAGES-DU-BIEN-VIEILLIR-1086x1536.jpg 1086w, https:\/\/etival.fr\/wp-content\/uploads\/2022\/09\/VILLAGES-DU-BIEN-VIEILLIR-1449x2048.jpg 1449w, https:\/\/etival.fr\/wp-content\/uploads\/2022\/09\/VILLAGES-DU-BIEN-VIEILLIR-624x882.jpg 624w, https:\/\/etival.fr\/wp-content\/uploads\/2022\/09\/VILLAGES-DU-BIEN-VIEILLIR-scaled.jpg 1811w\" sizes=\"auto, (max-width: 568px) 100vw, 568px\" \/><\/a><\/figure>\n","protected":false},"excerpt":{"rendered":"<p>Organis\u00e9 par le Conseil D\u00e9partemental des Vosges, un bus am\u00e9nag\u00e9 sera install\u00e9 devant la salle des F\u00eates Edmond Cunin le mardi 20 septembre de 9h30 \u00e0 11h30. Ouvert gratuitement \u00e0 tout public, il sera propos\u00e9 des informations, des ateliers, des d\u00e9monstrations, des animations&#8230; Comme objectifs d&rsquo;aller au plus pr\u00e8s des personnes les plus \u00e9loign\u00e9es en [&hellip;]<\/p>\n","protected":false},"author":2,"featured_media":0,"comment_status":"closed","ping_status":"open","sticky":false,"template":"","format":"standard","meta":{"footnotes":""},"categories":[6],"tags":[],"class_list":["post-10355","post","type-post","status-publish","format-standard","hentry","category-informations-municipales"],"yoast_head":"<!-- This site is optimized with the Yoast SEO plugin v26.8 - https:\/\/yoast.com\/product\/yoast-seo-wordpress\/ -->\n<title>&quot;Bien vieillir \u00e0 domicile&quot; - Etival-Clairefontaine<\/title>\n<meta name=\"robots\" content=\"index, follow, max-snippet:-1, max-image-preview:large, max-video-preview:-1\" \/>\n<link rel=\"canonical\" href=\"https:\/\/etival.fr\/?p=10355\" \/>\n<meta property=\"og:locale\" content=\"fr_FR\" \/>\n<meta property=\"og:type\" content=\"article\" \/>\n<meta property=\"og:title\" content=\"&quot;Bien vieillir \u00e0 domicile&quot; - Etival-Clairefontaine\" \/>\n<meta property=\"og:description\" content=\"Organis\u00e9 par le Conseil D\u00e9partemental des Vosges, un bus am\u00e9nag\u00e9 sera install\u00e9 devant la salle des F\u00eates Edmond Cunin le mardi 20 septembre de 9h30 \u00e0 11h30. Ouvert gratuitement \u00e0 tout public, il sera propos\u00e9 des informations, des ateliers, des d\u00e9monstrations, des animations&#8230; Comme objectifs d&rsquo;aller au plus pr\u00e8s des personnes les plus \u00e9loign\u00e9es en [&hellip;]\" \/>\n<meta property=\"og:url\" content=\"https:\/\/etival.fr\/?p=10355\" \/>\n<meta property=\"og:site_name\" content=\"Etival-Clairefontaine\" \/>\n<meta property=\"article:published_time\" content=\"2022-09-15T06:12:31+00:00\" \/>\n<meta property=\"article:modified_time\" content=\"2022-09-15T06:14:06+00:00\" \/>\n<meta property=\"og:image\" content=\"http:\/\/etival.fr\/wp-content\/uploads\/2022\/09\/VILLAGES-DU-BIEN-VIEILLIR-724x1024.jpg\" \/>\n<meta name=\"author\" content=\"Catherine\" \/>\n<meta name=\"twitter:card\" content=\"summary_large_image\" \/>\n<meta name=\"twitter:label1\" content=\"\u00c9crit par\" \/>\n\t<meta name=\"twitter:data1\" content=\"Catherine\" \/>\n\t<meta name=\"twitter:label2\" content=\"Dur\u00e9e de lecture estim\u00e9e\" \/>\n\t<meta name=\"twitter:data2\" content=\"1 minute\" \/>\n<script type=\"application\/ld+json\" class=\"yoast-schema-graph\">{\"@context\":\"https:\/\/schema.org\",\"@graph\":[{\"@type\":\"Article\",\"@id\":\"https:\/\/etival.fr\/?p=10355#article\",\"isPartOf\":{\"@id\":\"https:\/\/etival.fr\/?p=10355\"},\"author\":{\"name\":\"Catherine\",\"@id\":\"https:\/\/etival.fr\/#\/schema\/person\/966767531f422984430588510b8d4c3f\"},\"headline\":\"\u00ab\u00a0Bien vieillir \u00e0 domicile\u00a0\u00bb\",\"datePublished\":\"2022-09-15T06:12:31+00:00\",\"dateModified\":\"2022-09-15T06:14:06+00:00\",\"mainEntityOfPage\":{\"@id\":\"https:\/\/etival.fr\/?p=10355\"},\"wordCount\":102,\"image\":{\"@id\":\"https:\/\/etival.fr\/?p=10355#primaryimage\"},\"thumbnailUrl\":\"http:\/\/etival.fr\/wp-content\/uploads\/2022\/09\/VILLAGES-DU-BIEN-VIEILLIR-724x1024.jpg\",\"articleSection\":[\"Informations Municipales\"],\"inLanguage\":\"fr-FR\"},{\"@type\":\"WebPage\",\"@id\":\"https:\/\/etival.fr\/?p=10355\",\"url\":\"https:\/\/etival.fr\/?p=10355\",\"name\":\"\\\"Bien vieillir \u00e0 domicile\\\" - Etival-Clairefontaine\",\"isPartOf\":{\"@id\":\"https:\/\/etival.fr\/#website\"},\"primaryImageOfPage\":{\"@id\":\"https:\/\/etival.fr\/?p=10355#primaryimage\"},\"image\":{\"@id\":\"https:\/\/etival.fr\/?p=10355#primaryimage\"},\"thumbnailUrl\":\"http:\/\/etival.fr\/wp-content\/uploads\/2022\/09\/VILLAGES-DU-BIEN-VIEILLIR-724x1024.jpg\",\"datePublished\":\"2022-09-15T06:12:31+00:00\",\"dateModified\":\"2022-09-15T06:14:06+00:00\",\"author\":{\"@id\":\"https:\/\/etival.fr\/#\/schema\/person\/966767531f422984430588510b8d4c3f\"},\"breadcrumb\":{\"@id\":\"https:\/\/etival.fr\/?p=10355#breadcrumb\"},\"inLanguage\":\"fr-FR\",\"potentialAction\":[{\"@type\":\"ReadAction\",\"target\":[\"https:\/\/etival.fr\/?p=10355\"]}]},{\"@type\":\"ImageObject\",\"inLanguage\":\"fr-FR\",\"@id\":\"https:\/\/etival.fr\/?p=10355#primaryimage\",\"url\":\"https:\/\/etival.fr\/wp-content\/uploads\/2022\/09\/VILLAGES-DU-BIEN-VIEILLIR-scaled.jpg\",\"contentUrl\":\"https:\/\/etival.fr\/wp-content\/uploads\/2022\/09\/VILLAGES-DU-BIEN-VIEILLIR-scaled.jpg\",\"width\":1811,\"height\":2560},{\"@type\":\"BreadcrumbList\",\"@id\":\"https:\/\/etival.fr\/?p=10355#breadcrumb\",\"itemListElement\":[{\"@type\":\"ListItem\",\"position\":1,\"name\":\"Accueil\",\"item\":\"https:\/\/etival.fr\/\"},{\"@type\":\"ListItem\",\"position\":2,\"name\":\"\u00ab\u00a0Bien vieillir \u00e0 domicile\u00a0\u00bb\"}]},{\"@type\":\"WebSite\",\"@id\":\"https:\/\/etival.fr\/#website\",\"url\":\"https:\/\/etival.fr\/\",\"name\":\"Etival-Clairefontaine\",\"description\":\"Informations et actualit\u00e9s de la commune\",\"potentialAction\":[{\"@type\":\"SearchAction\",\"target\":{\"@type\":\"EntryPoint\",\"urlTemplate\":\"https:\/\/etival.fr\/?s={search_term_string}\"},\"query-input\":{\"@type\":\"PropertyValueSpecification\",\"valueRequired\":true,\"valueName\":\"search_term_string\"}}],\"inLanguage\":\"fr-FR\"},{\"@type\":\"Person\",\"@id\":\"https:\/\/etival.fr\/#\/schema\/person\/966767531f422984430588510b8d4c3f\",\"name\":\"Catherine\",\"image\":{\"@type\":\"ImageObject\",\"inLanguage\":\"fr-FR\",\"@id\":\"https:\/\/etival.fr\/#\/schema\/person\/image\/\",\"url\":\"https:\/\/secure.gravatar.com\/avatar\/b99eff3bf59bd614e6c532df451dc649?s=96&d=mm&r=g\",\"contentUrl\":\"https:\/\/secure.gravatar.com\/avatar\/b99eff3bf59bd614e6c532df451dc649?s=96&d=mm&r=g\",\"caption\":\"Catherine\"},\"url\":\"https:\/\/etival.fr\/?author=2\"}]}<\/script>\n<!-- \/ Yoast SEO plugin. -->","yoast_head_json":{"title":"\"Bien vieillir \u00e0 domicile\" - Etival-Clairefontaine","robots":{"index":"index","follow":"follow","max-snippet":"max-snippet:-1","max-image-preview":"max-image-preview:large","max-video-preview":"max-video-preview:-1"},"canonical":"https:\/\/etival.fr\/?p=10355","og_locale":"fr_FR","og_type":"article","og_title":"\"Bien vieillir \u00e0 domicile\" - Etival-Clairefontaine","og_description":"Organis\u00e9 par le Conseil D\u00e9partemental des Vosges, un bus am\u00e9nag\u00e9 sera install\u00e9 devant la salle des F\u00eates Edmond Cunin le mardi 20 septembre de 9h30 \u00e0 11h30. Ouvert gratuitement \u00e0 tout public, il sera propos\u00e9 des informations, des ateliers, des d\u00e9monstrations, des animations&#8230; Comme objectifs d&rsquo;aller au plus pr\u00e8s des personnes les plus \u00e9loign\u00e9es en [&hellip;]","og_url":"https:\/\/etival.fr\/?p=10355","og_site_name":"Etival-Clairefontaine","article_published_time":"2022-09-15T06:12:31+00:00","article_modified_time":"2022-09-15T06:14:06+00:00","og_image":[{"url":"http:\/\/etival.fr\/wp-content\/uploads\/2022\/09\/VILLAGES-DU-BIEN-VIEILLIR-724x1024.jpg","type":"","width":"","height":""}],"author":"Catherine","twitter_card":"summary_large_image","twitter_misc":{"\u00c9crit par":"Catherine","Dur\u00e9e de lecture estim\u00e9e":"1 minute"},"schema":{"@context":"https:\/\/schema.org","@graph":[{"@type":"Article","@id":"https:\/\/etival.fr\/?p=10355#article","isPartOf":{"@id":"https:\/\/etival.fr\/?p=10355"},"author":{"name":"Catherine","@id":"https:\/\/etival.fr\/#\/schema\/person\/966767531f422984430588510b8d4c3f"},"headline":"\u00ab\u00a0Bien vieillir \u00e0 domicile\u00a0\u00bb","datePublished":"2022-09-15T06:12:31+00:00","dateModified":"2022-09-15T06:14:06+00:00","mainEntityOfPage":{"@id":"https:\/\/etival.fr\/?p=10355"},"wordCount":102,"image":{"@id":"https:\/\/etival.fr\/?p=10355#primaryimage"},"thumbnailUrl":"http:\/\/etival.fr\/wp-content\/uploads\/2022\/09\/VILLAGES-DU-BIEN-VIEILLIR-724x1024.jpg","articleSection":["Informations Municipales"],"inLanguage":"fr-FR"},{"@type":"WebPage","@id":"https:\/\/etival.fr\/?p=10355","url":"https:\/\/etival.fr\/?p=10355","name":"\"Bien vieillir \u00e0 domicile\" - Etival-Clairefontaine","isPartOf":{"@id":"https:\/\/etival.fr\/#website"},"primaryImageOfPage":{"@id":"https:\/\/etival.fr\/?p=10355#primaryimage"},"image":{"@id":"https:\/\/etival.fr\/?p=10355#primaryimage"},"thumbnailUrl":"http:\/\/etival.fr\/wp-content\/uploads\/2022\/09\/VILLAGES-DU-BIEN-VIEILLIR-724x1024.jpg","datePublished":"2022-09-15T06:12:31+00:00","dateModified":"2022-09-15T06:14:06+00:00","author":{"@id":"https:\/\/etival.fr\/#\/schema\/person\/966767531f422984430588510b8d4c3f"},"breadcrumb":{"@id":"https:\/\/etival.fr\/?p=10355#breadcrumb"},"inLanguage":"fr-FR","potentialAction":[{"@type":"ReadAction","target":["https:\/\/etival.fr\/?p=10355"]}]},{"@type":"ImageObject","inLanguage":"fr-FR","@id":"https:\/\/etival.fr\/?p=10355#primaryimage","url":"https:\/\/etival.fr\/wp-content\/uploads\/2022\/09\/VILLAGES-DU-BIEN-VIEILLIR-scaled.jpg","contentUrl":"https:\/\/etival.fr\/wp-content\/uploads\/2022\/09\/VILLAGES-DU-BIEN-VIEILLIR-scaled.jpg","width":1811,"height":2560},{"@type":"BreadcrumbList","@id":"https:\/\/etival.fr\/?p=10355#breadcrumb","itemListElement":[{"@type":"ListItem","position":1,"name":"Accueil","item":"https:\/\/etival.fr\/"},{"@type":"ListItem","position":2,"name":"\u00ab\u00a0Bien vieillir \u00e0 domicile\u00a0\u00bb"}]},{"@type":"WebSite","@id":"https:\/\/etival.fr\/#website","url":"https:\/\/etival.fr\/","name":"Etival-Clairefontaine","description":"Informations et actualit\u00e9s de la commune","potentialAction":[{"@type":"SearchAction","target":{"@type":"EntryPoint","urlTemplate":"https:\/\/etival.fr\/?s={search_term_string}"},"query-input":{"@type":"PropertyValueSpecification","valueRequired":true,"valueName":"search_term_string"}}],"inLanguage":"fr-FR"},{"@type":"Person","@id":"https:\/\/etival.fr\/#\/schema\/person\/966767531f422984430588510b8d4c3f","name":"Catherine","image":{"@type":"ImageObject","inLanguage":"fr-FR","@id":"https:\/\/etival.fr\/#\/schema\/person\/image\/","url":"https:\/\/secure.gravatar.com\/avatar\/b99eff3bf59bd614e6c532df451dc649?s=96&d=mm&r=g","contentUrl":"https:\/\/secure.gravatar.com\/avatar\/b99eff3bf59bd614e6c532df451dc649?s=96&d=mm&r=g","caption":"Catherine"},"url":"https:\/\/etival.fr\/?author=2"}]}},"_links":{"self":[{"href":"https:\/\/etival.fr\/index.php?rest_route=\/wp\/v2\/posts\/10355","targetHints":{"allow":["GET"]}}],"collection":[{"href":"https:\/\/etival.fr\/index.php?rest_route=\/wp\/v2\/posts"}],"about":[{"href":"https:\/\/etival.fr\/index.php?rest_route=\/wp\/v2\/types\/post"}],"author":[{"embeddable":true,"href":"https:\/\/etival.fr\/index.php?rest_route=\/wp\/v2\/users\/2"}],"replies":[{"embeddable":true,"href":"https:\/\/etival.fr\/index.php?rest_route=%2Fwp%2Fv2%2Fcomments&post=10355"}],"version-history":[{"count":3,"href":"https:\/\/etival.fr\/index.php?rest_route=\/wp\/v2\/posts\/10355\/revisions"}],"predecessor-version":[{"id":10360,"href":"https:\/\/etival.fr\/index.php?rest_route=\/wp\/v2\/posts\/10355\/revisions\/10360"}],"wp:attachment":[{"href":"https:\/\/etival.fr\/index.php?rest_route=%2Fwp%2Fv2%2Fmedia&parent=10355"}],"wp:term":[{"taxonomy":"category","embeddable":true,"href":"https:\/\/etival.fr\/index.php?rest_route=%2Fwp%2Fv2%2Fcategories&post=10355"},{"taxonomy":"post_tag","embeddable":true,"href":"https:\/\/etival.fr\/index.php?rest_route=%2Fwp%2Fv2%2Ftags&post=10355"}],"curies":[{"name":"wp","href":"https:\/\/api.w.org\/{rel}","templated":true}]}}