{"id":10499,"date":"2022-10-13T08:51:49","date_gmt":"2022-10-13T07:51:49","guid":{"rendered":"http:\/\/etival.fr\/?p=10499"},"modified":"2022-10-13T08:57:22","modified_gmt":"2022-10-13T07:57:22","slug":"marche-dhiver-2","status":"publish","type":"post","link":"https:\/\/etival.fr\/?p=10499","title":{"rendered":"March\u00e9 d&rsquo;hiver"},"content":{"rendered":"\n<p>L&rsquo;association A.B.C.D \u00e9coles en f\u00eate, vous propose de rejoindre son march\u00e9 d&rsquo;hiver <img loading=\"lazy\" decoding=\"async\" height=\"16\" width=\"16\" src=\"https:\/\/static.xx.fbcdn.net\/images\/emoji.php\/v9\/t2e\/1\/16\/2744.png\" alt=\"&#x2744;&#xfe0f;\"> qui se tiendra le samedi 4 d\u00e9cembre \u00e0 la salle des f\u00eates d&rsquo;Etival Clairefontaine de 10h \u00e0 18h.<\/p>\n\n\n\n<p>Afin que la magie puisse op\u00e9rer, ils recherchent des artisans locaux.<\/p>\n\n\n\n<p><em>Fiche d&rsquo;inscription \u00e0 t\u00e9l\u00e9charger <a href=\"http:\/\/etival.fr\/wp-content\/uploads\/2022\/10\/Fiche-dinscription-Marche-dHiver-2022.pdf\">ICI<\/a><\/em><\/p>\n\n\n\n<figure class=\"wp-block-image size-large\"><a href=\"http:\/\/etival.fr\/wp-content\/uploads\/2022\/10\/Affiche-couleur-Marche-dHiver-scaled.jpg\"><img loading=\"lazy\" decoding=\"async\" width=\"717\" height=\"1024\" src=\"http:\/\/etival.fr\/wp-content\/uploads\/2022\/10\/Affiche-couleur-Marche-dHiver-717x1024.jpg\" alt=\"\" class=\"wp-image-10500\" srcset=\"https:\/\/etival.fr\/wp-content\/uploads\/2022\/10\/Affiche-couleur-Marche-dHiver-717x1024.jpg 717w, https:\/\/etival.fr\/wp-content\/uploads\/2022\/10\/Affiche-couleur-Marche-dHiver-210x300.jpg 210w, https:\/\/etival.fr\/wp-content\/uploads\/2022\/10\/Affiche-couleur-Marche-dHiver-768x1097.jpg 768w, https:\/\/etival.fr\/wp-content\/uploads\/2022\/10\/Affiche-couleur-Marche-dHiver-1076x1536.jpg 1076w, https:\/\/etival.fr\/wp-content\/uploads\/2022\/10\/Affiche-couleur-Marche-dHiver-1434x2048.jpg 1434w, https:\/\/etival.fr\/wp-content\/uploads\/2022\/10\/Affiche-couleur-Marche-dHiver-624x891.jpg 624w, https:\/\/etival.fr\/wp-content\/uploads\/2022\/10\/Affiche-couleur-Marche-dHiver-scaled.jpg 1793w\" sizes=\"auto, (max-width: 717px) 100vw, 717px\" \/><\/a><\/figure>\n","protected":false},"excerpt":{"rendered":"<p>L&rsquo;association A.B.C.D \u00e9coles en f\u00eate, vous propose de rejoindre son march\u00e9 d&rsquo;hiver qui se tiendra le samedi 4 d\u00e9cembre \u00e0 la salle des f\u00eates d&rsquo;Etival Clairefontaine de 10h \u00e0 18h. Afin que la magie puisse op\u00e9rer, ils recherchent des artisans locaux. Fiche d&rsquo;inscription \u00e0 t\u00e9l\u00e9charger ICI<\/p>\n","protected":false},"author":2,"featured_media":0,"comment_status":"closed","ping_status":"open","sticky":false,"template":"","format":"standard","meta":{"footnotes":""},"categories":[5],"tags":[],"class_list":["post-10499","post","type-post","status-publish","format-standard","hentry","category-informations-associations"],"yoast_head":"<!-- This site is optimized with the Yoast SEO plugin v26.8 - https:\/\/yoast.com\/product\/yoast-seo-wordpress\/ -->\n<title>March\u00e9 d&#039;hiver - Etival-Clairefontaine<\/title>\n<meta name=\"robots\" content=\"index, follow, max-snippet:-1, max-image-preview:large, max-video-preview:-1\" \/>\n<link rel=\"canonical\" href=\"https:\/\/etival.fr\/?p=10499\" \/>\n<meta property=\"og:locale\" content=\"fr_FR\" \/>\n<meta property=\"og:type\" content=\"article\" \/>\n<meta property=\"og:title\" content=\"March\u00e9 d&#039;hiver - Etival-Clairefontaine\" \/>\n<meta property=\"og:description\" content=\"L&rsquo;association A.B.C.D \u00e9coles en f\u00eate, vous propose de rejoindre son march\u00e9 d&rsquo;hiver qui se tiendra le samedi 4 d\u00e9cembre \u00e0 la salle des f\u00eates d&rsquo;Etival Clairefontaine de 10h \u00e0 18h. Afin que la magie puisse op\u00e9rer, ils recherchent des artisans locaux. Fiche d&rsquo;inscription \u00e0 t\u00e9l\u00e9charger ICI\" \/>\n<meta property=\"og:url\" content=\"https:\/\/etival.fr\/?p=10499\" \/>\n<meta property=\"og:site_name\" content=\"Etival-Clairefontaine\" \/>\n<meta property=\"article:published_time\" content=\"2022-10-13T07:51:49+00:00\" \/>\n<meta property=\"article:modified_time\" content=\"2022-10-13T07:57:22+00:00\" \/>\n<meta property=\"og:image\" content=\"https:\/\/static.xx.fbcdn.net\/images\/emoji.php\/v9\/t2e\/1\/16\/2744.png\" \/>\n<meta name=\"author\" content=\"Catherine\" \/>\n<meta name=\"twitter:card\" content=\"summary_large_image\" \/>\n<meta name=\"twitter:label1\" content=\"\u00c9crit par\" \/>\n\t<meta name=\"twitter:data1\" content=\"Catherine\" \/>\n\t<meta name=\"twitter:label2\" content=\"Dur\u00e9e de lecture estim\u00e9e\" \/>\n\t<meta name=\"twitter:data2\" content=\"1 minute\" \/>\n<script type=\"application\/ld+json\" class=\"yoast-schema-graph\">{\"@context\":\"https:\/\/schema.org\",\"@graph\":[{\"@type\":\"Article\",\"@id\":\"https:\/\/etival.fr\/?p=10499#article\",\"isPartOf\":{\"@id\":\"https:\/\/etival.fr\/?p=10499\"},\"author\":{\"name\":\"Catherine\",\"@id\":\"https:\/\/etival.fr\/#\/schema\/person\/966767531f422984430588510b8d4c3f\"},\"headline\":\"March\u00e9 d&rsquo;hiver\",\"datePublished\":\"2022-10-13T07:51:49+00:00\",\"dateModified\":\"2022-10-13T07:57:22+00:00\",\"mainEntityOfPage\":{\"@id\":\"https:\/\/etival.fr\/?p=10499\"},\"wordCount\":58,\"image\":{\"@id\":\"https:\/\/etival.fr\/?p=10499#primaryimage\"},\"thumbnailUrl\":\"https:\/\/static.xx.fbcdn.net\/images\/emoji.php\/v9\/t2e\/1\/16\/2744.png\",\"articleSection\":[\"Informations Associations\"],\"inLanguage\":\"fr-FR\"},{\"@type\":\"WebPage\",\"@id\":\"https:\/\/etival.fr\/?p=10499\",\"url\":\"https:\/\/etival.fr\/?p=10499\",\"name\":\"March\u00e9 d'hiver - Etival-Clairefontaine\",\"isPartOf\":{\"@id\":\"https:\/\/etival.fr\/#website\"},\"primaryImageOfPage\":{\"@id\":\"https:\/\/etival.fr\/?p=10499#primaryimage\"},\"image\":{\"@id\":\"https:\/\/etival.fr\/?p=10499#primaryimage\"},\"thumbnailUrl\":\"https:\/\/static.xx.fbcdn.net\/images\/emoji.php\/v9\/t2e\/1\/16\/2744.png\",\"datePublished\":\"2022-10-13T07:51:49+00:00\",\"dateModified\":\"2022-10-13T07:57:22+00:00\",\"author\":{\"@id\":\"https:\/\/etival.fr\/#\/schema\/person\/966767531f422984430588510b8d4c3f\"},\"breadcrumb\":{\"@id\":\"https:\/\/etival.fr\/?p=10499#breadcrumb\"},\"inLanguage\":\"fr-FR\",\"potentialAction\":[{\"@type\":\"ReadAction\",\"target\":[\"https:\/\/etival.fr\/?p=10499\"]}]},{\"@type\":\"ImageObject\",\"inLanguage\":\"fr-FR\",\"@id\":\"https:\/\/etival.fr\/?p=10499#primaryimage\",\"url\":\"https:\/\/static.xx.fbcdn.net\/images\/emoji.php\/v9\/t2e\/1\/16\/2744.png\",\"contentUrl\":\"https:\/\/static.xx.fbcdn.net\/images\/emoji.php\/v9\/t2e\/1\/16\/2744.png\"},{\"@type\":\"BreadcrumbList\",\"@id\":\"https:\/\/etival.fr\/?p=10499#breadcrumb\",\"itemListElement\":[{\"@type\":\"ListItem\",\"position\":1,\"name\":\"Accueil\",\"item\":\"https:\/\/etival.fr\/\"},{\"@type\":\"ListItem\",\"position\":2,\"name\":\"March\u00e9 d&rsquo;hiver\"}]},{\"@type\":\"WebSite\",\"@id\":\"https:\/\/etival.fr\/#website\",\"url\":\"https:\/\/etival.fr\/\",\"name\":\"Etival-Clairefontaine\",\"description\":\"Informations et actualit\u00e9s de la commune\",\"potentialAction\":[{\"@type\":\"SearchAction\",\"target\":{\"@type\":\"EntryPoint\",\"urlTemplate\":\"https:\/\/etival.fr\/?s={search_term_string}\"},\"query-input\":{\"@type\":\"PropertyValueSpecification\",\"valueRequired\":true,\"valueName\":\"search_term_string\"}}],\"inLanguage\":\"fr-FR\"},{\"@type\":\"Person\",\"@id\":\"https:\/\/etival.fr\/#\/schema\/person\/966767531f422984430588510b8d4c3f\",\"name\":\"Catherine\",\"image\":{\"@type\":\"ImageObject\",\"inLanguage\":\"fr-FR\",\"@id\":\"https:\/\/etival.fr\/#\/schema\/person\/image\/\",\"url\":\"https:\/\/secure.gravatar.com\/avatar\/b99eff3bf59bd614e6c532df451dc649?s=96&d=mm&r=g\",\"contentUrl\":\"https:\/\/secure.gravatar.com\/avatar\/b99eff3bf59bd614e6c532df451dc649?s=96&d=mm&r=g\",\"caption\":\"Catherine\"},\"url\":\"https:\/\/etival.fr\/?author=2\"}]}<\/script>\n<!-- \/ Yoast SEO plugin. -->","yoast_head_json":{"title":"March\u00e9 d'hiver - Etival-Clairefontaine","robots":{"index":"index","follow":"follow","max-snippet":"max-snippet:-1","max-image-preview":"max-image-preview:large","max-video-preview":"max-video-preview:-1"},"canonical":"https:\/\/etival.fr\/?p=10499","og_locale":"fr_FR","og_type":"article","og_title":"March\u00e9 d'hiver - Etival-Clairefontaine","og_description":"L&rsquo;association A.B.C.D \u00e9coles en f\u00eate, vous propose de rejoindre son march\u00e9 d&rsquo;hiver qui se tiendra le samedi 4 d\u00e9cembre \u00e0 la salle des f\u00eates d&rsquo;Etival Clairefontaine de 10h \u00e0 18h. Afin que la magie puisse op\u00e9rer, ils recherchent des artisans locaux. Fiche d&rsquo;inscription \u00e0 t\u00e9l\u00e9charger ICI","og_url":"https:\/\/etival.fr\/?p=10499","og_site_name":"Etival-Clairefontaine","article_published_time":"2022-10-13T07:51:49+00:00","article_modified_time":"2022-10-13T07:57:22+00:00","og_image":[{"url":"https:\/\/static.xx.fbcdn.net\/images\/emoji.php\/v9\/t2e\/1\/16\/2744.png","type":"","width":"","height":""}],"author":"Catherine","twitter_card":"summary_large_image","twitter_misc":{"\u00c9crit par":"Catherine","Dur\u00e9e de lecture estim\u00e9e":"1 minute"},"schema":{"@context":"https:\/\/schema.org","@graph":[{"@type":"Article","@id":"https:\/\/etival.fr\/?p=10499#article","isPartOf":{"@id":"https:\/\/etival.fr\/?p=10499"},"author":{"name":"Catherine","@id":"https:\/\/etival.fr\/#\/schema\/person\/966767531f422984430588510b8d4c3f"},"headline":"March\u00e9 d&rsquo;hiver","datePublished":"2022-10-13T07:51:49+00:00","dateModified":"2022-10-13T07:57:22+00:00","mainEntityOfPage":{"@id":"https:\/\/etival.fr\/?p=10499"},"wordCount":58,"image":{"@id":"https:\/\/etival.fr\/?p=10499#primaryimage"},"thumbnailUrl":"https:\/\/static.xx.fbcdn.net\/images\/emoji.php\/v9\/t2e\/1\/16\/2744.png","articleSection":["Informations Associations"],"inLanguage":"fr-FR"},{"@type":"WebPage","@id":"https:\/\/etival.fr\/?p=10499","url":"https:\/\/etival.fr\/?p=10499","name":"March\u00e9 d'hiver - Etival-Clairefontaine","isPartOf":{"@id":"https:\/\/etival.fr\/#website"},"primaryImageOfPage":{"@id":"https:\/\/etival.fr\/?p=10499#primaryimage"},"image":{"@id":"https:\/\/etival.fr\/?p=10499#primaryimage"},"thumbnailUrl":"https:\/\/static.xx.fbcdn.net\/images\/emoji.php\/v9\/t2e\/1\/16\/2744.png","datePublished":"2022-10-13T07:51:49+00:00","dateModified":"2022-10-13T07:57:22+00:00","author":{"@id":"https:\/\/etival.fr\/#\/schema\/person\/966767531f422984430588510b8d4c3f"},"breadcrumb":{"@id":"https:\/\/etival.fr\/?p=10499#breadcrumb"},"inLanguage":"fr-FR","potentialAction":[{"@type":"ReadAction","target":["https:\/\/etival.fr\/?p=10499"]}]},{"@type":"ImageObject","inLanguage":"fr-FR","@id":"https:\/\/etival.fr\/?p=10499#primaryimage","url":"https:\/\/static.xx.fbcdn.net\/images\/emoji.php\/v9\/t2e\/1\/16\/2744.png","contentUrl":"https:\/\/static.xx.fbcdn.net\/images\/emoji.php\/v9\/t2e\/1\/16\/2744.png"},{"@type":"BreadcrumbList","@id":"https:\/\/etival.fr\/?p=10499#breadcrumb","itemListElement":[{"@type":"ListItem","position":1,"name":"Accueil","item":"https:\/\/etival.fr\/"},{"@type":"ListItem","position":2,"name":"March\u00e9 d&rsquo;hiver"}]},{"@type":"WebSite","@id":"https:\/\/etival.fr\/#website","url":"https:\/\/etival.fr\/","name":"Etival-Clairefontaine","description":"Informations et actualit\u00e9s de la commune","potentialAction":[{"@type":"SearchAction","target":{"@type":"EntryPoint","urlTemplate":"https:\/\/etival.fr\/?s={search_term_string}"},"query-input":{"@type":"PropertyValueSpecification","valueRequired":true,"valueName":"search_term_string"}}],"inLanguage":"fr-FR"},{"@type":"Person","@id":"https:\/\/etival.fr\/#\/schema\/person\/966767531f422984430588510b8d4c3f","name":"Catherine","image":{"@type":"ImageObject","inLanguage":"fr-FR","@id":"https:\/\/etival.fr\/#\/schema\/person\/image\/","url":"https:\/\/secure.gravatar.com\/avatar\/b99eff3bf59bd614e6c532df451dc649?s=96&d=mm&r=g","contentUrl":"https:\/\/secure.gravatar.com\/avatar\/b99eff3bf59bd614e6c532df451dc649?s=96&d=mm&r=g","caption":"Catherine"},"url":"https:\/\/etival.fr\/?author=2"}]}},"_links":{"self":[{"href":"https:\/\/etival.fr\/index.php?rest_route=\/wp\/v2\/posts\/10499","targetHints":{"allow":["GET"]}}],"collection":[{"href":"https:\/\/etival.fr\/index.php?rest_route=\/wp\/v2\/posts"}],"about":[{"href":"https:\/\/etival.fr\/index.php?rest_route=\/wp\/v2\/types\/post"}],"author":[{"embeddable":true,"href":"https:\/\/etival.fr\/index.php?rest_route=\/wp\/v2\/users\/2"}],"replies":[{"embeddable":true,"href":"https:\/\/etival.fr\/index.php?rest_route=%2Fwp%2Fv2%2Fcomments&post=10499"}],"version-history":[{"count":4,"href":"https:\/\/etival.fr\/index.php?rest_route=\/wp\/v2\/posts\/10499\/revisions"}],"predecessor-version":[{"id":10505,"href":"https:\/\/etival.fr\/index.php?rest_route=\/wp\/v2\/posts\/10499\/revisions\/10505"}],"wp:attachment":[{"href":"https:\/\/etival.fr\/index.php?rest_route=%2Fwp%2Fv2%2Fmedia&parent=10499"}],"wp:term":[{"taxonomy":"category","embeddable":true,"href":"https:\/\/etival.fr\/index.php?rest_route=%2Fwp%2Fv2%2Fcategories&post=10499"},{"taxonomy":"post_tag","embeddable":true,"href":"https:\/\/etival.fr\/index.php?rest_route=%2Fwp%2Fv2%2Ftags&post=10499"}],"curies":[{"name":"wp","href":"https:\/\/api.w.org\/{rel}","templated":true}]}}