{"id":10544,"date":"2022-10-26T07:34:26","date_gmt":"2022-10-26T06:34:26","guid":{"rendered":"http:\/\/etival.fr\/?p=10544"},"modified":"2022-10-26T07:34:51","modified_gmt":"2022-10-26T06:34:51","slug":"pour-information-18","status":"publish","type":"post","link":"https:\/\/etival.fr\/?p=10544","title":{"rendered":"Pour information"},"content":{"rendered":"\n<p>Pour information, des restrictions des jours de chasse ont lieu sur la For\u00eat Domaniale de la C\u00f4te de Repy, voir le plan joint ci-dessous :<\/p>\n\n\n\n<figure class=\"wp-block-image size-full\"><a href=\"http:\/\/etival.fr\/wp-content\/uploads\/2022\/10\/312307826_167966345882936_1707883808556826298_n.jpg\"><img loading=\"lazy\" decoding=\"async\" width=\"526\" height=\"760\" src=\"http:\/\/etival.fr\/wp-content\/uploads\/2022\/10\/312307826_167966345882936_1707883808556826298_n.jpg\" alt=\"\" class=\"wp-image-10545\" srcset=\"https:\/\/etival.fr\/wp-content\/uploads\/2022\/10\/312307826_167966345882936_1707883808556826298_n.jpg 526w, https:\/\/etival.fr\/wp-content\/uploads\/2022\/10\/312307826_167966345882936_1707883808556826298_n-208x300.jpg 208w\" sizes=\"auto, (max-width: 526px) 100vw, 526px\" \/><\/a><figcaption>Nous souhaitions vous informer que les dates de battues des lots de chasse en for\u00eats domaniales sont d\u00e9sormais disponibles sur le site national de l&rsquo;ONF :<br><a href=\"https:\/\/l.facebook.com\/l.php?u=https%3A%2F%2Fwww.onf.fr%2Fchasse%2Fles-calendriers-de-chasse-en-foret-domaniale%3Ffbclid%3DIwAR2NXTB0p-qUXrrG7jQhdbWPb_cwTO_GZj8kw2h29anHThWIIkJknGNvNro&amp;h=AT2y4d4O9MVIam0HMZOY5wv3AnW9vrA99A31qIYc3YI-_mY9DITGwcH05NT2o5zx1j1h6p14dFLPIwTXFmWogHMNXIzzNkfEX0Z9py4so-nutGHFKOmvSI_rmY2hcVcAsA&amp;__tn__=R]-R&amp;c[0]=AT1geckuNShosVuiRui0KYJN5G8OtVLMrLsHNhq4cKqNGbPZmEojUesONdifYf_AyRs1cKdOsLLeeVvYHS6Ottk-ge6NUJ_7_K0scfmjQE6Z1JJB6f1WWI2u6CXBPJu7mgagdnhRGfPzjh9V2XTjMH1lbaNOTWXjSGpvuQZnyNBj-oOnVAOmj_rm924kMJkeCuJPRY8fg-Km\" target=\"_blank\" rel=\"noreferrer noopener\">https:\/\/www.onf.fr\/&#8230;\/les-calendriers-de-chasse-en-foret&#8230;<\/a><\/figcaption><\/figure>\n","protected":false},"excerpt":{"rendered":"<p>Pour information, des restrictions des jours de chasse ont lieu sur la For\u00eat Domaniale de la C\u00f4te de Repy, voir le plan joint ci-dessous :<\/p>\n","protected":false},"author":2,"featured_media":0,"comment_status":"closed","ping_status":"open","sticky":false,"template":"","format":"standard","meta":{"footnotes":""},"categories":[6],"tags":[],"class_list":["post-10544","post","type-post","status-publish","format-standard","hentry","category-informations-municipales"],"yoast_head":"<!-- This site is optimized with the Yoast SEO plugin v26.8 - https:\/\/yoast.com\/product\/yoast-seo-wordpress\/ -->\n<title>Pour information - Etival-Clairefontaine<\/title>\n<meta name=\"robots\" content=\"index, follow, max-snippet:-1, max-image-preview:large, max-video-preview:-1\" \/>\n<link rel=\"canonical\" href=\"https:\/\/etival.fr\/?p=10544\" \/>\n<meta property=\"og:locale\" content=\"fr_FR\" \/>\n<meta property=\"og:type\" content=\"article\" \/>\n<meta property=\"og:title\" content=\"Pour information - Etival-Clairefontaine\" \/>\n<meta property=\"og:description\" content=\"Pour information, des restrictions des jours de chasse ont lieu sur la For\u00eat Domaniale de la C\u00f4te de Repy, voir le plan joint ci-dessous :\" \/>\n<meta property=\"og:url\" content=\"https:\/\/etival.fr\/?p=10544\" \/>\n<meta property=\"og:site_name\" content=\"Etival-Clairefontaine\" \/>\n<meta property=\"article:published_time\" content=\"2022-10-26T06:34:26+00:00\" \/>\n<meta property=\"article:modified_time\" content=\"2022-10-26T06:34:51+00:00\" \/>\n<meta property=\"og:image\" content=\"http:\/\/etival.fr\/wp-content\/uploads\/2022\/10\/312307826_167966345882936_1707883808556826298_n.jpg\" \/>\n<meta name=\"author\" content=\"Catherine\" \/>\n<meta name=\"twitter:card\" content=\"summary_large_image\" \/>\n<meta name=\"twitter:label1\" content=\"\u00c9crit par\" \/>\n\t<meta name=\"twitter:data1\" content=\"Catherine\" \/>\n\t<meta name=\"twitter:label2\" content=\"Dur\u00e9e de lecture estim\u00e9e\" \/>\n\t<meta name=\"twitter:data2\" content=\"1 minute\" \/>\n<script type=\"application\/ld+json\" class=\"yoast-schema-graph\">{\"@context\":\"https:\/\/schema.org\",\"@graph\":[{\"@type\":\"Article\",\"@id\":\"https:\/\/etival.fr\/?p=10544#article\",\"isPartOf\":{\"@id\":\"https:\/\/etival.fr\/?p=10544\"},\"author\":{\"name\":\"Catherine\",\"@id\":\"https:\/\/etival.fr\/#\/schema\/person\/966767531f422984430588510b8d4c3f\"},\"headline\":\"Pour information\",\"datePublished\":\"2022-10-26T06:34:26+00:00\",\"dateModified\":\"2022-10-26T06:34:51+00:00\",\"mainEntityOfPage\":{\"@id\":\"https:\/\/etival.fr\/?p=10544\"},\"wordCount\":61,\"image\":{\"@id\":\"https:\/\/etival.fr\/?p=10544#primaryimage\"},\"thumbnailUrl\":\"http:\/\/etival.fr\/wp-content\/uploads\/2022\/10\/312307826_167966345882936_1707883808556826298_n.jpg\",\"articleSection\":[\"Informations Municipales\"],\"inLanguage\":\"fr-FR\"},{\"@type\":\"WebPage\",\"@id\":\"https:\/\/etival.fr\/?p=10544\",\"url\":\"https:\/\/etival.fr\/?p=10544\",\"name\":\"Pour information - Etival-Clairefontaine\",\"isPartOf\":{\"@id\":\"https:\/\/etival.fr\/#website\"},\"primaryImageOfPage\":{\"@id\":\"https:\/\/etival.fr\/?p=10544#primaryimage\"},\"image\":{\"@id\":\"https:\/\/etival.fr\/?p=10544#primaryimage\"},\"thumbnailUrl\":\"http:\/\/etival.fr\/wp-content\/uploads\/2022\/10\/312307826_167966345882936_1707883808556826298_n.jpg\",\"datePublished\":\"2022-10-26T06:34:26+00:00\",\"dateModified\":\"2022-10-26T06:34:51+00:00\",\"author\":{\"@id\":\"https:\/\/etival.fr\/#\/schema\/person\/966767531f422984430588510b8d4c3f\"},\"breadcrumb\":{\"@id\":\"https:\/\/etival.fr\/?p=10544#breadcrumb\"},\"inLanguage\":\"fr-FR\",\"potentialAction\":[{\"@type\":\"ReadAction\",\"target\":[\"https:\/\/etival.fr\/?p=10544\"]}]},{\"@type\":\"ImageObject\",\"inLanguage\":\"fr-FR\",\"@id\":\"https:\/\/etival.fr\/?p=10544#primaryimage\",\"url\":\"https:\/\/etival.fr\/wp-content\/uploads\/2022\/10\/312307826_167966345882936_1707883808556826298_n.jpg\",\"contentUrl\":\"https:\/\/etival.fr\/wp-content\/uploads\/2022\/10\/312307826_167966345882936_1707883808556826298_n.jpg\",\"width\":526,\"height\":760},{\"@type\":\"BreadcrumbList\",\"@id\":\"https:\/\/etival.fr\/?p=10544#breadcrumb\",\"itemListElement\":[{\"@type\":\"ListItem\",\"position\":1,\"name\":\"Accueil\",\"item\":\"https:\/\/etival.fr\/\"},{\"@type\":\"ListItem\",\"position\":2,\"name\":\"Pour information\"}]},{\"@type\":\"WebSite\",\"@id\":\"https:\/\/etival.fr\/#website\",\"url\":\"https:\/\/etival.fr\/\",\"name\":\"Etival-Clairefontaine\",\"description\":\"Informations et actualit\u00e9s de la commune\",\"potentialAction\":[{\"@type\":\"SearchAction\",\"target\":{\"@type\":\"EntryPoint\",\"urlTemplate\":\"https:\/\/etival.fr\/?s={search_term_string}\"},\"query-input\":{\"@type\":\"PropertyValueSpecification\",\"valueRequired\":true,\"valueName\":\"search_term_string\"}}],\"inLanguage\":\"fr-FR\"},{\"@type\":\"Person\",\"@id\":\"https:\/\/etival.fr\/#\/schema\/person\/966767531f422984430588510b8d4c3f\",\"name\":\"Catherine\",\"image\":{\"@type\":\"ImageObject\",\"inLanguage\":\"fr-FR\",\"@id\":\"https:\/\/etival.fr\/#\/schema\/person\/image\/\",\"url\":\"https:\/\/secure.gravatar.com\/avatar\/b99eff3bf59bd614e6c532df451dc649?s=96&d=mm&r=g\",\"contentUrl\":\"https:\/\/secure.gravatar.com\/avatar\/b99eff3bf59bd614e6c532df451dc649?s=96&d=mm&r=g\",\"caption\":\"Catherine\"},\"url\":\"https:\/\/etival.fr\/?author=2\"}]}<\/script>\n<!-- \/ Yoast SEO plugin. -->","yoast_head_json":{"title":"Pour information - Etival-Clairefontaine","robots":{"index":"index","follow":"follow","max-snippet":"max-snippet:-1","max-image-preview":"max-image-preview:large","max-video-preview":"max-video-preview:-1"},"canonical":"https:\/\/etival.fr\/?p=10544","og_locale":"fr_FR","og_type":"article","og_title":"Pour information - Etival-Clairefontaine","og_description":"Pour information, des restrictions des jours de chasse ont lieu sur la For\u00eat Domaniale de la C\u00f4te de Repy, voir le plan joint ci-dessous :","og_url":"https:\/\/etival.fr\/?p=10544","og_site_name":"Etival-Clairefontaine","article_published_time":"2022-10-26T06:34:26+00:00","article_modified_time":"2022-10-26T06:34:51+00:00","og_image":[{"url":"http:\/\/etival.fr\/wp-content\/uploads\/2022\/10\/312307826_167966345882936_1707883808556826298_n.jpg","type":"","width":"","height":""}],"author":"Catherine","twitter_card":"summary_large_image","twitter_misc":{"\u00c9crit par":"Catherine","Dur\u00e9e de lecture estim\u00e9e":"1 minute"},"schema":{"@context":"https:\/\/schema.org","@graph":[{"@type":"Article","@id":"https:\/\/etival.fr\/?p=10544#article","isPartOf":{"@id":"https:\/\/etival.fr\/?p=10544"},"author":{"name":"Catherine","@id":"https:\/\/etival.fr\/#\/schema\/person\/966767531f422984430588510b8d4c3f"},"headline":"Pour information","datePublished":"2022-10-26T06:34:26+00:00","dateModified":"2022-10-26T06:34:51+00:00","mainEntityOfPage":{"@id":"https:\/\/etival.fr\/?p=10544"},"wordCount":61,"image":{"@id":"https:\/\/etival.fr\/?p=10544#primaryimage"},"thumbnailUrl":"http:\/\/etival.fr\/wp-content\/uploads\/2022\/10\/312307826_167966345882936_1707883808556826298_n.jpg","articleSection":["Informations Municipales"],"inLanguage":"fr-FR"},{"@type":"WebPage","@id":"https:\/\/etival.fr\/?p=10544","url":"https:\/\/etival.fr\/?p=10544","name":"Pour information - Etival-Clairefontaine","isPartOf":{"@id":"https:\/\/etival.fr\/#website"},"primaryImageOfPage":{"@id":"https:\/\/etival.fr\/?p=10544#primaryimage"},"image":{"@id":"https:\/\/etival.fr\/?p=10544#primaryimage"},"thumbnailUrl":"http:\/\/etival.fr\/wp-content\/uploads\/2022\/10\/312307826_167966345882936_1707883808556826298_n.jpg","datePublished":"2022-10-26T06:34:26+00:00","dateModified":"2022-10-26T06:34:51+00:00","author":{"@id":"https:\/\/etival.fr\/#\/schema\/person\/966767531f422984430588510b8d4c3f"},"breadcrumb":{"@id":"https:\/\/etival.fr\/?p=10544#breadcrumb"},"inLanguage":"fr-FR","potentialAction":[{"@type":"ReadAction","target":["https:\/\/etival.fr\/?p=10544"]}]},{"@type":"ImageObject","inLanguage":"fr-FR","@id":"https:\/\/etival.fr\/?p=10544#primaryimage","url":"https:\/\/etival.fr\/wp-content\/uploads\/2022\/10\/312307826_167966345882936_1707883808556826298_n.jpg","contentUrl":"https:\/\/etival.fr\/wp-content\/uploads\/2022\/10\/312307826_167966345882936_1707883808556826298_n.jpg","width":526,"height":760},{"@type":"BreadcrumbList","@id":"https:\/\/etival.fr\/?p=10544#breadcrumb","itemListElement":[{"@type":"ListItem","position":1,"name":"Accueil","item":"https:\/\/etival.fr\/"},{"@type":"ListItem","position":2,"name":"Pour information"}]},{"@type":"WebSite","@id":"https:\/\/etival.fr\/#website","url":"https:\/\/etival.fr\/","name":"Etival-Clairefontaine","description":"Informations et actualit\u00e9s de la commune","potentialAction":[{"@type":"SearchAction","target":{"@type":"EntryPoint","urlTemplate":"https:\/\/etival.fr\/?s={search_term_string}"},"query-input":{"@type":"PropertyValueSpecification","valueRequired":true,"valueName":"search_term_string"}}],"inLanguage":"fr-FR"},{"@type":"Person","@id":"https:\/\/etival.fr\/#\/schema\/person\/966767531f422984430588510b8d4c3f","name":"Catherine","image":{"@type":"ImageObject","inLanguage":"fr-FR","@id":"https:\/\/etival.fr\/#\/schema\/person\/image\/","url":"https:\/\/secure.gravatar.com\/avatar\/b99eff3bf59bd614e6c532df451dc649?s=96&d=mm&r=g","contentUrl":"https:\/\/secure.gravatar.com\/avatar\/b99eff3bf59bd614e6c532df451dc649?s=96&d=mm&r=g","caption":"Catherine"},"url":"https:\/\/etival.fr\/?author=2"}]}},"_links":{"self":[{"href":"https:\/\/etival.fr\/index.php?rest_route=\/wp\/v2\/posts\/10544","targetHints":{"allow":["GET"]}}],"collection":[{"href":"https:\/\/etival.fr\/index.php?rest_route=\/wp\/v2\/posts"}],"about":[{"href":"https:\/\/etival.fr\/index.php?rest_route=\/wp\/v2\/types\/post"}],"author":[{"embeddable":true,"href":"https:\/\/etival.fr\/index.php?rest_route=\/wp\/v2\/users\/2"}],"replies":[{"embeddable":true,"href":"https:\/\/etival.fr\/index.php?rest_route=%2Fwp%2Fv2%2Fcomments&post=10544"}],"version-history":[{"count":1,"href":"https:\/\/etival.fr\/index.php?rest_route=\/wp\/v2\/posts\/10544\/revisions"}],"predecessor-version":[{"id":10546,"href":"https:\/\/etival.fr\/index.php?rest_route=\/wp\/v2\/posts\/10544\/revisions\/10546"}],"wp:attachment":[{"href":"https:\/\/etival.fr\/index.php?rest_route=%2Fwp%2Fv2%2Fmedia&parent=10544"}],"wp:term":[{"taxonomy":"category","embeddable":true,"href":"https:\/\/etival.fr\/index.php?rest_route=%2Fwp%2Fv2%2Fcategories&post=10544"},{"taxonomy":"post_tag","embeddable":true,"href":"https:\/\/etival.fr\/index.php?rest_route=%2Fwp%2Fv2%2Ftags&post=10544"}],"curies":[{"name":"wp","href":"https:\/\/api.w.org\/{rel}","templated":true}]}}