{"id":10610,"date":"2022-11-22T07:42:04","date_gmt":"2022-11-22T06:42:04","guid":{"rendered":"http:\/\/etival.fr\/?p=10610"},"modified":"2022-11-22T09:10:28","modified_gmt":"2022-11-22T08:10:28","slug":"presentation-des-cahiers-du-ban-n13","status":"publish","type":"post","link":"https:\/\/etival.fr\/?p=10610","title":{"rendered":"Pr\u00e9sentation des Cahiers du Ban n\u00b013"},"content":{"rendered":"\n<figure class=\"wp-block-gallery has-nested-images columns-default is-cropped wp-block-gallery-1 is-layout-flex wp-block-gallery-is-layout-flex\">\n<figure class=\"wp-block-image size-large\"><a href=\"http:\/\/etival.fr\/wp-content\/uploads\/2022\/11\/Cahier-n\u00b013-1-1.png\"><img loading=\"lazy\" decoding=\"async\" width=\"697\" height=\"1024\" data-id=\"10622\" src=\"http:\/\/etival.fr\/wp-content\/uploads\/2022\/11\/Cahier-n\u00b013-1-1-697x1024.png\" alt=\"\" class=\"wp-image-10622\" srcset=\"https:\/\/etival.fr\/wp-content\/uploads\/2022\/11\/Cahier-n\u00b013-1-1-697x1024.png 697w, https:\/\/etival.fr\/wp-content\/uploads\/2022\/11\/Cahier-n\u00b013-1-1-204x300.png 204w, https:\/\/etival.fr\/wp-content\/uploads\/2022\/11\/Cahier-n\u00b013-1-1-768x1129.png 768w, https:\/\/etival.fr\/wp-content\/uploads\/2022\/11\/Cahier-n\u00b013-1-1-1045x1536.png 1045w, https:\/\/etival.fr\/wp-content\/uploads\/2022\/11\/Cahier-n\u00b013-1-1-1393x2048.png 1393w, https:\/\/etival.fr\/wp-content\/uploads\/2022\/11\/Cahier-n\u00b013-1-1-624x917.png 624w\" sizes=\"auto, (max-width: 697px) 100vw, 697px\" \/><\/a><\/figure>\n\n\n\n<figure class=\"wp-block-image size-large\"><a href=\"http:\/\/etival.fr\/wp-content\/uploads\/2022\/11\/vitrail-4.jpg\"><img loading=\"lazy\" decoding=\"async\" width=\"505\" height=\"429\" data-id=\"10621\" src=\"http:\/\/etival.fr\/wp-content\/uploads\/2022\/11\/vitrail-4.jpg\" alt=\"\" class=\"wp-image-10621\" srcset=\"https:\/\/etival.fr\/wp-content\/uploads\/2022\/11\/vitrail-4.jpg 505w, https:\/\/etival.fr\/wp-content\/uploads\/2022\/11\/vitrail-4-300x255.jpg 300w\" sizes=\"auto, (max-width: 505px) 100vw, 505px\" \/><\/a><\/figure>\n<\/figure>\n\n\n\n<p>Les Amis du Ban d\u2019\u00c9tival ont le plaisir de vous inviter \u00e0 la pr\u00e9sentation du nouveau num\u00e9ro des Cahiers du Ban (d\u00e9j\u00e0 le num\u00e9ro 13\u00a0!) qui vient de para\u00eetre<\/p>\n\n\n\n<p class=\"has-vivid-red-color has-text-color has-medium-font-size\"><strong>Le samedi 26 novembre 2022 \u00e0 15h<\/strong><br>\u00e0 la salle Bernasconi 8 Cour des Moines<\/p>\n\n\n\n<p>Dans ce num\u00e9ro, figurent trois articles\u00a0:<br>&#8211;\u00a0\u00a0\u00a0\u00a0\u00a0\u00a0\u00a0En marche vers sainte Odile (suite et fin)<br>&#8211;\u00a0\u00a0\u00a0\u00a0\u00a0\u00a0 Des vitraux pour l\u2019\u00e9glise abbatiale\u00a0: quelle histoire\u00a0!<br>&#8211;\u00a0\u00a0\u00a0\u00a0\u00a0\u00a0 Le cimeti\u00e8re d\u2019\u00c9tival, un lieu de m\u00e9moire pour tous.<\/p>\n\n\n\n<p>Apr\u00e8s une pr\u00e9sentation g\u00e9n\u00e9rale,<br>Daniel Thi\u00e9ry vous invitera ensuite \u00e0 le suivre tout <strong>au long du chemin vers sainte Odile<\/strong>, en vous racontant des anecdotes et des surprises au fil de ses pas et Line Skorka vous incitera \u00e0 regarder d\u2019une autre fa\u00e7on <strong>les vitraux actuels<\/strong> de l\u2019\u00e9glise abbatiale, dont l\u2019histoire est loin d\u2019\u00eatre lin\u00e9aire et rejoint \u00e9troitement celle de l\u2019\u00e9glise abbatiale \u00e0 travers les vicissitudes de la Grande histoire. <br>Le pass\u00e9 est aussi le socle de l\u2019avenir&nbsp;!<\/p>\n\n\n\n<p class=\"has-vivid-red-color has-text-color\"><em><strong>(Si vous d\u00e9sirez acqu\u00e9rir les Cahiers du Ban, <\/strong><\/em><br><em><strong>les Amis du Ban d&rsquo;Etival seront pr\u00e9sents les mercredis 7 et 14 d\u00e9cembre <\/strong><\/em><br><em><strong>dans la Boutique \u00c9ph\u00e9m\u00e8re de No\u00ebl, 13 Place Abbatiale)<\/strong><\/em><\/p>\n","protected":false},"excerpt":{"rendered":"<p>Les Amis du Ban d\u2019\u00c9tival ont le plaisir de vous inviter \u00e0 la pr\u00e9sentation du nouveau num\u00e9ro des Cahiers du Ban (d\u00e9j\u00e0 le num\u00e9ro 13\u00a0!) qui vient de para\u00eetre Le samedi 26 novembre 2022 \u00e0 15h\u00e0 la salle Bernasconi 8 Cour des Moines Dans ce num\u00e9ro, figurent trois articles\u00a0:&#8211;\u00a0\u00a0\u00a0\u00a0\u00a0\u00a0\u00a0En marche vers sainte Odile (suite et [&hellip;]<\/p>\n","protected":false},"author":2,"featured_media":0,"comment_status":"closed","ping_status":"open","sticky":false,"template":"","format":"standard","meta":{"footnotes":""},"categories":[5],"tags":[],"class_list":["post-10610","post","type-post","status-publish","format-standard","hentry","category-informations-associations"],"yoast_head":"<!-- This site is optimized with the Yoast SEO plugin v26.8 - https:\/\/yoast.com\/product\/yoast-seo-wordpress\/ -->\n<title>Pr\u00e9sentation des Cahiers du Ban n\u00b013 - Etival-Clairefontaine<\/title>\n<meta name=\"robots\" content=\"index, follow, max-snippet:-1, max-image-preview:large, max-video-preview:-1\" \/>\n<link rel=\"canonical\" href=\"https:\/\/etival.fr\/?p=10610\" \/>\n<meta property=\"og:locale\" content=\"fr_FR\" \/>\n<meta property=\"og:type\" content=\"article\" \/>\n<meta property=\"og:title\" content=\"Pr\u00e9sentation des Cahiers du Ban n\u00b013 - Etival-Clairefontaine\" \/>\n<meta property=\"og:description\" content=\"Les Amis du Ban d\u2019\u00c9tival ont le plaisir de vous inviter \u00e0 la pr\u00e9sentation du nouveau num\u00e9ro des Cahiers du Ban (d\u00e9j\u00e0 le num\u00e9ro 13\u00a0!) qui vient de para\u00eetre Le samedi 26 novembre 2022 \u00e0 15h\u00e0 la salle Bernasconi 8 Cour des Moines Dans ce num\u00e9ro, figurent trois articles\u00a0:&#8211;\u00a0\u00a0\u00a0\u00a0\u00a0\u00a0\u00a0En marche vers sainte Odile (suite et [&hellip;]\" \/>\n<meta property=\"og:url\" content=\"https:\/\/etival.fr\/?p=10610\" \/>\n<meta property=\"og:site_name\" content=\"Etival-Clairefontaine\" \/>\n<meta property=\"article:published_time\" content=\"2022-11-22T06:42:04+00:00\" \/>\n<meta property=\"article:modified_time\" content=\"2022-11-22T08:10:28+00:00\" \/>\n<meta property=\"og:image\" content=\"http:\/\/etival.fr\/wp-content\/uploads\/2022\/11\/vitrail-4.jpg\" \/>\n<meta name=\"author\" content=\"Catherine\" \/>\n<meta name=\"twitter:card\" content=\"summary_large_image\" \/>\n<meta name=\"twitter:label1\" content=\"\u00c9crit par\" \/>\n\t<meta name=\"twitter:data1\" content=\"Catherine\" \/>\n\t<meta name=\"twitter:label2\" content=\"Dur\u00e9e de lecture estim\u00e9e\" \/>\n\t<meta name=\"twitter:data2\" content=\"2 minutes\" \/>\n<script type=\"application\/ld+json\" class=\"yoast-schema-graph\">{\"@context\":\"https:\/\/schema.org\",\"@graph\":[{\"@type\":\"Article\",\"@id\":\"https:\/\/etival.fr\/?p=10610#article\",\"isPartOf\":{\"@id\":\"https:\/\/etival.fr\/?p=10610\"},\"author\":{\"name\":\"Catherine\",\"@id\":\"https:\/\/etival.fr\/#\/schema\/person\/966767531f422984430588510b8d4c3f\"},\"headline\":\"Pr\u00e9sentation des Cahiers du Ban n\u00b013\",\"datePublished\":\"2022-11-22T06:42:04+00:00\",\"dateModified\":\"2022-11-22T08:10:28+00:00\",\"mainEntityOfPage\":{\"@id\":\"https:\/\/etival.fr\/?p=10610\"},\"wordCount\":212,\"image\":{\"@id\":\"https:\/\/etival.fr\/?p=10610#primaryimage\"},\"thumbnailUrl\":\"http:\/\/etival.fr\/wp-content\/uploads\/2022\/11\/vitrail-4.jpg\",\"articleSection\":[\"Informations Associations\"],\"inLanguage\":\"fr-FR\"},{\"@type\":\"WebPage\",\"@id\":\"https:\/\/etival.fr\/?p=10610\",\"url\":\"https:\/\/etival.fr\/?p=10610\",\"name\":\"Pr\u00e9sentation des Cahiers du Ban n\u00b013 - Etival-Clairefontaine\",\"isPartOf\":{\"@id\":\"https:\/\/etival.fr\/#website\"},\"primaryImageOfPage\":{\"@id\":\"https:\/\/etival.fr\/?p=10610#primaryimage\"},\"image\":{\"@id\":\"https:\/\/etival.fr\/?p=10610#primaryimage\"},\"thumbnailUrl\":\"http:\/\/etival.fr\/wp-content\/uploads\/2022\/11\/vitrail-4.jpg\",\"datePublished\":\"2022-11-22T06:42:04+00:00\",\"dateModified\":\"2022-11-22T08:10:28+00:00\",\"author\":{\"@id\":\"https:\/\/etival.fr\/#\/schema\/person\/966767531f422984430588510b8d4c3f\"},\"breadcrumb\":{\"@id\":\"https:\/\/etival.fr\/?p=10610#breadcrumb\"},\"inLanguage\":\"fr-FR\",\"potentialAction\":[{\"@type\":\"ReadAction\",\"target\":[\"https:\/\/etival.fr\/?p=10610\"]}]},{\"@type\":\"ImageObject\",\"inLanguage\":\"fr-FR\",\"@id\":\"https:\/\/etival.fr\/?p=10610#primaryimage\",\"url\":\"https:\/\/etival.fr\/wp-content\/uploads\/2022\/11\/vitrail-4.jpg\",\"contentUrl\":\"https:\/\/etival.fr\/wp-content\/uploads\/2022\/11\/vitrail-4.jpg\",\"width\":505,\"height\":429},{\"@type\":\"BreadcrumbList\",\"@id\":\"https:\/\/etival.fr\/?p=10610#breadcrumb\",\"itemListElement\":[{\"@type\":\"ListItem\",\"position\":1,\"name\":\"Accueil\",\"item\":\"https:\/\/etival.fr\/\"},{\"@type\":\"ListItem\",\"position\":2,\"name\":\"Pr\u00e9sentation des Cahiers du Ban n\u00b013\"}]},{\"@type\":\"WebSite\",\"@id\":\"https:\/\/etival.fr\/#website\",\"url\":\"https:\/\/etival.fr\/\",\"name\":\"Etival-Clairefontaine\",\"description\":\"Informations et actualit\u00e9s de la commune\",\"potentialAction\":[{\"@type\":\"SearchAction\",\"target\":{\"@type\":\"EntryPoint\",\"urlTemplate\":\"https:\/\/etival.fr\/?s={search_term_string}\"},\"query-input\":{\"@type\":\"PropertyValueSpecification\",\"valueRequired\":true,\"valueName\":\"search_term_string\"}}],\"inLanguage\":\"fr-FR\"},{\"@type\":\"Person\",\"@id\":\"https:\/\/etival.fr\/#\/schema\/person\/966767531f422984430588510b8d4c3f\",\"name\":\"Catherine\",\"image\":{\"@type\":\"ImageObject\",\"inLanguage\":\"fr-FR\",\"@id\":\"https:\/\/etival.fr\/#\/schema\/person\/image\/\",\"url\":\"https:\/\/secure.gravatar.com\/avatar\/b99eff3bf59bd614e6c532df451dc649?s=96&d=mm&r=g\",\"contentUrl\":\"https:\/\/secure.gravatar.com\/avatar\/b99eff3bf59bd614e6c532df451dc649?s=96&d=mm&r=g\",\"caption\":\"Catherine\"},\"url\":\"https:\/\/etival.fr\/?author=2\"}]}<\/script>\n<!-- \/ Yoast SEO plugin. -->","yoast_head_json":{"title":"Pr\u00e9sentation des Cahiers du Ban n\u00b013 - Etival-Clairefontaine","robots":{"index":"index","follow":"follow","max-snippet":"max-snippet:-1","max-image-preview":"max-image-preview:large","max-video-preview":"max-video-preview:-1"},"canonical":"https:\/\/etival.fr\/?p=10610","og_locale":"fr_FR","og_type":"article","og_title":"Pr\u00e9sentation des Cahiers du Ban n\u00b013 - Etival-Clairefontaine","og_description":"Les Amis du Ban d\u2019\u00c9tival ont le plaisir de vous inviter \u00e0 la pr\u00e9sentation du nouveau num\u00e9ro des Cahiers du Ban (d\u00e9j\u00e0 le num\u00e9ro 13\u00a0!) qui vient de para\u00eetre Le samedi 26 novembre 2022 \u00e0 15h\u00e0 la salle Bernasconi 8 Cour des Moines Dans ce num\u00e9ro, figurent trois articles\u00a0:&#8211;\u00a0\u00a0\u00a0\u00a0\u00a0\u00a0\u00a0En marche vers sainte Odile (suite et [&hellip;]","og_url":"https:\/\/etival.fr\/?p=10610","og_site_name":"Etival-Clairefontaine","article_published_time":"2022-11-22T06:42:04+00:00","article_modified_time":"2022-11-22T08:10:28+00:00","og_image":[{"url":"http:\/\/etival.fr\/wp-content\/uploads\/2022\/11\/vitrail-4.jpg","type":"","width":"","height":""}],"author":"Catherine","twitter_card":"summary_large_image","twitter_misc":{"\u00c9crit par":"Catherine","Dur\u00e9e de lecture estim\u00e9e":"2 minutes"},"schema":{"@context":"https:\/\/schema.org","@graph":[{"@type":"Article","@id":"https:\/\/etival.fr\/?p=10610#article","isPartOf":{"@id":"https:\/\/etival.fr\/?p=10610"},"author":{"name":"Catherine","@id":"https:\/\/etival.fr\/#\/schema\/person\/966767531f422984430588510b8d4c3f"},"headline":"Pr\u00e9sentation des Cahiers du Ban n\u00b013","datePublished":"2022-11-22T06:42:04+00:00","dateModified":"2022-11-22T08:10:28+00:00","mainEntityOfPage":{"@id":"https:\/\/etival.fr\/?p=10610"},"wordCount":212,"image":{"@id":"https:\/\/etival.fr\/?p=10610#primaryimage"},"thumbnailUrl":"http:\/\/etival.fr\/wp-content\/uploads\/2022\/11\/vitrail-4.jpg","articleSection":["Informations Associations"],"inLanguage":"fr-FR"},{"@type":"WebPage","@id":"https:\/\/etival.fr\/?p=10610","url":"https:\/\/etival.fr\/?p=10610","name":"Pr\u00e9sentation des Cahiers du Ban n\u00b013 - Etival-Clairefontaine","isPartOf":{"@id":"https:\/\/etival.fr\/#website"},"primaryImageOfPage":{"@id":"https:\/\/etival.fr\/?p=10610#primaryimage"},"image":{"@id":"https:\/\/etival.fr\/?p=10610#primaryimage"},"thumbnailUrl":"http:\/\/etival.fr\/wp-content\/uploads\/2022\/11\/vitrail-4.jpg","datePublished":"2022-11-22T06:42:04+00:00","dateModified":"2022-11-22T08:10:28+00:00","author":{"@id":"https:\/\/etival.fr\/#\/schema\/person\/966767531f422984430588510b8d4c3f"},"breadcrumb":{"@id":"https:\/\/etival.fr\/?p=10610#breadcrumb"},"inLanguage":"fr-FR","potentialAction":[{"@type":"ReadAction","target":["https:\/\/etival.fr\/?p=10610"]}]},{"@type":"ImageObject","inLanguage":"fr-FR","@id":"https:\/\/etival.fr\/?p=10610#primaryimage","url":"https:\/\/etival.fr\/wp-content\/uploads\/2022\/11\/vitrail-4.jpg","contentUrl":"https:\/\/etival.fr\/wp-content\/uploads\/2022\/11\/vitrail-4.jpg","width":505,"height":429},{"@type":"BreadcrumbList","@id":"https:\/\/etival.fr\/?p=10610#breadcrumb","itemListElement":[{"@type":"ListItem","position":1,"name":"Accueil","item":"https:\/\/etival.fr\/"},{"@type":"ListItem","position":2,"name":"Pr\u00e9sentation des Cahiers du Ban n\u00b013"}]},{"@type":"WebSite","@id":"https:\/\/etival.fr\/#website","url":"https:\/\/etival.fr\/","name":"Etival-Clairefontaine","description":"Informations et actualit\u00e9s de la commune","potentialAction":[{"@type":"SearchAction","target":{"@type":"EntryPoint","urlTemplate":"https:\/\/etival.fr\/?s={search_term_string}"},"query-input":{"@type":"PropertyValueSpecification","valueRequired":true,"valueName":"search_term_string"}}],"inLanguage":"fr-FR"},{"@type":"Person","@id":"https:\/\/etival.fr\/#\/schema\/person\/966767531f422984430588510b8d4c3f","name":"Catherine","image":{"@type":"ImageObject","inLanguage":"fr-FR","@id":"https:\/\/etival.fr\/#\/schema\/person\/image\/","url":"https:\/\/secure.gravatar.com\/avatar\/b99eff3bf59bd614e6c532df451dc649?s=96&d=mm&r=g","contentUrl":"https:\/\/secure.gravatar.com\/avatar\/b99eff3bf59bd614e6c532df451dc649?s=96&d=mm&r=g","caption":"Catherine"},"url":"https:\/\/etival.fr\/?author=2"}]}},"_links":{"self":[{"href":"https:\/\/etival.fr\/index.php?rest_route=\/wp\/v2\/posts\/10610","targetHints":{"allow":["GET"]}}],"collection":[{"href":"https:\/\/etival.fr\/index.php?rest_route=\/wp\/v2\/posts"}],"about":[{"href":"https:\/\/etival.fr\/index.php?rest_route=\/wp\/v2\/types\/post"}],"author":[{"embeddable":true,"href":"https:\/\/etival.fr\/index.php?rest_route=\/wp\/v2\/users\/2"}],"replies":[{"embeddable":true,"href":"https:\/\/etival.fr\/index.php?rest_route=%2Fwp%2Fv2%2Fcomments&post=10610"}],"version-history":[{"count":5,"href":"https:\/\/etival.fr\/index.php?rest_route=\/wp\/v2\/posts\/10610\/revisions"}],"predecessor-version":[{"id":10623,"href":"https:\/\/etival.fr\/index.php?rest_route=\/wp\/v2\/posts\/10610\/revisions\/10623"}],"wp:attachment":[{"href":"https:\/\/etival.fr\/index.php?rest_route=%2Fwp%2Fv2%2Fmedia&parent=10610"}],"wp:term":[{"taxonomy":"category","embeddable":true,"href":"https:\/\/etival.fr\/index.php?rest_route=%2Fwp%2Fv2%2Fcategories&post=10610"},{"taxonomy":"post_tag","embeddable":true,"href":"https:\/\/etival.fr\/index.php?rest_route=%2Fwp%2Fv2%2Ftags&post=10610"}],"curies":[{"name":"wp","href":"https:\/\/api.w.org\/{rel}","templated":true}]}}