{"id":10657,"date":"2022-12-06T08:06:00","date_gmt":"2022-12-06T07:06:00","guid":{"rendered":"http:\/\/etival.fr\/?p=10657"},"modified":"2022-12-06T08:22:30","modified_gmt":"2022-12-06T07:22:30","slug":"un-petit-detour-par-la-boutique-ephemere-et-le-chalet","status":"publish","type":"post","link":"https:\/\/etival.fr\/?p=10657","title":{"rendered":"Un petit d\u00e9tour par la boutique \u00e9ph\u00e9m\u00e8re &#038; le chalet&#8230;"},"content":{"rendered":"\n<p><em>Article Vosges matin du mardi 6 d\u00e9cembre<\/em><\/p>\n\n\n\n<p>Horaires d&rsquo;ouverture : mercredi, vendredi, samedi &amp; dimanche de 9h \u00e0 12h et de 14h \u00e0 18h30.<\/p>\n\n\n\n<figure class=\"wp-block-image size-large\"><a href=\"http:\/\/etival.fr\/wp-content\/uploads\/2022\/12\/article-1.jpg\"><img loading=\"lazy\" decoding=\"async\" width=\"808\" height=\"1024\" src=\"http:\/\/etival.fr\/wp-content\/uploads\/2022\/12\/article-1-808x1024.jpg\" alt=\"\" class=\"wp-image-10658\" srcset=\"https:\/\/etival.fr\/wp-content\/uploads\/2022\/12\/article-1-808x1024.jpg 808w, https:\/\/etival.fr\/wp-content\/uploads\/2022\/12\/article-1-237x300.jpg 237w, https:\/\/etival.fr\/wp-content\/uploads\/2022\/12\/article-1-768x974.jpg 768w, https:\/\/etival.fr\/wp-content\/uploads\/2022\/12\/article-1-624x791.jpg 624w, https:\/\/etival.fr\/wp-content\/uploads\/2022\/12\/article-1.jpg 1164w\" sizes=\"auto, (max-width: 808px) 100vw, 808px\" \/><\/a><\/figure>\n\n\n<div class=\"wp-block-image\">\n<figure class=\"aligncenter size-large is-resized\"><a href=\"http:\/\/etival.fr\/wp-content\/uploads\/2022\/12\/AFFICHE-CHALET.jpg\"><img loading=\"lazy\" decoding=\"async\" src=\"http:\/\/etival.fr\/wp-content\/uploads\/2022\/12\/AFFICHE-CHALET-1024x724.jpg\" alt=\"\" class=\"wp-image-10664\" width=\"441\" height=\"311\" srcset=\"https:\/\/etival.fr\/wp-content\/uploads\/2022\/12\/AFFICHE-CHALET-1024x724.jpg 1024w, https:\/\/etival.fr\/wp-content\/uploads\/2022\/12\/AFFICHE-CHALET-300x212.jpg 300w, https:\/\/etival.fr\/wp-content\/uploads\/2022\/12\/AFFICHE-CHALET-768x543.jpg 768w, https:\/\/etival.fr\/wp-content\/uploads\/2022\/12\/AFFICHE-CHALET-1536x1086.jpg 1536w, https:\/\/etival.fr\/wp-content\/uploads\/2022\/12\/AFFICHE-CHALET-2048x1448.jpg 2048w, https:\/\/etival.fr\/wp-content\/uploads\/2022\/12\/AFFICHE-CHALET-624x441.jpg 624w\" sizes=\"auto, (max-width: 441px) 100vw, 441px\" \/><\/a><\/figure><\/div>\n\n\n<p class=\"has-vivid-red-color has-text-color has-medium-font-size\"><strong>N&rsquo;oubliez pas le concours de dessin :<\/strong><\/p>\n\n\n<div class=\"wp-block-image\">\n<figure class=\"aligncenter size-large is-resized\"><a href=\"http:\/\/etival.fr\/wp-content\/uploads\/2022\/12\/AFFICHE-A4-scaled.jpg\"><img loading=\"lazy\" decoding=\"async\" src=\"http:\/\/etival.fr\/wp-content\/uploads\/2022\/12\/AFFICHE-A4-735x1024.jpg\" alt=\"\" class=\"wp-image-10659\" width=\"440\" height=\"613\" srcset=\"https:\/\/etival.fr\/wp-content\/uploads\/2022\/12\/AFFICHE-A4-735x1024.jpg 735w, https:\/\/etival.fr\/wp-content\/uploads\/2022\/12\/AFFICHE-A4-215x300.jpg 215w, https:\/\/etival.fr\/wp-content\/uploads\/2022\/12\/AFFICHE-A4-768x1070.jpg 768w, https:\/\/etival.fr\/wp-content\/uploads\/2022\/12\/AFFICHE-A4-1103x1536.jpg 1103w, https:\/\/etival.fr\/wp-content\/uploads\/2022\/12\/AFFICHE-A4-1470x2048.jpg 1470w, https:\/\/etival.fr\/wp-content\/uploads\/2022\/12\/AFFICHE-A4-624x869.jpg 624w, https:\/\/etival.fr\/wp-content\/uploads\/2022\/12\/AFFICHE-A4-scaled.jpg 1838w\" sizes=\"auto, (max-width: 440px) 100vw, 440px\" \/><\/a><figcaption>Les lutins sont venus installer en toute discr\u00e9tion <br>la bo\u00eete aux lettres du P\u00e8re No\u00ebl.<br>Vous pouvez y d\u00e9poser vos lettres et dessins.<br>Elle est install\u00e9e \u00e0 l&rsquo;int\u00e9rieur de la boutique \u00e9ph\u00e9m\u00e8re <br>au 13, Place Abbatiale. <\/figcaption><\/figure><\/div>","protected":false},"excerpt":{"rendered":"<p>Article Vosges matin du mardi 6 d\u00e9cembre Horaires d&rsquo;ouverture : mercredi, vendredi, samedi &amp; dimanche de 9h \u00e0 12h et de 14h \u00e0 18h30. N&rsquo;oubliez pas le concours de dessin :<\/p>\n","protected":false},"author":2,"featured_media":0,"comment_status":"closed","ping_status":"open","sticky":false,"template":"","format":"standard","meta":{"footnotes":""},"categories":[6],"tags":[],"class_list":["post-10657","post","type-post","status-publish","format-standard","hentry","category-informations-municipales"],"yoast_head":"<!-- This site is optimized with the Yoast SEO plugin v26.8 - https:\/\/yoast.com\/product\/yoast-seo-wordpress\/ -->\n<title>Un petit d\u00e9tour par la boutique \u00e9ph\u00e9m\u00e8re &amp; le chalet... - Etival-Clairefontaine<\/title>\n<meta name=\"robots\" content=\"index, follow, max-snippet:-1, max-image-preview:large, max-video-preview:-1\" \/>\n<link rel=\"canonical\" href=\"https:\/\/etival.fr\/?p=10657\" \/>\n<meta property=\"og:locale\" content=\"fr_FR\" \/>\n<meta property=\"og:type\" content=\"article\" \/>\n<meta property=\"og:title\" content=\"Un petit d\u00e9tour par la boutique \u00e9ph\u00e9m\u00e8re &amp; le chalet... - Etival-Clairefontaine\" \/>\n<meta property=\"og:description\" content=\"Article Vosges matin du mardi 6 d\u00e9cembre Horaires d&rsquo;ouverture : mercredi, vendredi, samedi &amp; dimanche de 9h \u00e0 12h et de 14h \u00e0 18h30. N&rsquo;oubliez pas le concours de dessin :\" \/>\n<meta property=\"og:url\" content=\"https:\/\/etival.fr\/?p=10657\" \/>\n<meta property=\"og:site_name\" content=\"Etival-Clairefontaine\" \/>\n<meta property=\"article:published_time\" content=\"2022-12-06T07:06:00+00:00\" \/>\n<meta property=\"article:modified_time\" content=\"2022-12-06T07:22:30+00:00\" \/>\n<meta property=\"og:image\" content=\"http:\/\/etival.fr\/wp-content\/uploads\/2022\/12\/article-1-808x1024.jpg\" \/>\n<meta name=\"author\" content=\"Catherine\" \/>\n<meta name=\"twitter:card\" content=\"summary_large_image\" \/>\n<meta name=\"twitter:label1\" content=\"\u00c9crit par\" \/>\n\t<meta name=\"twitter:data1\" content=\"Catherine\" \/>\n\t<meta name=\"twitter:label2\" content=\"Dur\u00e9e de lecture estim\u00e9e\" \/>\n\t<meta name=\"twitter:data2\" content=\"1 minute\" \/>\n<script type=\"application\/ld+json\" class=\"yoast-schema-graph\">{\"@context\":\"https:\/\/schema.org\",\"@graph\":[{\"@type\":\"Article\",\"@id\":\"https:\/\/etival.fr\/?p=10657#article\",\"isPartOf\":{\"@id\":\"https:\/\/etival.fr\/?p=10657\"},\"author\":{\"name\":\"Catherine\",\"@id\":\"https:\/\/etival.fr\/#\/schema\/person\/966767531f422984430588510b8d4c3f\"},\"headline\":\"Un petit d\u00e9tour par la boutique \u00e9ph\u00e9m\u00e8re &#038; le chalet&#8230;\",\"datePublished\":\"2022-12-06T07:06:00+00:00\",\"dateModified\":\"2022-12-06T07:22:30+00:00\",\"mainEntityOfPage\":{\"@id\":\"https:\/\/etival.fr\/?p=10657\"},\"wordCount\":85,\"image\":{\"@id\":\"https:\/\/etival.fr\/?p=10657#primaryimage\"},\"thumbnailUrl\":\"http:\/\/etival.fr\/wp-content\/uploads\/2022\/12\/article-1-808x1024.jpg\",\"articleSection\":[\"Informations Municipales\"],\"inLanguage\":\"fr-FR\"},{\"@type\":\"WebPage\",\"@id\":\"https:\/\/etival.fr\/?p=10657\",\"url\":\"https:\/\/etival.fr\/?p=10657\",\"name\":\"Un petit d\u00e9tour par la boutique \u00e9ph\u00e9m\u00e8re & le chalet... - Etival-Clairefontaine\",\"isPartOf\":{\"@id\":\"https:\/\/etival.fr\/#website\"},\"primaryImageOfPage\":{\"@id\":\"https:\/\/etival.fr\/?p=10657#primaryimage\"},\"image\":{\"@id\":\"https:\/\/etival.fr\/?p=10657#primaryimage\"},\"thumbnailUrl\":\"http:\/\/etival.fr\/wp-content\/uploads\/2022\/12\/article-1-808x1024.jpg\",\"datePublished\":\"2022-12-06T07:06:00+00:00\",\"dateModified\":\"2022-12-06T07:22:30+00:00\",\"author\":{\"@id\":\"https:\/\/etival.fr\/#\/schema\/person\/966767531f422984430588510b8d4c3f\"},\"breadcrumb\":{\"@id\":\"https:\/\/etival.fr\/?p=10657#breadcrumb\"},\"inLanguage\":\"fr-FR\",\"potentialAction\":[{\"@type\":\"ReadAction\",\"target\":[\"https:\/\/etival.fr\/?p=10657\"]}]},{\"@type\":\"ImageObject\",\"inLanguage\":\"fr-FR\",\"@id\":\"https:\/\/etival.fr\/?p=10657#primaryimage\",\"url\":\"https:\/\/etival.fr\/wp-content\/uploads\/2022\/12\/article-1.jpg\",\"contentUrl\":\"https:\/\/etival.fr\/wp-content\/uploads\/2022\/12\/article-1.jpg\",\"width\":1164,\"height\":1476},{\"@type\":\"BreadcrumbList\",\"@id\":\"https:\/\/etival.fr\/?p=10657#breadcrumb\",\"itemListElement\":[{\"@type\":\"ListItem\",\"position\":1,\"name\":\"Accueil\",\"item\":\"https:\/\/etival.fr\/\"},{\"@type\":\"ListItem\",\"position\":2,\"name\":\"Un petit d\u00e9tour par la boutique \u00e9ph\u00e9m\u00e8re &#038; le chalet&#8230;\"}]},{\"@type\":\"WebSite\",\"@id\":\"https:\/\/etival.fr\/#website\",\"url\":\"https:\/\/etival.fr\/\",\"name\":\"Etival-Clairefontaine\",\"description\":\"Informations et actualit\u00e9s de la commune\",\"potentialAction\":[{\"@type\":\"SearchAction\",\"target\":{\"@type\":\"EntryPoint\",\"urlTemplate\":\"https:\/\/etival.fr\/?s={search_term_string}\"},\"query-input\":{\"@type\":\"PropertyValueSpecification\",\"valueRequired\":true,\"valueName\":\"search_term_string\"}}],\"inLanguage\":\"fr-FR\"},{\"@type\":\"Person\",\"@id\":\"https:\/\/etival.fr\/#\/schema\/person\/966767531f422984430588510b8d4c3f\",\"name\":\"Catherine\",\"image\":{\"@type\":\"ImageObject\",\"inLanguage\":\"fr-FR\",\"@id\":\"https:\/\/etival.fr\/#\/schema\/person\/image\/\",\"url\":\"https:\/\/secure.gravatar.com\/avatar\/b99eff3bf59bd614e6c532df451dc649?s=96&d=mm&r=g\",\"contentUrl\":\"https:\/\/secure.gravatar.com\/avatar\/b99eff3bf59bd614e6c532df451dc649?s=96&d=mm&r=g\",\"caption\":\"Catherine\"},\"url\":\"https:\/\/etival.fr\/?author=2\"}]}<\/script>\n<!-- \/ Yoast SEO plugin. -->","yoast_head_json":{"title":"Un petit d\u00e9tour par la boutique \u00e9ph\u00e9m\u00e8re & le chalet... - Etival-Clairefontaine","robots":{"index":"index","follow":"follow","max-snippet":"max-snippet:-1","max-image-preview":"max-image-preview:large","max-video-preview":"max-video-preview:-1"},"canonical":"https:\/\/etival.fr\/?p=10657","og_locale":"fr_FR","og_type":"article","og_title":"Un petit d\u00e9tour par la boutique \u00e9ph\u00e9m\u00e8re & le chalet... - Etival-Clairefontaine","og_description":"Article Vosges matin du mardi 6 d\u00e9cembre Horaires d&rsquo;ouverture : mercredi, vendredi, samedi &amp; dimanche de 9h \u00e0 12h et de 14h \u00e0 18h30. N&rsquo;oubliez pas le concours de dessin :","og_url":"https:\/\/etival.fr\/?p=10657","og_site_name":"Etival-Clairefontaine","article_published_time":"2022-12-06T07:06:00+00:00","article_modified_time":"2022-12-06T07:22:30+00:00","og_image":[{"url":"http:\/\/etival.fr\/wp-content\/uploads\/2022\/12\/article-1-808x1024.jpg","type":"","width":"","height":""}],"author":"Catherine","twitter_card":"summary_large_image","twitter_misc":{"\u00c9crit par":"Catherine","Dur\u00e9e de lecture estim\u00e9e":"1 minute"},"schema":{"@context":"https:\/\/schema.org","@graph":[{"@type":"Article","@id":"https:\/\/etival.fr\/?p=10657#article","isPartOf":{"@id":"https:\/\/etival.fr\/?p=10657"},"author":{"name":"Catherine","@id":"https:\/\/etival.fr\/#\/schema\/person\/966767531f422984430588510b8d4c3f"},"headline":"Un petit d\u00e9tour par la boutique \u00e9ph\u00e9m\u00e8re &#038; le chalet&#8230;","datePublished":"2022-12-06T07:06:00+00:00","dateModified":"2022-12-06T07:22:30+00:00","mainEntityOfPage":{"@id":"https:\/\/etival.fr\/?p=10657"},"wordCount":85,"image":{"@id":"https:\/\/etival.fr\/?p=10657#primaryimage"},"thumbnailUrl":"http:\/\/etival.fr\/wp-content\/uploads\/2022\/12\/article-1-808x1024.jpg","articleSection":["Informations Municipales"],"inLanguage":"fr-FR"},{"@type":"WebPage","@id":"https:\/\/etival.fr\/?p=10657","url":"https:\/\/etival.fr\/?p=10657","name":"Un petit d\u00e9tour par la boutique \u00e9ph\u00e9m\u00e8re & le chalet... - Etival-Clairefontaine","isPartOf":{"@id":"https:\/\/etival.fr\/#website"},"primaryImageOfPage":{"@id":"https:\/\/etival.fr\/?p=10657#primaryimage"},"image":{"@id":"https:\/\/etival.fr\/?p=10657#primaryimage"},"thumbnailUrl":"http:\/\/etival.fr\/wp-content\/uploads\/2022\/12\/article-1-808x1024.jpg","datePublished":"2022-12-06T07:06:00+00:00","dateModified":"2022-12-06T07:22:30+00:00","author":{"@id":"https:\/\/etival.fr\/#\/schema\/person\/966767531f422984430588510b8d4c3f"},"breadcrumb":{"@id":"https:\/\/etival.fr\/?p=10657#breadcrumb"},"inLanguage":"fr-FR","potentialAction":[{"@type":"ReadAction","target":["https:\/\/etival.fr\/?p=10657"]}]},{"@type":"ImageObject","inLanguage":"fr-FR","@id":"https:\/\/etival.fr\/?p=10657#primaryimage","url":"https:\/\/etival.fr\/wp-content\/uploads\/2022\/12\/article-1.jpg","contentUrl":"https:\/\/etival.fr\/wp-content\/uploads\/2022\/12\/article-1.jpg","width":1164,"height":1476},{"@type":"BreadcrumbList","@id":"https:\/\/etival.fr\/?p=10657#breadcrumb","itemListElement":[{"@type":"ListItem","position":1,"name":"Accueil","item":"https:\/\/etival.fr\/"},{"@type":"ListItem","position":2,"name":"Un petit d\u00e9tour par la boutique \u00e9ph\u00e9m\u00e8re &#038; le chalet&#8230;"}]},{"@type":"WebSite","@id":"https:\/\/etival.fr\/#website","url":"https:\/\/etival.fr\/","name":"Etival-Clairefontaine","description":"Informations et actualit\u00e9s de la commune","potentialAction":[{"@type":"SearchAction","target":{"@type":"EntryPoint","urlTemplate":"https:\/\/etival.fr\/?s={search_term_string}"},"query-input":{"@type":"PropertyValueSpecification","valueRequired":true,"valueName":"search_term_string"}}],"inLanguage":"fr-FR"},{"@type":"Person","@id":"https:\/\/etival.fr\/#\/schema\/person\/966767531f422984430588510b8d4c3f","name":"Catherine","image":{"@type":"ImageObject","inLanguage":"fr-FR","@id":"https:\/\/etival.fr\/#\/schema\/person\/image\/","url":"https:\/\/secure.gravatar.com\/avatar\/b99eff3bf59bd614e6c532df451dc649?s=96&d=mm&r=g","contentUrl":"https:\/\/secure.gravatar.com\/avatar\/b99eff3bf59bd614e6c532df451dc649?s=96&d=mm&r=g","caption":"Catherine"},"url":"https:\/\/etival.fr\/?author=2"}]}},"_links":{"self":[{"href":"https:\/\/etival.fr\/index.php?rest_route=\/wp\/v2\/posts\/10657","targetHints":{"allow":["GET"]}}],"collection":[{"href":"https:\/\/etival.fr\/index.php?rest_route=\/wp\/v2\/posts"}],"about":[{"href":"https:\/\/etival.fr\/index.php?rest_route=\/wp\/v2\/types\/post"}],"author":[{"embeddable":true,"href":"https:\/\/etival.fr\/index.php?rest_route=\/wp\/v2\/users\/2"}],"replies":[{"embeddable":true,"href":"https:\/\/etival.fr\/index.php?rest_route=%2Fwp%2Fv2%2Fcomments&post=10657"}],"version-history":[{"count":5,"href":"https:\/\/etival.fr\/index.php?rest_route=\/wp\/v2\/posts\/10657\/revisions"}],"predecessor-version":[{"id":10666,"href":"https:\/\/etival.fr\/index.php?rest_route=\/wp\/v2\/posts\/10657\/revisions\/10666"}],"wp:attachment":[{"href":"https:\/\/etival.fr\/index.php?rest_route=%2Fwp%2Fv2%2Fmedia&parent=10657"}],"wp:term":[{"taxonomy":"category","embeddable":true,"href":"https:\/\/etival.fr\/index.php?rest_route=%2Fwp%2Fv2%2Fcategories&post=10657"},{"taxonomy":"post_tag","embeddable":true,"href":"https:\/\/etival.fr\/index.php?rest_route=%2Fwp%2Fv2%2Ftags&post=10657"}],"curies":[{"name":"wp","href":"https:\/\/api.w.org\/{rel}","templated":true}]}}