{"id":10703,"date":"2023-06-01T06:00:00","date_gmt":"2023-06-01T05:00:00","guid":{"rendered":"http:\/\/etival.fr\/?p=10703"},"modified":"2023-06-01T09:30:34","modified_gmt":"2023-06-01T08:30:34","slug":"conseil-municipal-8","status":"publish","type":"post","link":"https:\/\/etival.fr\/?p=10703","title":{"rendered":"C&rsquo;est ce soir : Conseil Municipal"},"content":{"rendered":"\n<figure class=\"wp-block-image size-full is-resized\"><a href=\"http:\/\/etival.fr\/wp-content\/uploads\/2023\/01\/conseil.jpg\"><img loading=\"lazy\" decoding=\"async\" src=\"http:\/\/etival.fr\/wp-content\/uploads\/2023\/01\/conseil.jpg\" alt=\"\" class=\"wp-image-10711\" width=\"78\" height=\"78\" srcset=\"https:\/\/etival.fr\/wp-content\/uploads\/2023\/01\/conseil.jpg 200w, https:\/\/etival.fr\/wp-content\/uploads\/2023\/01\/conseil-150x150.jpg 150w\" sizes=\"auto, (max-width: 78px) 100vw, 78px\" \/><\/a><\/figure>\n\n\n\n<p>Le Conseil Municipal d&rsquo;\u00c9tival-Clairefontaine se r\u00e9unira le jeudi 1er juin 2023 \u00e0 20h00.<br><strong>Salle des F\u00eates Edmond Cunin.<\/strong><\/p>\n\n\n\n<p>L\u2019ordre du jour sera le suivant :<br>APPEL NOMINAL POUR VERIFICATION DU QUORUM<br>DESIGNATION DU SECRETAIRE DE SEANCE<\/p>\n\n\n\n<ol class=\"wp-block-list\">\n<li>Approbation du compte-rendu de la derni\u00e8re s\u00e9ance.<\/li>\n\n\n\n<li>D\u00e9cision modificative n\u00b0 1 du Budget Principal dans le cadre de travaux de r\u00e9habilitation dans un logement communal.<\/li>\n\n\n\n<li>Contractualisation d\u2019un pr\u00eat bancaire pour financer une partie des travaux de cr\u00e9ation du groupe scolaire.<\/li>\n\n\n\n<li>Enfouissement des r\u00e9seaux secs avenue de Bellefontaine : d\u00e9termination de la participation financi\u00e8re communale pr\u00e9visionnelle concernant le r\u00e9seau t\u00e9l\u00e9phonique.<\/li>\n\n\n\n<li>Convention cadre de mise \u00e0 disposition de personnel contractuel par le service de missions temporaires du centre de gestion d\u00e9partemental de la Fonction Publique Territoriale, dans le cadre du remplacement d\u2019un agent des services techniques en disponibilit\u00e9.<\/li>\n\n\n\n<li>Demande de subvention \u00e0 la r\u00e9gion Grand-Est pour financer une partie des co\u00fbts d\u2019acquisition et d\u2019installation de nouvelles cam\u00e9ras de vid\u00e9oprotection.<\/li>\n\n\n\n<li>Renouvellement d\u2019engagement \u00e0 la certification foresti\u00e8re PEFC.<\/li>\n\n\n\n<li>Renouvellement du contrat d\u2019entretien de l\u2019orgue de l\u2019\u00e9glise abbatiale avec la Manufacture Vosgienne de Grandes Orgues.<\/li>\n\n\n\n<li>Nouveaux \u00e9l\u00e9ments concernant la comp\u00e9tence IRVE propos\u00e9e par le Syndicat D\u00e9partemental d\u2019Electricit\u00e9 des Vosges (SDEV).<\/li>\n\n\n\n<li>Tirage des jur\u00e9s d\u2019assises pour l\u2019ann\u00e9e 2024.<\/li>\n\n\n\n<li>Questions et informations diverses.<\/li>\n<\/ol>\n\n\n\n<p><\/p>\n\n\n\n<p><\/p>\n\n\n\n<p><\/p>\n","protected":false},"excerpt":{"rendered":"<p>Le Conseil Municipal d&rsquo;\u00c9tival-Clairefontaine se r\u00e9unira le jeudi 1er juin 2023 \u00e0 20h00.Salle des F\u00eates Edmond Cunin. L\u2019ordre du jour sera le suivant :APPEL NOMINAL POUR VERIFICATION DU QUORUMDESIGNATION DU SECRETAIRE DE SEANCE<\/p>\n","protected":false},"author":2,"featured_media":0,"comment_status":"closed","ping_status":"open","sticky":false,"template":"","format":"standard","meta":{"footnotes":""},"categories":[6],"tags":[],"class_list":["post-10703","post","type-post","status-publish","format-standard","hentry","category-informations-municipales"],"yoast_head":"<!-- This site is optimized with the Yoast SEO plugin v26.8 - https:\/\/yoast.com\/product\/yoast-seo-wordpress\/ -->\n<title>C&#039;est ce soir : Conseil Municipal - Etival-Clairefontaine<\/title>\n<meta name=\"robots\" content=\"index, follow, max-snippet:-1, max-image-preview:large, max-video-preview:-1\" \/>\n<link rel=\"canonical\" href=\"https:\/\/etival.fr\/?p=10703\" \/>\n<meta property=\"og:locale\" content=\"fr_FR\" \/>\n<meta property=\"og:type\" content=\"article\" \/>\n<meta property=\"og:title\" content=\"C&#039;est ce soir : Conseil Municipal - Etival-Clairefontaine\" \/>\n<meta property=\"og:description\" content=\"Le Conseil Municipal d&rsquo;\u00c9tival-Clairefontaine se r\u00e9unira le jeudi 1er juin 2023 \u00e0 20h00.Salle des F\u00eates Edmond Cunin. L\u2019ordre du jour sera le suivant :APPEL NOMINAL POUR VERIFICATION DU QUORUMDESIGNATION DU SECRETAIRE DE SEANCE\" \/>\n<meta property=\"og:url\" content=\"https:\/\/etival.fr\/?p=10703\" \/>\n<meta property=\"og:site_name\" content=\"Etival-Clairefontaine\" \/>\n<meta property=\"article:published_time\" content=\"2023-06-01T05:00:00+00:00\" \/>\n<meta property=\"article:modified_time\" content=\"2023-06-01T08:30:34+00:00\" \/>\n<meta property=\"og:image\" content=\"http:\/\/etival.fr\/wp-content\/uploads\/2023\/01\/conseil.jpg\" \/>\n<meta name=\"author\" content=\"Catherine\" \/>\n<meta name=\"twitter:card\" content=\"summary_large_image\" \/>\n<meta name=\"twitter:label1\" content=\"\u00c9crit par\" \/>\n\t<meta name=\"twitter:data1\" content=\"Catherine\" \/>\n\t<meta name=\"twitter:label2\" content=\"Dur\u00e9e de lecture estim\u00e9e\" \/>\n\t<meta name=\"twitter:data2\" content=\"2 minutes\" \/>\n<script type=\"application\/ld+json\" class=\"yoast-schema-graph\">{\"@context\":\"https:\/\/schema.org\",\"@graph\":[{\"@type\":\"Article\",\"@id\":\"https:\/\/etival.fr\/?p=10703#article\",\"isPartOf\":{\"@id\":\"https:\/\/etival.fr\/?p=10703\"},\"author\":{\"name\":\"Catherine\",\"@id\":\"https:\/\/etival.fr\/#\/schema\/person\/966767531f422984430588510b8d4c3f\"},\"headline\":\"C&rsquo;est ce soir : Conseil Municipal\",\"datePublished\":\"2023-06-01T05:00:00+00:00\",\"dateModified\":\"2023-06-01T08:30:34+00:00\",\"mainEntityOfPage\":{\"@id\":\"https:\/\/etival.fr\/?p=10703\"},\"wordCount\":238,\"image\":{\"@id\":\"https:\/\/etival.fr\/?p=10703#primaryimage\"},\"thumbnailUrl\":\"http:\/\/etival.fr\/wp-content\/uploads\/2023\/01\/conseil.jpg\",\"articleSection\":[\"Informations Municipales\"],\"inLanguage\":\"fr-FR\"},{\"@type\":\"WebPage\",\"@id\":\"https:\/\/etival.fr\/?p=10703\",\"url\":\"https:\/\/etival.fr\/?p=10703\",\"name\":\"C'est ce soir : Conseil Municipal - Etival-Clairefontaine\",\"isPartOf\":{\"@id\":\"https:\/\/etival.fr\/#website\"},\"primaryImageOfPage\":{\"@id\":\"https:\/\/etival.fr\/?p=10703#primaryimage\"},\"image\":{\"@id\":\"https:\/\/etival.fr\/?p=10703#primaryimage\"},\"thumbnailUrl\":\"http:\/\/etival.fr\/wp-content\/uploads\/2023\/01\/conseil.jpg\",\"datePublished\":\"2023-06-01T05:00:00+00:00\",\"dateModified\":\"2023-06-01T08:30:34+00:00\",\"author\":{\"@id\":\"https:\/\/etival.fr\/#\/schema\/person\/966767531f422984430588510b8d4c3f\"},\"breadcrumb\":{\"@id\":\"https:\/\/etival.fr\/?p=10703#breadcrumb\"},\"inLanguage\":\"fr-FR\",\"potentialAction\":[{\"@type\":\"ReadAction\",\"target\":[\"https:\/\/etival.fr\/?p=10703\"]}]},{\"@type\":\"ImageObject\",\"inLanguage\":\"fr-FR\",\"@id\":\"https:\/\/etival.fr\/?p=10703#primaryimage\",\"url\":\"https:\/\/etival.fr\/wp-content\/uploads\/2023\/01\/conseil.jpg\",\"contentUrl\":\"https:\/\/etival.fr\/wp-content\/uploads\/2023\/01\/conseil.jpg\",\"width\":200,\"height\":200},{\"@type\":\"BreadcrumbList\",\"@id\":\"https:\/\/etival.fr\/?p=10703#breadcrumb\",\"itemListElement\":[{\"@type\":\"ListItem\",\"position\":1,\"name\":\"Accueil\",\"item\":\"https:\/\/etival.fr\/\"},{\"@type\":\"ListItem\",\"position\":2,\"name\":\"C&rsquo;est ce soir : Conseil Municipal\"}]},{\"@type\":\"WebSite\",\"@id\":\"https:\/\/etival.fr\/#website\",\"url\":\"https:\/\/etival.fr\/\",\"name\":\"Etival-Clairefontaine\",\"description\":\"Informations et actualit\u00e9s de la commune\",\"potentialAction\":[{\"@type\":\"SearchAction\",\"target\":{\"@type\":\"EntryPoint\",\"urlTemplate\":\"https:\/\/etival.fr\/?s={search_term_string}\"},\"query-input\":{\"@type\":\"PropertyValueSpecification\",\"valueRequired\":true,\"valueName\":\"search_term_string\"}}],\"inLanguage\":\"fr-FR\"},{\"@type\":\"Person\",\"@id\":\"https:\/\/etival.fr\/#\/schema\/person\/966767531f422984430588510b8d4c3f\",\"name\":\"Catherine\",\"image\":{\"@type\":\"ImageObject\",\"inLanguage\":\"fr-FR\",\"@id\":\"https:\/\/etival.fr\/#\/schema\/person\/image\/\",\"url\":\"https:\/\/secure.gravatar.com\/avatar\/b99eff3bf59bd614e6c532df451dc649?s=96&d=mm&r=g\",\"contentUrl\":\"https:\/\/secure.gravatar.com\/avatar\/b99eff3bf59bd614e6c532df451dc649?s=96&d=mm&r=g\",\"caption\":\"Catherine\"},\"url\":\"https:\/\/etival.fr\/?author=2\"}]}<\/script>\n<!-- \/ Yoast SEO plugin. -->","yoast_head_json":{"title":"C'est ce soir : Conseil Municipal - Etival-Clairefontaine","robots":{"index":"index","follow":"follow","max-snippet":"max-snippet:-1","max-image-preview":"max-image-preview:large","max-video-preview":"max-video-preview:-1"},"canonical":"https:\/\/etival.fr\/?p=10703","og_locale":"fr_FR","og_type":"article","og_title":"C'est ce soir : Conseil Municipal - Etival-Clairefontaine","og_description":"Le Conseil Municipal d&rsquo;\u00c9tival-Clairefontaine se r\u00e9unira le jeudi 1er juin 2023 \u00e0 20h00.Salle des F\u00eates Edmond Cunin. L\u2019ordre du jour sera le suivant :APPEL NOMINAL POUR VERIFICATION DU QUORUMDESIGNATION DU SECRETAIRE DE SEANCE","og_url":"https:\/\/etival.fr\/?p=10703","og_site_name":"Etival-Clairefontaine","article_published_time":"2023-06-01T05:00:00+00:00","article_modified_time":"2023-06-01T08:30:34+00:00","og_image":[{"url":"http:\/\/etival.fr\/wp-content\/uploads\/2023\/01\/conseil.jpg","type":"","width":"","height":""}],"author":"Catherine","twitter_card":"summary_large_image","twitter_misc":{"\u00c9crit par":"Catherine","Dur\u00e9e de lecture estim\u00e9e":"2 minutes"},"schema":{"@context":"https:\/\/schema.org","@graph":[{"@type":"Article","@id":"https:\/\/etival.fr\/?p=10703#article","isPartOf":{"@id":"https:\/\/etival.fr\/?p=10703"},"author":{"name":"Catherine","@id":"https:\/\/etival.fr\/#\/schema\/person\/966767531f422984430588510b8d4c3f"},"headline":"C&rsquo;est ce soir : Conseil Municipal","datePublished":"2023-06-01T05:00:00+00:00","dateModified":"2023-06-01T08:30:34+00:00","mainEntityOfPage":{"@id":"https:\/\/etival.fr\/?p=10703"},"wordCount":238,"image":{"@id":"https:\/\/etival.fr\/?p=10703#primaryimage"},"thumbnailUrl":"http:\/\/etival.fr\/wp-content\/uploads\/2023\/01\/conseil.jpg","articleSection":["Informations Municipales"],"inLanguage":"fr-FR"},{"@type":"WebPage","@id":"https:\/\/etival.fr\/?p=10703","url":"https:\/\/etival.fr\/?p=10703","name":"C'est ce soir : Conseil Municipal - Etival-Clairefontaine","isPartOf":{"@id":"https:\/\/etival.fr\/#website"},"primaryImageOfPage":{"@id":"https:\/\/etival.fr\/?p=10703#primaryimage"},"image":{"@id":"https:\/\/etival.fr\/?p=10703#primaryimage"},"thumbnailUrl":"http:\/\/etival.fr\/wp-content\/uploads\/2023\/01\/conseil.jpg","datePublished":"2023-06-01T05:00:00+00:00","dateModified":"2023-06-01T08:30:34+00:00","author":{"@id":"https:\/\/etival.fr\/#\/schema\/person\/966767531f422984430588510b8d4c3f"},"breadcrumb":{"@id":"https:\/\/etival.fr\/?p=10703#breadcrumb"},"inLanguage":"fr-FR","potentialAction":[{"@type":"ReadAction","target":["https:\/\/etival.fr\/?p=10703"]}]},{"@type":"ImageObject","inLanguage":"fr-FR","@id":"https:\/\/etival.fr\/?p=10703#primaryimage","url":"https:\/\/etival.fr\/wp-content\/uploads\/2023\/01\/conseil.jpg","contentUrl":"https:\/\/etival.fr\/wp-content\/uploads\/2023\/01\/conseil.jpg","width":200,"height":200},{"@type":"BreadcrumbList","@id":"https:\/\/etival.fr\/?p=10703#breadcrumb","itemListElement":[{"@type":"ListItem","position":1,"name":"Accueil","item":"https:\/\/etival.fr\/"},{"@type":"ListItem","position":2,"name":"C&rsquo;est ce soir : Conseil Municipal"}]},{"@type":"WebSite","@id":"https:\/\/etival.fr\/#website","url":"https:\/\/etival.fr\/","name":"Etival-Clairefontaine","description":"Informations et actualit\u00e9s de la commune","potentialAction":[{"@type":"SearchAction","target":{"@type":"EntryPoint","urlTemplate":"https:\/\/etival.fr\/?s={search_term_string}"},"query-input":{"@type":"PropertyValueSpecification","valueRequired":true,"valueName":"search_term_string"}}],"inLanguage":"fr-FR"},{"@type":"Person","@id":"https:\/\/etival.fr\/#\/schema\/person\/966767531f422984430588510b8d4c3f","name":"Catherine","image":{"@type":"ImageObject","inLanguage":"fr-FR","@id":"https:\/\/etival.fr\/#\/schema\/person\/image\/","url":"https:\/\/secure.gravatar.com\/avatar\/b99eff3bf59bd614e6c532df451dc649?s=96&d=mm&r=g","contentUrl":"https:\/\/secure.gravatar.com\/avatar\/b99eff3bf59bd614e6c532df451dc649?s=96&d=mm&r=g","caption":"Catherine"},"url":"https:\/\/etival.fr\/?author=2"}]}},"_links":{"self":[{"href":"https:\/\/etival.fr\/index.php?rest_route=\/wp\/v2\/posts\/10703","targetHints":{"allow":["GET"]}}],"collection":[{"href":"https:\/\/etival.fr\/index.php?rest_route=\/wp\/v2\/posts"}],"about":[{"href":"https:\/\/etival.fr\/index.php?rest_route=\/wp\/v2\/types\/post"}],"author":[{"embeddable":true,"href":"https:\/\/etival.fr\/index.php?rest_route=\/wp\/v2\/users\/2"}],"replies":[{"embeddable":true,"href":"https:\/\/etival.fr\/index.php?rest_route=%2Fwp%2Fv2%2Fcomments&post=10703"}],"version-history":[{"count":11,"href":"https:\/\/etival.fr\/index.php?rest_route=\/wp\/v2\/posts\/10703\/revisions"}],"predecessor-version":[{"id":11201,"href":"https:\/\/etival.fr\/index.php?rest_route=\/wp\/v2\/posts\/10703\/revisions\/11201"}],"wp:attachment":[{"href":"https:\/\/etival.fr\/index.php?rest_route=%2Fwp%2Fv2%2Fmedia&parent=10703"}],"wp:term":[{"taxonomy":"category","embeddable":true,"href":"https:\/\/etival.fr\/index.php?rest_route=%2Fwp%2Fv2%2Fcategories&post=10703"},{"taxonomy":"post_tag","embeddable":true,"href":"https:\/\/etival.fr\/index.php?rest_route=%2Fwp%2Fv2%2Ftags&post=10703"}],"curies":[{"name":"wp","href":"https:\/\/api.w.org\/{rel}","templated":true}]}}