{"id":10869,"date":"2023-03-02T08:06:53","date_gmt":"2023-03-02T07:06:53","guid":{"rendered":"http:\/\/etival.fr\/?p=10869"},"modified":"2023-03-02T08:06:54","modified_gmt":"2023-03-02T07:06:54","slug":"venez-nombreux-5","status":"publish","type":"post","link":"https:\/\/etival.fr\/?p=10869","title":{"rendered":"Venez nombreux !"},"content":{"rendered":"\n<figure class=\"wp-block-image size-large\"><a href=\"http:\/\/etival.fr\/wp-content\/uploads\/2023\/03\/Nouvelle-affiche-nettoyage-de-Printemps.png\"><img loading=\"lazy\" decoding=\"async\" width=\"724\" height=\"1024\" src=\"http:\/\/etival.fr\/wp-content\/uploads\/2023\/03\/Nouvelle-affiche-nettoyage-de-Printemps-724x1024.png\" alt=\"\" class=\"wp-image-10870\" srcset=\"https:\/\/etival.fr\/wp-content\/uploads\/2023\/03\/Nouvelle-affiche-nettoyage-de-Printemps-724x1024.png 724w, https:\/\/etival.fr\/wp-content\/uploads\/2023\/03\/Nouvelle-affiche-nettoyage-de-Printemps-212x300.png 212w, https:\/\/etival.fr\/wp-content\/uploads\/2023\/03\/Nouvelle-affiche-nettoyage-de-Printemps-768x1086.png 768w, https:\/\/etival.fr\/wp-content\/uploads\/2023\/03\/Nouvelle-affiche-nettoyage-de-Printemps-1086x1536.png 1086w, https:\/\/etival.fr\/wp-content\/uploads\/2023\/03\/Nouvelle-affiche-nettoyage-de-Printemps-1448x2048.png 1448w, https:\/\/etival.fr\/wp-content\/uploads\/2023\/03\/Nouvelle-affiche-nettoyage-de-Printemps-624x883.png 624w\" sizes=\"auto, (max-width: 724px) 100vw, 724px\" \/><\/a><\/figure>\n","protected":false},"excerpt":{"rendered":"","protected":false},"author":2,"featured_media":0,"comment_status":"closed","ping_status":"open","sticky":false,"template":"","format":"standard","meta":{"footnotes":""},"categories":[6],"tags":[],"class_list":["post-10869","post","type-post","status-publish","format-standard","hentry","category-informations-municipales"],"yoast_head":"<!-- This site is optimized with the Yoast SEO plugin v26.8 - https:\/\/yoast.com\/product\/yoast-seo-wordpress\/ -->\n<title>Venez nombreux ! - Etival-Clairefontaine<\/title>\n<meta name=\"robots\" content=\"index, follow, max-snippet:-1, max-image-preview:large, max-video-preview:-1\" \/>\n<link rel=\"canonical\" href=\"https:\/\/etival.fr\/?p=10869\" \/>\n<meta property=\"og:locale\" content=\"fr_FR\" \/>\n<meta property=\"og:type\" content=\"article\" \/>\n<meta property=\"og:title\" content=\"Venez nombreux ! - Etival-Clairefontaine\" \/>\n<meta property=\"og:url\" content=\"https:\/\/etival.fr\/?p=10869\" \/>\n<meta property=\"og:site_name\" content=\"Etival-Clairefontaine\" \/>\n<meta property=\"article:published_time\" content=\"2023-03-02T07:06:53+00:00\" \/>\n<meta property=\"article:modified_time\" content=\"2023-03-02T07:06:54+00:00\" \/>\n<meta property=\"og:image\" content=\"http:\/\/etival.fr\/wp-content\/uploads\/2023\/03\/Nouvelle-affiche-nettoyage-de-Printemps-724x1024.png\" \/>\n<meta name=\"author\" content=\"Catherine\" \/>\n<meta name=\"twitter:card\" content=\"summary_large_image\" \/>\n<meta name=\"twitter:label1\" content=\"\u00c9crit par\" \/>\n\t<meta name=\"twitter:data1\" content=\"Catherine\" \/>\n\t<meta name=\"twitter:label2\" content=\"Dur\u00e9e de lecture estim\u00e9e\" \/>\n\t<meta name=\"twitter:data2\" content=\"1 minute\" \/>\n<script type=\"application\/ld+json\" class=\"yoast-schema-graph\">{\"@context\":\"https:\/\/schema.org\",\"@graph\":[{\"@type\":\"Article\",\"@id\":\"https:\/\/etival.fr\/?p=10869#article\",\"isPartOf\":{\"@id\":\"https:\/\/etival.fr\/?p=10869\"},\"author\":{\"name\":\"Catherine\",\"@id\":\"https:\/\/etival.fr\/#\/schema\/person\/966767531f422984430588510b8d4c3f\"},\"headline\":\"Venez nombreux !\",\"datePublished\":\"2023-03-02T07:06:53+00:00\",\"dateModified\":\"2023-03-02T07:06:54+00:00\",\"mainEntityOfPage\":{\"@id\":\"https:\/\/etival.fr\/?p=10869\"},\"wordCount\":2,\"image\":{\"@id\":\"https:\/\/etival.fr\/?p=10869#primaryimage\"},\"thumbnailUrl\":\"http:\/\/etival.fr\/wp-content\/uploads\/2023\/03\/Nouvelle-affiche-nettoyage-de-Printemps-724x1024.png\",\"articleSection\":[\"Informations Municipales\"],\"inLanguage\":\"fr-FR\"},{\"@type\":\"WebPage\",\"@id\":\"https:\/\/etival.fr\/?p=10869\",\"url\":\"https:\/\/etival.fr\/?p=10869\",\"name\":\"Venez nombreux ! - Etival-Clairefontaine\",\"isPartOf\":{\"@id\":\"https:\/\/etival.fr\/#website\"},\"primaryImageOfPage\":{\"@id\":\"https:\/\/etival.fr\/?p=10869#primaryimage\"},\"image\":{\"@id\":\"https:\/\/etival.fr\/?p=10869#primaryimage\"},\"thumbnailUrl\":\"http:\/\/etival.fr\/wp-content\/uploads\/2023\/03\/Nouvelle-affiche-nettoyage-de-Printemps-724x1024.png\",\"datePublished\":\"2023-03-02T07:06:53+00:00\",\"dateModified\":\"2023-03-02T07:06:54+00:00\",\"author\":{\"@id\":\"https:\/\/etival.fr\/#\/schema\/person\/966767531f422984430588510b8d4c3f\"},\"breadcrumb\":{\"@id\":\"https:\/\/etival.fr\/?p=10869#breadcrumb\"},\"inLanguage\":\"fr-FR\",\"potentialAction\":[{\"@type\":\"ReadAction\",\"target\":[\"https:\/\/etival.fr\/?p=10869\"]}]},{\"@type\":\"ImageObject\",\"inLanguage\":\"fr-FR\",\"@id\":\"https:\/\/etival.fr\/?p=10869#primaryimage\",\"url\":\"https:\/\/etival.fr\/wp-content\/uploads\/2023\/03\/Nouvelle-affiche-nettoyage-de-Printemps.png\",\"contentUrl\":\"https:\/\/etival.fr\/wp-content\/uploads\/2023\/03\/Nouvelle-affiche-nettoyage-de-Printemps.png\",\"width\":2480,\"height\":3508},{\"@type\":\"BreadcrumbList\",\"@id\":\"https:\/\/etival.fr\/?p=10869#breadcrumb\",\"itemListElement\":[{\"@type\":\"ListItem\",\"position\":1,\"name\":\"Accueil\",\"item\":\"https:\/\/etival.fr\/\"},{\"@type\":\"ListItem\",\"position\":2,\"name\":\"Venez nombreux !\"}]},{\"@type\":\"WebSite\",\"@id\":\"https:\/\/etival.fr\/#website\",\"url\":\"https:\/\/etival.fr\/\",\"name\":\"Etival-Clairefontaine\",\"description\":\"Informations et actualit\u00e9s de la commune\",\"potentialAction\":[{\"@type\":\"SearchAction\",\"target\":{\"@type\":\"EntryPoint\",\"urlTemplate\":\"https:\/\/etival.fr\/?s={search_term_string}\"},\"query-input\":{\"@type\":\"PropertyValueSpecification\",\"valueRequired\":true,\"valueName\":\"search_term_string\"}}],\"inLanguage\":\"fr-FR\"},{\"@type\":\"Person\",\"@id\":\"https:\/\/etival.fr\/#\/schema\/person\/966767531f422984430588510b8d4c3f\",\"name\":\"Catherine\",\"image\":{\"@type\":\"ImageObject\",\"inLanguage\":\"fr-FR\",\"@id\":\"https:\/\/etival.fr\/#\/schema\/person\/image\/\",\"url\":\"https:\/\/secure.gravatar.com\/avatar\/b99eff3bf59bd614e6c532df451dc649?s=96&d=mm&r=g\",\"contentUrl\":\"https:\/\/secure.gravatar.com\/avatar\/b99eff3bf59bd614e6c532df451dc649?s=96&d=mm&r=g\",\"caption\":\"Catherine\"},\"url\":\"https:\/\/etival.fr\/?author=2\"}]}<\/script>\n<!-- \/ Yoast SEO plugin. -->","yoast_head_json":{"title":"Venez nombreux ! - Etival-Clairefontaine","robots":{"index":"index","follow":"follow","max-snippet":"max-snippet:-1","max-image-preview":"max-image-preview:large","max-video-preview":"max-video-preview:-1"},"canonical":"https:\/\/etival.fr\/?p=10869","og_locale":"fr_FR","og_type":"article","og_title":"Venez nombreux ! - Etival-Clairefontaine","og_url":"https:\/\/etival.fr\/?p=10869","og_site_name":"Etival-Clairefontaine","article_published_time":"2023-03-02T07:06:53+00:00","article_modified_time":"2023-03-02T07:06:54+00:00","og_image":[{"url":"http:\/\/etival.fr\/wp-content\/uploads\/2023\/03\/Nouvelle-affiche-nettoyage-de-Printemps-724x1024.png","type":"","width":"","height":""}],"author":"Catherine","twitter_card":"summary_large_image","twitter_misc":{"\u00c9crit par":"Catherine","Dur\u00e9e de lecture estim\u00e9e":"1 minute"},"schema":{"@context":"https:\/\/schema.org","@graph":[{"@type":"Article","@id":"https:\/\/etival.fr\/?p=10869#article","isPartOf":{"@id":"https:\/\/etival.fr\/?p=10869"},"author":{"name":"Catherine","@id":"https:\/\/etival.fr\/#\/schema\/person\/966767531f422984430588510b8d4c3f"},"headline":"Venez nombreux !","datePublished":"2023-03-02T07:06:53+00:00","dateModified":"2023-03-02T07:06:54+00:00","mainEntityOfPage":{"@id":"https:\/\/etival.fr\/?p=10869"},"wordCount":2,"image":{"@id":"https:\/\/etival.fr\/?p=10869#primaryimage"},"thumbnailUrl":"http:\/\/etival.fr\/wp-content\/uploads\/2023\/03\/Nouvelle-affiche-nettoyage-de-Printemps-724x1024.png","articleSection":["Informations Municipales"],"inLanguage":"fr-FR"},{"@type":"WebPage","@id":"https:\/\/etival.fr\/?p=10869","url":"https:\/\/etival.fr\/?p=10869","name":"Venez nombreux ! - Etival-Clairefontaine","isPartOf":{"@id":"https:\/\/etival.fr\/#website"},"primaryImageOfPage":{"@id":"https:\/\/etival.fr\/?p=10869#primaryimage"},"image":{"@id":"https:\/\/etival.fr\/?p=10869#primaryimage"},"thumbnailUrl":"http:\/\/etival.fr\/wp-content\/uploads\/2023\/03\/Nouvelle-affiche-nettoyage-de-Printemps-724x1024.png","datePublished":"2023-03-02T07:06:53+00:00","dateModified":"2023-03-02T07:06:54+00:00","author":{"@id":"https:\/\/etival.fr\/#\/schema\/person\/966767531f422984430588510b8d4c3f"},"breadcrumb":{"@id":"https:\/\/etival.fr\/?p=10869#breadcrumb"},"inLanguage":"fr-FR","potentialAction":[{"@type":"ReadAction","target":["https:\/\/etival.fr\/?p=10869"]}]},{"@type":"ImageObject","inLanguage":"fr-FR","@id":"https:\/\/etival.fr\/?p=10869#primaryimage","url":"https:\/\/etival.fr\/wp-content\/uploads\/2023\/03\/Nouvelle-affiche-nettoyage-de-Printemps.png","contentUrl":"https:\/\/etival.fr\/wp-content\/uploads\/2023\/03\/Nouvelle-affiche-nettoyage-de-Printemps.png","width":2480,"height":3508},{"@type":"BreadcrumbList","@id":"https:\/\/etival.fr\/?p=10869#breadcrumb","itemListElement":[{"@type":"ListItem","position":1,"name":"Accueil","item":"https:\/\/etival.fr\/"},{"@type":"ListItem","position":2,"name":"Venez nombreux !"}]},{"@type":"WebSite","@id":"https:\/\/etival.fr\/#website","url":"https:\/\/etival.fr\/","name":"Etival-Clairefontaine","description":"Informations et actualit\u00e9s de la commune","potentialAction":[{"@type":"SearchAction","target":{"@type":"EntryPoint","urlTemplate":"https:\/\/etival.fr\/?s={search_term_string}"},"query-input":{"@type":"PropertyValueSpecification","valueRequired":true,"valueName":"search_term_string"}}],"inLanguage":"fr-FR"},{"@type":"Person","@id":"https:\/\/etival.fr\/#\/schema\/person\/966767531f422984430588510b8d4c3f","name":"Catherine","image":{"@type":"ImageObject","inLanguage":"fr-FR","@id":"https:\/\/etival.fr\/#\/schema\/person\/image\/","url":"https:\/\/secure.gravatar.com\/avatar\/b99eff3bf59bd614e6c532df451dc649?s=96&d=mm&r=g","contentUrl":"https:\/\/secure.gravatar.com\/avatar\/b99eff3bf59bd614e6c532df451dc649?s=96&d=mm&r=g","caption":"Catherine"},"url":"https:\/\/etival.fr\/?author=2"}]}},"_links":{"self":[{"href":"https:\/\/etival.fr\/index.php?rest_route=\/wp\/v2\/posts\/10869","targetHints":{"allow":["GET"]}}],"collection":[{"href":"https:\/\/etival.fr\/index.php?rest_route=\/wp\/v2\/posts"}],"about":[{"href":"https:\/\/etival.fr\/index.php?rest_route=\/wp\/v2\/types\/post"}],"author":[{"embeddable":true,"href":"https:\/\/etival.fr\/index.php?rest_route=\/wp\/v2\/users\/2"}],"replies":[{"embeddable":true,"href":"https:\/\/etival.fr\/index.php?rest_route=%2Fwp%2Fv2%2Fcomments&post=10869"}],"version-history":[{"count":1,"href":"https:\/\/etival.fr\/index.php?rest_route=\/wp\/v2\/posts\/10869\/revisions"}],"predecessor-version":[{"id":10871,"href":"https:\/\/etival.fr\/index.php?rest_route=\/wp\/v2\/posts\/10869\/revisions\/10871"}],"wp:attachment":[{"href":"https:\/\/etival.fr\/index.php?rest_route=%2Fwp%2Fv2%2Fmedia&parent=10869"}],"wp:term":[{"taxonomy":"category","embeddable":true,"href":"https:\/\/etival.fr\/index.php?rest_route=%2Fwp%2Fv2%2Fcategories&post=10869"},{"taxonomy":"post_tag","embeddable":true,"href":"https:\/\/etival.fr\/index.php?rest_route=%2Fwp%2Fv2%2Ftags&post=10869"}],"curies":[{"name":"wp","href":"https:\/\/api.w.org\/{rel}","templated":true}]}}