{"id":10951,"date":"2023-03-31T08:30:05","date_gmt":"2023-03-31T07:30:05","guid":{"rendered":"http:\/\/etival.fr\/?p=10951"},"modified":"2023-03-31T08:53:54","modified_gmt":"2023-03-31T07:53:54","slug":"j-3-rappel-travaux-rue-de-labbaye","status":"publish","type":"post","link":"https:\/\/etival.fr\/?p=10951","title":{"rendered":"J-4 &#8211; RAPPEL &#8211; TRAVAUX RUE DE L&rsquo;ABBAYE"},"content":{"rendered":"<div class=\"wp-block-image\">\n<figure class=\"aligncenter size-full is-resized\"><a href=\"http:\/\/etival.fr\/wp-content\/uploads\/2023\/03\/image-2.png\"><img loading=\"lazy\" decoding=\"async\" src=\"http:\/\/etival.fr\/wp-content\/uploads\/2023\/03\/image-2.png\" alt=\"\" class=\"wp-image-10955\" width=\"120\" height=\"105\" srcset=\"https:\/\/etival.fr\/wp-content\/uploads\/2023\/03\/image-2.png 815w, https:\/\/etival.fr\/wp-content\/uploads\/2023\/03\/image-2-300x265.png 300w, https:\/\/etival.fr\/wp-content\/uploads\/2023\/03\/image-2-768x678.png 768w, https:\/\/etival.fr\/wp-content\/uploads\/2023\/03\/image-2-624x551.png 624w\" sizes=\"auto, (max-width: 120px) 100vw, 120px\" \/><\/a><\/figure><\/div>\n\n\n<p class=\"has-blue-color has-text-color\"><strong>1<sup>\u00e8re<\/sup> tranche :<\/strong><br>Du pont de la Meurthe \u00e0 l\u2019entr\u00e9e du parc de la Valdange.<br><strong>Lundi 3 et Mardi 4 avril :<\/strong> <br>Circulation interdite. Passage des pi\u00e9tons sur les trottoirs possible.<br>Op\u00e9ration de d\u00e9samiantage : L\u2019acc\u00e8s sera autoris\u00e9 \u00e0 l\u2019intersection de la rue du Vivier vers la rue du Jard (au niveau de la Pharmacie).<br><strong>Mercredi 5, jeudi 6 et vendredi 7<\/strong>, cette partie sera ouverte \u00e0 la circulation uniquement pour les riverains.<\/p>\n\n\n\n<p>&#8212;&#8212;&#8212;&#8212;&#8212;&#8212;&#8212;&#8212;&#8212;&#8212;&#8212;&#8212;&#8212;&#8212;&#8212;&#8212;&#8212;&#8212;&#8212;&#8212;&#8212;&#8212;&#8212;&#8212;&#8212;&#8212;&#8212;&#8212;&#8212;&#8212;&#8212;&#8212;&#8212;&#8212;&#8212;&#8212;&#8212;&#8212;&#8212;&#8212;&#8212;&#8212;-<\/p>\n\n\n\n<p class=\"has-text-color\" style=\"color:#075b14\"><strong>2<sup>\u00e8me<\/sup> tranche :<\/strong> <br>De l\u2019entr\u00e9e du parc de la Valdange au pont de la Valdange.<br><strong>Mercredi 5 et jeudi 6 avril :<\/strong> <br>Circulation interdite. Passage des pi\u00e9tons sur les trottoirs possible.<br>Op\u00e9ration de d\u00e9samiantage idem \u00e0 la 1\u00e8re tranche.<br><strong>L\u2019acc\u00e8s ne sera pas autoris\u00e9 \u00e0 l\u2019intersection de la rue du Vivier vers la rue du Jard (au niveau de la Pharmacie).<\/strong><br><strong>Vendredi 7 avril :<\/strong> <br>Ouverture progressive de la chauss\u00e9e.<br><em>Attention : la chauss\u00e9e sera abaiss\u00e9e d\u2019au moins 5 cm.<\/em><\/p>\n\n\n\n<p class=\"has-text-align-center has-white-color has-text-color has-background has-medium-font-size\" style=\"background-color:#094029f0\"><strong>Le week-end de P\u00e2ques, samedi 8, dimanche 9 et lundi 10 avril : Circulation autoris\u00e9e.<\/strong><\/p>\n\n\n\n<p>&#8212;&#8212;&#8212;&#8212;&#8212;&#8212;&#8212;&#8212;&#8212;&#8212;&#8212;&#8212;&#8212;&#8212;&#8212;&#8212;&#8212;&#8212;&#8212;&#8212;&#8212;&#8212;&#8212;&#8212;&#8212;&#8212;&#8212;&#8212;&#8212;&#8212;&#8212;&#8212;&#8212;&#8212;&#8212;&#8212;&#8212;&#8212;&#8212;&#8212;&#8212;&#8212;-<\/p>\n\n\n\n<p class=\"has-text-color\" style=\"color:#6f3309\"><strong>3<sup>\u00e8me<\/sup> tranche :<\/strong> <br>La circulation sera interdite du pont de la Meurthe au pont de la Valdange.<br><strong>Du mardi 11 au jeudi 13 avril :<\/strong> <br>Pr\u00e9paration de la chauss\u00e9e.<br><strong>Vendredi 14 avril :<\/strong> <br>Pose de l\u2019enrob\u00e9 si les conditions m\u00e9t\u00e9orologiques sont favorables.<br>Sinon la pose de l\u2019enrob\u00e9 sera report\u00e9e au lundi 24 avril.<\/p>\n\n\n\n<p class=\"has-text-color\" style=\"color:#bc1313\"><strong>\u00c0 partir du dimanche 2 avril, pr\u00e9voir pour toute la dur\u00e9e des travaux le stationnement de votre v\u00e9hicule en dehors de la zone de chantier.<\/strong><\/p>\n\n\n\n<p class=\"has-dark-gray-color has-white-background-color has-text-color has-background\"><em>Des parkings seront mis \u00e0 votre disposition : zone de la gare, derri\u00e8re la Mairie, aire de camping-cars, site du Petit Jard, place Abbatiale c\u00f4t\u00e9 boulangerie, rue du Jard, rue du stade et derri\u00e8re la m\u00e9diath\u00e8que* (*uniquement les 3 et 4 avril).<\/em><\/p>\n\n\n\n<p class=\"has-text-align-center has-text-color has-background has-medium-font-size\" style=\"color:#d40b0b;background-color:#ebfa02\"><strong>Il n\u2019y aura pas de ramassage des ordures m\u00e9nag\u00e8res <\/strong><br><strong>le lundi 3 avril.<\/strong><\/p>\n\n\n\n<p>&#8212;&#8212;&#8212;&#8212;&#8212;&#8212;&#8212;&#8212;&#8212;&#8212;&#8212;&#8212;&#8212;&#8212;&#8212;&#8212;&#8212;&#8212;&#8212;&#8212;&#8212;&#8212;&#8212;&#8212;&#8212;&#8212;&#8212;&#8212;&#8212;&#8212;&#8212;&#8212;&#8212;&#8212;&#8212;&#8212;&#8212;&#8212;&#8212;&#8212;&#8212;&#8212;-<\/p>\n\n\n<div class=\"wp-block-image\">\n<figure class=\"aligncenter size-large is-resized\"><a href=\"http:\/\/etival.fr\/wp-content\/uploads\/2023\/03\/bus-g4bf0b46c4_1280-1.png\"><img loading=\"lazy\" decoding=\"async\" src=\"http:\/\/etival.fr\/wp-content\/uploads\/2023\/03\/bus-g4bf0b46c4_1280-1-1024x886.png\" alt=\"\" class=\"wp-image-10963\" width=\"194\" height=\"167\" srcset=\"https:\/\/etival.fr\/wp-content\/uploads\/2023\/03\/bus-g4bf0b46c4_1280-1-1024x886.png 1024w, https:\/\/etival.fr\/wp-content\/uploads\/2023\/03\/bus-g4bf0b46c4_1280-1-300x259.png 300w, https:\/\/etival.fr\/wp-content\/uploads\/2023\/03\/bus-g4bf0b46c4_1280-1-768x664.png 768w, https:\/\/etival.fr\/wp-content\/uploads\/2023\/03\/bus-g4bf0b46c4_1280-1-624x540.png 624w, https:\/\/etival.fr\/wp-content\/uploads\/2023\/03\/bus-g4bf0b46c4_1280-1.png 1280w\" sizes=\"auto, (max-width: 194px) 100vw, 194px\" \/><\/a><\/figure><\/div>\n\n\n<p class=\"has-text-align-center has-text-color\" style=\"color:#e40f0f\"><strong>L\u2019arr\u00eat de bus situ\u00e9 \u00e0 c\u00f4t\u00e9 du cimeti\u00e8re <\/strong><br><strong>sera supprim\u00e9 durant toute la dur\u00e9e du chantier.<\/strong><\/p>\n\n\n\n<p>Il faudra donc vous rendre aux arr\u00eats suivants :<\/p>\n\n\n\n<p><strong>Ligne 12<\/strong> (Etival \u2013 Saint-Di\u00e9-Des-Vosges) : Arr\u00eats \u00ab Gare \u00bb ou \u00ab Bellefontaine \u00bb<\/p>\n\n\n\n<p><strong>Ligne 121<\/strong> (Saint Remy \u2013 Raon-l\u2019Etape) : Arr\u00eats \u00ab St Odile \u00bb, \u00ab Pajailles \u00bb ou \u00ab Gare \u00bb<\/p>\n\n\n\n<p><strong>Ligne 122<\/strong> (Etival \u2013 Raon-l\u2019Etape) : Arr\u00eats \u00ab Pompier\u00bb, \u00ab Bellefontaine \u00bb ou \u00abGare \u00bb<\/p>\n\n\n\n<p>Nous tenions \u00e0 vous informer de ce d\u00e9sagr\u00e9ment.<\/p>\n\n\n\n<p>Comptant sur votre compr\u00e9hension.<\/p>\n","protected":false},"excerpt":{"rendered":"<p>1\u00e8re tranche :Du pont de la Meurthe \u00e0 l\u2019entr\u00e9e du parc de la Valdange.Lundi 3 et Mardi 4 avril : Circulation interdite. Passage des pi\u00e9tons sur les trottoirs possible.Op\u00e9ration de d\u00e9samiantage : L\u2019acc\u00e8s sera autoris\u00e9 \u00e0 l\u2019intersection de la rue du Vivier vers la rue du Jard (au niveau de la Pharmacie).Mercredi 5, jeudi 6 [&hellip;]<\/p>\n","protected":false},"author":2,"featured_media":0,"comment_status":"closed","ping_status":"open","sticky":false,"template":"","format":"standard","meta":{"footnotes":""},"categories":[6],"tags":[],"class_list":["post-10951","post","type-post","status-publish","format-standard","hentry","category-informations-municipales"],"yoast_head":"<!-- This site is optimized with the Yoast SEO plugin v26.8 - https:\/\/yoast.com\/product\/yoast-seo-wordpress\/ -->\n<title>J-4 - RAPPEL - TRAVAUX RUE DE L&#039;ABBAYE - Etival-Clairefontaine<\/title>\n<meta name=\"robots\" content=\"index, follow, max-snippet:-1, max-image-preview:large, max-video-preview:-1\" \/>\n<link rel=\"canonical\" href=\"https:\/\/etival.fr\/?p=10951\" \/>\n<meta property=\"og:locale\" content=\"fr_FR\" \/>\n<meta property=\"og:type\" content=\"article\" \/>\n<meta property=\"og:title\" content=\"J-4 - RAPPEL - TRAVAUX RUE DE L&#039;ABBAYE - Etival-Clairefontaine\" \/>\n<meta property=\"og:description\" content=\"1\u00e8re tranche :Du pont de la Meurthe \u00e0 l\u2019entr\u00e9e du parc de la Valdange.Lundi 3 et Mardi 4 avril : Circulation interdite. Passage des pi\u00e9tons sur les trottoirs possible.Op\u00e9ration de d\u00e9samiantage : L\u2019acc\u00e8s sera autoris\u00e9 \u00e0 l\u2019intersection de la rue du Vivier vers la rue du Jard (au niveau de la Pharmacie).Mercredi 5, jeudi 6 [&hellip;]\" \/>\n<meta property=\"og:url\" content=\"https:\/\/etival.fr\/?p=10951\" \/>\n<meta property=\"og:site_name\" content=\"Etival-Clairefontaine\" \/>\n<meta property=\"article:published_time\" content=\"2023-03-31T07:30:05+00:00\" \/>\n<meta property=\"article:modified_time\" content=\"2023-03-31T07:53:54+00:00\" \/>\n<meta property=\"og:image\" content=\"http:\/\/etival.fr\/wp-content\/uploads\/2023\/03\/image-2.png\" \/>\n<meta name=\"author\" content=\"Catherine\" \/>\n<meta name=\"twitter:card\" content=\"summary_large_image\" \/>\n<meta name=\"twitter:label1\" content=\"\u00c9crit par\" \/>\n\t<meta name=\"twitter:data1\" content=\"Catherine\" \/>\n\t<meta name=\"twitter:label2\" content=\"Dur\u00e9e de lecture estim\u00e9e\" \/>\n\t<meta name=\"twitter:data2\" content=\"3 minutes\" \/>\n<script type=\"application\/ld+json\" class=\"yoast-schema-graph\">{\"@context\":\"https:\/\/schema.org\",\"@graph\":[{\"@type\":\"Article\",\"@id\":\"https:\/\/etival.fr\/?p=10951#article\",\"isPartOf\":{\"@id\":\"https:\/\/etival.fr\/?p=10951\"},\"author\":{\"name\":\"Catherine\",\"@id\":\"https:\/\/etival.fr\/#\/schema\/person\/966767531f422984430588510b8d4c3f\"},\"headline\":\"J-4 &#8211; RAPPEL &#8211; TRAVAUX RUE DE L&rsquo;ABBAYE\",\"datePublished\":\"2023-03-31T07:30:05+00:00\",\"dateModified\":\"2023-03-31T07:53:54+00:00\",\"mainEntityOfPage\":{\"@id\":\"https:\/\/etival.fr\/?p=10951\"},\"wordCount\":388,\"image\":{\"@id\":\"https:\/\/etival.fr\/?p=10951#primaryimage\"},\"thumbnailUrl\":\"http:\/\/etival.fr\/wp-content\/uploads\/2023\/03\/image-2.png\",\"articleSection\":[\"Informations Municipales\"],\"inLanguage\":\"fr-FR\"},{\"@type\":\"WebPage\",\"@id\":\"https:\/\/etival.fr\/?p=10951\",\"url\":\"https:\/\/etival.fr\/?p=10951\",\"name\":\"J-4 - RAPPEL - TRAVAUX RUE DE L'ABBAYE - Etival-Clairefontaine\",\"isPartOf\":{\"@id\":\"https:\/\/etival.fr\/#website\"},\"primaryImageOfPage\":{\"@id\":\"https:\/\/etival.fr\/?p=10951#primaryimage\"},\"image\":{\"@id\":\"https:\/\/etival.fr\/?p=10951#primaryimage\"},\"thumbnailUrl\":\"http:\/\/etival.fr\/wp-content\/uploads\/2023\/03\/image-2.png\",\"datePublished\":\"2023-03-31T07:30:05+00:00\",\"dateModified\":\"2023-03-31T07:53:54+00:00\",\"author\":{\"@id\":\"https:\/\/etival.fr\/#\/schema\/person\/966767531f422984430588510b8d4c3f\"},\"breadcrumb\":{\"@id\":\"https:\/\/etival.fr\/?p=10951#breadcrumb\"},\"inLanguage\":\"fr-FR\",\"potentialAction\":[{\"@type\":\"ReadAction\",\"target\":[\"https:\/\/etival.fr\/?p=10951\"]}]},{\"@type\":\"ImageObject\",\"inLanguage\":\"fr-FR\",\"@id\":\"https:\/\/etival.fr\/?p=10951#primaryimage\",\"url\":\"http:\/\/etival.fr\/wp-content\/uploads\/2023\/03\/image-2.png\",\"contentUrl\":\"http:\/\/etival.fr\/wp-content\/uploads\/2023\/03\/image-2.png\"},{\"@type\":\"BreadcrumbList\",\"@id\":\"https:\/\/etival.fr\/?p=10951#breadcrumb\",\"itemListElement\":[{\"@type\":\"ListItem\",\"position\":1,\"name\":\"Accueil\",\"item\":\"https:\/\/etival.fr\/\"},{\"@type\":\"ListItem\",\"position\":2,\"name\":\"J-4 &#8211; RAPPEL &#8211; TRAVAUX RUE DE L&rsquo;ABBAYE\"}]},{\"@type\":\"WebSite\",\"@id\":\"https:\/\/etival.fr\/#website\",\"url\":\"https:\/\/etival.fr\/\",\"name\":\"Etival-Clairefontaine\",\"description\":\"Informations et actualit\u00e9s de la commune\",\"potentialAction\":[{\"@type\":\"SearchAction\",\"target\":{\"@type\":\"EntryPoint\",\"urlTemplate\":\"https:\/\/etival.fr\/?s={search_term_string}\"},\"query-input\":{\"@type\":\"PropertyValueSpecification\",\"valueRequired\":true,\"valueName\":\"search_term_string\"}}],\"inLanguage\":\"fr-FR\"},{\"@type\":\"Person\",\"@id\":\"https:\/\/etival.fr\/#\/schema\/person\/966767531f422984430588510b8d4c3f\",\"name\":\"Catherine\",\"image\":{\"@type\":\"ImageObject\",\"inLanguage\":\"fr-FR\",\"@id\":\"https:\/\/etival.fr\/#\/schema\/person\/image\/\",\"url\":\"https:\/\/secure.gravatar.com\/avatar\/b99eff3bf59bd614e6c532df451dc649?s=96&d=mm&r=g\",\"contentUrl\":\"https:\/\/secure.gravatar.com\/avatar\/b99eff3bf59bd614e6c532df451dc649?s=96&d=mm&r=g\",\"caption\":\"Catherine\"},\"url\":\"https:\/\/etival.fr\/?author=2\"}]}<\/script>\n<!-- \/ Yoast SEO plugin. -->","yoast_head_json":{"title":"J-4 - RAPPEL - TRAVAUX RUE DE L'ABBAYE - Etival-Clairefontaine","robots":{"index":"index","follow":"follow","max-snippet":"max-snippet:-1","max-image-preview":"max-image-preview:large","max-video-preview":"max-video-preview:-1"},"canonical":"https:\/\/etival.fr\/?p=10951","og_locale":"fr_FR","og_type":"article","og_title":"J-4 - RAPPEL - TRAVAUX RUE DE L'ABBAYE - Etival-Clairefontaine","og_description":"1\u00e8re tranche :Du pont de la Meurthe \u00e0 l\u2019entr\u00e9e du parc de la Valdange.Lundi 3 et Mardi 4 avril : Circulation interdite. Passage des pi\u00e9tons sur les trottoirs possible.Op\u00e9ration de d\u00e9samiantage : L\u2019acc\u00e8s sera autoris\u00e9 \u00e0 l\u2019intersection de la rue du Vivier vers la rue du Jard (au niveau de la Pharmacie).Mercredi 5, jeudi 6 [&hellip;]","og_url":"https:\/\/etival.fr\/?p=10951","og_site_name":"Etival-Clairefontaine","article_published_time":"2023-03-31T07:30:05+00:00","article_modified_time":"2023-03-31T07:53:54+00:00","og_image":[{"url":"http:\/\/etival.fr\/wp-content\/uploads\/2023\/03\/image-2.png","type":"","width":"","height":""}],"author":"Catherine","twitter_card":"summary_large_image","twitter_misc":{"\u00c9crit par":"Catherine","Dur\u00e9e de lecture estim\u00e9e":"3 minutes"},"schema":{"@context":"https:\/\/schema.org","@graph":[{"@type":"Article","@id":"https:\/\/etival.fr\/?p=10951#article","isPartOf":{"@id":"https:\/\/etival.fr\/?p=10951"},"author":{"name":"Catherine","@id":"https:\/\/etival.fr\/#\/schema\/person\/966767531f422984430588510b8d4c3f"},"headline":"J-4 &#8211; RAPPEL &#8211; TRAVAUX RUE DE L&rsquo;ABBAYE","datePublished":"2023-03-31T07:30:05+00:00","dateModified":"2023-03-31T07:53:54+00:00","mainEntityOfPage":{"@id":"https:\/\/etival.fr\/?p=10951"},"wordCount":388,"image":{"@id":"https:\/\/etival.fr\/?p=10951#primaryimage"},"thumbnailUrl":"http:\/\/etival.fr\/wp-content\/uploads\/2023\/03\/image-2.png","articleSection":["Informations Municipales"],"inLanguage":"fr-FR"},{"@type":"WebPage","@id":"https:\/\/etival.fr\/?p=10951","url":"https:\/\/etival.fr\/?p=10951","name":"J-4 - RAPPEL - TRAVAUX RUE DE L'ABBAYE - Etival-Clairefontaine","isPartOf":{"@id":"https:\/\/etival.fr\/#website"},"primaryImageOfPage":{"@id":"https:\/\/etival.fr\/?p=10951#primaryimage"},"image":{"@id":"https:\/\/etival.fr\/?p=10951#primaryimage"},"thumbnailUrl":"http:\/\/etival.fr\/wp-content\/uploads\/2023\/03\/image-2.png","datePublished":"2023-03-31T07:30:05+00:00","dateModified":"2023-03-31T07:53:54+00:00","author":{"@id":"https:\/\/etival.fr\/#\/schema\/person\/966767531f422984430588510b8d4c3f"},"breadcrumb":{"@id":"https:\/\/etival.fr\/?p=10951#breadcrumb"},"inLanguage":"fr-FR","potentialAction":[{"@type":"ReadAction","target":["https:\/\/etival.fr\/?p=10951"]}]},{"@type":"ImageObject","inLanguage":"fr-FR","@id":"https:\/\/etival.fr\/?p=10951#primaryimage","url":"http:\/\/etival.fr\/wp-content\/uploads\/2023\/03\/image-2.png","contentUrl":"http:\/\/etival.fr\/wp-content\/uploads\/2023\/03\/image-2.png"},{"@type":"BreadcrumbList","@id":"https:\/\/etival.fr\/?p=10951#breadcrumb","itemListElement":[{"@type":"ListItem","position":1,"name":"Accueil","item":"https:\/\/etival.fr\/"},{"@type":"ListItem","position":2,"name":"J-4 &#8211; RAPPEL &#8211; TRAVAUX RUE DE L&rsquo;ABBAYE"}]},{"@type":"WebSite","@id":"https:\/\/etival.fr\/#website","url":"https:\/\/etival.fr\/","name":"Etival-Clairefontaine","description":"Informations et actualit\u00e9s de la commune","potentialAction":[{"@type":"SearchAction","target":{"@type":"EntryPoint","urlTemplate":"https:\/\/etival.fr\/?s={search_term_string}"},"query-input":{"@type":"PropertyValueSpecification","valueRequired":true,"valueName":"search_term_string"}}],"inLanguage":"fr-FR"},{"@type":"Person","@id":"https:\/\/etival.fr\/#\/schema\/person\/966767531f422984430588510b8d4c3f","name":"Catherine","image":{"@type":"ImageObject","inLanguage":"fr-FR","@id":"https:\/\/etival.fr\/#\/schema\/person\/image\/","url":"https:\/\/secure.gravatar.com\/avatar\/b99eff3bf59bd614e6c532df451dc649?s=96&d=mm&r=g","contentUrl":"https:\/\/secure.gravatar.com\/avatar\/b99eff3bf59bd614e6c532df451dc649?s=96&d=mm&r=g","caption":"Catherine"},"url":"https:\/\/etival.fr\/?author=2"}]}},"_links":{"self":[{"href":"https:\/\/etival.fr\/index.php?rest_route=\/wp\/v2\/posts\/10951","targetHints":{"allow":["GET"]}}],"collection":[{"href":"https:\/\/etival.fr\/index.php?rest_route=\/wp\/v2\/posts"}],"about":[{"href":"https:\/\/etival.fr\/index.php?rest_route=\/wp\/v2\/types\/post"}],"author":[{"embeddable":true,"href":"https:\/\/etival.fr\/index.php?rest_route=\/wp\/v2\/users\/2"}],"replies":[{"embeddable":true,"href":"https:\/\/etival.fr\/index.php?rest_route=%2Fwp%2Fv2%2Fcomments&post=10951"}],"version-history":[{"count":8,"href":"https:\/\/etival.fr\/index.php?rest_route=\/wp\/v2\/posts\/10951\/revisions"}],"predecessor-version":[{"id":10964,"href":"https:\/\/etival.fr\/index.php?rest_route=\/wp\/v2\/posts\/10951\/revisions\/10964"}],"wp:attachment":[{"href":"https:\/\/etival.fr\/index.php?rest_route=%2Fwp%2Fv2%2Fmedia&parent=10951"}],"wp:term":[{"taxonomy":"category","embeddable":true,"href":"https:\/\/etival.fr\/index.php?rest_route=%2Fwp%2Fv2%2Fcategories&post=10951"},{"taxonomy":"post_tag","embeddable":true,"href":"https:\/\/etival.fr\/index.php?rest_route=%2Fwp%2Fv2%2Ftags&post=10951"}],"curies":[{"name":"wp","href":"https:\/\/api.w.org\/{rel}","templated":true}]}}