{"id":10983,"date":"2024-03-20T10:10:00","date_gmt":"2024-03-20T09:10:00","guid":{"rendered":"http:\/\/etival.fr\/?p=10983"},"modified":"2024-03-20T10:40:48","modified_gmt":"2024-03-20T09:40:48","slug":"10983","status":"publish","type":"post","link":"https:\/\/etival.fr\/?p=10983","title":{"rendered":"GROUPEMENT D&rsquo;ACHATS DE FLEURS 2023"},"content":{"rendered":"<div class=\"wp-block-image\">\n<figure class=\"alignleft size-full\"><a href=\"http:\/\/etival.fr\/wp-content\/uploads\/2023\/04\/surfinia.jpg\"><img loading=\"lazy\" decoding=\"async\" width=\"258\" height=\"161\" src=\"http:\/\/etival.fr\/wp-content\/uploads\/2023\/04\/surfinia.jpg\" alt=\"\" class=\"wp-image-10984\"\/><\/a><\/figure><\/div>\n\n\n<p class=\"has-text-color\" style=\"color:#205e07\">Le&nbsp;<strong>C.C.A.S<\/strong>.&nbsp;vous propose de faire vos achats de fleurs, l\u00e9gumes et plantes aromatiques \u00e0 un tarif pr\u00e9f\u00e9rentiel.<br>Pour toute commande, veuillez faire parvenir le bon disponible en ligne ou \u00e0 la Mairie d\u00fbment rempli ainsi que son r\u00e8glement par ch\u00e8que uniquement, \u00e0 l\u2019ordre de : Ets horticoles Henry D.<strong><br><\/strong>Pour un retrait des plants<strong> le MARDI 14 MAI 2024<\/strong>&nbsp;\u00e0 l\u2019ancien local T.M.F. 7B, Avenue Charles-de-Gaulle.<br>NB : Aucune commande ne sera accept\u00e9e sans r\u00e8glement, et en dehors du cadre de la commande group\u00e9e arr\u00eat\u00e9e au&nbsp;<strong>mercredi 17 avril 2024.<\/strong><br><strong>&nbsp;<\/strong>Renseignements au 03.29.41.29.57.<br><em><strong>(Groupement r\u00e9serv\u00e9 uniquement aux Stivaliens)<\/strong><\/em><\/p>\n\n\n\n<p>T\u00e9l\u00e9chargement :<br>Formulaire\u00a0<strong><a href=\"https:\/\/etival.fr\/wp-content\/uploads\/2024\/03\/GROUPEMENT-DACHATS-DE-FLEURS-2024.pdf\">ICI<\/a><\/strong><\/p>\n","protected":false},"excerpt":{"rendered":"<p>Le&nbsp;C.C.A.S.&nbsp;vous propose de faire vos achats de fleurs, l\u00e9gumes et plantes aromatiques \u00e0 un tarif pr\u00e9f\u00e9rentiel.Pour toute commande, veuillez faire parvenir le bon disponible en ligne ou \u00e0 la Mairie d\u00fbment rempli ainsi que son r\u00e8glement par ch\u00e8que uniquement, \u00e0 l\u2019ordre de : Ets horticoles Henry D.Pour un retrait des plants le MARDI 14 MAI [&hellip;]<\/p>\n","protected":false},"author":2,"featured_media":0,"comment_status":"closed","ping_status":"open","sticky":false,"template":"","format":"standard","meta":{"footnotes":""},"categories":[6],"tags":[],"class_list":["post-10983","post","type-post","status-publish","format-standard","hentry","category-informations-municipales"],"yoast_head":"<!-- This site is optimized with the Yoast SEO plugin v26.8 - https:\/\/yoast.com\/product\/yoast-seo-wordpress\/ -->\n<title>GROUPEMENT D&#039;ACHATS DE FLEURS 2023 - Etival-Clairefontaine<\/title>\n<meta name=\"robots\" content=\"index, follow, max-snippet:-1, max-image-preview:large, max-video-preview:-1\" \/>\n<link rel=\"canonical\" href=\"https:\/\/etival.fr\/?p=10983\" \/>\n<meta property=\"og:locale\" content=\"fr_FR\" \/>\n<meta property=\"og:type\" content=\"article\" \/>\n<meta property=\"og:title\" content=\"GROUPEMENT D&#039;ACHATS DE FLEURS 2023 - Etival-Clairefontaine\" \/>\n<meta property=\"og:description\" content=\"Le&nbsp;C.C.A.S.&nbsp;vous propose de faire vos achats de fleurs, l\u00e9gumes et plantes aromatiques \u00e0 un tarif pr\u00e9f\u00e9rentiel.Pour toute commande, veuillez faire parvenir le bon disponible en ligne ou \u00e0 la Mairie d\u00fbment rempli ainsi que son r\u00e8glement par ch\u00e8que uniquement, \u00e0 l\u2019ordre de : Ets horticoles Henry D.Pour un retrait des plants le MARDI 14 MAI [&hellip;]\" \/>\n<meta property=\"og:url\" content=\"https:\/\/etival.fr\/?p=10983\" \/>\n<meta property=\"og:site_name\" content=\"Etival-Clairefontaine\" \/>\n<meta property=\"article:published_time\" content=\"2024-03-20T09:10:00+00:00\" \/>\n<meta property=\"article:modified_time\" content=\"2024-03-20T09:40:48+00:00\" \/>\n<meta property=\"og:image\" content=\"http:\/\/etival.fr\/wp-content\/uploads\/2023\/04\/surfinia.jpg\" \/>\n<meta name=\"author\" content=\"Catherine\" \/>\n<meta name=\"twitter:card\" content=\"summary_large_image\" \/>\n<meta name=\"twitter:label1\" content=\"\u00c9crit par\" \/>\n\t<meta name=\"twitter:data1\" content=\"Catherine\" \/>\n\t<meta name=\"twitter:label2\" content=\"Dur\u00e9e de lecture estim\u00e9e\" \/>\n\t<meta name=\"twitter:data2\" content=\"1 minute\" \/>\n<script type=\"application\/ld+json\" class=\"yoast-schema-graph\">{\"@context\":\"https:\/\/schema.org\",\"@graph\":[{\"@type\":\"Article\",\"@id\":\"https:\/\/etival.fr\/?p=10983#article\",\"isPartOf\":{\"@id\":\"https:\/\/etival.fr\/?p=10983\"},\"author\":{\"name\":\"Catherine\",\"@id\":\"https:\/\/etival.fr\/#\/schema\/person\/966767531f422984430588510b8d4c3f\"},\"headline\":\"GROUPEMENT D&rsquo;ACHATS DE FLEURS 2023\",\"datePublished\":\"2024-03-20T09:10:00+00:00\",\"dateModified\":\"2024-03-20T09:40:48+00:00\",\"mainEntityOfPage\":{\"@id\":\"https:\/\/etival.fr\/?p=10983\"},\"wordCount\":122,\"image\":{\"@id\":\"https:\/\/etival.fr\/?p=10983#primaryimage\"},\"thumbnailUrl\":\"http:\/\/etival.fr\/wp-content\/uploads\/2023\/04\/surfinia.jpg\",\"articleSection\":[\"Informations Municipales\"],\"inLanguage\":\"fr-FR\"},{\"@type\":\"WebPage\",\"@id\":\"https:\/\/etival.fr\/?p=10983\",\"url\":\"https:\/\/etival.fr\/?p=10983\",\"name\":\"GROUPEMENT D'ACHATS DE FLEURS 2023 - Etival-Clairefontaine\",\"isPartOf\":{\"@id\":\"https:\/\/etival.fr\/#website\"},\"primaryImageOfPage\":{\"@id\":\"https:\/\/etival.fr\/?p=10983#primaryimage\"},\"image\":{\"@id\":\"https:\/\/etival.fr\/?p=10983#primaryimage\"},\"thumbnailUrl\":\"http:\/\/etival.fr\/wp-content\/uploads\/2023\/04\/surfinia.jpg\",\"datePublished\":\"2024-03-20T09:10:00+00:00\",\"dateModified\":\"2024-03-20T09:40:48+00:00\",\"author\":{\"@id\":\"https:\/\/etival.fr\/#\/schema\/person\/966767531f422984430588510b8d4c3f\"},\"breadcrumb\":{\"@id\":\"https:\/\/etival.fr\/?p=10983#breadcrumb\"},\"inLanguage\":\"fr-FR\",\"potentialAction\":[{\"@type\":\"ReadAction\",\"target\":[\"https:\/\/etival.fr\/?p=10983\"]}]},{\"@type\":\"ImageObject\",\"inLanguage\":\"fr-FR\",\"@id\":\"https:\/\/etival.fr\/?p=10983#primaryimage\",\"url\":\"http:\/\/etival.fr\/wp-content\/uploads\/2023\/04\/surfinia.jpg\",\"contentUrl\":\"http:\/\/etival.fr\/wp-content\/uploads\/2023\/04\/surfinia.jpg\"},{\"@type\":\"BreadcrumbList\",\"@id\":\"https:\/\/etival.fr\/?p=10983#breadcrumb\",\"itemListElement\":[{\"@type\":\"ListItem\",\"position\":1,\"name\":\"Accueil\",\"item\":\"https:\/\/etival.fr\/\"},{\"@type\":\"ListItem\",\"position\":2,\"name\":\"GROUPEMENT D&#8217;ACHATS DE FLEURS 2023\"}]},{\"@type\":\"WebSite\",\"@id\":\"https:\/\/etival.fr\/#website\",\"url\":\"https:\/\/etival.fr\/\",\"name\":\"Etival-Clairefontaine\",\"description\":\"Informations et actualit\u00e9s de la commune\",\"potentialAction\":[{\"@type\":\"SearchAction\",\"target\":{\"@type\":\"EntryPoint\",\"urlTemplate\":\"https:\/\/etival.fr\/?s={search_term_string}\"},\"query-input\":{\"@type\":\"PropertyValueSpecification\",\"valueRequired\":true,\"valueName\":\"search_term_string\"}}],\"inLanguage\":\"fr-FR\"},{\"@type\":\"Person\",\"@id\":\"https:\/\/etival.fr\/#\/schema\/person\/966767531f422984430588510b8d4c3f\",\"name\":\"Catherine\",\"image\":{\"@type\":\"ImageObject\",\"inLanguage\":\"fr-FR\",\"@id\":\"https:\/\/etival.fr\/#\/schema\/person\/image\/\",\"url\":\"https:\/\/secure.gravatar.com\/avatar\/b99eff3bf59bd614e6c532df451dc649?s=96&d=mm&r=g\",\"contentUrl\":\"https:\/\/secure.gravatar.com\/avatar\/b99eff3bf59bd614e6c532df451dc649?s=96&d=mm&r=g\",\"caption\":\"Catherine\"},\"url\":\"https:\/\/etival.fr\/?author=2\"}]}<\/script>\n<!-- \/ Yoast SEO plugin. -->","yoast_head_json":{"title":"GROUPEMENT D'ACHATS DE FLEURS 2023 - Etival-Clairefontaine","robots":{"index":"index","follow":"follow","max-snippet":"max-snippet:-1","max-image-preview":"max-image-preview:large","max-video-preview":"max-video-preview:-1"},"canonical":"https:\/\/etival.fr\/?p=10983","og_locale":"fr_FR","og_type":"article","og_title":"GROUPEMENT D'ACHATS DE FLEURS 2023 - Etival-Clairefontaine","og_description":"Le&nbsp;C.C.A.S.&nbsp;vous propose de faire vos achats de fleurs, l\u00e9gumes et plantes aromatiques \u00e0 un tarif pr\u00e9f\u00e9rentiel.Pour toute commande, veuillez faire parvenir le bon disponible en ligne ou \u00e0 la Mairie d\u00fbment rempli ainsi que son r\u00e8glement par ch\u00e8que uniquement, \u00e0 l\u2019ordre de : Ets horticoles Henry D.Pour un retrait des plants le MARDI 14 MAI [&hellip;]","og_url":"https:\/\/etival.fr\/?p=10983","og_site_name":"Etival-Clairefontaine","article_published_time":"2024-03-20T09:10:00+00:00","article_modified_time":"2024-03-20T09:40:48+00:00","og_image":[{"url":"http:\/\/etival.fr\/wp-content\/uploads\/2023\/04\/surfinia.jpg","type":"","width":"","height":""}],"author":"Catherine","twitter_card":"summary_large_image","twitter_misc":{"\u00c9crit par":"Catherine","Dur\u00e9e de lecture estim\u00e9e":"1 minute"},"schema":{"@context":"https:\/\/schema.org","@graph":[{"@type":"Article","@id":"https:\/\/etival.fr\/?p=10983#article","isPartOf":{"@id":"https:\/\/etival.fr\/?p=10983"},"author":{"name":"Catherine","@id":"https:\/\/etival.fr\/#\/schema\/person\/966767531f422984430588510b8d4c3f"},"headline":"GROUPEMENT D&rsquo;ACHATS DE FLEURS 2023","datePublished":"2024-03-20T09:10:00+00:00","dateModified":"2024-03-20T09:40:48+00:00","mainEntityOfPage":{"@id":"https:\/\/etival.fr\/?p=10983"},"wordCount":122,"image":{"@id":"https:\/\/etival.fr\/?p=10983#primaryimage"},"thumbnailUrl":"http:\/\/etival.fr\/wp-content\/uploads\/2023\/04\/surfinia.jpg","articleSection":["Informations Municipales"],"inLanguage":"fr-FR"},{"@type":"WebPage","@id":"https:\/\/etival.fr\/?p=10983","url":"https:\/\/etival.fr\/?p=10983","name":"GROUPEMENT D'ACHATS DE FLEURS 2023 - Etival-Clairefontaine","isPartOf":{"@id":"https:\/\/etival.fr\/#website"},"primaryImageOfPage":{"@id":"https:\/\/etival.fr\/?p=10983#primaryimage"},"image":{"@id":"https:\/\/etival.fr\/?p=10983#primaryimage"},"thumbnailUrl":"http:\/\/etival.fr\/wp-content\/uploads\/2023\/04\/surfinia.jpg","datePublished":"2024-03-20T09:10:00+00:00","dateModified":"2024-03-20T09:40:48+00:00","author":{"@id":"https:\/\/etival.fr\/#\/schema\/person\/966767531f422984430588510b8d4c3f"},"breadcrumb":{"@id":"https:\/\/etival.fr\/?p=10983#breadcrumb"},"inLanguage":"fr-FR","potentialAction":[{"@type":"ReadAction","target":["https:\/\/etival.fr\/?p=10983"]}]},{"@type":"ImageObject","inLanguage":"fr-FR","@id":"https:\/\/etival.fr\/?p=10983#primaryimage","url":"http:\/\/etival.fr\/wp-content\/uploads\/2023\/04\/surfinia.jpg","contentUrl":"http:\/\/etival.fr\/wp-content\/uploads\/2023\/04\/surfinia.jpg"},{"@type":"BreadcrumbList","@id":"https:\/\/etival.fr\/?p=10983#breadcrumb","itemListElement":[{"@type":"ListItem","position":1,"name":"Accueil","item":"https:\/\/etival.fr\/"},{"@type":"ListItem","position":2,"name":"GROUPEMENT D&#8217;ACHATS DE FLEURS 2023"}]},{"@type":"WebSite","@id":"https:\/\/etival.fr\/#website","url":"https:\/\/etival.fr\/","name":"Etival-Clairefontaine","description":"Informations et actualit\u00e9s de la commune","potentialAction":[{"@type":"SearchAction","target":{"@type":"EntryPoint","urlTemplate":"https:\/\/etival.fr\/?s={search_term_string}"},"query-input":{"@type":"PropertyValueSpecification","valueRequired":true,"valueName":"search_term_string"}}],"inLanguage":"fr-FR"},{"@type":"Person","@id":"https:\/\/etival.fr\/#\/schema\/person\/966767531f422984430588510b8d4c3f","name":"Catherine","image":{"@type":"ImageObject","inLanguage":"fr-FR","@id":"https:\/\/etival.fr\/#\/schema\/person\/image\/","url":"https:\/\/secure.gravatar.com\/avatar\/b99eff3bf59bd614e6c532df451dc649?s=96&d=mm&r=g","contentUrl":"https:\/\/secure.gravatar.com\/avatar\/b99eff3bf59bd614e6c532df451dc649?s=96&d=mm&r=g","caption":"Catherine"},"url":"https:\/\/etival.fr\/?author=2"}]}},"_links":{"self":[{"href":"https:\/\/etival.fr\/index.php?rest_route=\/wp\/v2\/posts\/10983","targetHints":{"allow":["GET"]}}],"collection":[{"href":"https:\/\/etival.fr\/index.php?rest_route=\/wp\/v2\/posts"}],"about":[{"href":"https:\/\/etival.fr\/index.php?rest_route=\/wp\/v2\/types\/post"}],"author":[{"embeddable":true,"href":"https:\/\/etival.fr\/index.php?rest_route=\/wp\/v2\/users\/2"}],"replies":[{"embeddable":true,"href":"https:\/\/etival.fr\/index.php?rest_route=%2Fwp%2Fv2%2Fcomments&post=10983"}],"version-history":[{"count":5,"href":"https:\/\/etival.fr\/index.php?rest_route=\/wp\/v2\/posts\/10983\/revisions"}],"predecessor-version":[{"id":11820,"href":"https:\/\/etival.fr\/index.php?rest_route=\/wp\/v2\/posts\/10983\/revisions\/11820"}],"wp:attachment":[{"href":"https:\/\/etival.fr\/index.php?rest_route=%2Fwp%2Fv2%2Fmedia&parent=10983"}],"wp:term":[{"taxonomy":"category","embeddable":true,"href":"https:\/\/etival.fr\/index.php?rest_route=%2Fwp%2Fv2%2Fcategories&post=10983"},{"taxonomy":"post_tag","embeddable":true,"href":"https:\/\/etival.fr\/index.php?rest_route=%2Fwp%2Fv2%2Ftags&post=10983"}],"curies":[{"name":"wp","href":"https:\/\/api.w.org\/{rel}","templated":true}]}}