{"id":11149,"date":"2023-05-16T10:29:38","date_gmt":"2023-05-16T09:29:38","guid":{"rendered":"http:\/\/etival.fr\/?p=11149"},"modified":"2023-06-12T13:23:11","modified_gmt":"2023-06-12T12:23:11","slug":"inscription-transport-scolaire-2023-2024","status":"publish","type":"post","link":"https:\/\/etival.fr\/?p=11149","title":{"rendered":"INSCRIPTIONS TRANSPORT SCOLAIRE 2023\/2024"},"content":{"rendered":"\n<p>Les inscriptions pour le transport&nbsp;scolaire&nbsp;2023\/2024, pour les&nbsp;<strong>\u00e9l\u00e8ves habitants et scolaris\u00e9s<\/strong>&nbsp;sur le territoire communautaire&nbsp;<strong>ouvrent le&nbsp;22 mai 2023<\/strong>.&nbsp;<strong>Tous les enfants du primaire (hors AOT2) et du secondaire doivent s&rsquo;inscrire<\/strong>&nbsp;sur le site internet&nbsp;<a href=\"https:\/\/sylvia.saint-die-des-vosges.fr\/\" target=\"_blank\" rel=\"noreferrer noopener\">https:\/\/sylvia.saint-die-des-vosges.fr\/<\/a>&nbsp;ou \u00e0 l&rsquo;agence SYLVIA localis\u00e9e en gare SNCF de Saint-Di\u00e9-des-Vosges. La d\u00e9marche est expliqu\u00e9e sur les flyers ci-dessous. Ces derniers seront distribu\u00e9s cette semaine \u00e0 tous les \u00e9tablissements scolaires (Ecole, Coll\u00e8ge et Lyc\u00e9e).<\/p>\n\n\n\n<p><strong>Les \u00e9l\u00e8ves scolaris\u00e9s hors du p\u00e9rim\u00e8tre communautaire devront s&rsquo;inscrire sur<\/strong>&nbsp;<a href=\"https:\/\/www.fluo.eu\/fr\/part3\/transport-scolaire\/121\" target=\"_blank\" rel=\"noreferrer noopener\">https:\/\/www.fluo.eu\/fr\/part3\/transport-scolaire\/121<\/a><\/p>\n\n\n\n<p><em>Le service mobilit\u00e9 de l&rsquo;Agglom\u00e9ration reste \u00e0 votre \u00e9coute au 03.29.52.65.56.<\/em><\/p>\n\n\n\n<figure class=\"wp-block-gallery has-nested-images columns-default is-cropped wp-block-gallery-1 is-layout-flex wp-block-gallery-is-layout-flex\">\n<figure class=\"wp-block-image size-large\"><a href=\"http:\/\/etival.fr\/wp-content\/uploads\/2023\/05\/flyer-college-pour-impression-1-1.png\"><img loading=\"lazy\" decoding=\"async\" width=\"724\" height=\"1024\" data-id=\"11153\" src=\"http:\/\/etival.fr\/wp-content\/uploads\/2023\/05\/flyer-college-pour-impression-1-1-724x1024.png\" alt=\"\" class=\"wp-image-11153\" srcset=\"https:\/\/etival.fr\/wp-content\/uploads\/2023\/05\/flyer-college-pour-impression-1-1-724x1024.png 724w, https:\/\/etival.fr\/wp-content\/uploads\/2023\/05\/flyer-college-pour-impression-1-1-212x300.png 212w, https:\/\/etival.fr\/wp-content\/uploads\/2023\/05\/flyer-college-pour-impression-1-1-768x1086.png 768w, https:\/\/etival.fr\/wp-content\/uploads\/2023\/05\/flyer-college-pour-impression-1-1-1086x1536.png 1086w, https:\/\/etival.fr\/wp-content\/uploads\/2023\/05\/flyer-college-pour-impression-1-1-1448x2048.png 1448w, https:\/\/etival.fr\/wp-content\/uploads\/2023\/05\/flyer-college-pour-impression-1-1-624x882.png 624w, https:\/\/etival.fr\/wp-content\/uploads\/2023\/05\/flyer-college-pour-impression-1-1.png 1754w\" sizes=\"auto, (max-width: 724px) 100vw, 724px\" \/><\/a><\/figure>\n\n\n\n<figure class=\"wp-block-image size-large\"><a href=\"http:\/\/etival.fr\/wp-content\/uploads\/2023\/05\/flyer-college-pour-impression-2-1.png\"><img loading=\"lazy\" decoding=\"async\" width=\"726\" height=\"1024\" data-id=\"11152\" src=\"http:\/\/etival.fr\/wp-content\/uploads\/2023\/05\/flyer-college-pour-impression-2-1-726x1024.png\" alt=\"\" class=\"wp-image-11152\" srcset=\"https:\/\/etival.fr\/wp-content\/uploads\/2023\/05\/flyer-college-pour-impression-2-1-726x1024.png 726w, https:\/\/etival.fr\/wp-content\/uploads\/2023\/05\/flyer-college-pour-impression-2-1-213x300.png 213w, https:\/\/etival.fr\/wp-content\/uploads\/2023\/05\/flyer-college-pour-impression-2-1-768x1083.png 768w, https:\/\/etival.fr\/wp-content\/uploads\/2023\/05\/flyer-college-pour-impression-2-1-1089x1536.png 1089w, https:\/\/etival.fr\/wp-content\/uploads\/2023\/05\/flyer-college-pour-impression-2-1-1452x2048.png 1452w, https:\/\/etival.fr\/wp-content\/uploads\/2023\/05\/flyer-college-pour-impression-2-1-624x880.png 624w, https:\/\/etival.fr\/wp-content\/uploads\/2023\/05\/flyer-college-pour-impression-2-1.png 1758w\" sizes=\"auto, (max-width: 726px) 100vw, 726px\" \/><\/a><\/figure>\n<\/figure>\n\n\n\n<p>&#8212;&#8212;&#8212;&#8212;&#8212;&#8212;&#8212;&#8212;&#8212;&#8212;&#8212;&#8212;&#8212;&#8212;&#8212;&#8212;&#8212;&#8212;&#8212;&#8212;&#8212;&#8212;&#8212;&#8212;&#8212;&#8212;&#8212;&#8212;&#8212;&#8212;&#8212;&#8212;&#8212;&#8212;&#8212;&#8212;&#8212;&#8212;&#8212;&#8212;&#8212;&#8212;-<\/p>\n\n\n\n<p class=\"has-text-color\" style=\"color:#600d43\"><strong>Transport scolaire &#8211; Coll\u00e8ge &amp; Lyc\u00e9e<\/strong><br>&#x25b6; La commune d&rsquo;\u00c9tival-Clairefontaine participe \u00e0 la prise en charge \u00e0 hauteur de 94 \u20ac\/an pour le transport des \u00e9l\u00e8ves<strong> jusqu\u2019\u00e0 l\u2019\u00e2ge de 16 ans<\/strong>. Afin de proc\u00e9der au remboursement de ces frais, merci de faire parvenir en Mairie ou par mail \u00e0 communication@etival.fr <strong>obligatoirement avant le 15 octobre 2023<\/strong> :<br>&#8211; un justificatif de paiement, <br>&#8211; photocopie de la carte d&rsquo;identit\u00e9 ou de la carte de bus.<br>&#8211; un Relev\u00e9 d\u2019Identit\u00e9 Bancaire. <br><strong><em>(Apr\u00e8s cette date aucun remboursement ne pourra \u00eatre effectu\u00e9).<\/em><\/strong><\/p>\n","protected":false},"excerpt":{"rendered":"<p>Les inscriptions pour le transport&nbsp;scolaire&nbsp;2023\/2024, pour les&nbsp;\u00e9l\u00e8ves habitants et scolaris\u00e9s&nbsp;sur le territoire communautaire&nbsp;ouvrent le&nbsp;22 mai 2023.&nbsp;Tous les enfants du primaire (hors AOT2) et du secondaire doivent s&rsquo;inscrire&nbsp;sur le site internet&nbsp;https:\/\/sylvia.saint-die-des-vosges.fr\/&nbsp;ou \u00e0 l&rsquo;agence SYLVIA localis\u00e9e en gare SNCF de Saint-Di\u00e9-des-Vosges. La d\u00e9marche est expliqu\u00e9e sur les flyers ci-dessous. Ces derniers seront distribu\u00e9s cette semaine \u00e0 tous [&hellip;]<\/p>\n","protected":false},"author":2,"featured_media":0,"comment_status":"closed","ping_status":"open","sticky":false,"template":"","format":"standard","meta":{"footnotes":""},"categories":[9,6],"tags":[],"class_list":["post-11149","post","type-post","status-publish","format-standard","hentry","category-communaute-dagglomeration-de-saint-die-des-vosges","category-informations-municipales"],"yoast_head":"<!-- This site is optimized with the Yoast SEO plugin v26.8 - https:\/\/yoast.com\/product\/yoast-seo-wordpress\/ -->\n<title>INSCRIPTIONS TRANSPORT SCOLAIRE 2023\/2024 - Etival-Clairefontaine<\/title>\n<meta name=\"robots\" content=\"index, follow, max-snippet:-1, max-image-preview:large, max-video-preview:-1\" \/>\n<link rel=\"canonical\" href=\"https:\/\/etival.fr\/?p=11149\" \/>\n<meta property=\"og:locale\" content=\"fr_FR\" \/>\n<meta property=\"og:type\" content=\"article\" \/>\n<meta property=\"og:title\" content=\"INSCRIPTIONS TRANSPORT SCOLAIRE 2023\/2024 - Etival-Clairefontaine\" \/>\n<meta property=\"og:description\" content=\"Les inscriptions pour le transport&nbsp;scolaire&nbsp;2023\/2024, pour les&nbsp;\u00e9l\u00e8ves habitants et scolaris\u00e9s&nbsp;sur le territoire communautaire&nbsp;ouvrent le&nbsp;22 mai 2023.&nbsp;Tous les enfants du primaire (hors AOT2) et du secondaire doivent s&rsquo;inscrire&nbsp;sur le site internet&nbsp;https:\/\/sylvia.saint-die-des-vosges.fr\/&nbsp;ou \u00e0 l&rsquo;agence SYLVIA localis\u00e9e en gare SNCF de Saint-Di\u00e9-des-Vosges. La d\u00e9marche est expliqu\u00e9e sur les flyers ci-dessous. Ces derniers seront distribu\u00e9s cette semaine \u00e0 tous [&hellip;]\" \/>\n<meta property=\"og:url\" content=\"https:\/\/etival.fr\/?p=11149\" \/>\n<meta property=\"og:site_name\" content=\"Etival-Clairefontaine\" \/>\n<meta property=\"article:published_time\" content=\"2023-05-16T09:29:38+00:00\" \/>\n<meta property=\"article:modified_time\" content=\"2023-06-12T12:23:11+00:00\" \/>\n<meta property=\"og:image\" content=\"http:\/\/etival.fr\/wp-content\/uploads\/2023\/05\/flyer-college-pour-impression-1-1-724x1024.png\" \/>\n<meta name=\"author\" content=\"Catherine\" \/>\n<meta name=\"twitter:card\" content=\"summary_large_image\" \/>\n<meta name=\"twitter:label1\" content=\"\u00c9crit par\" \/>\n\t<meta name=\"twitter:data1\" content=\"Catherine\" \/>\n\t<meta name=\"twitter:label2\" content=\"Dur\u00e9e de lecture estim\u00e9e\" \/>\n\t<meta name=\"twitter:data2\" content=\"2 minutes\" \/>\n<script type=\"application\/ld+json\" class=\"yoast-schema-graph\">{\"@context\":\"https:\/\/schema.org\",\"@graph\":[{\"@type\":\"Article\",\"@id\":\"https:\/\/etival.fr\/?p=11149#article\",\"isPartOf\":{\"@id\":\"https:\/\/etival.fr\/?p=11149\"},\"author\":{\"name\":\"Catherine\",\"@id\":\"https:\/\/etival.fr\/#\/schema\/person\/966767531f422984430588510b8d4c3f\"},\"headline\":\"INSCRIPTIONS TRANSPORT SCOLAIRE 2023\/2024\",\"datePublished\":\"2023-05-16T09:29:38+00:00\",\"dateModified\":\"2023-06-12T12:23:11+00:00\",\"mainEntityOfPage\":{\"@id\":\"https:\/\/etival.fr\/?p=11149\"},\"wordCount\":221,\"image\":{\"@id\":\"https:\/\/etival.fr\/?p=11149#primaryimage\"},\"thumbnailUrl\":\"http:\/\/etival.fr\/wp-content\/uploads\/2023\/05\/flyer-college-pour-impression-1-1-724x1024.png\",\"articleSection\":[\"Communaut\u00e9 d'Agglom\u00e9ration de Saint-Di\u00e9-Des-Vosges\",\"Informations Municipales\"],\"inLanguage\":\"fr-FR\"},{\"@type\":\"WebPage\",\"@id\":\"https:\/\/etival.fr\/?p=11149\",\"url\":\"https:\/\/etival.fr\/?p=11149\",\"name\":\"INSCRIPTIONS TRANSPORT SCOLAIRE 2023\/2024 - Etival-Clairefontaine\",\"isPartOf\":{\"@id\":\"https:\/\/etival.fr\/#website\"},\"primaryImageOfPage\":{\"@id\":\"https:\/\/etival.fr\/?p=11149#primaryimage\"},\"image\":{\"@id\":\"https:\/\/etival.fr\/?p=11149#primaryimage\"},\"thumbnailUrl\":\"http:\/\/etival.fr\/wp-content\/uploads\/2023\/05\/flyer-college-pour-impression-1-1-724x1024.png\",\"datePublished\":\"2023-05-16T09:29:38+00:00\",\"dateModified\":\"2023-06-12T12:23:11+00:00\",\"author\":{\"@id\":\"https:\/\/etival.fr\/#\/schema\/person\/966767531f422984430588510b8d4c3f\"},\"breadcrumb\":{\"@id\":\"https:\/\/etival.fr\/?p=11149#breadcrumb\"},\"inLanguage\":\"fr-FR\",\"potentialAction\":[{\"@type\":\"ReadAction\",\"target\":[\"https:\/\/etival.fr\/?p=11149\"]}]},{\"@type\":\"ImageObject\",\"inLanguage\":\"fr-FR\",\"@id\":\"https:\/\/etival.fr\/?p=11149#primaryimage\",\"url\":\"https:\/\/etival.fr\/wp-content\/uploads\/2023\/05\/flyer-college-pour-impression-1-1.png\",\"contentUrl\":\"https:\/\/etival.fr\/wp-content\/uploads\/2023\/05\/flyer-college-pour-impression-1-1.png\",\"width\":1754,\"height\":2480},{\"@type\":\"BreadcrumbList\",\"@id\":\"https:\/\/etival.fr\/?p=11149#breadcrumb\",\"itemListElement\":[{\"@type\":\"ListItem\",\"position\":1,\"name\":\"Accueil\",\"item\":\"https:\/\/etival.fr\/\"},{\"@type\":\"ListItem\",\"position\":2,\"name\":\"INSCRIPTIONS TRANSPORT SCOLAIRE 2023\/2024\"}]},{\"@type\":\"WebSite\",\"@id\":\"https:\/\/etival.fr\/#website\",\"url\":\"https:\/\/etival.fr\/\",\"name\":\"Etival-Clairefontaine\",\"description\":\"Informations et actualit\u00e9s de la commune\",\"potentialAction\":[{\"@type\":\"SearchAction\",\"target\":{\"@type\":\"EntryPoint\",\"urlTemplate\":\"https:\/\/etival.fr\/?s={search_term_string}\"},\"query-input\":{\"@type\":\"PropertyValueSpecification\",\"valueRequired\":true,\"valueName\":\"search_term_string\"}}],\"inLanguage\":\"fr-FR\"},{\"@type\":\"Person\",\"@id\":\"https:\/\/etival.fr\/#\/schema\/person\/966767531f422984430588510b8d4c3f\",\"name\":\"Catherine\",\"image\":{\"@type\":\"ImageObject\",\"inLanguage\":\"fr-FR\",\"@id\":\"https:\/\/etival.fr\/#\/schema\/person\/image\/\",\"url\":\"https:\/\/secure.gravatar.com\/avatar\/b99eff3bf59bd614e6c532df451dc649?s=96&d=mm&r=g\",\"contentUrl\":\"https:\/\/secure.gravatar.com\/avatar\/b99eff3bf59bd614e6c532df451dc649?s=96&d=mm&r=g\",\"caption\":\"Catherine\"},\"url\":\"https:\/\/etival.fr\/?author=2\"}]}<\/script>\n<!-- \/ Yoast SEO plugin. -->","yoast_head_json":{"title":"INSCRIPTIONS TRANSPORT SCOLAIRE 2023\/2024 - Etival-Clairefontaine","robots":{"index":"index","follow":"follow","max-snippet":"max-snippet:-1","max-image-preview":"max-image-preview:large","max-video-preview":"max-video-preview:-1"},"canonical":"https:\/\/etival.fr\/?p=11149","og_locale":"fr_FR","og_type":"article","og_title":"INSCRIPTIONS TRANSPORT SCOLAIRE 2023\/2024 - Etival-Clairefontaine","og_description":"Les inscriptions pour le transport&nbsp;scolaire&nbsp;2023\/2024, pour les&nbsp;\u00e9l\u00e8ves habitants et scolaris\u00e9s&nbsp;sur le territoire communautaire&nbsp;ouvrent le&nbsp;22 mai 2023.&nbsp;Tous les enfants du primaire (hors AOT2) et du secondaire doivent s&rsquo;inscrire&nbsp;sur le site internet&nbsp;https:\/\/sylvia.saint-die-des-vosges.fr\/&nbsp;ou \u00e0 l&rsquo;agence SYLVIA localis\u00e9e en gare SNCF de Saint-Di\u00e9-des-Vosges. La d\u00e9marche est expliqu\u00e9e sur les flyers ci-dessous. Ces derniers seront distribu\u00e9s cette semaine \u00e0 tous [&hellip;]","og_url":"https:\/\/etival.fr\/?p=11149","og_site_name":"Etival-Clairefontaine","article_published_time":"2023-05-16T09:29:38+00:00","article_modified_time":"2023-06-12T12:23:11+00:00","og_image":[{"url":"http:\/\/etival.fr\/wp-content\/uploads\/2023\/05\/flyer-college-pour-impression-1-1-724x1024.png","type":"","width":"","height":""}],"author":"Catherine","twitter_card":"summary_large_image","twitter_misc":{"\u00c9crit par":"Catherine","Dur\u00e9e de lecture estim\u00e9e":"2 minutes"},"schema":{"@context":"https:\/\/schema.org","@graph":[{"@type":"Article","@id":"https:\/\/etival.fr\/?p=11149#article","isPartOf":{"@id":"https:\/\/etival.fr\/?p=11149"},"author":{"name":"Catherine","@id":"https:\/\/etival.fr\/#\/schema\/person\/966767531f422984430588510b8d4c3f"},"headline":"INSCRIPTIONS TRANSPORT SCOLAIRE 2023\/2024","datePublished":"2023-05-16T09:29:38+00:00","dateModified":"2023-06-12T12:23:11+00:00","mainEntityOfPage":{"@id":"https:\/\/etival.fr\/?p=11149"},"wordCount":221,"image":{"@id":"https:\/\/etival.fr\/?p=11149#primaryimage"},"thumbnailUrl":"http:\/\/etival.fr\/wp-content\/uploads\/2023\/05\/flyer-college-pour-impression-1-1-724x1024.png","articleSection":["Communaut\u00e9 d'Agglom\u00e9ration de Saint-Di\u00e9-Des-Vosges","Informations Municipales"],"inLanguage":"fr-FR"},{"@type":"WebPage","@id":"https:\/\/etival.fr\/?p=11149","url":"https:\/\/etival.fr\/?p=11149","name":"INSCRIPTIONS TRANSPORT SCOLAIRE 2023\/2024 - Etival-Clairefontaine","isPartOf":{"@id":"https:\/\/etival.fr\/#website"},"primaryImageOfPage":{"@id":"https:\/\/etival.fr\/?p=11149#primaryimage"},"image":{"@id":"https:\/\/etival.fr\/?p=11149#primaryimage"},"thumbnailUrl":"http:\/\/etival.fr\/wp-content\/uploads\/2023\/05\/flyer-college-pour-impression-1-1-724x1024.png","datePublished":"2023-05-16T09:29:38+00:00","dateModified":"2023-06-12T12:23:11+00:00","author":{"@id":"https:\/\/etival.fr\/#\/schema\/person\/966767531f422984430588510b8d4c3f"},"breadcrumb":{"@id":"https:\/\/etival.fr\/?p=11149#breadcrumb"},"inLanguage":"fr-FR","potentialAction":[{"@type":"ReadAction","target":["https:\/\/etival.fr\/?p=11149"]}]},{"@type":"ImageObject","inLanguage":"fr-FR","@id":"https:\/\/etival.fr\/?p=11149#primaryimage","url":"https:\/\/etival.fr\/wp-content\/uploads\/2023\/05\/flyer-college-pour-impression-1-1.png","contentUrl":"https:\/\/etival.fr\/wp-content\/uploads\/2023\/05\/flyer-college-pour-impression-1-1.png","width":1754,"height":2480},{"@type":"BreadcrumbList","@id":"https:\/\/etival.fr\/?p=11149#breadcrumb","itemListElement":[{"@type":"ListItem","position":1,"name":"Accueil","item":"https:\/\/etival.fr\/"},{"@type":"ListItem","position":2,"name":"INSCRIPTIONS TRANSPORT SCOLAIRE 2023\/2024"}]},{"@type":"WebSite","@id":"https:\/\/etival.fr\/#website","url":"https:\/\/etival.fr\/","name":"Etival-Clairefontaine","description":"Informations et actualit\u00e9s de la commune","potentialAction":[{"@type":"SearchAction","target":{"@type":"EntryPoint","urlTemplate":"https:\/\/etival.fr\/?s={search_term_string}"},"query-input":{"@type":"PropertyValueSpecification","valueRequired":true,"valueName":"search_term_string"}}],"inLanguage":"fr-FR"},{"@type":"Person","@id":"https:\/\/etival.fr\/#\/schema\/person\/966767531f422984430588510b8d4c3f","name":"Catherine","image":{"@type":"ImageObject","inLanguage":"fr-FR","@id":"https:\/\/etival.fr\/#\/schema\/person\/image\/","url":"https:\/\/secure.gravatar.com\/avatar\/b99eff3bf59bd614e6c532df451dc649?s=96&d=mm&r=g","contentUrl":"https:\/\/secure.gravatar.com\/avatar\/b99eff3bf59bd614e6c532df451dc649?s=96&d=mm&r=g","caption":"Catherine"},"url":"https:\/\/etival.fr\/?author=2"}]}},"_links":{"self":[{"href":"https:\/\/etival.fr\/index.php?rest_route=\/wp\/v2\/posts\/11149","targetHints":{"allow":["GET"]}}],"collection":[{"href":"https:\/\/etival.fr\/index.php?rest_route=\/wp\/v2\/posts"}],"about":[{"href":"https:\/\/etival.fr\/index.php?rest_route=\/wp\/v2\/types\/post"}],"author":[{"embeddable":true,"href":"https:\/\/etival.fr\/index.php?rest_route=\/wp\/v2\/users\/2"}],"replies":[{"embeddable":true,"href":"https:\/\/etival.fr\/index.php?rest_route=%2Fwp%2Fv2%2Fcomments&post=11149"}],"version-history":[{"count":6,"href":"https:\/\/etival.fr\/index.php?rest_route=\/wp\/v2\/posts\/11149\/revisions"}],"predecessor-version":[{"id":11279,"href":"https:\/\/etival.fr\/index.php?rest_route=\/wp\/v2\/posts\/11149\/revisions\/11279"}],"wp:attachment":[{"href":"https:\/\/etival.fr\/index.php?rest_route=%2Fwp%2Fv2%2Fmedia&parent=11149"}],"wp:term":[{"taxonomy":"category","embeddable":true,"href":"https:\/\/etival.fr\/index.php?rest_route=%2Fwp%2Fv2%2Fcategories&post=11149"},{"taxonomy":"post_tag","embeddable":true,"href":"https:\/\/etival.fr\/index.php?rest_route=%2Fwp%2Fv2%2Ftags&post=11149"}],"curies":[{"name":"wp","href":"https:\/\/api.w.org\/{rel}","templated":true}]}}