{"id":11174,"date":"2023-05-24T13:59:05","date_gmt":"2023-05-24T12:59:05","guid":{"rendered":"http:\/\/etival.fr\/?p=11174"},"modified":"2023-05-24T14:34:08","modified_gmt":"2023-05-24T13:34:08","slug":"webinaire-jeunes-retraites-cpam-des-vosges","status":"publish","type":"post","link":"https:\/\/etival.fr\/?p=11174","title":{"rendered":"Webinaire Jeunes Retrait\u00e9s, CPAM des Vosges"},"content":{"rendered":"\n<p>La CPAM des Vosges, en partenariat avec la CARSAT Nord-Est et le Centre de d\u00e9pistages des cancers, organise&nbsp;<strong>un webinaire \u00e0 destination des Jeunes Retrait\u00e9s<\/strong>.<\/p>\n\n\n\n<p>Ce moment d\u2019\u00e9changes sera l\u2019occasion d\u2019\u00eatre inform\u00e9s et sensibilis\u00e9s sur la th\u00e9matique suivante&nbsp;:&nbsp;<strong>comment bien vivre leur retraite<\/strong>. &nbsp;<\/p>\n\n\n\n<p>Ce webinaire se d\u00e9roulera le&nbsp;<strong>mercredi 31 mai 2023, de 14h00 \u00e0 15h00, via l\u2019application ZOOM.<\/strong><\/p>\n\n\n\n<figure class=\"wp-block-image size-large\"><a href=\"http:\/\/etival.fr\/wp-content\/uploads\/2023\/05\/afficheretraites.png\"><img loading=\"lazy\" decoding=\"async\" width=\"732\" height=\"1024\" src=\"http:\/\/etival.fr\/wp-content\/uploads\/2023\/05\/afficheretraites-732x1024.png\" alt=\"\" class=\"wp-image-11175\" srcset=\"https:\/\/etival.fr\/wp-content\/uploads\/2023\/05\/afficheretraites-732x1024.png 732w, https:\/\/etival.fr\/wp-content\/uploads\/2023\/05\/afficheretraites-215x300.png 215w, https:\/\/etival.fr\/wp-content\/uploads\/2023\/05\/afficheretraites-768x1074.png 768w, https:\/\/etival.fr\/wp-content\/uploads\/2023\/05\/afficheretraites-1098x1536.png 1098w, https:\/\/etival.fr\/wp-content\/uploads\/2023\/05\/afficheretraites-1464x2048.png 1464w, https:\/\/etival.fr\/wp-content\/uploads\/2023\/05\/afficheretraites-624x873.png 624w\" sizes=\"auto, (max-width: 732px) 100vw, 732px\" \/><\/a><\/figure>\n\n\n\n<p><\/p>\n","protected":false},"excerpt":{"rendered":"<p>La CPAM des Vosges, en partenariat avec la CARSAT Nord-Est et le Centre de d\u00e9pistages des cancers, organise&nbsp;un webinaire \u00e0 destination des Jeunes Retrait\u00e9s. Ce moment d\u2019\u00e9changes sera l\u2019occasion d\u2019\u00eatre inform\u00e9s et sensibilis\u00e9s sur la th\u00e9matique suivante&nbsp;:&nbsp;comment bien vivre leur retraite. &nbsp; Ce webinaire se d\u00e9roulera le&nbsp;mercredi 31 mai 2023, de 14h00 \u00e0 15h00, via [&hellip;]<\/p>\n","protected":false},"author":2,"featured_media":0,"comment_status":"closed","ping_status":"open","sticky":false,"template":"","format":"standard","meta":{"footnotes":""},"categories":[6],"tags":[],"class_list":["post-11174","post","type-post","status-publish","format-standard","hentry","category-informations-municipales"],"yoast_head":"<!-- This site is optimized with the Yoast SEO plugin v26.8 - https:\/\/yoast.com\/product\/yoast-seo-wordpress\/ -->\n<title>Webinaire Jeunes Retrait\u00e9s, CPAM des Vosges - Etival-Clairefontaine<\/title>\n<meta name=\"robots\" content=\"index, follow, max-snippet:-1, max-image-preview:large, max-video-preview:-1\" \/>\n<link rel=\"canonical\" href=\"https:\/\/etival.fr\/?p=11174\" \/>\n<meta property=\"og:locale\" content=\"fr_FR\" \/>\n<meta property=\"og:type\" content=\"article\" \/>\n<meta property=\"og:title\" content=\"Webinaire Jeunes Retrait\u00e9s, CPAM des Vosges - Etival-Clairefontaine\" \/>\n<meta property=\"og:description\" content=\"La CPAM des Vosges, en partenariat avec la CARSAT Nord-Est et le Centre de d\u00e9pistages des cancers, organise&nbsp;un webinaire \u00e0 destination des Jeunes Retrait\u00e9s. Ce moment d\u2019\u00e9changes sera l\u2019occasion d\u2019\u00eatre inform\u00e9s et sensibilis\u00e9s sur la th\u00e9matique suivante&nbsp;:&nbsp;comment bien vivre leur retraite. &nbsp; Ce webinaire se d\u00e9roulera le&nbsp;mercredi 31 mai 2023, de 14h00 \u00e0 15h00, via [&hellip;]\" \/>\n<meta property=\"og:url\" content=\"https:\/\/etival.fr\/?p=11174\" \/>\n<meta property=\"og:site_name\" content=\"Etival-Clairefontaine\" \/>\n<meta property=\"article:published_time\" content=\"2023-05-24T12:59:05+00:00\" \/>\n<meta property=\"article:modified_time\" content=\"2023-05-24T13:34:08+00:00\" \/>\n<meta property=\"og:image\" content=\"http:\/\/etival.fr\/wp-content\/uploads\/2023\/05\/afficheretraites-732x1024.png\" \/>\n<meta name=\"author\" content=\"Catherine\" \/>\n<meta name=\"twitter:card\" content=\"summary_large_image\" \/>\n<meta name=\"twitter:label1\" content=\"\u00c9crit par\" \/>\n\t<meta name=\"twitter:data1\" content=\"Catherine\" \/>\n\t<meta name=\"twitter:label2\" content=\"Dur\u00e9e de lecture estim\u00e9e\" \/>\n\t<meta name=\"twitter:data2\" content=\"1 minute\" \/>\n<script type=\"application\/ld+json\" class=\"yoast-schema-graph\">{\"@context\":\"https:\/\/schema.org\",\"@graph\":[{\"@type\":\"Article\",\"@id\":\"https:\/\/etival.fr\/?p=11174#article\",\"isPartOf\":{\"@id\":\"https:\/\/etival.fr\/?p=11174\"},\"author\":{\"name\":\"Catherine\",\"@id\":\"https:\/\/etival.fr\/#\/schema\/person\/966767531f422984430588510b8d4c3f\"},\"headline\":\"Webinaire Jeunes Retrait\u00e9s, CPAM des Vosges\",\"datePublished\":\"2023-05-24T12:59:05+00:00\",\"dateModified\":\"2023-05-24T13:34:08+00:00\",\"mainEntityOfPage\":{\"@id\":\"https:\/\/etival.fr\/?p=11174\"},\"wordCount\":77,\"image\":{\"@id\":\"https:\/\/etival.fr\/?p=11174#primaryimage\"},\"thumbnailUrl\":\"http:\/\/etival.fr\/wp-content\/uploads\/2023\/05\/afficheretraites-732x1024.png\",\"articleSection\":[\"Informations Municipales\"],\"inLanguage\":\"fr-FR\"},{\"@type\":\"WebPage\",\"@id\":\"https:\/\/etival.fr\/?p=11174\",\"url\":\"https:\/\/etival.fr\/?p=11174\",\"name\":\"Webinaire Jeunes Retrait\u00e9s, CPAM des Vosges - Etival-Clairefontaine\",\"isPartOf\":{\"@id\":\"https:\/\/etival.fr\/#website\"},\"primaryImageOfPage\":{\"@id\":\"https:\/\/etival.fr\/?p=11174#primaryimage\"},\"image\":{\"@id\":\"https:\/\/etival.fr\/?p=11174#primaryimage\"},\"thumbnailUrl\":\"http:\/\/etival.fr\/wp-content\/uploads\/2023\/05\/afficheretraites-732x1024.png\",\"datePublished\":\"2023-05-24T12:59:05+00:00\",\"dateModified\":\"2023-05-24T13:34:08+00:00\",\"author\":{\"@id\":\"https:\/\/etival.fr\/#\/schema\/person\/966767531f422984430588510b8d4c3f\"},\"breadcrumb\":{\"@id\":\"https:\/\/etival.fr\/?p=11174#breadcrumb\"},\"inLanguage\":\"fr-FR\",\"potentialAction\":[{\"@type\":\"ReadAction\",\"target\":[\"https:\/\/etival.fr\/?p=11174\"]}]},{\"@type\":\"ImageObject\",\"inLanguage\":\"fr-FR\",\"@id\":\"https:\/\/etival.fr\/?p=11174#primaryimage\",\"url\":\"https:\/\/etival.fr\/wp-content\/uploads\/2023\/05\/afficheretraites.png\",\"contentUrl\":\"https:\/\/etival.fr\/wp-content\/uploads\/2023\/05\/afficheretraites.png\",\"width\":2294,\"height\":3208},{\"@type\":\"BreadcrumbList\",\"@id\":\"https:\/\/etival.fr\/?p=11174#breadcrumb\",\"itemListElement\":[{\"@type\":\"ListItem\",\"position\":1,\"name\":\"Accueil\",\"item\":\"https:\/\/etival.fr\/\"},{\"@type\":\"ListItem\",\"position\":2,\"name\":\"Webinaire Jeunes Retrait\u00e9s, CPAM des Vosges\"}]},{\"@type\":\"WebSite\",\"@id\":\"https:\/\/etival.fr\/#website\",\"url\":\"https:\/\/etival.fr\/\",\"name\":\"Etival-Clairefontaine\",\"description\":\"Informations et actualit\u00e9s de la commune\",\"potentialAction\":[{\"@type\":\"SearchAction\",\"target\":{\"@type\":\"EntryPoint\",\"urlTemplate\":\"https:\/\/etival.fr\/?s={search_term_string}\"},\"query-input\":{\"@type\":\"PropertyValueSpecification\",\"valueRequired\":true,\"valueName\":\"search_term_string\"}}],\"inLanguage\":\"fr-FR\"},{\"@type\":\"Person\",\"@id\":\"https:\/\/etival.fr\/#\/schema\/person\/966767531f422984430588510b8d4c3f\",\"name\":\"Catherine\",\"image\":{\"@type\":\"ImageObject\",\"inLanguage\":\"fr-FR\",\"@id\":\"https:\/\/etival.fr\/#\/schema\/person\/image\/\",\"url\":\"https:\/\/secure.gravatar.com\/avatar\/b99eff3bf59bd614e6c532df451dc649?s=96&d=mm&r=g\",\"contentUrl\":\"https:\/\/secure.gravatar.com\/avatar\/b99eff3bf59bd614e6c532df451dc649?s=96&d=mm&r=g\",\"caption\":\"Catherine\"},\"url\":\"https:\/\/etival.fr\/?author=2\"}]}<\/script>\n<!-- \/ Yoast SEO plugin. -->","yoast_head_json":{"title":"Webinaire Jeunes Retrait\u00e9s, CPAM des Vosges - Etival-Clairefontaine","robots":{"index":"index","follow":"follow","max-snippet":"max-snippet:-1","max-image-preview":"max-image-preview:large","max-video-preview":"max-video-preview:-1"},"canonical":"https:\/\/etival.fr\/?p=11174","og_locale":"fr_FR","og_type":"article","og_title":"Webinaire Jeunes Retrait\u00e9s, CPAM des Vosges - Etival-Clairefontaine","og_description":"La CPAM des Vosges, en partenariat avec la CARSAT Nord-Est et le Centre de d\u00e9pistages des cancers, organise&nbsp;un webinaire \u00e0 destination des Jeunes Retrait\u00e9s. Ce moment d\u2019\u00e9changes sera l\u2019occasion d\u2019\u00eatre inform\u00e9s et sensibilis\u00e9s sur la th\u00e9matique suivante&nbsp;:&nbsp;comment bien vivre leur retraite. &nbsp; Ce webinaire se d\u00e9roulera le&nbsp;mercredi 31 mai 2023, de 14h00 \u00e0 15h00, via [&hellip;]","og_url":"https:\/\/etival.fr\/?p=11174","og_site_name":"Etival-Clairefontaine","article_published_time":"2023-05-24T12:59:05+00:00","article_modified_time":"2023-05-24T13:34:08+00:00","og_image":[{"url":"http:\/\/etival.fr\/wp-content\/uploads\/2023\/05\/afficheretraites-732x1024.png","type":"","width":"","height":""}],"author":"Catherine","twitter_card":"summary_large_image","twitter_misc":{"\u00c9crit par":"Catherine","Dur\u00e9e de lecture estim\u00e9e":"1 minute"},"schema":{"@context":"https:\/\/schema.org","@graph":[{"@type":"Article","@id":"https:\/\/etival.fr\/?p=11174#article","isPartOf":{"@id":"https:\/\/etival.fr\/?p=11174"},"author":{"name":"Catherine","@id":"https:\/\/etival.fr\/#\/schema\/person\/966767531f422984430588510b8d4c3f"},"headline":"Webinaire Jeunes Retrait\u00e9s, CPAM des Vosges","datePublished":"2023-05-24T12:59:05+00:00","dateModified":"2023-05-24T13:34:08+00:00","mainEntityOfPage":{"@id":"https:\/\/etival.fr\/?p=11174"},"wordCount":77,"image":{"@id":"https:\/\/etival.fr\/?p=11174#primaryimage"},"thumbnailUrl":"http:\/\/etival.fr\/wp-content\/uploads\/2023\/05\/afficheretraites-732x1024.png","articleSection":["Informations Municipales"],"inLanguage":"fr-FR"},{"@type":"WebPage","@id":"https:\/\/etival.fr\/?p=11174","url":"https:\/\/etival.fr\/?p=11174","name":"Webinaire Jeunes Retrait\u00e9s, CPAM des Vosges - Etival-Clairefontaine","isPartOf":{"@id":"https:\/\/etival.fr\/#website"},"primaryImageOfPage":{"@id":"https:\/\/etival.fr\/?p=11174#primaryimage"},"image":{"@id":"https:\/\/etival.fr\/?p=11174#primaryimage"},"thumbnailUrl":"http:\/\/etival.fr\/wp-content\/uploads\/2023\/05\/afficheretraites-732x1024.png","datePublished":"2023-05-24T12:59:05+00:00","dateModified":"2023-05-24T13:34:08+00:00","author":{"@id":"https:\/\/etival.fr\/#\/schema\/person\/966767531f422984430588510b8d4c3f"},"breadcrumb":{"@id":"https:\/\/etival.fr\/?p=11174#breadcrumb"},"inLanguage":"fr-FR","potentialAction":[{"@type":"ReadAction","target":["https:\/\/etival.fr\/?p=11174"]}]},{"@type":"ImageObject","inLanguage":"fr-FR","@id":"https:\/\/etival.fr\/?p=11174#primaryimage","url":"https:\/\/etival.fr\/wp-content\/uploads\/2023\/05\/afficheretraites.png","contentUrl":"https:\/\/etival.fr\/wp-content\/uploads\/2023\/05\/afficheretraites.png","width":2294,"height":3208},{"@type":"BreadcrumbList","@id":"https:\/\/etival.fr\/?p=11174#breadcrumb","itemListElement":[{"@type":"ListItem","position":1,"name":"Accueil","item":"https:\/\/etival.fr\/"},{"@type":"ListItem","position":2,"name":"Webinaire Jeunes Retrait\u00e9s, CPAM des Vosges"}]},{"@type":"WebSite","@id":"https:\/\/etival.fr\/#website","url":"https:\/\/etival.fr\/","name":"Etival-Clairefontaine","description":"Informations et actualit\u00e9s de la commune","potentialAction":[{"@type":"SearchAction","target":{"@type":"EntryPoint","urlTemplate":"https:\/\/etival.fr\/?s={search_term_string}"},"query-input":{"@type":"PropertyValueSpecification","valueRequired":true,"valueName":"search_term_string"}}],"inLanguage":"fr-FR"},{"@type":"Person","@id":"https:\/\/etival.fr\/#\/schema\/person\/966767531f422984430588510b8d4c3f","name":"Catherine","image":{"@type":"ImageObject","inLanguage":"fr-FR","@id":"https:\/\/etival.fr\/#\/schema\/person\/image\/","url":"https:\/\/secure.gravatar.com\/avatar\/b99eff3bf59bd614e6c532df451dc649?s=96&d=mm&r=g","contentUrl":"https:\/\/secure.gravatar.com\/avatar\/b99eff3bf59bd614e6c532df451dc649?s=96&d=mm&r=g","caption":"Catherine"},"url":"https:\/\/etival.fr\/?author=2"}]}},"_links":{"self":[{"href":"https:\/\/etival.fr\/index.php?rest_route=\/wp\/v2\/posts\/11174","targetHints":{"allow":["GET"]}}],"collection":[{"href":"https:\/\/etival.fr\/index.php?rest_route=\/wp\/v2\/posts"}],"about":[{"href":"https:\/\/etival.fr\/index.php?rest_route=\/wp\/v2\/types\/post"}],"author":[{"embeddable":true,"href":"https:\/\/etival.fr\/index.php?rest_route=\/wp\/v2\/users\/2"}],"replies":[{"embeddable":true,"href":"https:\/\/etival.fr\/index.php?rest_route=%2Fwp%2Fv2%2Fcomments&post=11174"}],"version-history":[{"count":3,"href":"https:\/\/etival.fr\/index.php?rest_route=\/wp\/v2\/posts\/11174\/revisions"}],"predecessor-version":[{"id":11178,"href":"https:\/\/etival.fr\/index.php?rest_route=\/wp\/v2\/posts\/11174\/revisions\/11178"}],"wp:attachment":[{"href":"https:\/\/etival.fr\/index.php?rest_route=%2Fwp%2Fv2%2Fmedia&parent=11174"}],"wp:term":[{"taxonomy":"category","embeddable":true,"href":"https:\/\/etival.fr\/index.php?rest_route=%2Fwp%2Fv2%2Fcategories&post=11174"},{"taxonomy":"post_tag","embeddable":true,"href":"https:\/\/etival.fr\/index.php?rest_route=%2Fwp%2Fv2%2Ftags&post=11174"}],"curies":[{"name":"wp","href":"https:\/\/api.w.org\/{rel}","templated":true}]}}