{"id":11338,"date":"2023-08-22T13:35:43","date_gmt":"2023-08-22T12:35:43","guid":{"rendered":"http:\/\/etival.fr\/?p=11338"},"modified":"2023-08-25T07:06:59","modified_gmt":"2023-08-25T06:06:59","slug":"color-run","status":"publish","type":"post","link":"https:\/\/etival.fr\/?p=11338","title":{"rendered":"COLOR RUN"},"content":{"rendered":"\n<p>Dans le cadre de<\/p>\n\n\n\n<figure class=\"wp-block-image size-large is-resized\"><a href=\"http:\/\/etival.fr\/wp-content\/uploads\/2023\/07\/2022_septembre-en-or-1-2-3.png\"><img loading=\"lazy\" decoding=\"async\" src=\"http:\/\/etival.fr\/wp-content\/uploads\/2023\/07\/2022_septembre-en-or-1-2-3-1024x188.png\" alt=\"\" class=\"wp-image-11342\" width=\"655\" height=\"120\" srcset=\"https:\/\/etival.fr\/wp-content\/uploads\/2023\/07\/2022_septembre-en-or-1-2-3-1024x188.png 1024w, https:\/\/etival.fr\/wp-content\/uploads\/2023\/07\/2022_septembre-en-or-1-2-3-300x55.png 300w, https:\/\/etival.fr\/wp-content\/uploads\/2023\/07\/2022_septembre-en-or-1-2-3-768x141.png 768w, https:\/\/etival.fr\/wp-content\/uploads\/2023\/07\/2022_septembre-en-or-1-2-3-1536x282.png 1536w, https:\/\/etival.fr\/wp-content\/uploads\/2023\/07\/2022_septembre-en-or-1-2-3-2048x376.png 2048w, https:\/\/etival.fr\/wp-content\/uploads\/2023\/07\/2022_septembre-en-or-1-2-3-624x114.png 624w\" sizes=\"auto, (max-width: 655px) 100vw, 655px\" \/><\/a><\/figure>\n\n\n\n<p><\/p>\n\n\n<div class=\"wp-block-image\">\n<figure class=\"aligncenter size-large is-resized\"><a href=\"http:\/\/etival.fr\/wp-content\/uploads\/2023\/07\/2-visages-logo-Aremiglogo-Collectif.jpg\"><img loading=\"lazy\" decoding=\"async\" src=\"http:\/\/etival.fr\/wp-content\/uploads\/2023\/07\/2-visages-logo-Aremiglogo-Collectif-1024x1020.jpg\" alt=\"\" class=\"wp-image-11343\" width=\"185\" height=\"184\" srcset=\"https:\/\/etival.fr\/wp-content\/uploads\/2023\/07\/2-visages-logo-Aremiglogo-Collectif-1024x1020.jpg 1024w, https:\/\/etival.fr\/wp-content\/uploads\/2023\/07\/2-visages-logo-Aremiglogo-Collectif-300x300.jpg 300w, https:\/\/etival.fr\/wp-content\/uploads\/2023\/07\/2-visages-logo-Aremiglogo-Collectif-150x150.jpg 150w, https:\/\/etival.fr\/wp-content\/uploads\/2023\/07\/2-visages-logo-Aremiglogo-Collectif-768x765.jpg 768w, https:\/\/etival.fr\/wp-content\/uploads\/2023\/07\/2-visages-logo-Aremiglogo-Collectif-624x622.jpg 624w, https:\/\/etival.fr\/wp-content\/uploads\/2023\/07\/2-visages-logo-Aremiglogo-Collectif.jpg 1100w\" sizes=\"auto, (max-width: 185px) 100vw, 185px\" \/><\/a><figcaption class=\"wp-element-caption\"><strong>Nous organisons :<\/strong><\/figcaption><\/figure><\/div>\n\n\n<figure class=\"wp-block-image size-large\"><a href=\"http:\/\/etival.fr\/wp-content\/uploads\/2023\/08\/Affiche-Color-Run-Etival-2023-Logo-France-Bleu-1-scaled.jpg\"><img loading=\"lazy\" decoding=\"async\" width=\"724\" height=\"1024\" src=\"http:\/\/etival.fr\/wp-content\/uploads\/2023\/08\/Affiche-Color-Run-Etival-2023-Logo-France-Bleu-1-724x1024.jpg\" alt=\"\" class=\"wp-image-11386\" srcset=\"https:\/\/etival.fr\/wp-content\/uploads\/2023\/08\/Affiche-Color-Run-Etival-2023-Logo-France-Bleu-1-724x1024.jpg 724w, https:\/\/etival.fr\/wp-content\/uploads\/2023\/08\/Affiche-Color-Run-Etival-2023-Logo-France-Bleu-1-212x300.jpg 212w, https:\/\/etival.fr\/wp-content\/uploads\/2023\/08\/Affiche-Color-Run-Etival-2023-Logo-France-Bleu-1-768x1086.jpg 768w, https:\/\/etival.fr\/wp-content\/uploads\/2023\/08\/Affiche-Color-Run-Etival-2023-Logo-France-Bleu-1-1086x1536.jpg 1086w, https:\/\/etival.fr\/wp-content\/uploads\/2023\/08\/Affiche-Color-Run-Etival-2023-Logo-France-Bleu-1-1448x2048.jpg 1448w, https:\/\/etival.fr\/wp-content\/uploads\/2023\/08\/Affiche-Color-Run-Etival-2023-Logo-France-Bleu-1-624x882.jpg 624w, https:\/\/etival.fr\/wp-content\/uploads\/2023\/08\/Affiche-Color-Run-Etival-2023-Logo-France-Bleu-1-scaled.jpg 1810w\" sizes=\"auto, (max-width: 724px) 100vw, 724px\" \/><\/a><\/figure>\n\n\n\n<p class=\"has-text-align-center has-white-color has-blush-bordeaux-gradient-background has-text-color has-background has-medium-font-size\"><strong><em>Le samedi 30 septembre 2023, la Municipalit\u00e9 et l&rsquo;ASRTT <\/em><\/strong><br><strong><em>organisent la premi\u00e8re Color Run.<\/em><\/strong><br><strong><em>Une course festive et multicolore \u00e0 faire en famille ou entre amis !<\/em><\/strong><\/p>\n\n\n\n<p class=\"has-blue-color has-text-color has-medium-font-size\"><strong>Vous aimez le fun ? Vous aimez les couleurs ?<\/strong><br>Alors venez participer \u00e0 la premi\u00e8re <strong>Color Run<\/strong> d&rsquo;\u00c9tival-Clairefontaine.<br>Cette course p\u00e9destre de 5 km non chronom\u00e9tr\u00e9e est ouverte \u00e0 tous, \u00e0 partir de 5 ans.<br>Il vous suffira juste de franchir la ligne d\u2019arriv\u00e9e en courant ou en marchant, mais <strong>toujours avec le sourire !<\/strong><br>Tout au long du parcours, des poudres color\u00e9es seront lanc\u00e9es sur les participants, jusqu\u2019au grand lancer final qui sonnera la fin de la course. <strong>Convivialit\u00e9 garantie !<\/strong><br><strong><br>SAMEDI 30 SEPTEMBRE 2023 <\/strong><br>Rdv \u00e0 16h parking du Stade <em>(Rue du Stade)<\/em>.<br><br><strong>SUR INSCRIPTION EN LIGNE SUR <a href=\"https:\/\/www.helloasso.com\/associations\/association-stivalienne-et-raonnaise-de-tennis-de-table\/evenements\/color-run-fun?_ga=2.183233326.986779441.1689744313-2043332859.1688392812&amp;_gac=1.56106457.1689585475.Cj0KCQjwzdOlBhCNARIsAPMwjbyhTtzybFTdVoBN8Hc6b9Tv4x2xR8ECfo6xCZeeXK9wzF4yyyn9bmoaAoKvEALw_wcB&amp;_gl=1%2awe1cua%2a_ga%2aMjA0MzMzMjg1OS4xNjg4MzkyODEy%2a_ga_TKC826G3G2%2aMTY4OTc3MTE2NC4xMC4xLjE2ODk3NzIwMzguNC4wLjA.\">helloasso<\/a>.<\/strong><br>ou <br><strong>EN MAIRIE<\/strong> en t\u00e9l\u00e9chargeant le&nbsp;<strong><a href=\"http:\/\/etival.fr\/wp-content\/uploads\/2023\/07\/bulletin-inscription.pdf\">formulaire d\u2019inscription<\/a> <\/strong><br>avant le 20 septembre 2023. Paiement uniquement en ch\u00e8que \u00e0 l&rsquo;ordre de l&rsquo;ASRTT. <br><br><em>Chaque coureur se verra remettre une paire de lunettes, un kit couleur &amp; un masque.<\/em><br><strong>PARTICIPATION FINANCI\u00c8RE&nbsp;<\/strong><br>&#8211; 5 ans : gratuit<br>&#8211; 5 ans et plus : 8 \u20ac<br><em> Aucun remboursement ne sera effectu\u00e9 en cas d\u2019annulation. <\/em><br><em>Toute inscription est d\u00e9finitive.<\/em><\/p>\n\n\n\n<p>L&rsquo;int\u00e9gralit\u00e9 de votre participation sera revers\u00e9 \u00e0 l&rsquo;Aremig.<br><strong>A<\/strong>ssociation pour la <strong>R<\/strong>echerche et les <strong>E<\/strong>tudes dans les <strong>M<\/strong>aladies <strong>I<\/strong>nfantiles <strong>G<\/strong>raves.<\/p>\n\n\n\n<figure class=\"wp-block-image size-large is-resized\"><a href=\"http:\/\/etival.fr\/wp-content\/uploads\/2023\/07\/AREMIG-logo-110-Mo.jpg\"><img loading=\"lazy\" decoding=\"async\" src=\"http:\/\/etival.fr\/wp-content\/uploads\/2023\/07\/AREMIG-logo-110-Mo-1024x733.jpg\" alt=\"\" class=\"wp-image-11348\" width=\"148\" height=\"105\" srcset=\"https:\/\/etival.fr\/wp-content\/uploads\/2023\/07\/AREMIG-logo-110-Mo-1024x733.jpg 1024w, https:\/\/etival.fr\/wp-content\/uploads\/2023\/07\/AREMIG-logo-110-Mo-300x215.jpg 300w, https:\/\/etival.fr\/wp-content\/uploads\/2023\/07\/AREMIG-logo-110-Mo-768x549.jpg 768w, https:\/\/etival.fr\/wp-content\/uploads\/2023\/07\/AREMIG-logo-110-Mo-624x446.jpg 624w, https:\/\/etival.fr\/wp-content\/uploads\/2023\/07\/AREMIG-logo-110-Mo.jpg 1500w\" sizes=\"auto, (max-width: 148px) 100vw, 148px\" \/><\/a><\/figure>\n","protected":false},"excerpt":{"rendered":"<p>Dans le cadre de Le samedi 30 septembre 2023, la Municipalit\u00e9 et l&rsquo;ASRTT organisent la premi\u00e8re Color Run.Une course festive et multicolore \u00e0 faire en famille ou entre amis ! Vous aimez le fun ? Vous aimez les couleurs ?Alors venez participer \u00e0 la premi\u00e8re Color Run d&rsquo;\u00c9tival-Clairefontaine.Cette course p\u00e9destre de 5 km non chronom\u00e9tr\u00e9e [&hellip;]<\/p>\n","protected":false},"author":2,"featured_media":0,"comment_status":"closed","ping_status":"open","sticky":false,"template":"","format":"standard","meta":{"footnotes":""},"categories":[5,6],"tags":[],"class_list":["post-11338","post","type-post","status-publish","format-standard","hentry","category-informations-associations","category-informations-municipales"],"yoast_head":"<!-- This site is optimized with the Yoast SEO plugin v26.8 - https:\/\/yoast.com\/product\/yoast-seo-wordpress\/ -->\n<title>COLOR RUN - Etival-Clairefontaine<\/title>\n<meta name=\"robots\" content=\"index, follow, max-snippet:-1, max-image-preview:large, max-video-preview:-1\" \/>\n<link rel=\"canonical\" href=\"https:\/\/etival.fr\/?p=11338\" \/>\n<meta property=\"og:locale\" content=\"fr_FR\" \/>\n<meta property=\"og:type\" content=\"article\" \/>\n<meta property=\"og:title\" content=\"COLOR RUN - Etival-Clairefontaine\" \/>\n<meta property=\"og:description\" content=\"Dans le cadre de Le samedi 30 septembre 2023, la Municipalit\u00e9 et l&rsquo;ASRTT organisent la premi\u00e8re Color Run.Une course festive et multicolore \u00e0 faire en famille ou entre amis ! Vous aimez le fun ? Vous aimez les couleurs ?Alors venez participer \u00e0 la premi\u00e8re Color Run d&rsquo;\u00c9tival-Clairefontaine.Cette course p\u00e9destre de 5 km non chronom\u00e9tr\u00e9e [&hellip;]\" \/>\n<meta property=\"og:url\" content=\"https:\/\/etival.fr\/?p=11338\" \/>\n<meta property=\"og:site_name\" content=\"Etival-Clairefontaine\" \/>\n<meta property=\"article:published_time\" content=\"2023-08-22T12:35:43+00:00\" \/>\n<meta property=\"article:modified_time\" content=\"2023-08-25T06:06:59+00:00\" \/>\n<meta property=\"og:image\" content=\"http:\/\/etival.fr\/wp-content\/uploads\/2023\/07\/2022_septembre-en-or-1-2-3-1024x188.png\" \/>\n<meta name=\"author\" content=\"Catherine\" \/>\n<meta name=\"twitter:card\" content=\"summary_large_image\" \/>\n<meta name=\"twitter:label1\" content=\"\u00c9crit par\" \/>\n\t<meta name=\"twitter:data1\" content=\"Catherine\" \/>\n\t<meta name=\"twitter:label2\" content=\"Dur\u00e9e de lecture estim\u00e9e\" \/>\n\t<meta name=\"twitter:data2\" content=\"2 minutes\" \/>\n<script type=\"application\/ld+json\" class=\"yoast-schema-graph\">{\"@context\":\"https:\/\/schema.org\",\"@graph\":[{\"@type\":\"Article\",\"@id\":\"https:\/\/etival.fr\/?p=11338#article\",\"isPartOf\":{\"@id\":\"https:\/\/etival.fr\/?p=11338\"},\"author\":{\"name\":\"Catherine\",\"@id\":\"https:\/\/etival.fr\/#\/schema\/person\/966767531f422984430588510b8d4c3f\"},\"headline\":\"COLOR RUN\",\"datePublished\":\"2023-08-22T12:35:43+00:00\",\"dateModified\":\"2023-08-25T06:06:59+00:00\",\"mainEntityOfPage\":{\"@id\":\"https:\/\/etival.fr\/?p=11338\"},\"wordCount\":219,\"image\":{\"@id\":\"https:\/\/etival.fr\/?p=11338#primaryimage\"},\"thumbnailUrl\":\"http:\/\/etival.fr\/wp-content\/uploads\/2023\/07\/2022_septembre-en-or-1-2-3-1024x188.png\",\"articleSection\":[\"Informations Associations\",\"Informations Municipales\"],\"inLanguage\":\"fr-FR\"},{\"@type\":\"WebPage\",\"@id\":\"https:\/\/etival.fr\/?p=11338\",\"url\":\"https:\/\/etival.fr\/?p=11338\",\"name\":\"COLOR RUN - Etival-Clairefontaine\",\"isPartOf\":{\"@id\":\"https:\/\/etival.fr\/#website\"},\"primaryImageOfPage\":{\"@id\":\"https:\/\/etival.fr\/?p=11338#primaryimage\"},\"image\":{\"@id\":\"https:\/\/etival.fr\/?p=11338#primaryimage\"},\"thumbnailUrl\":\"http:\/\/etival.fr\/wp-content\/uploads\/2023\/07\/2022_septembre-en-or-1-2-3-1024x188.png\",\"datePublished\":\"2023-08-22T12:35:43+00:00\",\"dateModified\":\"2023-08-25T06:06:59+00:00\",\"author\":{\"@id\":\"https:\/\/etival.fr\/#\/schema\/person\/966767531f422984430588510b8d4c3f\"},\"breadcrumb\":{\"@id\":\"https:\/\/etival.fr\/?p=11338#breadcrumb\"},\"inLanguage\":\"fr-FR\",\"potentialAction\":[{\"@type\":\"ReadAction\",\"target\":[\"https:\/\/etival.fr\/?p=11338\"]}]},{\"@type\":\"ImageObject\",\"inLanguage\":\"fr-FR\",\"@id\":\"https:\/\/etival.fr\/?p=11338#primaryimage\",\"url\":\"https:\/\/etival.fr\/wp-content\/uploads\/2023\/07\/2022_septembre-en-or-1-2-3.png\",\"contentUrl\":\"https:\/\/etival.fr\/wp-content\/uploads\/2023\/07\/2022_septembre-en-or-1-2-3.png\",\"width\":10389,\"height\":1906},{\"@type\":\"BreadcrumbList\",\"@id\":\"https:\/\/etival.fr\/?p=11338#breadcrumb\",\"itemListElement\":[{\"@type\":\"ListItem\",\"position\":1,\"name\":\"Accueil\",\"item\":\"https:\/\/etival.fr\/\"},{\"@type\":\"ListItem\",\"position\":2,\"name\":\"COLOR RUN\"}]},{\"@type\":\"WebSite\",\"@id\":\"https:\/\/etival.fr\/#website\",\"url\":\"https:\/\/etival.fr\/\",\"name\":\"Etival-Clairefontaine\",\"description\":\"Informations et actualit\u00e9s de la commune\",\"potentialAction\":[{\"@type\":\"SearchAction\",\"target\":{\"@type\":\"EntryPoint\",\"urlTemplate\":\"https:\/\/etival.fr\/?s={search_term_string}\"},\"query-input\":{\"@type\":\"PropertyValueSpecification\",\"valueRequired\":true,\"valueName\":\"search_term_string\"}}],\"inLanguage\":\"fr-FR\"},{\"@type\":\"Person\",\"@id\":\"https:\/\/etival.fr\/#\/schema\/person\/966767531f422984430588510b8d4c3f\",\"name\":\"Catherine\",\"image\":{\"@type\":\"ImageObject\",\"inLanguage\":\"fr-FR\",\"@id\":\"https:\/\/etival.fr\/#\/schema\/person\/image\/\",\"url\":\"https:\/\/secure.gravatar.com\/avatar\/b99eff3bf59bd614e6c532df451dc649?s=96&d=mm&r=g\",\"contentUrl\":\"https:\/\/secure.gravatar.com\/avatar\/b99eff3bf59bd614e6c532df451dc649?s=96&d=mm&r=g\",\"caption\":\"Catherine\"},\"url\":\"https:\/\/etival.fr\/?author=2\"}]}<\/script>\n<!-- \/ Yoast SEO plugin. -->","yoast_head_json":{"title":"COLOR RUN - Etival-Clairefontaine","robots":{"index":"index","follow":"follow","max-snippet":"max-snippet:-1","max-image-preview":"max-image-preview:large","max-video-preview":"max-video-preview:-1"},"canonical":"https:\/\/etival.fr\/?p=11338","og_locale":"fr_FR","og_type":"article","og_title":"COLOR RUN - Etival-Clairefontaine","og_description":"Dans le cadre de Le samedi 30 septembre 2023, la Municipalit\u00e9 et l&rsquo;ASRTT organisent la premi\u00e8re Color Run.Une course festive et multicolore \u00e0 faire en famille ou entre amis ! Vous aimez le fun ? Vous aimez les couleurs ?Alors venez participer \u00e0 la premi\u00e8re Color Run d&rsquo;\u00c9tival-Clairefontaine.Cette course p\u00e9destre de 5 km non chronom\u00e9tr\u00e9e [&hellip;]","og_url":"https:\/\/etival.fr\/?p=11338","og_site_name":"Etival-Clairefontaine","article_published_time":"2023-08-22T12:35:43+00:00","article_modified_time":"2023-08-25T06:06:59+00:00","og_image":[{"url":"http:\/\/etival.fr\/wp-content\/uploads\/2023\/07\/2022_septembre-en-or-1-2-3-1024x188.png","type":"","width":"","height":""}],"author":"Catherine","twitter_card":"summary_large_image","twitter_misc":{"\u00c9crit par":"Catherine","Dur\u00e9e de lecture estim\u00e9e":"2 minutes"},"schema":{"@context":"https:\/\/schema.org","@graph":[{"@type":"Article","@id":"https:\/\/etival.fr\/?p=11338#article","isPartOf":{"@id":"https:\/\/etival.fr\/?p=11338"},"author":{"name":"Catherine","@id":"https:\/\/etival.fr\/#\/schema\/person\/966767531f422984430588510b8d4c3f"},"headline":"COLOR RUN","datePublished":"2023-08-22T12:35:43+00:00","dateModified":"2023-08-25T06:06:59+00:00","mainEntityOfPage":{"@id":"https:\/\/etival.fr\/?p=11338"},"wordCount":219,"image":{"@id":"https:\/\/etival.fr\/?p=11338#primaryimage"},"thumbnailUrl":"http:\/\/etival.fr\/wp-content\/uploads\/2023\/07\/2022_septembre-en-or-1-2-3-1024x188.png","articleSection":["Informations Associations","Informations Municipales"],"inLanguage":"fr-FR"},{"@type":"WebPage","@id":"https:\/\/etival.fr\/?p=11338","url":"https:\/\/etival.fr\/?p=11338","name":"COLOR RUN - Etival-Clairefontaine","isPartOf":{"@id":"https:\/\/etival.fr\/#website"},"primaryImageOfPage":{"@id":"https:\/\/etival.fr\/?p=11338#primaryimage"},"image":{"@id":"https:\/\/etival.fr\/?p=11338#primaryimage"},"thumbnailUrl":"http:\/\/etival.fr\/wp-content\/uploads\/2023\/07\/2022_septembre-en-or-1-2-3-1024x188.png","datePublished":"2023-08-22T12:35:43+00:00","dateModified":"2023-08-25T06:06:59+00:00","author":{"@id":"https:\/\/etival.fr\/#\/schema\/person\/966767531f422984430588510b8d4c3f"},"breadcrumb":{"@id":"https:\/\/etival.fr\/?p=11338#breadcrumb"},"inLanguage":"fr-FR","potentialAction":[{"@type":"ReadAction","target":["https:\/\/etival.fr\/?p=11338"]}]},{"@type":"ImageObject","inLanguage":"fr-FR","@id":"https:\/\/etival.fr\/?p=11338#primaryimage","url":"https:\/\/etival.fr\/wp-content\/uploads\/2023\/07\/2022_septembre-en-or-1-2-3.png","contentUrl":"https:\/\/etival.fr\/wp-content\/uploads\/2023\/07\/2022_septembre-en-or-1-2-3.png","width":10389,"height":1906},{"@type":"BreadcrumbList","@id":"https:\/\/etival.fr\/?p=11338#breadcrumb","itemListElement":[{"@type":"ListItem","position":1,"name":"Accueil","item":"https:\/\/etival.fr\/"},{"@type":"ListItem","position":2,"name":"COLOR RUN"}]},{"@type":"WebSite","@id":"https:\/\/etival.fr\/#website","url":"https:\/\/etival.fr\/","name":"Etival-Clairefontaine","description":"Informations et actualit\u00e9s de la commune","potentialAction":[{"@type":"SearchAction","target":{"@type":"EntryPoint","urlTemplate":"https:\/\/etival.fr\/?s={search_term_string}"},"query-input":{"@type":"PropertyValueSpecification","valueRequired":true,"valueName":"search_term_string"}}],"inLanguage":"fr-FR"},{"@type":"Person","@id":"https:\/\/etival.fr\/#\/schema\/person\/966767531f422984430588510b8d4c3f","name":"Catherine","image":{"@type":"ImageObject","inLanguage":"fr-FR","@id":"https:\/\/etival.fr\/#\/schema\/person\/image\/","url":"https:\/\/secure.gravatar.com\/avatar\/b99eff3bf59bd614e6c532df451dc649?s=96&d=mm&r=g","contentUrl":"https:\/\/secure.gravatar.com\/avatar\/b99eff3bf59bd614e6c532df451dc649?s=96&d=mm&r=g","caption":"Catherine"},"url":"https:\/\/etival.fr\/?author=2"}]}},"_links":{"self":[{"href":"https:\/\/etival.fr\/index.php?rest_route=\/wp\/v2\/posts\/11338","targetHints":{"allow":["GET"]}}],"collection":[{"href":"https:\/\/etival.fr\/index.php?rest_route=\/wp\/v2\/posts"}],"about":[{"href":"https:\/\/etival.fr\/index.php?rest_route=\/wp\/v2\/types\/post"}],"author":[{"embeddable":true,"href":"https:\/\/etival.fr\/index.php?rest_route=\/wp\/v2\/users\/2"}],"replies":[{"embeddable":true,"href":"https:\/\/etival.fr\/index.php?rest_route=%2Fwp%2Fv2%2Fcomments&post=11338"}],"version-history":[{"count":9,"href":"https:\/\/etival.fr\/index.php?rest_route=\/wp\/v2\/posts\/11338\/revisions"}],"predecessor-version":[{"id":11387,"href":"https:\/\/etival.fr\/index.php?rest_route=\/wp\/v2\/posts\/11338\/revisions\/11387"}],"wp:attachment":[{"href":"https:\/\/etival.fr\/index.php?rest_route=%2Fwp%2Fv2%2Fmedia&parent=11338"}],"wp:term":[{"taxonomy":"category","embeddable":true,"href":"https:\/\/etival.fr\/index.php?rest_route=%2Fwp%2Fv2%2Fcategories&post=11338"},{"taxonomy":"post_tag","embeddable":true,"href":"https:\/\/etival.fr\/index.php?rest_route=%2Fwp%2Fv2%2Ftags&post=11338"}],"curies":[{"name":"wp","href":"https:\/\/api.w.org\/{rel}","templated":true}]}}