{"id":11539,"date":"2023-10-16T14:16:43","date_gmt":"2023-10-16T13:16:43","guid":{"rendered":"http:\/\/etival.fr\/?p=11539"},"modified":"2023-10-16T14:40:21","modified_gmt":"2023-10-16T13:40:21","slug":"conseil-municipal-9","status":"publish","type":"post","link":"https:\/\/etival.fr\/?p=11539","title":{"rendered":"Conseil Municipal"},"content":{"rendered":"\n<figure class=\"wp-block-image size-full is-resized\"><a href=\"http:\/\/etival.fr\/wp-content\/uploads\/2023\/01\/conseil.jpg\"><img loading=\"lazy\" decoding=\"async\" src=\"http:\/\/etival.fr\/wp-content\/uploads\/2023\/01\/conseil.jpg\" alt=\"\" class=\"wp-image-10711\" width=\"72\" height=\"72\" srcset=\"https:\/\/etival.fr\/wp-content\/uploads\/2023\/01\/conseil.jpg 200w, https:\/\/etival.fr\/wp-content\/uploads\/2023\/01\/conseil-150x150.jpg 150w\" sizes=\"auto, (max-width: 72px) 100vw, 72px\" \/><\/a><\/figure>\n\n\n\n<p>Le Conseil Municipal d&rsquo;\u00c9tival-Clairefontaine se r\u00e9unira le <br><strong>mardi 17 octobre 2023 \u00e0 20h<\/strong> &#8211; Salle des F\u00eates Edmond Cunin.<\/p>\n\n\n\n<p>Vous pouvez prendre connaissance de l&rsquo;ordre du jour <a href=\"http:\/\/etival.fr\/wp-content\/uploads\/2023\/10\/Ordre-du-Jour-17-octobre-2023.pdf\">ICI<\/a><\/p>\n","protected":false},"excerpt":{"rendered":"<p>Le Conseil Municipal d&rsquo;\u00c9tival-Clairefontaine se r\u00e9unira le mardi 17 octobre 2023 \u00e0 20h &#8211; Salle des F\u00eates Edmond Cunin. Vous pouvez prendre connaissance de l&rsquo;ordre du jour ICI<\/p>\n","protected":false},"author":2,"featured_media":0,"comment_status":"closed","ping_status":"open","sticky":false,"template":"","format":"standard","meta":{"footnotes":""},"categories":[6],"tags":[],"class_list":["post-11539","post","type-post","status-publish","format-standard","hentry","category-informations-municipales"],"yoast_head":"<!-- This site is optimized with the Yoast SEO plugin v26.8 - https:\/\/yoast.com\/product\/yoast-seo-wordpress\/ -->\n<title>Conseil Municipal - Etival-Clairefontaine<\/title>\n<meta name=\"robots\" content=\"index, follow, max-snippet:-1, max-image-preview:large, max-video-preview:-1\" \/>\n<link rel=\"canonical\" href=\"https:\/\/etival.fr\/?p=11539\" \/>\n<meta property=\"og:locale\" content=\"fr_FR\" \/>\n<meta property=\"og:type\" content=\"article\" \/>\n<meta property=\"og:title\" content=\"Conseil Municipal - Etival-Clairefontaine\" \/>\n<meta property=\"og:description\" content=\"Le Conseil Municipal d&rsquo;\u00c9tival-Clairefontaine se r\u00e9unira le mardi 17 octobre 2023 \u00e0 20h &#8211; Salle des F\u00eates Edmond Cunin. Vous pouvez prendre connaissance de l&rsquo;ordre du jour ICI\" \/>\n<meta property=\"og:url\" content=\"https:\/\/etival.fr\/?p=11539\" \/>\n<meta property=\"og:site_name\" content=\"Etival-Clairefontaine\" \/>\n<meta property=\"article:published_time\" content=\"2023-10-16T13:16:43+00:00\" \/>\n<meta property=\"article:modified_time\" content=\"2023-10-16T13:40:21+00:00\" \/>\n<meta property=\"og:image\" content=\"http:\/\/etival.fr\/wp-content\/uploads\/2023\/01\/conseil.jpg\" \/>\n<meta name=\"author\" content=\"Catherine\" \/>\n<meta name=\"twitter:card\" content=\"summary_large_image\" \/>\n<meta name=\"twitter:label1\" content=\"\u00c9crit par\" \/>\n\t<meta name=\"twitter:data1\" content=\"Catherine\" \/>\n\t<meta name=\"twitter:label2\" content=\"Dur\u00e9e de lecture estim\u00e9e\" \/>\n\t<meta name=\"twitter:data2\" content=\"1 minute\" \/>\n<script type=\"application\/ld+json\" class=\"yoast-schema-graph\">{\"@context\":\"https:\/\/schema.org\",\"@graph\":[{\"@type\":\"Article\",\"@id\":\"https:\/\/etival.fr\/?p=11539#article\",\"isPartOf\":{\"@id\":\"https:\/\/etival.fr\/?p=11539\"},\"author\":{\"name\":\"Catherine\",\"@id\":\"https:\/\/etival.fr\/#\/schema\/person\/966767531f422984430588510b8d4c3f\"},\"headline\":\"Conseil Municipal\",\"datePublished\":\"2023-10-16T13:16:43+00:00\",\"dateModified\":\"2023-10-16T13:40:21+00:00\",\"mainEntityOfPage\":{\"@id\":\"https:\/\/etival.fr\/?p=11539\"},\"wordCount\":31,\"image\":{\"@id\":\"https:\/\/etival.fr\/?p=11539#primaryimage\"},\"thumbnailUrl\":\"http:\/\/etival.fr\/wp-content\/uploads\/2023\/01\/conseil.jpg\",\"articleSection\":[\"Informations Municipales\"],\"inLanguage\":\"fr-FR\"},{\"@type\":\"WebPage\",\"@id\":\"https:\/\/etival.fr\/?p=11539\",\"url\":\"https:\/\/etival.fr\/?p=11539\",\"name\":\"Conseil Municipal - Etival-Clairefontaine\",\"isPartOf\":{\"@id\":\"https:\/\/etival.fr\/#website\"},\"primaryImageOfPage\":{\"@id\":\"https:\/\/etival.fr\/?p=11539#primaryimage\"},\"image\":{\"@id\":\"https:\/\/etival.fr\/?p=11539#primaryimage\"},\"thumbnailUrl\":\"http:\/\/etival.fr\/wp-content\/uploads\/2023\/01\/conseil.jpg\",\"datePublished\":\"2023-10-16T13:16:43+00:00\",\"dateModified\":\"2023-10-16T13:40:21+00:00\",\"author\":{\"@id\":\"https:\/\/etival.fr\/#\/schema\/person\/966767531f422984430588510b8d4c3f\"},\"breadcrumb\":{\"@id\":\"https:\/\/etival.fr\/?p=11539#breadcrumb\"},\"inLanguage\":\"fr-FR\",\"potentialAction\":[{\"@type\":\"ReadAction\",\"target\":[\"https:\/\/etival.fr\/?p=11539\"]}]},{\"@type\":\"ImageObject\",\"inLanguage\":\"fr-FR\",\"@id\":\"https:\/\/etival.fr\/?p=11539#primaryimage\",\"url\":\"https:\/\/etival.fr\/wp-content\/uploads\/2023\/01\/conseil.jpg\",\"contentUrl\":\"https:\/\/etival.fr\/wp-content\/uploads\/2023\/01\/conseil.jpg\",\"width\":200,\"height\":200},{\"@type\":\"BreadcrumbList\",\"@id\":\"https:\/\/etival.fr\/?p=11539#breadcrumb\",\"itemListElement\":[{\"@type\":\"ListItem\",\"position\":1,\"name\":\"Accueil\",\"item\":\"https:\/\/etival.fr\/\"},{\"@type\":\"ListItem\",\"position\":2,\"name\":\"Conseil Municipal\"}]},{\"@type\":\"WebSite\",\"@id\":\"https:\/\/etival.fr\/#website\",\"url\":\"https:\/\/etival.fr\/\",\"name\":\"Etival-Clairefontaine\",\"description\":\"Informations et actualit\u00e9s de la commune\",\"potentialAction\":[{\"@type\":\"SearchAction\",\"target\":{\"@type\":\"EntryPoint\",\"urlTemplate\":\"https:\/\/etival.fr\/?s={search_term_string}\"},\"query-input\":{\"@type\":\"PropertyValueSpecification\",\"valueRequired\":true,\"valueName\":\"search_term_string\"}}],\"inLanguage\":\"fr-FR\"},{\"@type\":\"Person\",\"@id\":\"https:\/\/etival.fr\/#\/schema\/person\/966767531f422984430588510b8d4c3f\",\"name\":\"Catherine\",\"image\":{\"@type\":\"ImageObject\",\"inLanguage\":\"fr-FR\",\"@id\":\"https:\/\/etival.fr\/#\/schema\/person\/image\/\",\"url\":\"https:\/\/secure.gravatar.com\/avatar\/b99eff3bf59bd614e6c532df451dc649?s=96&d=mm&r=g\",\"contentUrl\":\"https:\/\/secure.gravatar.com\/avatar\/b99eff3bf59bd614e6c532df451dc649?s=96&d=mm&r=g\",\"caption\":\"Catherine\"},\"url\":\"https:\/\/etival.fr\/?author=2\"}]}<\/script>\n<!-- \/ Yoast SEO plugin. -->","yoast_head_json":{"title":"Conseil Municipal - Etival-Clairefontaine","robots":{"index":"index","follow":"follow","max-snippet":"max-snippet:-1","max-image-preview":"max-image-preview:large","max-video-preview":"max-video-preview:-1"},"canonical":"https:\/\/etival.fr\/?p=11539","og_locale":"fr_FR","og_type":"article","og_title":"Conseil Municipal - Etival-Clairefontaine","og_description":"Le Conseil Municipal d&rsquo;\u00c9tival-Clairefontaine se r\u00e9unira le mardi 17 octobre 2023 \u00e0 20h &#8211; Salle des F\u00eates Edmond Cunin. Vous pouvez prendre connaissance de l&rsquo;ordre du jour ICI","og_url":"https:\/\/etival.fr\/?p=11539","og_site_name":"Etival-Clairefontaine","article_published_time":"2023-10-16T13:16:43+00:00","article_modified_time":"2023-10-16T13:40:21+00:00","og_image":[{"url":"http:\/\/etival.fr\/wp-content\/uploads\/2023\/01\/conseil.jpg","type":"","width":"","height":""}],"author":"Catherine","twitter_card":"summary_large_image","twitter_misc":{"\u00c9crit par":"Catherine","Dur\u00e9e de lecture estim\u00e9e":"1 minute"},"schema":{"@context":"https:\/\/schema.org","@graph":[{"@type":"Article","@id":"https:\/\/etival.fr\/?p=11539#article","isPartOf":{"@id":"https:\/\/etival.fr\/?p=11539"},"author":{"name":"Catherine","@id":"https:\/\/etival.fr\/#\/schema\/person\/966767531f422984430588510b8d4c3f"},"headline":"Conseil Municipal","datePublished":"2023-10-16T13:16:43+00:00","dateModified":"2023-10-16T13:40:21+00:00","mainEntityOfPage":{"@id":"https:\/\/etival.fr\/?p=11539"},"wordCount":31,"image":{"@id":"https:\/\/etival.fr\/?p=11539#primaryimage"},"thumbnailUrl":"http:\/\/etival.fr\/wp-content\/uploads\/2023\/01\/conseil.jpg","articleSection":["Informations Municipales"],"inLanguage":"fr-FR"},{"@type":"WebPage","@id":"https:\/\/etival.fr\/?p=11539","url":"https:\/\/etival.fr\/?p=11539","name":"Conseil Municipal - Etival-Clairefontaine","isPartOf":{"@id":"https:\/\/etival.fr\/#website"},"primaryImageOfPage":{"@id":"https:\/\/etival.fr\/?p=11539#primaryimage"},"image":{"@id":"https:\/\/etival.fr\/?p=11539#primaryimage"},"thumbnailUrl":"http:\/\/etival.fr\/wp-content\/uploads\/2023\/01\/conseil.jpg","datePublished":"2023-10-16T13:16:43+00:00","dateModified":"2023-10-16T13:40:21+00:00","author":{"@id":"https:\/\/etival.fr\/#\/schema\/person\/966767531f422984430588510b8d4c3f"},"breadcrumb":{"@id":"https:\/\/etival.fr\/?p=11539#breadcrumb"},"inLanguage":"fr-FR","potentialAction":[{"@type":"ReadAction","target":["https:\/\/etival.fr\/?p=11539"]}]},{"@type":"ImageObject","inLanguage":"fr-FR","@id":"https:\/\/etival.fr\/?p=11539#primaryimage","url":"https:\/\/etival.fr\/wp-content\/uploads\/2023\/01\/conseil.jpg","contentUrl":"https:\/\/etival.fr\/wp-content\/uploads\/2023\/01\/conseil.jpg","width":200,"height":200},{"@type":"BreadcrumbList","@id":"https:\/\/etival.fr\/?p=11539#breadcrumb","itemListElement":[{"@type":"ListItem","position":1,"name":"Accueil","item":"https:\/\/etival.fr\/"},{"@type":"ListItem","position":2,"name":"Conseil Municipal"}]},{"@type":"WebSite","@id":"https:\/\/etival.fr\/#website","url":"https:\/\/etival.fr\/","name":"Etival-Clairefontaine","description":"Informations et actualit\u00e9s de la commune","potentialAction":[{"@type":"SearchAction","target":{"@type":"EntryPoint","urlTemplate":"https:\/\/etival.fr\/?s={search_term_string}"},"query-input":{"@type":"PropertyValueSpecification","valueRequired":true,"valueName":"search_term_string"}}],"inLanguage":"fr-FR"},{"@type":"Person","@id":"https:\/\/etival.fr\/#\/schema\/person\/966767531f422984430588510b8d4c3f","name":"Catherine","image":{"@type":"ImageObject","inLanguage":"fr-FR","@id":"https:\/\/etival.fr\/#\/schema\/person\/image\/","url":"https:\/\/secure.gravatar.com\/avatar\/b99eff3bf59bd614e6c532df451dc649?s=96&d=mm&r=g","contentUrl":"https:\/\/secure.gravatar.com\/avatar\/b99eff3bf59bd614e6c532df451dc649?s=96&d=mm&r=g","caption":"Catherine"},"url":"https:\/\/etival.fr\/?author=2"}]}},"_links":{"self":[{"href":"https:\/\/etival.fr\/index.php?rest_route=\/wp\/v2\/posts\/11539","targetHints":{"allow":["GET"]}}],"collection":[{"href":"https:\/\/etival.fr\/index.php?rest_route=\/wp\/v2\/posts"}],"about":[{"href":"https:\/\/etival.fr\/index.php?rest_route=\/wp\/v2\/types\/post"}],"author":[{"embeddable":true,"href":"https:\/\/etival.fr\/index.php?rest_route=\/wp\/v2\/users\/2"}],"replies":[{"embeddable":true,"href":"https:\/\/etival.fr\/index.php?rest_route=%2Fwp%2Fv2%2Fcomments&post=11539"}],"version-history":[{"count":4,"href":"https:\/\/etival.fr\/index.php?rest_route=\/wp\/v2\/posts\/11539\/revisions"}],"predecessor-version":[{"id":11544,"href":"https:\/\/etival.fr\/index.php?rest_route=\/wp\/v2\/posts\/11539\/revisions\/11544"}],"wp:attachment":[{"href":"https:\/\/etival.fr\/index.php?rest_route=%2Fwp%2Fv2%2Fmedia&parent=11539"}],"wp:term":[{"taxonomy":"category","embeddable":true,"href":"https:\/\/etival.fr\/index.php?rest_route=%2Fwp%2Fv2%2Fcategories&post=11539"},{"taxonomy":"post_tag","embeddable":true,"href":"https:\/\/etival.fr\/index.php?rest_route=%2Fwp%2Fv2%2Ftags&post=11539"}],"curies":[{"name":"wp","href":"https:\/\/api.w.org\/{rel}","templated":true}]}}