{"id":11551,"date":"2023-11-02T08:14:00","date_gmt":"2023-11-02T07:14:00","guid":{"rendered":"http:\/\/etival.fr\/?p=11551"},"modified":"2023-11-02T09:49:37","modified_gmt":"2023-11-02T08:49:37","slug":"travaux-rue-de-la-corvee","status":"publish","type":"post","link":"https:\/\/etival.fr\/?p=11551","title":{"rendered":"Travaux rue de la Corv\u00e9e"},"content":{"rendered":"\n<figure class=\"wp-block-image size-full is-resized\"><a href=\"http:\/\/etival.fr\/wp-content\/uploads\/2023\/10\/image-2.png\"><img loading=\"lazy\" decoding=\"async\" src=\"http:\/\/etival.fr\/wp-content\/uploads\/2023\/10\/image-2.png\" alt=\"\" class=\"wp-image-11444\" width=\"99\" height=\"87\" srcset=\"https:\/\/etival.fr\/wp-content\/uploads\/2023\/10\/image-2.png 815w, https:\/\/etival.fr\/wp-content\/uploads\/2023\/10\/image-2-300x265.png 300w, https:\/\/etival.fr\/wp-content\/uploads\/2023\/10\/image-2-768x678.png 768w, https:\/\/etival.fr\/wp-content\/uploads\/2023\/10\/image-2-624x551.png 624w\" sizes=\"auto, (max-width: 99px) 100vw, 99px\" \/><\/a><\/figure>\n\n\n\n<p>L&rsquo;entreprise COLAS interviendra pour les travaux de pr\u00e9paration de chantier \u00e0 partir du jeudi 2 novembre, et elle commencera les travaux de r\u00e9fection \u00e0 partir du jeudi 9 novembre pour une dur\u00e9e estim\u00e9e \u00e0 15 jours.<br><br>Durant les travaux, la circulation sera interdite \u00e0 tous les v\u00e9hicules du panneau agglom\u00e9ration jusqu\u2019\u00e0 la route de Nompatelize. <br>Seuls les riverains habitants dans l\u2019emprise du chantier pourront quitter ou rejoindre leur domicile en r\u00e9duisant leur vitesse \u00e0 30 km\/h. Les v\u00e9hicules de secours et des ordures m\u00e9nag\u00e8res pourront \u00e9galement traverser le chantier si besoin.<br><br>Les automobilistes provenant de la rue du M\u00e9nil et d\u00e9sirant se rendre vers Nompatelize seront d\u00e9vi\u00e9s par la rue du Ch\u00eane l\u2019Epine, place de la R\u00e9sistance, rue des D\u00e9port\u00e9s \u00e0 l\u2019extr\u00e9mit\u00e9 de laquelle ils vireront \u00e0 droite pour retrouver la direction choisie.<br>Les usagers de la route provenant de Nompatelize et d\u00e9sirant se rendre vers la rue du M\u00e9nil emprunteront l\u2019itin\u00e9raire inverse.<br><br><strong>Durant la pose des enrob\u00e9s, la circulation de tous les v\u00e9hicules sera strictement interdite. <\/strong><\/p>\n","protected":false},"excerpt":{"rendered":"<p>L&rsquo;entreprise COLAS interviendra pour les travaux de pr\u00e9paration de chantier \u00e0 partir du jeudi 2 novembre, et elle commencera les travaux de r\u00e9fection \u00e0 partir du jeudi 9 novembre pour une dur\u00e9e estim\u00e9e \u00e0 15 jours. Durant les travaux, la circulation sera interdite \u00e0 tous les v\u00e9hicules du panneau agglom\u00e9ration jusqu\u2019\u00e0 la route de Nompatelize. [&hellip;]<\/p>\n","protected":false},"author":2,"featured_media":0,"comment_status":"closed","ping_status":"open","sticky":false,"template":"","format":"standard","meta":{"footnotes":""},"categories":[6],"tags":[],"class_list":["post-11551","post","type-post","status-publish","format-standard","hentry","category-informations-municipales"],"yoast_head":"<!-- This site is optimized with the Yoast SEO plugin v26.8 - https:\/\/yoast.com\/product\/yoast-seo-wordpress\/ -->\n<title>Travaux rue de la Corv\u00e9e - Etival-Clairefontaine<\/title>\n<meta name=\"robots\" content=\"index, follow, max-snippet:-1, max-image-preview:large, max-video-preview:-1\" \/>\n<link rel=\"canonical\" href=\"https:\/\/etival.fr\/?p=11551\" \/>\n<meta property=\"og:locale\" content=\"fr_FR\" \/>\n<meta property=\"og:type\" content=\"article\" \/>\n<meta property=\"og:title\" content=\"Travaux rue de la Corv\u00e9e - Etival-Clairefontaine\" \/>\n<meta property=\"og:description\" content=\"L&rsquo;entreprise COLAS interviendra pour les travaux de pr\u00e9paration de chantier \u00e0 partir du jeudi 2 novembre, et elle commencera les travaux de r\u00e9fection \u00e0 partir du jeudi 9 novembre pour une dur\u00e9e estim\u00e9e \u00e0 15 jours. Durant les travaux, la circulation sera interdite \u00e0 tous les v\u00e9hicules du panneau agglom\u00e9ration jusqu\u2019\u00e0 la route de Nompatelize. [&hellip;]\" \/>\n<meta property=\"og:url\" content=\"https:\/\/etival.fr\/?p=11551\" \/>\n<meta property=\"og:site_name\" content=\"Etival-Clairefontaine\" \/>\n<meta property=\"article:published_time\" content=\"2023-11-02T07:14:00+00:00\" \/>\n<meta property=\"article:modified_time\" content=\"2023-11-02T08:49:37+00:00\" \/>\n<meta property=\"og:image\" content=\"http:\/\/etival.fr\/wp-content\/uploads\/2023\/10\/image-2.png\" \/>\n<meta name=\"author\" content=\"Catherine\" \/>\n<meta name=\"twitter:card\" content=\"summary_large_image\" \/>\n<meta name=\"twitter:label1\" content=\"\u00c9crit par\" \/>\n\t<meta name=\"twitter:data1\" content=\"Catherine\" \/>\n\t<meta name=\"twitter:label2\" content=\"Dur\u00e9e de lecture estim\u00e9e\" \/>\n\t<meta name=\"twitter:data2\" content=\"2 minutes\" \/>\n<script type=\"application\/ld+json\" class=\"yoast-schema-graph\">{\"@context\":\"https:\/\/schema.org\",\"@graph\":[{\"@type\":\"Article\",\"@id\":\"https:\/\/etival.fr\/?p=11551#article\",\"isPartOf\":{\"@id\":\"https:\/\/etival.fr\/?p=11551\"},\"author\":{\"name\":\"Catherine\",\"@id\":\"https:\/\/etival.fr\/#\/schema\/person\/966767531f422984430588510b8d4c3f\"},\"headline\":\"Travaux rue de la Corv\u00e9e\",\"datePublished\":\"2023-11-02T07:14:00+00:00\",\"dateModified\":\"2023-11-02T08:49:37+00:00\",\"mainEntityOfPage\":{\"@id\":\"https:\/\/etival.fr\/?p=11551\"},\"wordCount\":192,\"image\":{\"@id\":\"https:\/\/etival.fr\/?p=11551#primaryimage\"},\"thumbnailUrl\":\"http:\/\/etival.fr\/wp-content\/uploads\/2023\/10\/image-2.png\",\"articleSection\":[\"Informations Municipales\"],\"inLanguage\":\"fr-FR\"},{\"@type\":\"WebPage\",\"@id\":\"https:\/\/etival.fr\/?p=11551\",\"url\":\"https:\/\/etival.fr\/?p=11551\",\"name\":\"Travaux rue de la Corv\u00e9e - Etival-Clairefontaine\",\"isPartOf\":{\"@id\":\"https:\/\/etival.fr\/#website\"},\"primaryImageOfPage\":{\"@id\":\"https:\/\/etival.fr\/?p=11551#primaryimage\"},\"image\":{\"@id\":\"https:\/\/etival.fr\/?p=11551#primaryimage\"},\"thumbnailUrl\":\"http:\/\/etival.fr\/wp-content\/uploads\/2023\/10\/image-2.png\",\"datePublished\":\"2023-11-02T07:14:00+00:00\",\"dateModified\":\"2023-11-02T08:49:37+00:00\",\"author\":{\"@id\":\"https:\/\/etival.fr\/#\/schema\/person\/966767531f422984430588510b8d4c3f\"},\"breadcrumb\":{\"@id\":\"https:\/\/etival.fr\/?p=11551#breadcrumb\"},\"inLanguage\":\"fr-FR\",\"potentialAction\":[{\"@type\":\"ReadAction\",\"target\":[\"https:\/\/etival.fr\/?p=11551\"]}]},{\"@type\":\"ImageObject\",\"inLanguage\":\"fr-FR\",\"@id\":\"https:\/\/etival.fr\/?p=11551#primaryimage\",\"url\":\"http:\/\/etival.fr\/wp-content\/uploads\/2023\/10\/image-2.png\",\"contentUrl\":\"http:\/\/etival.fr\/wp-content\/uploads\/2023\/10\/image-2.png\"},{\"@type\":\"BreadcrumbList\",\"@id\":\"https:\/\/etival.fr\/?p=11551#breadcrumb\",\"itemListElement\":[{\"@type\":\"ListItem\",\"position\":1,\"name\":\"Accueil\",\"item\":\"https:\/\/etival.fr\/\"},{\"@type\":\"ListItem\",\"position\":2,\"name\":\"Travaux rue de la Corv\u00e9e\"}]},{\"@type\":\"WebSite\",\"@id\":\"https:\/\/etival.fr\/#website\",\"url\":\"https:\/\/etival.fr\/\",\"name\":\"Etival-Clairefontaine\",\"description\":\"Informations et actualit\u00e9s de la commune\",\"potentialAction\":[{\"@type\":\"SearchAction\",\"target\":{\"@type\":\"EntryPoint\",\"urlTemplate\":\"https:\/\/etival.fr\/?s={search_term_string}\"},\"query-input\":{\"@type\":\"PropertyValueSpecification\",\"valueRequired\":true,\"valueName\":\"search_term_string\"}}],\"inLanguage\":\"fr-FR\"},{\"@type\":\"Person\",\"@id\":\"https:\/\/etival.fr\/#\/schema\/person\/966767531f422984430588510b8d4c3f\",\"name\":\"Catherine\",\"image\":{\"@type\":\"ImageObject\",\"inLanguage\":\"fr-FR\",\"@id\":\"https:\/\/etival.fr\/#\/schema\/person\/image\/\",\"url\":\"https:\/\/secure.gravatar.com\/avatar\/b99eff3bf59bd614e6c532df451dc649?s=96&d=mm&r=g\",\"contentUrl\":\"https:\/\/secure.gravatar.com\/avatar\/b99eff3bf59bd614e6c532df451dc649?s=96&d=mm&r=g\",\"caption\":\"Catherine\"},\"url\":\"https:\/\/etival.fr\/?author=2\"}]}<\/script>\n<!-- \/ Yoast SEO plugin. -->","yoast_head_json":{"title":"Travaux rue de la Corv\u00e9e - Etival-Clairefontaine","robots":{"index":"index","follow":"follow","max-snippet":"max-snippet:-1","max-image-preview":"max-image-preview:large","max-video-preview":"max-video-preview:-1"},"canonical":"https:\/\/etival.fr\/?p=11551","og_locale":"fr_FR","og_type":"article","og_title":"Travaux rue de la Corv\u00e9e - Etival-Clairefontaine","og_description":"L&rsquo;entreprise COLAS interviendra pour les travaux de pr\u00e9paration de chantier \u00e0 partir du jeudi 2 novembre, et elle commencera les travaux de r\u00e9fection \u00e0 partir du jeudi 9 novembre pour une dur\u00e9e estim\u00e9e \u00e0 15 jours. Durant les travaux, la circulation sera interdite \u00e0 tous les v\u00e9hicules du panneau agglom\u00e9ration jusqu\u2019\u00e0 la route de Nompatelize. [&hellip;]","og_url":"https:\/\/etival.fr\/?p=11551","og_site_name":"Etival-Clairefontaine","article_published_time":"2023-11-02T07:14:00+00:00","article_modified_time":"2023-11-02T08:49:37+00:00","og_image":[{"url":"http:\/\/etival.fr\/wp-content\/uploads\/2023\/10\/image-2.png","type":"","width":"","height":""}],"author":"Catherine","twitter_card":"summary_large_image","twitter_misc":{"\u00c9crit par":"Catherine","Dur\u00e9e de lecture estim\u00e9e":"2 minutes"},"schema":{"@context":"https:\/\/schema.org","@graph":[{"@type":"Article","@id":"https:\/\/etival.fr\/?p=11551#article","isPartOf":{"@id":"https:\/\/etival.fr\/?p=11551"},"author":{"name":"Catherine","@id":"https:\/\/etival.fr\/#\/schema\/person\/966767531f422984430588510b8d4c3f"},"headline":"Travaux rue de la Corv\u00e9e","datePublished":"2023-11-02T07:14:00+00:00","dateModified":"2023-11-02T08:49:37+00:00","mainEntityOfPage":{"@id":"https:\/\/etival.fr\/?p=11551"},"wordCount":192,"image":{"@id":"https:\/\/etival.fr\/?p=11551#primaryimage"},"thumbnailUrl":"http:\/\/etival.fr\/wp-content\/uploads\/2023\/10\/image-2.png","articleSection":["Informations Municipales"],"inLanguage":"fr-FR"},{"@type":"WebPage","@id":"https:\/\/etival.fr\/?p=11551","url":"https:\/\/etival.fr\/?p=11551","name":"Travaux rue de la Corv\u00e9e - Etival-Clairefontaine","isPartOf":{"@id":"https:\/\/etival.fr\/#website"},"primaryImageOfPage":{"@id":"https:\/\/etival.fr\/?p=11551#primaryimage"},"image":{"@id":"https:\/\/etival.fr\/?p=11551#primaryimage"},"thumbnailUrl":"http:\/\/etival.fr\/wp-content\/uploads\/2023\/10\/image-2.png","datePublished":"2023-11-02T07:14:00+00:00","dateModified":"2023-11-02T08:49:37+00:00","author":{"@id":"https:\/\/etival.fr\/#\/schema\/person\/966767531f422984430588510b8d4c3f"},"breadcrumb":{"@id":"https:\/\/etival.fr\/?p=11551#breadcrumb"},"inLanguage":"fr-FR","potentialAction":[{"@type":"ReadAction","target":["https:\/\/etival.fr\/?p=11551"]}]},{"@type":"ImageObject","inLanguage":"fr-FR","@id":"https:\/\/etival.fr\/?p=11551#primaryimage","url":"http:\/\/etival.fr\/wp-content\/uploads\/2023\/10\/image-2.png","contentUrl":"http:\/\/etival.fr\/wp-content\/uploads\/2023\/10\/image-2.png"},{"@type":"BreadcrumbList","@id":"https:\/\/etival.fr\/?p=11551#breadcrumb","itemListElement":[{"@type":"ListItem","position":1,"name":"Accueil","item":"https:\/\/etival.fr\/"},{"@type":"ListItem","position":2,"name":"Travaux rue de la Corv\u00e9e"}]},{"@type":"WebSite","@id":"https:\/\/etival.fr\/#website","url":"https:\/\/etival.fr\/","name":"Etival-Clairefontaine","description":"Informations et actualit\u00e9s de la commune","potentialAction":[{"@type":"SearchAction","target":{"@type":"EntryPoint","urlTemplate":"https:\/\/etival.fr\/?s={search_term_string}"},"query-input":{"@type":"PropertyValueSpecification","valueRequired":true,"valueName":"search_term_string"}}],"inLanguage":"fr-FR"},{"@type":"Person","@id":"https:\/\/etival.fr\/#\/schema\/person\/966767531f422984430588510b8d4c3f","name":"Catherine","image":{"@type":"ImageObject","inLanguage":"fr-FR","@id":"https:\/\/etival.fr\/#\/schema\/person\/image\/","url":"https:\/\/secure.gravatar.com\/avatar\/b99eff3bf59bd614e6c532df451dc649?s=96&d=mm&r=g","contentUrl":"https:\/\/secure.gravatar.com\/avatar\/b99eff3bf59bd614e6c532df451dc649?s=96&d=mm&r=g","caption":"Catherine"},"url":"https:\/\/etival.fr\/?author=2"}]}},"_links":{"self":[{"href":"https:\/\/etival.fr\/index.php?rest_route=\/wp\/v2\/posts\/11551","targetHints":{"allow":["GET"]}}],"collection":[{"href":"https:\/\/etival.fr\/index.php?rest_route=\/wp\/v2\/posts"}],"about":[{"href":"https:\/\/etival.fr\/index.php?rest_route=\/wp\/v2\/types\/post"}],"author":[{"embeddable":true,"href":"https:\/\/etival.fr\/index.php?rest_route=\/wp\/v2\/users\/2"}],"replies":[{"embeddable":true,"href":"https:\/\/etival.fr\/index.php?rest_route=%2Fwp%2Fv2%2Fcomments&post=11551"}],"version-history":[{"count":3,"href":"https:\/\/etival.fr\/index.php?rest_route=\/wp\/v2\/posts\/11551\/revisions"}],"predecessor-version":[{"id":11560,"href":"https:\/\/etival.fr\/index.php?rest_route=\/wp\/v2\/posts\/11551\/revisions\/11560"}],"wp:attachment":[{"href":"https:\/\/etival.fr\/index.php?rest_route=%2Fwp%2Fv2%2Fmedia&parent=11551"}],"wp:term":[{"taxonomy":"category","embeddable":true,"href":"https:\/\/etival.fr\/index.php?rest_route=%2Fwp%2Fv2%2Fcategories&post=11551"},{"taxonomy":"post_tag","embeddable":true,"href":"https:\/\/etival.fr\/index.php?rest_route=%2Fwp%2Fv2%2Ftags&post=11551"}],"curies":[{"name":"wp","href":"https:\/\/api.w.org\/{rel}","templated":true}]}}