{"id":11569,"date":"2023-11-03T10:10:12","date_gmt":"2023-11-03T09:10:12","guid":{"rendered":"http:\/\/etival.fr\/?p=11569"},"modified":"2023-11-03T10:10:14","modified_gmt":"2023-11-03T09:10:14","slug":"redevance-incitative-reomi","status":"publish","type":"post","link":"https:\/\/etival.fr\/?p=11569","title":{"rendered":"Redevance incitative &#8211; REOMI"},"content":{"rendered":"\n<figure class=\"wp-block-image size-full is-resized\"><a href=\"http:\/\/etival.fr\/wp-content\/uploads\/2023\/11\/CASDDV-logo.png\"><img loading=\"lazy\" decoding=\"async\" src=\"http:\/\/etival.fr\/wp-content\/uploads\/2023\/11\/CASDDV-logo.png\" alt=\"\" class=\"wp-image-11570\" width=\"53\" height=\"91\" srcset=\"https:\/\/etival.fr\/wp-content\/uploads\/2023\/11\/CASDDV-logo.png 250w, https:\/\/etival.fr\/wp-content\/uploads\/2023\/11\/CASDDV-logo-176x300.png 176w\" sizes=\"auto, (max-width: 53px) 100vw, 53px\" \/><\/a><\/figure>\n\n\n\n<p>\u00c0 compter du 1er janvier 2024, la Redevance d\u2019Enl\u00e8vement des Ordures M\u00e9nag\u00e8res incitative (REOMi) deviendra l\u2019unique mode de financement de l\u2019enl\u00e8vement et du traitement des d\u00e9chets pour les 77 communes de la communaut\u00e9 d\u2019agglom\u00e9ration de Saint-Di\u00e9-des-Vosges.<\/p>\n\n\n\n<p>Elle remplacera la contribution existante au service public, \u00e0 base de Taxe (TEOM) ou de Redevance (REOM) selon son lieu de r\u00e9sidence, pour permettre de couvrir l\u2019ensemble des d\u00e9penses li\u00e9es \u00e0 la gestion des d\u00e9chets&nbsp;: collecte et traitement des ordures m\u00e9nag\u00e8res, recyclables et bornes \u00e0 verre, exploitation et r\u00e9am\u00e9nagement des d\u00e9chetteries, renouvellement du mat\u00e9riel, actions de pr\u00e9vention, etc&#8230;<\/p>\n\n\n\n<p>Effectif au 1er janvier 2024, ce changement s\u2019accompagne d\u2019une phase pr\u00e9paratoire en 2023, permettant de mettre \u00e0 disposition de chaque usager un bac roulant, individuel ou collectif, pour le stockage des ordures m\u00e9nag\u00e8res (sacs noirs).<\/p>\n\n\n\n<p><strong>Les grandes \u00e9tapes<\/strong><br>de septembre \u00e0 d\u00e9cembre 2023 : Distribution progressive des bacs dans les 77 communes.<br>\u00c0 partir du 1er janvier 2024 : Mise en place de la redevance incitative et suppression des autres modes de financement.<br>\u00c0 partir de juillet 2024 : R\u00e9ception de la premi\u00e8re facture REOMi \u00e0 acquitter.<\/p>\n\n\n\n<p>En 2024, une facture semestrielle sera adress\u00e9e \u00e0 chaque producteur de d\u00e9chets. <br>Elle sera compos\u00e9e d\u2019une part dite d\u2019abonnement <em>(permettant l\u2019acc\u00e8s aux services et installations g\u00e9r\u00e9es par la communaut\u00e9 d\u2019agglom\u00e9ration)<\/em> et d\u2019une part variable, en fonction du nombre de fois o\u00f9 le bac d\u2019ordures m\u00e9nag\u00e8res sera pr\u00e9sent\u00e9 \u00e0 la collecte. <strong>Tarif qui sera vot\u00e9 le 4 d\u00e9cembre 2023<\/strong>.<\/p>\n\n\n\n<p>Un guide de la Redevance Incitative a \u00e9t\u00e9 cr\u00e9\u00e9 afin de d\u00e9tailler le projet et rappeler les bonnes pratiques en mati\u00e8re de gestion responsable des d\u00e9chets.<\/p>\n\n\n\n<p>\u00c0 t\u00e9l\u00e9charger <a href=\"https:\/\/www.calameo.com\/read\/007134962c5f9d99f2c9b?page=1\">ICI<\/a><\/p>\n\n\n\n<p>La r\u00e9ponse \u00e0 vos interrogations s\u2019y trouve peut-\u00eatre\u2026<\/p>\n\n\n\n<p class=\"has-blue-color has-text-color\"><em>(\u00e0 ce jour la soci\u00e9t\u00e9 SULO distribue les bacs dans notre commune, ceux-ci sont chang\u00e9s que si il y a eu modification du\u00a0nombre\u00a0de\u00a0personnes\u00a0composant le\u00a0foyer depuis au moins 10 ans).<\/em><br><strong>Les nouveaux bacs poss\u00e8dent bien tous une puce et poss\u00e8dent un verrou uniquement ceux qui ne peuvent pas \u00eatre rentr\u00e9s en dehors des jours de collecte ex :  les bacs en habitat collectif\u00a0stock\u00e9s \u00e0 l\u2019ext\u00e9rieur, les bacs communaux&#8230;<\/strong><\/p>\n\n\n\n<p>Pour toute personne\u00a0<strong>uniquement celle qui n&rsquo;ont pas encore r\u00e9pondu \u00e0 l&rsquo;enqu\u00eate le num\u00e9ro vert reste ouvert jusqu&rsquo;\u00e0 fin novembre<\/strong>\u00a0\u00a0(<strong>num\u00e9ro vert\u00a00 800 348 904<\/strong>). <br><br>Le service D\u00e9chets de la Communaut\u00e9 d&rsquo;agglom\u00e9ration de Saint-Di\u00e9-des-Vosges est joignable au\u00a0<strong>03 29 52 65 59.<\/strong><\/p>\n","protected":false},"excerpt":{"rendered":"<p>\u00c0 compter du 1er janvier 2024, la Redevance d\u2019Enl\u00e8vement des Ordures M\u00e9nag\u00e8res incitative (REOMi) deviendra l\u2019unique mode de financement de l\u2019enl\u00e8vement et du traitement des d\u00e9chets pour les 77 communes de la communaut\u00e9 d\u2019agglom\u00e9ration de Saint-Di\u00e9-des-Vosges. Elle remplacera la contribution existante au service public, \u00e0 base de Taxe (TEOM) ou de Redevance (REOM) selon son [&hellip;]<\/p>\n","protected":false},"author":2,"featured_media":0,"comment_status":"closed","ping_status":"open","sticky":false,"template":"","format":"standard","meta":{"footnotes":""},"categories":[1],"tags":[],"class_list":["post-11569","post","type-post","status-publish","format-standard","hentry","category-non-classe"],"yoast_head":"<!-- This site is optimized with the Yoast SEO plugin v26.8 - https:\/\/yoast.com\/product\/yoast-seo-wordpress\/ -->\n<title>Redevance incitative - REOMI - Etival-Clairefontaine<\/title>\n<meta name=\"robots\" content=\"index, follow, max-snippet:-1, max-image-preview:large, max-video-preview:-1\" \/>\n<link rel=\"canonical\" href=\"https:\/\/etival.fr\/?p=11569\" \/>\n<meta property=\"og:locale\" content=\"fr_FR\" \/>\n<meta property=\"og:type\" content=\"article\" \/>\n<meta property=\"og:title\" content=\"Redevance incitative - REOMI - Etival-Clairefontaine\" \/>\n<meta property=\"og:description\" content=\"\u00c0 compter du 1er janvier 2024, la Redevance d\u2019Enl\u00e8vement des Ordures M\u00e9nag\u00e8res incitative (REOMi) deviendra l\u2019unique mode de financement de l\u2019enl\u00e8vement et du traitement des d\u00e9chets pour les 77 communes de la communaut\u00e9 d\u2019agglom\u00e9ration de Saint-Di\u00e9-des-Vosges. Elle remplacera la contribution existante au service public, \u00e0 base de Taxe (TEOM) ou de Redevance (REOM) selon son [&hellip;]\" \/>\n<meta property=\"og:url\" content=\"https:\/\/etival.fr\/?p=11569\" \/>\n<meta property=\"og:site_name\" content=\"Etival-Clairefontaine\" \/>\n<meta property=\"article:published_time\" content=\"2023-11-03T09:10:12+00:00\" \/>\n<meta property=\"article:modified_time\" content=\"2023-11-03T09:10:14+00:00\" \/>\n<meta property=\"og:image\" content=\"http:\/\/etival.fr\/wp-content\/uploads\/2023\/11\/CASDDV-logo.png\" \/>\n<meta name=\"author\" content=\"Catherine\" \/>\n<meta name=\"twitter:card\" content=\"summary_large_image\" \/>\n<meta name=\"twitter:label1\" content=\"\u00c9crit par\" \/>\n\t<meta name=\"twitter:data1\" content=\"Catherine\" \/>\n\t<meta name=\"twitter:label2\" content=\"Dur\u00e9e de lecture estim\u00e9e\" \/>\n\t<meta name=\"twitter:data2\" content=\"3 minutes\" \/>\n<script type=\"application\/ld+json\" class=\"yoast-schema-graph\">{\"@context\":\"https:\/\/schema.org\",\"@graph\":[{\"@type\":\"Article\",\"@id\":\"https:\/\/etival.fr\/?p=11569#article\",\"isPartOf\":{\"@id\":\"https:\/\/etival.fr\/?p=11569\"},\"author\":{\"name\":\"Catherine\",\"@id\":\"https:\/\/etival.fr\/#\/schema\/person\/966767531f422984430588510b8d4c3f\"},\"headline\":\"Redevance incitative &#8211; REOMI\",\"datePublished\":\"2023-11-03T09:10:12+00:00\",\"dateModified\":\"2023-11-03T09:10:14+00:00\",\"mainEntityOfPage\":{\"@id\":\"https:\/\/etival.fr\/?p=11569\"},\"wordCount\":430,\"image\":{\"@id\":\"https:\/\/etival.fr\/?p=11569#primaryimage\"},\"thumbnailUrl\":\"http:\/\/etival.fr\/wp-content\/uploads\/2023\/11\/CASDDV-logo.png\",\"inLanguage\":\"fr-FR\"},{\"@type\":\"WebPage\",\"@id\":\"https:\/\/etival.fr\/?p=11569\",\"url\":\"https:\/\/etival.fr\/?p=11569\",\"name\":\"Redevance incitative - REOMI - Etival-Clairefontaine\",\"isPartOf\":{\"@id\":\"https:\/\/etival.fr\/#website\"},\"primaryImageOfPage\":{\"@id\":\"https:\/\/etival.fr\/?p=11569#primaryimage\"},\"image\":{\"@id\":\"https:\/\/etival.fr\/?p=11569#primaryimage\"},\"thumbnailUrl\":\"http:\/\/etival.fr\/wp-content\/uploads\/2023\/11\/CASDDV-logo.png\",\"datePublished\":\"2023-11-03T09:10:12+00:00\",\"dateModified\":\"2023-11-03T09:10:14+00:00\",\"author\":{\"@id\":\"https:\/\/etival.fr\/#\/schema\/person\/966767531f422984430588510b8d4c3f\"},\"breadcrumb\":{\"@id\":\"https:\/\/etival.fr\/?p=11569#breadcrumb\"},\"inLanguage\":\"fr-FR\",\"potentialAction\":[{\"@type\":\"ReadAction\",\"target\":[\"https:\/\/etival.fr\/?p=11569\"]}]},{\"@type\":\"ImageObject\",\"inLanguage\":\"fr-FR\",\"@id\":\"https:\/\/etival.fr\/?p=11569#primaryimage\",\"url\":\"http:\/\/etival.fr\/wp-content\/uploads\/2023\/11\/CASDDV-logo.png\",\"contentUrl\":\"http:\/\/etival.fr\/wp-content\/uploads\/2023\/11\/CASDDV-logo.png\"},{\"@type\":\"BreadcrumbList\",\"@id\":\"https:\/\/etival.fr\/?p=11569#breadcrumb\",\"itemListElement\":[{\"@type\":\"ListItem\",\"position\":1,\"name\":\"Accueil\",\"item\":\"https:\/\/etival.fr\/\"},{\"@type\":\"ListItem\",\"position\":2,\"name\":\"Redevance incitative &#8211; REOMI\"}]},{\"@type\":\"WebSite\",\"@id\":\"https:\/\/etival.fr\/#website\",\"url\":\"https:\/\/etival.fr\/\",\"name\":\"Etival-Clairefontaine\",\"description\":\"Informations et actualit\u00e9s de la commune\",\"potentialAction\":[{\"@type\":\"SearchAction\",\"target\":{\"@type\":\"EntryPoint\",\"urlTemplate\":\"https:\/\/etival.fr\/?s={search_term_string}\"},\"query-input\":{\"@type\":\"PropertyValueSpecification\",\"valueRequired\":true,\"valueName\":\"search_term_string\"}}],\"inLanguage\":\"fr-FR\"},{\"@type\":\"Person\",\"@id\":\"https:\/\/etival.fr\/#\/schema\/person\/966767531f422984430588510b8d4c3f\",\"name\":\"Catherine\",\"image\":{\"@type\":\"ImageObject\",\"inLanguage\":\"fr-FR\",\"@id\":\"https:\/\/etival.fr\/#\/schema\/person\/image\/\",\"url\":\"https:\/\/secure.gravatar.com\/avatar\/b99eff3bf59bd614e6c532df451dc649?s=96&d=mm&r=g\",\"contentUrl\":\"https:\/\/secure.gravatar.com\/avatar\/b99eff3bf59bd614e6c532df451dc649?s=96&d=mm&r=g\",\"caption\":\"Catherine\"},\"url\":\"https:\/\/etival.fr\/?author=2\"}]}<\/script>\n<!-- \/ Yoast SEO plugin. -->","yoast_head_json":{"title":"Redevance incitative - REOMI - Etival-Clairefontaine","robots":{"index":"index","follow":"follow","max-snippet":"max-snippet:-1","max-image-preview":"max-image-preview:large","max-video-preview":"max-video-preview:-1"},"canonical":"https:\/\/etival.fr\/?p=11569","og_locale":"fr_FR","og_type":"article","og_title":"Redevance incitative - REOMI - Etival-Clairefontaine","og_description":"\u00c0 compter du 1er janvier 2024, la Redevance d\u2019Enl\u00e8vement des Ordures M\u00e9nag\u00e8res incitative (REOMi) deviendra l\u2019unique mode de financement de l\u2019enl\u00e8vement et du traitement des d\u00e9chets pour les 77 communes de la communaut\u00e9 d\u2019agglom\u00e9ration de Saint-Di\u00e9-des-Vosges. Elle remplacera la contribution existante au service public, \u00e0 base de Taxe (TEOM) ou de Redevance (REOM) selon son [&hellip;]","og_url":"https:\/\/etival.fr\/?p=11569","og_site_name":"Etival-Clairefontaine","article_published_time":"2023-11-03T09:10:12+00:00","article_modified_time":"2023-11-03T09:10:14+00:00","og_image":[{"url":"http:\/\/etival.fr\/wp-content\/uploads\/2023\/11\/CASDDV-logo.png","type":"","width":"","height":""}],"author":"Catherine","twitter_card":"summary_large_image","twitter_misc":{"\u00c9crit par":"Catherine","Dur\u00e9e de lecture estim\u00e9e":"3 minutes"},"schema":{"@context":"https:\/\/schema.org","@graph":[{"@type":"Article","@id":"https:\/\/etival.fr\/?p=11569#article","isPartOf":{"@id":"https:\/\/etival.fr\/?p=11569"},"author":{"name":"Catherine","@id":"https:\/\/etival.fr\/#\/schema\/person\/966767531f422984430588510b8d4c3f"},"headline":"Redevance incitative &#8211; REOMI","datePublished":"2023-11-03T09:10:12+00:00","dateModified":"2023-11-03T09:10:14+00:00","mainEntityOfPage":{"@id":"https:\/\/etival.fr\/?p=11569"},"wordCount":430,"image":{"@id":"https:\/\/etival.fr\/?p=11569#primaryimage"},"thumbnailUrl":"http:\/\/etival.fr\/wp-content\/uploads\/2023\/11\/CASDDV-logo.png","inLanguage":"fr-FR"},{"@type":"WebPage","@id":"https:\/\/etival.fr\/?p=11569","url":"https:\/\/etival.fr\/?p=11569","name":"Redevance incitative - REOMI - Etival-Clairefontaine","isPartOf":{"@id":"https:\/\/etival.fr\/#website"},"primaryImageOfPage":{"@id":"https:\/\/etival.fr\/?p=11569#primaryimage"},"image":{"@id":"https:\/\/etival.fr\/?p=11569#primaryimage"},"thumbnailUrl":"http:\/\/etival.fr\/wp-content\/uploads\/2023\/11\/CASDDV-logo.png","datePublished":"2023-11-03T09:10:12+00:00","dateModified":"2023-11-03T09:10:14+00:00","author":{"@id":"https:\/\/etival.fr\/#\/schema\/person\/966767531f422984430588510b8d4c3f"},"breadcrumb":{"@id":"https:\/\/etival.fr\/?p=11569#breadcrumb"},"inLanguage":"fr-FR","potentialAction":[{"@type":"ReadAction","target":["https:\/\/etival.fr\/?p=11569"]}]},{"@type":"ImageObject","inLanguage":"fr-FR","@id":"https:\/\/etival.fr\/?p=11569#primaryimage","url":"http:\/\/etival.fr\/wp-content\/uploads\/2023\/11\/CASDDV-logo.png","contentUrl":"http:\/\/etival.fr\/wp-content\/uploads\/2023\/11\/CASDDV-logo.png"},{"@type":"BreadcrumbList","@id":"https:\/\/etival.fr\/?p=11569#breadcrumb","itemListElement":[{"@type":"ListItem","position":1,"name":"Accueil","item":"https:\/\/etival.fr\/"},{"@type":"ListItem","position":2,"name":"Redevance incitative &#8211; REOMI"}]},{"@type":"WebSite","@id":"https:\/\/etival.fr\/#website","url":"https:\/\/etival.fr\/","name":"Etival-Clairefontaine","description":"Informations et actualit\u00e9s de la commune","potentialAction":[{"@type":"SearchAction","target":{"@type":"EntryPoint","urlTemplate":"https:\/\/etival.fr\/?s={search_term_string}"},"query-input":{"@type":"PropertyValueSpecification","valueRequired":true,"valueName":"search_term_string"}}],"inLanguage":"fr-FR"},{"@type":"Person","@id":"https:\/\/etival.fr\/#\/schema\/person\/966767531f422984430588510b8d4c3f","name":"Catherine","image":{"@type":"ImageObject","inLanguage":"fr-FR","@id":"https:\/\/etival.fr\/#\/schema\/person\/image\/","url":"https:\/\/secure.gravatar.com\/avatar\/b99eff3bf59bd614e6c532df451dc649?s=96&d=mm&r=g","contentUrl":"https:\/\/secure.gravatar.com\/avatar\/b99eff3bf59bd614e6c532df451dc649?s=96&d=mm&r=g","caption":"Catherine"},"url":"https:\/\/etival.fr\/?author=2"}]}},"_links":{"self":[{"href":"https:\/\/etival.fr\/index.php?rest_route=\/wp\/v2\/posts\/11569","targetHints":{"allow":["GET"]}}],"collection":[{"href":"https:\/\/etival.fr\/index.php?rest_route=\/wp\/v2\/posts"}],"about":[{"href":"https:\/\/etival.fr\/index.php?rest_route=\/wp\/v2\/types\/post"}],"author":[{"embeddable":true,"href":"https:\/\/etival.fr\/index.php?rest_route=\/wp\/v2\/users\/2"}],"replies":[{"embeddable":true,"href":"https:\/\/etival.fr\/index.php?rest_route=%2Fwp%2Fv2%2Fcomments&post=11569"}],"version-history":[{"count":1,"href":"https:\/\/etival.fr\/index.php?rest_route=\/wp\/v2\/posts\/11569\/revisions"}],"predecessor-version":[{"id":11571,"href":"https:\/\/etival.fr\/index.php?rest_route=\/wp\/v2\/posts\/11569\/revisions\/11571"}],"wp:attachment":[{"href":"https:\/\/etival.fr\/index.php?rest_route=%2Fwp%2Fv2%2Fmedia&parent=11569"}],"wp:term":[{"taxonomy":"category","embeddable":true,"href":"https:\/\/etival.fr\/index.php?rest_route=%2Fwp%2Fv2%2Fcategories&post=11569"},{"taxonomy":"post_tag","embeddable":true,"href":"https:\/\/etival.fr\/index.php?rest_route=%2Fwp%2Fv2%2Ftags&post=11569"}],"curies":[{"name":"wp","href":"https:\/\/api.w.org\/{rel}","templated":true}]}}