{"id":11584,"date":"2024-02-03T16:21:35","date_gmt":"2024-02-03T15:21:35","guid":{"rendered":"http:\/\/etival.fr\/?p=11584"},"modified":"2024-02-07T11:16:24","modified_gmt":"2024-02-07T10:16:24","slug":"conseil-municipal-10","status":"publish","type":"post","link":"https:\/\/etival.fr\/?p=11584","title":{"rendered":"Conseil municipal"},"content":{"rendered":"<div class=\"wp-block-image\">\n<figure class=\"alignleft size-full is-resized\"><a href=\"http:\/\/etival.fr\/wp-content\/uploads\/2023\/11\/conseil.jpg\"><img loading=\"lazy\" decoding=\"async\" width=\"200\" height=\"200\" src=\"http:\/\/etival.fr\/wp-content\/uploads\/2023\/11\/conseil.jpg\" alt=\"\" class=\"wp-image-11585\" style=\"width:82px;height:82px\" srcset=\"https:\/\/etival.fr\/wp-content\/uploads\/2023\/11\/conseil.jpg 200w, https:\/\/etival.fr\/wp-content\/uploads\/2023\/11\/conseil-150x150.jpg 150w\" sizes=\"auto, (max-width: 200px) 100vw, 200px\" \/><\/a><\/figure><\/div>\n\n\n<p><br>Le Conseil Municipal d\u2019\u00c9tival-Clairefontaine se r\u00e9unira le<br><strong>vendredi 9 f\u00e9vrier 2024 \u00e0 20h<\/strong>30&nbsp;\u2013 Salle des F\u00eates Edmond Cunin.<\/p>\n\n\n\n<p>Ordre du jour : <a href=\"https:\/\/etival.fr\/wp-content\/uploads\/2024\/02\/Ordre-du-Jour-9-fevrier-2024.pdf\">ICI<\/a><\/p>\n\n\n\n<p><\/p>\n","protected":false},"excerpt":{"rendered":"<p>Le Conseil Municipal d\u2019\u00c9tival-Clairefontaine se r\u00e9unira levendredi 9 f\u00e9vrier 2024 \u00e0 20h30&nbsp;\u2013 Salle des F\u00eates Edmond Cunin. Ordre du jour : ICI<\/p>\n","protected":false},"author":2,"featured_media":0,"comment_status":"closed","ping_status":"open","sticky":false,"template":"","format":"standard","meta":{"footnotes":""},"categories":[6],"tags":[],"class_list":["post-11584","post","type-post","status-publish","format-standard","hentry","category-informations-municipales"],"yoast_head":"<!-- This site is optimized with the Yoast SEO plugin v26.8 - https:\/\/yoast.com\/product\/yoast-seo-wordpress\/ -->\n<title>Conseil municipal - Etival-Clairefontaine<\/title>\n<meta name=\"robots\" content=\"index, follow, max-snippet:-1, max-image-preview:large, max-video-preview:-1\" \/>\n<link rel=\"canonical\" href=\"https:\/\/etival.fr\/?p=11584\" \/>\n<meta property=\"og:locale\" content=\"fr_FR\" \/>\n<meta property=\"og:type\" content=\"article\" \/>\n<meta property=\"og:title\" content=\"Conseil municipal - Etival-Clairefontaine\" \/>\n<meta property=\"og:description\" content=\"Le Conseil Municipal d\u2019\u00c9tival-Clairefontaine se r\u00e9unira levendredi 9 f\u00e9vrier 2024 \u00e0 20h30&nbsp;\u2013 Salle des F\u00eates Edmond Cunin. Ordre du jour : ICI\" \/>\n<meta property=\"og:url\" content=\"https:\/\/etival.fr\/?p=11584\" \/>\n<meta property=\"og:site_name\" content=\"Etival-Clairefontaine\" \/>\n<meta property=\"article:published_time\" content=\"2024-02-03T15:21:35+00:00\" \/>\n<meta property=\"article:modified_time\" content=\"2024-02-07T10:16:24+00:00\" \/>\n<meta property=\"og:image\" content=\"http:\/\/etival.fr\/wp-content\/uploads\/2023\/11\/conseil.jpg\" \/>\n<meta name=\"author\" content=\"Catherine\" \/>\n<meta name=\"twitter:card\" content=\"summary_large_image\" \/>\n<meta name=\"twitter:label1\" content=\"\u00c9crit par\" \/>\n\t<meta name=\"twitter:data1\" content=\"Catherine\" \/>\n\t<meta name=\"twitter:label2\" content=\"Dur\u00e9e de lecture estim\u00e9e\" \/>\n\t<meta name=\"twitter:data2\" content=\"1 minute\" \/>\n<script type=\"application\/ld+json\" class=\"yoast-schema-graph\">{\"@context\":\"https:\/\/schema.org\",\"@graph\":[{\"@type\":\"Article\",\"@id\":\"https:\/\/etival.fr\/?p=11584#article\",\"isPartOf\":{\"@id\":\"https:\/\/etival.fr\/?p=11584\"},\"author\":{\"name\":\"Catherine\",\"@id\":\"https:\/\/etival.fr\/#\/schema\/person\/966767531f422984430588510b8d4c3f\"},\"headline\":\"Conseil municipal\",\"datePublished\":\"2024-02-03T15:21:35+00:00\",\"dateModified\":\"2024-02-07T10:16:24+00:00\",\"mainEntityOfPage\":{\"@id\":\"https:\/\/etival.fr\/?p=11584\"},\"wordCount\":26,\"image\":{\"@id\":\"https:\/\/etival.fr\/?p=11584#primaryimage\"},\"thumbnailUrl\":\"http:\/\/etival.fr\/wp-content\/uploads\/2023\/11\/conseil.jpg\",\"articleSection\":[\"Informations Municipales\"],\"inLanguage\":\"fr-FR\"},{\"@type\":\"WebPage\",\"@id\":\"https:\/\/etival.fr\/?p=11584\",\"url\":\"https:\/\/etival.fr\/?p=11584\",\"name\":\"Conseil municipal - Etival-Clairefontaine\",\"isPartOf\":{\"@id\":\"https:\/\/etival.fr\/#website\"},\"primaryImageOfPage\":{\"@id\":\"https:\/\/etival.fr\/?p=11584#primaryimage\"},\"image\":{\"@id\":\"https:\/\/etival.fr\/?p=11584#primaryimage\"},\"thumbnailUrl\":\"http:\/\/etival.fr\/wp-content\/uploads\/2023\/11\/conseil.jpg\",\"datePublished\":\"2024-02-03T15:21:35+00:00\",\"dateModified\":\"2024-02-07T10:16:24+00:00\",\"author\":{\"@id\":\"https:\/\/etival.fr\/#\/schema\/person\/966767531f422984430588510b8d4c3f\"},\"breadcrumb\":{\"@id\":\"https:\/\/etival.fr\/?p=11584#breadcrumb\"},\"inLanguage\":\"fr-FR\",\"potentialAction\":[{\"@type\":\"ReadAction\",\"target\":[\"https:\/\/etival.fr\/?p=11584\"]}]},{\"@type\":\"ImageObject\",\"inLanguage\":\"fr-FR\",\"@id\":\"https:\/\/etival.fr\/?p=11584#primaryimage\",\"url\":\"http:\/\/etival.fr\/wp-content\/uploads\/2023\/11\/conseil.jpg\",\"contentUrl\":\"http:\/\/etival.fr\/wp-content\/uploads\/2023\/11\/conseil.jpg\"},{\"@type\":\"BreadcrumbList\",\"@id\":\"https:\/\/etival.fr\/?p=11584#breadcrumb\",\"itemListElement\":[{\"@type\":\"ListItem\",\"position\":1,\"name\":\"Accueil\",\"item\":\"https:\/\/etival.fr\/\"},{\"@type\":\"ListItem\",\"position\":2,\"name\":\"Conseil municipal\"}]},{\"@type\":\"WebSite\",\"@id\":\"https:\/\/etival.fr\/#website\",\"url\":\"https:\/\/etival.fr\/\",\"name\":\"Etival-Clairefontaine\",\"description\":\"Informations et actualit\u00e9s de la commune\",\"potentialAction\":[{\"@type\":\"SearchAction\",\"target\":{\"@type\":\"EntryPoint\",\"urlTemplate\":\"https:\/\/etival.fr\/?s={search_term_string}\"},\"query-input\":{\"@type\":\"PropertyValueSpecification\",\"valueRequired\":true,\"valueName\":\"search_term_string\"}}],\"inLanguage\":\"fr-FR\"},{\"@type\":\"Person\",\"@id\":\"https:\/\/etival.fr\/#\/schema\/person\/966767531f422984430588510b8d4c3f\",\"name\":\"Catherine\",\"image\":{\"@type\":\"ImageObject\",\"inLanguage\":\"fr-FR\",\"@id\":\"https:\/\/etival.fr\/#\/schema\/person\/image\/\",\"url\":\"https:\/\/secure.gravatar.com\/avatar\/b99eff3bf59bd614e6c532df451dc649?s=96&d=mm&r=g\",\"contentUrl\":\"https:\/\/secure.gravatar.com\/avatar\/b99eff3bf59bd614e6c532df451dc649?s=96&d=mm&r=g\",\"caption\":\"Catherine\"},\"url\":\"https:\/\/etival.fr\/?author=2\"}]}<\/script>\n<!-- \/ Yoast SEO plugin. -->","yoast_head_json":{"title":"Conseil municipal - Etival-Clairefontaine","robots":{"index":"index","follow":"follow","max-snippet":"max-snippet:-1","max-image-preview":"max-image-preview:large","max-video-preview":"max-video-preview:-1"},"canonical":"https:\/\/etival.fr\/?p=11584","og_locale":"fr_FR","og_type":"article","og_title":"Conseil municipal - Etival-Clairefontaine","og_description":"Le Conseil Municipal d\u2019\u00c9tival-Clairefontaine se r\u00e9unira levendredi 9 f\u00e9vrier 2024 \u00e0 20h30&nbsp;\u2013 Salle des F\u00eates Edmond Cunin. Ordre du jour : ICI","og_url":"https:\/\/etival.fr\/?p=11584","og_site_name":"Etival-Clairefontaine","article_published_time":"2024-02-03T15:21:35+00:00","article_modified_time":"2024-02-07T10:16:24+00:00","og_image":[{"url":"http:\/\/etival.fr\/wp-content\/uploads\/2023\/11\/conseil.jpg","type":"","width":"","height":""}],"author":"Catherine","twitter_card":"summary_large_image","twitter_misc":{"\u00c9crit par":"Catherine","Dur\u00e9e de lecture estim\u00e9e":"1 minute"},"schema":{"@context":"https:\/\/schema.org","@graph":[{"@type":"Article","@id":"https:\/\/etival.fr\/?p=11584#article","isPartOf":{"@id":"https:\/\/etival.fr\/?p=11584"},"author":{"name":"Catherine","@id":"https:\/\/etival.fr\/#\/schema\/person\/966767531f422984430588510b8d4c3f"},"headline":"Conseil municipal","datePublished":"2024-02-03T15:21:35+00:00","dateModified":"2024-02-07T10:16:24+00:00","mainEntityOfPage":{"@id":"https:\/\/etival.fr\/?p=11584"},"wordCount":26,"image":{"@id":"https:\/\/etival.fr\/?p=11584#primaryimage"},"thumbnailUrl":"http:\/\/etival.fr\/wp-content\/uploads\/2023\/11\/conseil.jpg","articleSection":["Informations Municipales"],"inLanguage":"fr-FR"},{"@type":"WebPage","@id":"https:\/\/etival.fr\/?p=11584","url":"https:\/\/etival.fr\/?p=11584","name":"Conseil municipal - Etival-Clairefontaine","isPartOf":{"@id":"https:\/\/etival.fr\/#website"},"primaryImageOfPage":{"@id":"https:\/\/etival.fr\/?p=11584#primaryimage"},"image":{"@id":"https:\/\/etival.fr\/?p=11584#primaryimage"},"thumbnailUrl":"http:\/\/etival.fr\/wp-content\/uploads\/2023\/11\/conseil.jpg","datePublished":"2024-02-03T15:21:35+00:00","dateModified":"2024-02-07T10:16:24+00:00","author":{"@id":"https:\/\/etival.fr\/#\/schema\/person\/966767531f422984430588510b8d4c3f"},"breadcrumb":{"@id":"https:\/\/etival.fr\/?p=11584#breadcrumb"},"inLanguage":"fr-FR","potentialAction":[{"@type":"ReadAction","target":["https:\/\/etival.fr\/?p=11584"]}]},{"@type":"ImageObject","inLanguage":"fr-FR","@id":"https:\/\/etival.fr\/?p=11584#primaryimage","url":"http:\/\/etival.fr\/wp-content\/uploads\/2023\/11\/conseil.jpg","contentUrl":"http:\/\/etival.fr\/wp-content\/uploads\/2023\/11\/conseil.jpg"},{"@type":"BreadcrumbList","@id":"https:\/\/etival.fr\/?p=11584#breadcrumb","itemListElement":[{"@type":"ListItem","position":1,"name":"Accueil","item":"https:\/\/etival.fr\/"},{"@type":"ListItem","position":2,"name":"Conseil municipal"}]},{"@type":"WebSite","@id":"https:\/\/etival.fr\/#website","url":"https:\/\/etival.fr\/","name":"Etival-Clairefontaine","description":"Informations et actualit\u00e9s de la commune","potentialAction":[{"@type":"SearchAction","target":{"@type":"EntryPoint","urlTemplate":"https:\/\/etival.fr\/?s={search_term_string}"},"query-input":{"@type":"PropertyValueSpecification","valueRequired":true,"valueName":"search_term_string"}}],"inLanguage":"fr-FR"},{"@type":"Person","@id":"https:\/\/etival.fr\/#\/schema\/person\/966767531f422984430588510b8d4c3f","name":"Catherine","image":{"@type":"ImageObject","inLanguage":"fr-FR","@id":"https:\/\/etival.fr\/#\/schema\/person\/image\/","url":"https:\/\/secure.gravatar.com\/avatar\/b99eff3bf59bd614e6c532df451dc649?s=96&d=mm&r=g","contentUrl":"https:\/\/secure.gravatar.com\/avatar\/b99eff3bf59bd614e6c532df451dc649?s=96&d=mm&r=g","caption":"Catherine"},"url":"https:\/\/etival.fr\/?author=2"}]}},"_links":{"self":[{"href":"https:\/\/etival.fr\/index.php?rest_route=\/wp\/v2\/posts\/11584","targetHints":{"allow":["GET"]}}],"collection":[{"href":"https:\/\/etival.fr\/index.php?rest_route=\/wp\/v2\/posts"}],"about":[{"href":"https:\/\/etival.fr\/index.php?rest_route=\/wp\/v2\/types\/post"}],"author":[{"embeddable":true,"href":"https:\/\/etival.fr\/index.php?rest_route=\/wp\/v2\/users\/2"}],"replies":[{"embeddable":true,"href":"https:\/\/etival.fr\/index.php?rest_route=%2Fwp%2Fv2%2Fcomments&post=11584"}],"version-history":[{"count":3,"href":"https:\/\/etival.fr\/index.php?rest_route=\/wp\/v2\/posts\/11584\/revisions"}],"predecessor-version":[{"id":11677,"href":"https:\/\/etival.fr\/index.php?rest_route=\/wp\/v2\/posts\/11584\/revisions\/11677"}],"wp:attachment":[{"href":"https:\/\/etival.fr\/index.php?rest_route=%2Fwp%2Fv2%2Fmedia&parent=11584"}],"wp:term":[{"taxonomy":"category","embeddable":true,"href":"https:\/\/etival.fr\/index.php?rest_route=%2Fwp%2Fv2%2Fcategories&post=11584"},{"taxonomy":"post_tag","embeddable":true,"href":"https:\/\/etival.fr\/index.php?rest_route=%2Fwp%2Fv2%2Ftags&post=11584"}],"curies":[{"name":"wp","href":"https:\/\/api.w.org\/{rel}","templated":true}]}}