{"id":11599,"date":"2023-11-13T07:19:20","date_gmt":"2023-11-13T06:19:20","guid":{"rendered":"http:\/\/etival.fr\/?p=11599"},"modified":"2023-11-13T07:25:07","modified_gmt":"2023-11-13T06:25:07","slug":"projet-douverture-dune-librairie-papeterie-a-etival-clairefontaine","status":"publish","type":"post","link":"https:\/\/etival.fr\/?p=11599","title":{"rendered":"Projet d&rsquo;ouverture d&rsquo;une librairie-papeterie                     \u00e0 Etival-Clairefontaine"},"content":{"rendered":"\n<figure class=\"wp-block-image size-large is-resized\"><a href=\"http:\/\/etival.fr\/wp-content\/uploads\/2023\/11\/book-794978_1280.jpg\"><img loading=\"lazy\" decoding=\"async\" src=\"http:\/\/etival.fr\/wp-content\/uploads\/2023\/11\/book-794978_1280-1024x576.jpg\" alt=\"\" class=\"wp-image-11601\" width=\"659\" height=\"370\" srcset=\"https:\/\/etival.fr\/wp-content\/uploads\/2023\/11\/book-794978_1280-1024x576.jpg 1024w, https:\/\/etival.fr\/wp-content\/uploads\/2023\/11\/book-794978_1280-300x169.jpg 300w, https:\/\/etival.fr\/wp-content\/uploads\/2023\/11\/book-794978_1280-768x432.jpg 768w, https:\/\/etival.fr\/wp-content\/uploads\/2023\/11\/book-794978_1280-624x351.jpg 624w, https:\/\/etival.fr\/wp-content\/uploads\/2023\/11\/book-794978_1280.jpg 1280w\" sizes=\"auto, (max-width: 659px) 100vw, 659px\" \/><\/a><\/figure>\n\n\n\n<p class=\"has-text-color\" style=\"color:#2d4e31\">Jeune couple de Stivaliens, nous souhaitons reprendre un local inutilis\u00e9 depuis plusieurs ann\u00e9es dans le centre-ville d\u2019Etival-Clairefontaine afin d\u2019y cr\u00e9er une librairie-papeterie caf\u00e9.<br>Dynamiques, passionn\u00e9s de litt\u00e9rature et souhaitant apporter notre pierre \u00e0 une redynamisation du centre-ville, cela fait quelque temps que nous r\u00e9fl\u00e9chissons \u00e0 ce projet. Nous souhaitons cr\u00e9er un lieu de culture, chaleureux et convivial, de proximit\u00e9 pour tout ce qui concerne le scolaire, d\u2019\u00e9changes entre les diff\u00e9rentes g\u00e9n\u00e9rations de la ville etc. En somme, un v\u00e9ritable lieu de vie o\u00f9 chacun pourra trouver son bonheur.<br>Aidez-nous \u00e0 passer, si vous le souhaitez, de l\u2019id\u00e9e \u00e0 l\u2019ouverture de la librairie en r\u00e9pondant \u00e0 ce questionnaire rapide qui ne vous prendra que quelques minutes ! Nous vous remercions par avance pour votre participation.<br>N&rsquo;h\u00e9sitez pas \u00e0 le diffuser autour de vous.<\/p>\n\n\n\n<p class=\"has-text-color has-medium-font-size\" style=\"color:#2b4e3f\"><strong>Questionnaire<\/strong> <strong><a href=\"https:\/\/docs.google.com\/forms\/d\/e\/1FAIpQLSdRbDUSewWvevrFNYYePKN4vI2ISvLYpNLXaxlk4ceQNlcDuQ\/viewform\">ICI<\/a><\/strong><\/p>\n","protected":false},"excerpt":{"rendered":"<p>Jeune couple de Stivaliens, nous souhaitons reprendre un local inutilis\u00e9 depuis plusieurs ann\u00e9es dans le centre-ville d\u2019Etival-Clairefontaine afin d\u2019y cr\u00e9er une librairie-papeterie caf\u00e9.Dynamiques, passionn\u00e9s de litt\u00e9rature et souhaitant apporter notre pierre \u00e0 une redynamisation du centre-ville, cela fait quelque temps que nous r\u00e9fl\u00e9chissons \u00e0 ce projet. Nous souhaitons cr\u00e9er un lieu de culture, chaleureux et [&hellip;]<\/p>\n","protected":false},"author":2,"featured_media":0,"comment_status":"closed","ping_status":"open","sticky":false,"template":"","format":"standard","meta":{"footnotes":""},"categories":[7],"tags":[],"class_list":["post-11599","post","type-post","status-publish","format-standard","hentry","category-divers"],"yoast_head":"<!-- This site is optimized with the Yoast SEO plugin v26.8 - https:\/\/yoast.com\/product\/yoast-seo-wordpress\/ -->\n<title>Projet d&#039;ouverture d&#039;une librairie-papeterie           \u00e0 Etival-Clairefontaine - Etival-Clairefontaine<\/title>\n<meta name=\"robots\" content=\"index, follow, max-snippet:-1, max-image-preview:large, max-video-preview:-1\" \/>\n<link rel=\"canonical\" href=\"https:\/\/etival.fr\/?p=11599\" \/>\n<meta property=\"og:locale\" content=\"fr_FR\" \/>\n<meta property=\"og:type\" content=\"article\" \/>\n<meta property=\"og:title\" content=\"Projet d&#039;ouverture d&#039;une librairie-papeterie           \u00e0 Etival-Clairefontaine - Etival-Clairefontaine\" \/>\n<meta property=\"og:description\" content=\"Jeune couple de Stivaliens, nous souhaitons reprendre un local inutilis\u00e9 depuis plusieurs ann\u00e9es dans le centre-ville d\u2019Etival-Clairefontaine afin d\u2019y cr\u00e9er une librairie-papeterie caf\u00e9.Dynamiques, passionn\u00e9s de litt\u00e9rature et souhaitant apporter notre pierre \u00e0 une redynamisation du centre-ville, cela fait quelque temps que nous r\u00e9fl\u00e9chissons \u00e0 ce projet. Nous souhaitons cr\u00e9er un lieu de culture, chaleureux et [&hellip;]\" \/>\n<meta property=\"og:url\" content=\"https:\/\/etival.fr\/?p=11599\" \/>\n<meta property=\"og:site_name\" content=\"Etival-Clairefontaine\" \/>\n<meta property=\"article:published_time\" content=\"2023-11-13T06:19:20+00:00\" \/>\n<meta property=\"article:modified_time\" content=\"2023-11-13T06:25:07+00:00\" \/>\n<meta property=\"og:image\" content=\"http:\/\/etival.fr\/wp-content\/uploads\/2023\/11\/book-794978_1280-1024x576.jpg\" \/>\n<meta name=\"author\" content=\"Catherine\" \/>\n<meta name=\"twitter:card\" content=\"summary_large_image\" \/>\n<meta name=\"twitter:label1\" content=\"\u00c9crit par\" \/>\n\t<meta name=\"twitter:data1\" content=\"Catherine\" \/>\n\t<meta name=\"twitter:label2\" content=\"Dur\u00e9e de lecture estim\u00e9e\" \/>\n\t<meta name=\"twitter:data2\" content=\"1 minute\" \/>\n<script type=\"application\/ld+json\" class=\"yoast-schema-graph\">{\"@context\":\"https:\/\/schema.org\",\"@graph\":[{\"@type\":\"Article\",\"@id\":\"https:\/\/etival.fr\/?p=11599#article\",\"isPartOf\":{\"@id\":\"https:\/\/etival.fr\/?p=11599\"},\"author\":{\"name\":\"Catherine\",\"@id\":\"https:\/\/etival.fr\/#\/schema\/person\/966767531f422984430588510b8d4c3f\"},\"headline\":\"Projet d&rsquo;ouverture d&rsquo;une librairie-papeterie \u00e0 Etival-Clairefontaine\",\"datePublished\":\"2023-11-13T06:19:20+00:00\",\"dateModified\":\"2023-11-13T06:25:07+00:00\",\"mainEntityOfPage\":{\"@id\":\"https:\/\/etival.fr\/?p=11599\"},\"wordCount\":154,\"image\":{\"@id\":\"https:\/\/etival.fr\/?p=11599#primaryimage\"},\"thumbnailUrl\":\"http:\/\/etival.fr\/wp-content\/uploads\/2023\/11\/book-794978_1280-1024x576.jpg\",\"articleSection\":[\"Divers\"],\"inLanguage\":\"fr-FR\"},{\"@type\":\"WebPage\",\"@id\":\"https:\/\/etival.fr\/?p=11599\",\"url\":\"https:\/\/etival.fr\/?p=11599\",\"name\":\"Projet d'ouverture d'une librairie-papeterie \u00e0 Etival-Clairefontaine - Etival-Clairefontaine\",\"isPartOf\":{\"@id\":\"https:\/\/etival.fr\/#website\"},\"primaryImageOfPage\":{\"@id\":\"https:\/\/etival.fr\/?p=11599#primaryimage\"},\"image\":{\"@id\":\"https:\/\/etival.fr\/?p=11599#primaryimage\"},\"thumbnailUrl\":\"http:\/\/etival.fr\/wp-content\/uploads\/2023\/11\/book-794978_1280-1024x576.jpg\",\"datePublished\":\"2023-11-13T06:19:20+00:00\",\"dateModified\":\"2023-11-13T06:25:07+00:00\",\"author\":{\"@id\":\"https:\/\/etival.fr\/#\/schema\/person\/966767531f422984430588510b8d4c3f\"},\"breadcrumb\":{\"@id\":\"https:\/\/etival.fr\/?p=11599#breadcrumb\"},\"inLanguage\":\"fr-FR\",\"potentialAction\":[{\"@type\":\"ReadAction\",\"target\":[\"https:\/\/etival.fr\/?p=11599\"]}]},{\"@type\":\"ImageObject\",\"inLanguage\":\"fr-FR\",\"@id\":\"https:\/\/etival.fr\/?p=11599#primaryimage\",\"url\":\"https:\/\/etival.fr\/wp-content\/uploads\/2023\/11\/book-794978_1280.jpg\",\"contentUrl\":\"https:\/\/etival.fr\/wp-content\/uploads\/2023\/11\/book-794978_1280.jpg\",\"width\":1280,\"height\":720},{\"@type\":\"BreadcrumbList\",\"@id\":\"https:\/\/etival.fr\/?p=11599#breadcrumb\",\"itemListElement\":[{\"@type\":\"ListItem\",\"position\":1,\"name\":\"Accueil\",\"item\":\"https:\/\/etival.fr\/\"},{\"@type\":\"ListItem\",\"position\":2,\"name\":\"Projet d&rsquo;ouverture d&rsquo;une librairie-papeterie \u00e0 Etival-Clairefontaine\"}]},{\"@type\":\"WebSite\",\"@id\":\"https:\/\/etival.fr\/#website\",\"url\":\"https:\/\/etival.fr\/\",\"name\":\"Etival-Clairefontaine\",\"description\":\"Informations et actualit\u00e9s de la commune\",\"potentialAction\":[{\"@type\":\"SearchAction\",\"target\":{\"@type\":\"EntryPoint\",\"urlTemplate\":\"https:\/\/etival.fr\/?s={search_term_string}\"},\"query-input\":{\"@type\":\"PropertyValueSpecification\",\"valueRequired\":true,\"valueName\":\"search_term_string\"}}],\"inLanguage\":\"fr-FR\"},{\"@type\":\"Person\",\"@id\":\"https:\/\/etival.fr\/#\/schema\/person\/966767531f422984430588510b8d4c3f\",\"name\":\"Catherine\",\"image\":{\"@type\":\"ImageObject\",\"inLanguage\":\"fr-FR\",\"@id\":\"https:\/\/etival.fr\/#\/schema\/person\/image\/\",\"url\":\"https:\/\/secure.gravatar.com\/avatar\/b99eff3bf59bd614e6c532df451dc649?s=96&d=mm&r=g\",\"contentUrl\":\"https:\/\/secure.gravatar.com\/avatar\/b99eff3bf59bd614e6c532df451dc649?s=96&d=mm&r=g\",\"caption\":\"Catherine\"},\"url\":\"https:\/\/etival.fr\/?author=2\"}]}<\/script>\n<!-- \/ Yoast SEO plugin. -->","yoast_head_json":{"title":"Projet d'ouverture d'une librairie-papeterie           \u00e0 Etival-Clairefontaine - Etival-Clairefontaine","robots":{"index":"index","follow":"follow","max-snippet":"max-snippet:-1","max-image-preview":"max-image-preview:large","max-video-preview":"max-video-preview:-1"},"canonical":"https:\/\/etival.fr\/?p=11599","og_locale":"fr_FR","og_type":"article","og_title":"Projet d'ouverture d'une librairie-papeterie           \u00e0 Etival-Clairefontaine - Etival-Clairefontaine","og_description":"Jeune couple de Stivaliens, nous souhaitons reprendre un local inutilis\u00e9 depuis plusieurs ann\u00e9es dans le centre-ville d\u2019Etival-Clairefontaine afin d\u2019y cr\u00e9er une librairie-papeterie caf\u00e9.Dynamiques, passionn\u00e9s de litt\u00e9rature et souhaitant apporter notre pierre \u00e0 une redynamisation du centre-ville, cela fait quelque temps que nous r\u00e9fl\u00e9chissons \u00e0 ce projet. Nous souhaitons cr\u00e9er un lieu de culture, chaleureux et [&hellip;]","og_url":"https:\/\/etival.fr\/?p=11599","og_site_name":"Etival-Clairefontaine","article_published_time":"2023-11-13T06:19:20+00:00","article_modified_time":"2023-11-13T06:25:07+00:00","og_image":[{"url":"http:\/\/etival.fr\/wp-content\/uploads\/2023\/11\/book-794978_1280-1024x576.jpg","type":"","width":"","height":""}],"author":"Catherine","twitter_card":"summary_large_image","twitter_misc":{"\u00c9crit par":"Catherine","Dur\u00e9e de lecture estim\u00e9e":"1 minute"},"schema":{"@context":"https:\/\/schema.org","@graph":[{"@type":"Article","@id":"https:\/\/etival.fr\/?p=11599#article","isPartOf":{"@id":"https:\/\/etival.fr\/?p=11599"},"author":{"name":"Catherine","@id":"https:\/\/etival.fr\/#\/schema\/person\/966767531f422984430588510b8d4c3f"},"headline":"Projet d&rsquo;ouverture d&rsquo;une librairie-papeterie \u00e0 Etival-Clairefontaine","datePublished":"2023-11-13T06:19:20+00:00","dateModified":"2023-11-13T06:25:07+00:00","mainEntityOfPage":{"@id":"https:\/\/etival.fr\/?p=11599"},"wordCount":154,"image":{"@id":"https:\/\/etival.fr\/?p=11599#primaryimage"},"thumbnailUrl":"http:\/\/etival.fr\/wp-content\/uploads\/2023\/11\/book-794978_1280-1024x576.jpg","articleSection":["Divers"],"inLanguage":"fr-FR"},{"@type":"WebPage","@id":"https:\/\/etival.fr\/?p=11599","url":"https:\/\/etival.fr\/?p=11599","name":"Projet d'ouverture d'une librairie-papeterie \u00e0 Etival-Clairefontaine - Etival-Clairefontaine","isPartOf":{"@id":"https:\/\/etival.fr\/#website"},"primaryImageOfPage":{"@id":"https:\/\/etival.fr\/?p=11599#primaryimage"},"image":{"@id":"https:\/\/etival.fr\/?p=11599#primaryimage"},"thumbnailUrl":"http:\/\/etival.fr\/wp-content\/uploads\/2023\/11\/book-794978_1280-1024x576.jpg","datePublished":"2023-11-13T06:19:20+00:00","dateModified":"2023-11-13T06:25:07+00:00","author":{"@id":"https:\/\/etival.fr\/#\/schema\/person\/966767531f422984430588510b8d4c3f"},"breadcrumb":{"@id":"https:\/\/etival.fr\/?p=11599#breadcrumb"},"inLanguage":"fr-FR","potentialAction":[{"@type":"ReadAction","target":["https:\/\/etival.fr\/?p=11599"]}]},{"@type":"ImageObject","inLanguage":"fr-FR","@id":"https:\/\/etival.fr\/?p=11599#primaryimage","url":"https:\/\/etival.fr\/wp-content\/uploads\/2023\/11\/book-794978_1280.jpg","contentUrl":"https:\/\/etival.fr\/wp-content\/uploads\/2023\/11\/book-794978_1280.jpg","width":1280,"height":720},{"@type":"BreadcrumbList","@id":"https:\/\/etival.fr\/?p=11599#breadcrumb","itemListElement":[{"@type":"ListItem","position":1,"name":"Accueil","item":"https:\/\/etival.fr\/"},{"@type":"ListItem","position":2,"name":"Projet d&rsquo;ouverture d&rsquo;une librairie-papeterie \u00e0 Etival-Clairefontaine"}]},{"@type":"WebSite","@id":"https:\/\/etival.fr\/#website","url":"https:\/\/etival.fr\/","name":"Etival-Clairefontaine","description":"Informations et actualit\u00e9s de la commune","potentialAction":[{"@type":"SearchAction","target":{"@type":"EntryPoint","urlTemplate":"https:\/\/etival.fr\/?s={search_term_string}"},"query-input":{"@type":"PropertyValueSpecification","valueRequired":true,"valueName":"search_term_string"}}],"inLanguage":"fr-FR"},{"@type":"Person","@id":"https:\/\/etival.fr\/#\/schema\/person\/966767531f422984430588510b8d4c3f","name":"Catherine","image":{"@type":"ImageObject","inLanguage":"fr-FR","@id":"https:\/\/etival.fr\/#\/schema\/person\/image\/","url":"https:\/\/secure.gravatar.com\/avatar\/b99eff3bf59bd614e6c532df451dc649?s=96&d=mm&r=g","contentUrl":"https:\/\/secure.gravatar.com\/avatar\/b99eff3bf59bd614e6c532df451dc649?s=96&d=mm&r=g","caption":"Catherine"},"url":"https:\/\/etival.fr\/?author=2"}]}},"_links":{"self":[{"href":"https:\/\/etival.fr\/index.php?rest_route=\/wp\/v2\/posts\/11599","targetHints":{"allow":["GET"]}}],"collection":[{"href":"https:\/\/etival.fr\/index.php?rest_route=\/wp\/v2\/posts"}],"about":[{"href":"https:\/\/etival.fr\/index.php?rest_route=\/wp\/v2\/types\/post"}],"author":[{"embeddable":true,"href":"https:\/\/etival.fr\/index.php?rest_route=\/wp\/v2\/users\/2"}],"replies":[{"embeddable":true,"href":"https:\/\/etival.fr\/index.php?rest_route=%2Fwp%2Fv2%2Fcomments&post=11599"}],"version-history":[{"count":4,"href":"https:\/\/etival.fr\/index.php?rest_route=\/wp\/v2\/posts\/11599\/revisions"}],"predecessor-version":[{"id":11605,"href":"https:\/\/etival.fr\/index.php?rest_route=\/wp\/v2\/posts\/11599\/revisions\/11605"}],"wp:attachment":[{"href":"https:\/\/etival.fr\/index.php?rest_route=%2Fwp%2Fv2%2Fmedia&parent=11599"}],"wp:term":[{"taxonomy":"category","embeddable":true,"href":"https:\/\/etival.fr\/index.php?rest_route=%2Fwp%2Fv2%2Fcategories&post=11599"},{"taxonomy":"post_tag","embeddable":true,"href":"https:\/\/etival.fr\/index.php?rest_route=%2Fwp%2Fv2%2Ftags&post=11599"}],"curies":[{"name":"wp","href":"https:\/\/api.w.org\/{rel}","templated":true}]}}