{"id":11607,"date":"2023-11-13T09:58:36","date_gmt":"2023-11-13T08:58:36","guid":{"rendered":"http:\/\/etival.fr\/?p=11607"},"modified":"2023-11-13T09:58:39","modified_gmt":"2023-11-13T08:58:39","slug":"vigilance-meteo","status":"publish","type":"post","link":"https:\/\/etival.fr\/?p=11607","title":{"rendered":"Vigilance M\u00e9t\u00e9o"},"content":{"rendered":"\n<figure class=\"wp-block-image size-full is-resized\"><a href=\"http:\/\/etival.fr\/wp-content\/uploads\/2023\/11\/270135589_236626645283082_440740114189543389_n.jpg\"><img loading=\"lazy\" decoding=\"async\" src=\"http:\/\/etival.fr\/wp-content\/uploads\/2023\/11\/270135589_236626645283082_440740114189543389_n.jpg\" alt=\"\" class=\"wp-image-11609\" width=\"94\" height=\"94\" srcset=\"https:\/\/etival.fr\/wp-content\/uploads\/2023\/11\/270135589_236626645283082_440740114189543389_n.jpg 960w, https:\/\/etival.fr\/wp-content\/uploads\/2023\/11\/270135589_236626645283082_440740114189543389_n-300x300.jpg 300w, https:\/\/etival.fr\/wp-content\/uploads\/2023\/11\/270135589_236626645283082_440740114189543389_n-150x150.jpg 150w, https:\/\/etival.fr\/wp-content\/uploads\/2023\/11\/270135589_236626645283082_440740114189543389_n-768x768.jpg 768w, https:\/\/etival.fr\/wp-content\/uploads\/2023\/11\/270135589_236626645283082_440740114189543389_n-624x624.jpg 624w\" sizes=\"auto, (max-width: 94px) 100vw, 94px\" \/><\/a><\/figure>\n\n\n\n<figure class=\"wp-block-image size-large\"><a href=\"http:\/\/etival.fr\/wp-content\/uploads\/2023\/11\/401431380_656108026668273_646386014592668196_n.jpg\"><img loading=\"lazy\" decoding=\"async\" width=\"1024\" height=\"515\" src=\"http:\/\/etival.fr\/wp-content\/uploads\/2023\/11\/401431380_656108026668273_646386014592668196_n-1024x515.jpg\" alt=\"\" class=\"wp-image-11608\" srcset=\"https:\/\/etival.fr\/wp-content\/uploads\/2023\/11\/401431380_656108026668273_646386014592668196_n-1024x515.jpg 1024w, https:\/\/etival.fr\/wp-content\/uploads\/2023\/11\/401431380_656108026668273_646386014592668196_n-300x151.jpg 300w, https:\/\/etival.fr\/wp-content\/uploads\/2023\/11\/401431380_656108026668273_646386014592668196_n-768x386.jpg 768w, https:\/\/etival.fr\/wp-content\/uploads\/2023\/11\/401431380_656108026668273_646386014592668196_n-624x314.jpg 624w, https:\/\/etival.fr\/wp-content\/uploads\/2023\/11\/401431380_656108026668273_646386014592668196_n.jpg 1183w\" sizes=\"auto, (max-width: 1024px) 100vw, 1024px\" \/><\/a><\/figure>\n\n\n\n<p><img loading=\"lazy\" decoding=\"async\" height=\"16\" width=\"16\" src=\"https:\/\/static.xx.fbcdn.net\/images\/emoji.php\/v9\/t7b\/1\/16\/1f7e1.png\" alt=\"&#x1f7e1;\">  VIGILANCE JAUNE  <img loading=\"lazy\" decoding=\"async\" height=\"16\" width=\"16\" src=\"https:\/\/static.xx.fbcdn.net\/images\/emoji.php\/v9\/t7b\/1\/16\/1f7e1.png\" alt=\"&#x1f7e1;\"> <br>Le d\u00e9partement des Vosges vient d&rsquo;\u00eatre plac\u00e9 en vigilance jaune pour un risque de fortes pr\u00e9cipitations de ce jour 8h00 \u00e0 mercredi 15 novembre 00h00.<\/p>\n\n\n\n<p>Les passages pluvieux se succ\u00e8dent jusque mardi soir avec des quantit\u00e9s de pluie importantes attendues surtout sur le relief des<\/p>\n\n\n\n<p>Vosges et les plateaux jurassiens.<\/p>\n\n\n\n<p>Les <a><\/a>sols \u00e9tant d\u00e9j\u00e0 gorg\u00e9s d&rsquo;eau, ces pluies pourront provoquer du ruissellement.<\/p>\n\n\n\n<p><img loading=\"lazy\" decoding=\"async\" height=\"16\" width=\"16\" alt=\"&#x1f449;\" src=\"https:\/\/static.xx.fbcdn.net\/images\/emoji.php\/v9\/t51\/1\/16\/1f449.png\"> On attend sur ces zones de relief pour ces prochaines 36 heures souvent 30 \u00e0 60 millim\u00e8tres, localement plus de 100 millim\u00e8tres.<\/p>\n\n\n\n<p>En plaine et \u00e0 basse altitude, les quantit\u00e9s de pluie sont plut\u00f4t de l&rsquo;ordre de 15 \u00e0 30 millim\u00e8tres, localement 40 millim\u00e8tres.<\/p>\n\n\n\n<p>Suivre la vigilance : <a href=\"https:\/\/vigilance.meteofrance.fr\/fr\/vosges?fbclid=IwAR3boBp5WNYUVwugsPY5Py3WFaAFgTRp_bcZMIizYhCxYgNsOB18GZr81dc\" rel=\"noreferrer noopener\" target=\"_blank\">https:\/\/vigilance.meteofrance.fr\/fr\/vosges<\/a><\/p>\n","protected":false},"excerpt":{"rendered":"<p>VIGILANCE JAUNE Le d\u00e9partement des Vosges vient d&rsquo;\u00eatre plac\u00e9 en vigilance jaune pour un risque de fortes pr\u00e9cipitations de ce jour 8h00 \u00e0 mercredi 15 novembre 00h00. Les passages pluvieux se succ\u00e8dent jusque mardi soir avec des quantit\u00e9s de pluie importantes attendues surtout sur le relief des Vosges et les plateaux jurassiens. Les sols \u00e9tant [&hellip;]<\/p>\n","protected":false},"author":2,"featured_media":0,"comment_status":"closed","ping_status":"open","sticky":false,"template":"","format":"standard","meta":{"footnotes":""},"categories":[1],"tags":[],"class_list":["post-11607","post","type-post","status-publish","format-standard","hentry","category-non-classe"],"yoast_head":"<!-- This site is optimized with the Yoast SEO plugin v26.8 - https:\/\/yoast.com\/product\/yoast-seo-wordpress\/ -->\n<title>Vigilance M\u00e9t\u00e9o - Etival-Clairefontaine<\/title>\n<meta name=\"robots\" content=\"index, follow, max-snippet:-1, max-image-preview:large, max-video-preview:-1\" \/>\n<link rel=\"canonical\" href=\"https:\/\/etival.fr\/?p=11607\" \/>\n<meta property=\"og:locale\" content=\"fr_FR\" \/>\n<meta property=\"og:type\" content=\"article\" \/>\n<meta property=\"og:title\" content=\"Vigilance M\u00e9t\u00e9o - Etival-Clairefontaine\" \/>\n<meta property=\"og:description\" content=\"VIGILANCE JAUNE Le d\u00e9partement des Vosges vient d&rsquo;\u00eatre plac\u00e9 en vigilance jaune pour un risque de fortes pr\u00e9cipitations de ce jour 8h00 \u00e0 mercredi 15 novembre 00h00. Les passages pluvieux se succ\u00e8dent jusque mardi soir avec des quantit\u00e9s de pluie importantes attendues surtout sur le relief des Vosges et les plateaux jurassiens. Les sols \u00e9tant [&hellip;]\" \/>\n<meta property=\"og:url\" content=\"https:\/\/etival.fr\/?p=11607\" \/>\n<meta property=\"og:site_name\" content=\"Etival-Clairefontaine\" \/>\n<meta property=\"article:published_time\" content=\"2023-11-13T08:58:36+00:00\" \/>\n<meta property=\"article:modified_time\" content=\"2023-11-13T08:58:39+00:00\" \/>\n<meta property=\"og:image\" content=\"http:\/\/etival.fr\/wp-content\/uploads\/2023\/11\/270135589_236626645283082_440740114189543389_n.jpg\" \/>\n<meta name=\"author\" content=\"Catherine\" \/>\n<meta name=\"twitter:card\" content=\"summary_large_image\" \/>\n<meta name=\"twitter:label1\" content=\"\u00c9crit par\" \/>\n\t<meta name=\"twitter:data1\" content=\"Catherine\" \/>\n\t<meta name=\"twitter:label2\" content=\"Dur\u00e9e de lecture estim\u00e9e\" \/>\n\t<meta name=\"twitter:data2\" content=\"2 minutes\" \/>\n<script type=\"application\/ld+json\" class=\"yoast-schema-graph\">{\"@context\":\"https:\/\/schema.org\",\"@graph\":[{\"@type\":\"Article\",\"@id\":\"https:\/\/etival.fr\/?p=11607#article\",\"isPartOf\":{\"@id\":\"https:\/\/etival.fr\/?p=11607\"},\"author\":{\"name\":\"Catherine\",\"@id\":\"https:\/\/etival.fr\/#\/schema\/person\/966767531f422984430588510b8d4c3f\"},\"headline\":\"Vigilance M\u00e9t\u00e9o\",\"datePublished\":\"2023-11-13T08:58:36+00:00\",\"dateModified\":\"2023-11-13T08:58:39+00:00\",\"mainEntityOfPage\":{\"@id\":\"https:\/\/etival.fr\/?p=11607\"},\"wordCount\":124,\"image\":{\"@id\":\"https:\/\/etival.fr\/?p=11607#primaryimage\"},\"thumbnailUrl\":\"http:\/\/etival.fr\/wp-content\/uploads\/2023\/11\/270135589_236626645283082_440740114189543389_n.jpg\",\"inLanguage\":\"fr-FR\"},{\"@type\":\"WebPage\",\"@id\":\"https:\/\/etival.fr\/?p=11607\",\"url\":\"https:\/\/etival.fr\/?p=11607\",\"name\":\"Vigilance M\u00e9t\u00e9o - Etival-Clairefontaine\",\"isPartOf\":{\"@id\":\"https:\/\/etival.fr\/#website\"},\"primaryImageOfPage\":{\"@id\":\"https:\/\/etival.fr\/?p=11607#primaryimage\"},\"image\":{\"@id\":\"https:\/\/etival.fr\/?p=11607#primaryimage\"},\"thumbnailUrl\":\"http:\/\/etival.fr\/wp-content\/uploads\/2023\/11\/270135589_236626645283082_440740114189543389_n.jpg\",\"datePublished\":\"2023-11-13T08:58:36+00:00\",\"dateModified\":\"2023-11-13T08:58:39+00:00\",\"author\":{\"@id\":\"https:\/\/etival.fr\/#\/schema\/person\/966767531f422984430588510b8d4c3f\"},\"breadcrumb\":{\"@id\":\"https:\/\/etival.fr\/?p=11607#breadcrumb\"},\"inLanguage\":\"fr-FR\",\"potentialAction\":[{\"@type\":\"ReadAction\",\"target\":[\"https:\/\/etival.fr\/?p=11607\"]}]},{\"@type\":\"ImageObject\",\"inLanguage\":\"fr-FR\",\"@id\":\"https:\/\/etival.fr\/?p=11607#primaryimage\",\"url\":\"http:\/\/etival.fr\/wp-content\/uploads\/2023\/11\/270135589_236626645283082_440740114189543389_n.jpg\",\"contentUrl\":\"http:\/\/etival.fr\/wp-content\/uploads\/2023\/11\/270135589_236626645283082_440740114189543389_n.jpg\"},{\"@type\":\"BreadcrumbList\",\"@id\":\"https:\/\/etival.fr\/?p=11607#breadcrumb\",\"itemListElement\":[{\"@type\":\"ListItem\",\"position\":1,\"name\":\"Accueil\",\"item\":\"https:\/\/etival.fr\/\"},{\"@type\":\"ListItem\",\"position\":2,\"name\":\"Vigilance M\u00e9t\u00e9o\"}]},{\"@type\":\"WebSite\",\"@id\":\"https:\/\/etival.fr\/#website\",\"url\":\"https:\/\/etival.fr\/\",\"name\":\"Etival-Clairefontaine\",\"description\":\"Informations et actualit\u00e9s de la commune\",\"potentialAction\":[{\"@type\":\"SearchAction\",\"target\":{\"@type\":\"EntryPoint\",\"urlTemplate\":\"https:\/\/etival.fr\/?s={search_term_string}\"},\"query-input\":{\"@type\":\"PropertyValueSpecification\",\"valueRequired\":true,\"valueName\":\"search_term_string\"}}],\"inLanguage\":\"fr-FR\"},{\"@type\":\"Person\",\"@id\":\"https:\/\/etival.fr\/#\/schema\/person\/966767531f422984430588510b8d4c3f\",\"name\":\"Catherine\",\"image\":{\"@type\":\"ImageObject\",\"inLanguage\":\"fr-FR\",\"@id\":\"https:\/\/etival.fr\/#\/schema\/person\/image\/\",\"url\":\"https:\/\/secure.gravatar.com\/avatar\/b99eff3bf59bd614e6c532df451dc649?s=96&d=mm&r=g\",\"contentUrl\":\"https:\/\/secure.gravatar.com\/avatar\/b99eff3bf59bd614e6c532df451dc649?s=96&d=mm&r=g\",\"caption\":\"Catherine\"},\"url\":\"https:\/\/etival.fr\/?author=2\"}]}<\/script>\n<!-- \/ Yoast SEO plugin. -->","yoast_head_json":{"title":"Vigilance M\u00e9t\u00e9o - Etival-Clairefontaine","robots":{"index":"index","follow":"follow","max-snippet":"max-snippet:-1","max-image-preview":"max-image-preview:large","max-video-preview":"max-video-preview:-1"},"canonical":"https:\/\/etival.fr\/?p=11607","og_locale":"fr_FR","og_type":"article","og_title":"Vigilance M\u00e9t\u00e9o - Etival-Clairefontaine","og_description":"VIGILANCE JAUNE Le d\u00e9partement des Vosges vient d&rsquo;\u00eatre plac\u00e9 en vigilance jaune pour un risque de fortes pr\u00e9cipitations de ce jour 8h00 \u00e0 mercredi 15 novembre 00h00. Les passages pluvieux se succ\u00e8dent jusque mardi soir avec des quantit\u00e9s de pluie importantes attendues surtout sur le relief des Vosges et les plateaux jurassiens. Les sols \u00e9tant [&hellip;]","og_url":"https:\/\/etival.fr\/?p=11607","og_site_name":"Etival-Clairefontaine","article_published_time":"2023-11-13T08:58:36+00:00","article_modified_time":"2023-11-13T08:58:39+00:00","og_image":[{"url":"http:\/\/etival.fr\/wp-content\/uploads\/2023\/11\/270135589_236626645283082_440740114189543389_n.jpg","type":"","width":"","height":""}],"author":"Catherine","twitter_card":"summary_large_image","twitter_misc":{"\u00c9crit par":"Catherine","Dur\u00e9e de lecture estim\u00e9e":"2 minutes"},"schema":{"@context":"https:\/\/schema.org","@graph":[{"@type":"Article","@id":"https:\/\/etival.fr\/?p=11607#article","isPartOf":{"@id":"https:\/\/etival.fr\/?p=11607"},"author":{"name":"Catherine","@id":"https:\/\/etival.fr\/#\/schema\/person\/966767531f422984430588510b8d4c3f"},"headline":"Vigilance M\u00e9t\u00e9o","datePublished":"2023-11-13T08:58:36+00:00","dateModified":"2023-11-13T08:58:39+00:00","mainEntityOfPage":{"@id":"https:\/\/etival.fr\/?p=11607"},"wordCount":124,"image":{"@id":"https:\/\/etival.fr\/?p=11607#primaryimage"},"thumbnailUrl":"http:\/\/etival.fr\/wp-content\/uploads\/2023\/11\/270135589_236626645283082_440740114189543389_n.jpg","inLanguage":"fr-FR"},{"@type":"WebPage","@id":"https:\/\/etival.fr\/?p=11607","url":"https:\/\/etival.fr\/?p=11607","name":"Vigilance M\u00e9t\u00e9o - Etival-Clairefontaine","isPartOf":{"@id":"https:\/\/etival.fr\/#website"},"primaryImageOfPage":{"@id":"https:\/\/etival.fr\/?p=11607#primaryimage"},"image":{"@id":"https:\/\/etival.fr\/?p=11607#primaryimage"},"thumbnailUrl":"http:\/\/etival.fr\/wp-content\/uploads\/2023\/11\/270135589_236626645283082_440740114189543389_n.jpg","datePublished":"2023-11-13T08:58:36+00:00","dateModified":"2023-11-13T08:58:39+00:00","author":{"@id":"https:\/\/etival.fr\/#\/schema\/person\/966767531f422984430588510b8d4c3f"},"breadcrumb":{"@id":"https:\/\/etival.fr\/?p=11607#breadcrumb"},"inLanguage":"fr-FR","potentialAction":[{"@type":"ReadAction","target":["https:\/\/etival.fr\/?p=11607"]}]},{"@type":"ImageObject","inLanguage":"fr-FR","@id":"https:\/\/etival.fr\/?p=11607#primaryimage","url":"http:\/\/etival.fr\/wp-content\/uploads\/2023\/11\/270135589_236626645283082_440740114189543389_n.jpg","contentUrl":"http:\/\/etival.fr\/wp-content\/uploads\/2023\/11\/270135589_236626645283082_440740114189543389_n.jpg"},{"@type":"BreadcrumbList","@id":"https:\/\/etival.fr\/?p=11607#breadcrumb","itemListElement":[{"@type":"ListItem","position":1,"name":"Accueil","item":"https:\/\/etival.fr\/"},{"@type":"ListItem","position":2,"name":"Vigilance M\u00e9t\u00e9o"}]},{"@type":"WebSite","@id":"https:\/\/etival.fr\/#website","url":"https:\/\/etival.fr\/","name":"Etival-Clairefontaine","description":"Informations et actualit\u00e9s de la commune","potentialAction":[{"@type":"SearchAction","target":{"@type":"EntryPoint","urlTemplate":"https:\/\/etival.fr\/?s={search_term_string}"},"query-input":{"@type":"PropertyValueSpecification","valueRequired":true,"valueName":"search_term_string"}}],"inLanguage":"fr-FR"},{"@type":"Person","@id":"https:\/\/etival.fr\/#\/schema\/person\/966767531f422984430588510b8d4c3f","name":"Catherine","image":{"@type":"ImageObject","inLanguage":"fr-FR","@id":"https:\/\/etival.fr\/#\/schema\/person\/image\/","url":"https:\/\/secure.gravatar.com\/avatar\/b99eff3bf59bd614e6c532df451dc649?s=96&d=mm&r=g","contentUrl":"https:\/\/secure.gravatar.com\/avatar\/b99eff3bf59bd614e6c532df451dc649?s=96&d=mm&r=g","caption":"Catherine"},"url":"https:\/\/etival.fr\/?author=2"}]}},"_links":{"self":[{"href":"https:\/\/etival.fr\/index.php?rest_route=\/wp\/v2\/posts\/11607","targetHints":{"allow":["GET"]}}],"collection":[{"href":"https:\/\/etival.fr\/index.php?rest_route=\/wp\/v2\/posts"}],"about":[{"href":"https:\/\/etival.fr\/index.php?rest_route=\/wp\/v2\/types\/post"}],"author":[{"embeddable":true,"href":"https:\/\/etival.fr\/index.php?rest_route=\/wp\/v2\/users\/2"}],"replies":[{"embeddable":true,"href":"https:\/\/etival.fr\/index.php?rest_route=%2Fwp%2Fv2%2Fcomments&post=11607"}],"version-history":[{"count":1,"href":"https:\/\/etival.fr\/index.php?rest_route=\/wp\/v2\/posts\/11607\/revisions"}],"predecessor-version":[{"id":11610,"href":"https:\/\/etival.fr\/index.php?rest_route=\/wp\/v2\/posts\/11607\/revisions\/11610"}],"wp:attachment":[{"href":"https:\/\/etival.fr\/index.php?rest_route=%2Fwp%2Fv2%2Fmedia&parent=11607"}],"wp:term":[{"taxonomy":"category","embeddable":true,"href":"https:\/\/etival.fr\/index.php?rest_route=%2Fwp%2Fv2%2Fcategories&post=11607"},{"taxonomy":"post_tag","embeddable":true,"href":"https:\/\/etival.fr\/index.php?rest_route=%2Fwp%2Fv2%2Ftags&post=11607"}],"curies":[{"name":"wp","href":"https:\/\/api.w.org\/{rel}","templated":true}]}}