{"id":11614,"date":"2023-11-17T10:18:18","date_gmt":"2023-11-17T09:18:18","guid":{"rendered":"http:\/\/etival.fr\/?p=11614"},"modified":"2023-12-01T07:42:11","modified_gmt":"2023-12-01T06:42:11","slug":"saint-nicolas-a-etival-clairefontaine","status":"publish","type":"post","link":"https:\/\/etival.fr\/?p=11614","title":{"rendered":"N&rsquo;oubliez pas ! C&rsquo;est ce dimanche que Saint\u00a0Nicolas\u00a0va venir nous rendre visite."},"content":{"rendered":"\n<p>Le d\u00e9part est pr\u00e9vu \u00e0 17h au local TMF (Avenue du G\u00e9n\u00e9ral de Gaulle) en&nbsp;direction&nbsp;de la  Place Abbatiale. <\/p>\n\n\n\n<p>Ce m\u00eame jour, ouvrira la Boutique Eph\u00e9m\u00e8re de No\u00ebl, n&rsquo;h\u00e9sitez pas \u00e0 pousser la portes !<\/p>\n\n\n\n<p>Venez nombreux !<\/p>\n\n\n\n<figure class=\"wp-block-image size-large is-resized\"><a href=\"http:\/\/etival.fr\/wp-content\/uploads\/2023\/11\/Affiche-Saint-Nicolas-1.png\"><img loading=\"lazy\" decoding=\"async\" src=\"http:\/\/etival.fr\/wp-content\/uploads\/2023\/11\/Affiche-Saint-Nicolas-1-728x1024.png\" alt=\"\" class=\"wp-image-11620\" width=\"656\" height=\"922\" srcset=\"https:\/\/etival.fr\/wp-content\/uploads\/2023\/11\/Affiche-Saint-Nicolas-1-728x1024.png 728w, https:\/\/etival.fr\/wp-content\/uploads\/2023\/11\/Affiche-Saint-Nicolas-1-213x300.png 213w, https:\/\/etival.fr\/wp-content\/uploads\/2023\/11\/Affiche-Saint-Nicolas-1-768x1080.png 768w, https:\/\/etival.fr\/wp-content\/uploads\/2023\/11\/Affiche-Saint-Nicolas-1-1092x1536.png 1092w, https:\/\/etival.fr\/wp-content\/uploads\/2023\/11\/Affiche-Saint-Nicolas-1-1456x2048.png 1456w, https:\/\/etival.fr\/wp-content\/uploads\/2023\/11\/Affiche-Saint-Nicolas-1-624x878.png 624w\" sizes=\"auto, (max-width: 656px) 100vw, 656px\" \/><\/a><\/figure>\n\n\n\n<figure class=\"wp-block-image size-large\"><a href=\"http:\/\/etival.fr\/wp-content\/uploads\/2023\/12\/Affiche-boutique-de-noel-scaled.jpg\"><img loading=\"lazy\" decoding=\"async\" width=\"725\" height=\"1024\" src=\"http:\/\/etival.fr\/wp-content\/uploads\/2023\/12\/Affiche-boutique-de-noel-725x1024.jpg\" alt=\"\" class=\"wp-image-11638\" srcset=\"https:\/\/etival.fr\/wp-content\/uploads\/2023\/12\/Affiche-boutique-de-noel-725x1024.jpg 725w, https:\/\/etival.fr\/wp-content\/uploads\/2023\/12\/Affiche-boutique-de-noel-212x300.jpg 212w, https:\/\/etival.fr\/wp-content\/uploads\/2023\/12\/Affiche-boutique-de-noel-768x1085.jpg 768w, https:\/\/etival.fr\/wp-content\/uploads\/2023\/12\/Affiche-boutique-de-noel-1087x1536.jpg 1087w, https:\/\/etival.fr\/wp-content\/uploads\/2023\/12\/Affiche-boutique-de-noel-1449x2048.jpg 1449w, https:\/\/etival.fr\/wp-content\/uploads\/2023\/12\/Affiche-boutique-de-noel-624x882.jpg 624w, https:\/\/etival.fr\/wp-content\/uploads\/2023\/12\/Affiche-boutique-de-noel-scaled.jpg 1812w\" sizes=\"auto, (max-width: 725px) 100vw, 725px\" \/><\/a><\/figure>\n","protected":false},"excerpt":{"rendered":"<p>Le d\u00e9part est pr\u00e9vu \u00e0 17h au local TMF (Avenue du G\u00e9n\u00e9ral de Gaulle) en&nbsp;direction&nbsp;de la Place Abbatiale. Ce m\u00eame jour, ouvrira la Boutique Eph\u00e9m\u00e8re de No\u00ebl, n&rsquo;h\u00e9sitez pas \u00e0 pousser la portes ! Venez nombreux !<\/p>\n","protected":false},"author":2,"featured_media":0,"comment_status":"closed","ping_status":"open","sticky":false,"template":"","format":"standard","meta":{"footnotes":""},"categories":[5],"tags":[],"class_list":["post-11614","post","type-post","status-publish","format-standard","hentry","category-informations-associations"],"yoast_head":"<!-- This site is optimized with the Yoast SEO plugin v26.8 - https:\/\/yoast.com\/product\/yoast-seo-wordpress\/ -->\n<title>N&#039;oubliez pas ! C&#039;est ce dimanche que Saint\u00a0Nicolas\u00a0va venir nous rendre visite. - Etival-Clairefontaine<\/title>\n<meta name=\"robots\" content=\"index, follow, max-snippet:-1, max-image-preview:large, max-video-preview:-1\" \/>\n<link rel=\"canonical\" href=\"https:\/\/etival.fr\/?p=11614\" \/>\n<meta property=\"og:locale\" content=\"fr_FR\" \/>\n<meta property=\"og:type\" content=\"article\" \/>\n<meta property=\"og:title\" content=\"N&#039;oubliez pas ! C&#039;est ce dimanche que Saint\u00a0Nicolas\u00a0va venir nous rendre visite. - Etival-Clairefontaine\" \/>\n<meta property=\"og:description\" content=\"Le d\u00e9part est pr\u00e9vu \u00e0 17h au local TMF (Avenue du G\u00e9n\u00e9ral de Gaulle) en&nbsp;direction&nbsp;de la Place Abbatiale. Ce m\u00eame jour, ouvrira la Boutique Eph\u00e9m\u00e8re de No\u00ebl, n&rsquo;h\u00e9sitez pas \u00e0 pousser la portes ! Venez nombreux !\" \/>\n<meta property=\"og:url\" content=\"https:\/\/etival.fr\/?p=11614\" \/>\n<meta property=\"og:site_name\" content=\"Etival-Clairefontaine\" \/>\n<meta property=\"article:published_time\" content=\"2023-11-17T09:18:18+00:00\" \/>\n<meta property=\"article:modified_time\" content=\"2023-12-01T06:42:11+00:00\" \/>\n<meta property=\"og:image\" content=\"http:\/\/etival.fr\/wp-content\/uploads\/2023\/11\/Affiche-Saint-Nicolas-1-728x1024.png\" \/>\n<meta name=\"author\" content=\"Catherine\" \/>\n<meta name=\"twitter:card\" content=\"summary_large_image\" \/>\n<meta name=\"twitter:label1\" content=\"\u00c9crit par\" \/>\n\t<meta name=\"twitter:data1\" content=\"Catherine\" \/>\n\t<meta name=\"twitter:label2\" content=\"Dur\u00e9e de lecture estim\u00e9e\" \/>\n\t<meta name=\"twitter:data2\" content=\"1 minute\" \/>\n<script type=\"application\/ld+json\" class=\"yoast-schema-graph\">{\"@context\":\"https:\/\/schema.org\",\"@graph\":[{\"@type\":\"Article\",\"@id\":\"https:\/\/etival.fr\/?p=11614#article\",\"isPartOf\":{\"@id\":\"https:\/\/etival.fr\/?p=11614\"},\"author\":{\"name\":\"Catherine\",\"@id\":\"https:\/\/etival.fr\/#\/schema\/person\/966767531f422984430588510b8d4c3f\"},\"headline\":\"N&rsquo;oubliez pas ! C&rsquo;est ce dimanche que Saint\u00a0Nicolas\u00a0va venir nous rendre visite.\",\"datePublished\":\"2023-11-17T09:18:18+00:00\",\"dateModified\":\"2023-12-01T06:42:11+00:00\",\"mainEntityOfPage\":{\"@id\":\"https:\/\/etival.fr\/?p=11614\"},\"wordCount\":62,\"image\":{\"@id\":\"https:\/\/etival.fr\/?p=11614#primaryimage\"},\"thumbnailUrl\":\"http:\/\/etival.fr\/wp-content\/uploads\/2023\/11\/Affiche-Saint-Nicolas-1-728x1024.png\",\"articleSection\":[\"Informations Associations\"],\"inLanguage\":\"fr-FR\"},{\"@type\":\"WebPage\",\"@id\":\"https:\/\/etival.fr\/?p=11614\",\"url\":\"https:\/\/etival.fr\/?p=11614\",\"name\":\"N'oubliez pas ! C'est ce dimanche que Saint\u00a0Nicolas\u00a0va venir nous rendre visite. - Etival-Clairefontaine\",\"isPartOf\":{\"@id\":\"https:\/\/etival.fr\/#website\"},\"primaryImageOfPage\":{\"@id\":\"https:\/\/etival.fr\/?p=11614#primaryimage\"},\"image\":{\"@id\":\"https:\/\/etival.fr\/?p=11614#primaryimage\"},\"thumbnailUrl\":\"http:\/\/etival.fr\/wp-content\/uploads\/2023\/11\/Affiche-Saint-Nicolas-1-728x1024.png\",\"datePublished\":\"2023-11-17T09:18:18+00:00\",\"dateModified\":\"2023-12-01T06:42:11+00:00\",\"author\":{\"@id\":\"https:\/\/etival.fr\/#\/schema\/person\/966767531f422984430588510b8d4c3f\"},\"breadcrumb\":{\"@id\":\"https:\/\/etival.fr\/?p=11614#breadcrumb\"},\"inLanguage\":\"fr-FR\",\"potentialAction\":[{\"@type\":\"ReadAction\",\"target\":[\"https:\/\/etival.fr\/?p=11614\"]}]},{\"@type\":\"ImageObject\",\"inLanguage\":\"fr-FR\",\"@id\":\"https:\/\/etival.fr\/?p=11614#primaryimage\",\"url\":\"https:\/\/etival.fr\/wp-content\/uploads\/2023\/11\/Affiche-Saint-Nicolas-1.png\",\"contentUrl\":\"https:\/\/etival.fr\/wp-content\/uploads\/2023\/11\/Affiche-Saint-Nicolas-1.png\",\"width\":3480,\"height\":4895},{\"@type\":\"BreadcrumbList\",\"@id\":\"https:\/\/etival.fr\/?p=11614#breadcrumb\",\"itemListElement\":[{\"@type\":\"ListItem\",\"position\":1,\"name\":\"Accueil\",\"item\":\"https:\/\/etival.fr\/\"},{\"@type\":\"ListItem\",\"position\":2,\"name\":\"N&rsquo;oubliez pas ! C&rsquo;est ce dimanche que Saint\u00a0Nicolas\u00a0va venir nous rendre visite.\"}]},{\"@type\":\"WebSite\",\"@id\":\"https:\/\/etival.fr\/#website\",\"url\":\"https:\/\/etival.fr\/\",\"name\":\"Etival-Clairefontaine\",\"description\":\"Informations et actualit\u00e9s de la commune\",\"potentialAction\":[{\"@type\":\"SearchAction\",\"target\":{\"@type\":\"EntryPoint\",\"urlTemplate\":\"https:\/\/etival.fr\/?s={search_term_string}\"},\"query-input\":{\"@type\":\"PropertyValueSpecification\",\"valueRequired\":true,\"valueName\":\"search_term_string\"}}],\"inLanguage\":\"fr-FR\"},{\"@type\":\"Person\",\"@id\":\"https:\/\/etival.fr\/#\/schema\/person\/966767531f422984430588510b8d4c3f\",\"name\":\"Catherine\",\"image\":{\"@type\":\"ImageObject\",\"inLanguage\":\"fr-FR\",\"@id\":\"https:\/\/etival.fr\/#\/schema\/person\/image\/\",\"url\":\"https:\/\/secure.gravatar.com\/avatar\/b99eff3bf59bd614e6c532df451dc649?s=96&d=mm&r=g\",\"contentUrl\":\"https:\/\/secure.gravatar.com\/avatar\/b99eff3bf59bd614e6c532df451dc649?s=96&d=mm&r=g\",\"caption\":\"Catherine\"},\"url\":\"https:\/\/etival.fr\/?author=2\"}]}<\/script>\n<!-- \/ Yoast SEO plugin. -->","yoast_head_json":{"title":"N'oubliez pas ! C'est ce dimanche que Saint\u00a0Nicolas\u00a0va venir nous rendre visite. - Etival-Clairefontaine","robots":{"index":"index","follow":"follow","max-snippet":"max-snippet:-1","max-image-preview":"max-image-preview:large","max-video-preview":"max-video-preview:-1"},"canonical":"https:\/\/etival.fr\/?p=11614","og_locale":"fr_FR","og_type":"article","og_title":"N'oubliez pas ! C'est ce dimanche que Saint\u00a0Nicolas\u00a0va venir nous rendre visite. - Etival-Clairefontaine","og_description":"Le d\u00e9part est pr\u00e9vu \u00e0 17h au local TMF (Avenue du G\u00e9n\u00e9ral de Gaulle) en&nbsp;direction&nbsp;de la Place Abbatiale. Ce m\u00eame jour, ouvrira la Boutique Eph\u00e9m\u00e8re de No\u00ebl, n&rsquo;h\u00e9sitez pas \u00e0 pousser la portes ! Venez nombreux !","og_url":"https:\/\/etival.fr\/?p=11614","og_site_name":"Etival-Clairefontaine","article_published_time":"2023-11-17T09:18:18+00:00","article_modified_time":"2023-12-01T06:42:11+00:00","og_image":[{"url":"http:\/\/etival.fr\/wp-content\/uploads\/2023\/11\/Affiche-Saint-Nicolas-1-728x1024.png","type":"","width":"","height":""}],"author":"Catherine","twitter_card":"summary_large_image","twitter_misc":{"\u00c9crit par":"Catherine","Dur\u00e9e de lecture estim\u00e9e":"1 minute"},"schema":{"@context":"https:\/\/schema.org","@graph":[{"@type":"Article","@id":"https:\/\/etival.fr\/?p=11614#article","isPartOf":{"@id":"https:\/\/etival.fr\/?p=11614"},"author":{"name":"Catherine","@id":"https:\/\/etival.fr\/#\/schema\/person\/966767531f422984430588510b8d4c3f"},"headline":"N&rsquo;oubliez pas ! C&rsquo;est ce dimanche que Saint\u00a0Nicolas\u00a0va venir nous rendre visite.","datePublished":"2023-11-17T09:18:18+00:00","dateModified":"2023-12-01T06:42:11+00:00","mainEntityOfPage":{"@id":"https:\/\/etival.fr\/?p=11614"},"wordCount":62,"image":{"@id":"https:\/\/etival.fr\/?p=11614#primaryimage"},"thumbnailUrl":"http:\/\/etival.fr\/wp-content\/uploads\/2023\/11\/Affiche-Saint-Nicolas-1-728x1024.png","articleSection":["Informations Associations"],"inLanguage":"fr-FR"},{"@type":"WebPage","@id":"https:\/\/etival.fr\/?p=11614","url":"https:\/\/etival.fr\/?p=11614","name":"N'oubliez pas ! C'est ce dimanche que Saint\u00a0Nicolas\u00a0va venir nous rendre visite. - Etival-Clairefontaine","isPartOf":{"@id":"https:\/\/etival.fr\/#website"},"primaryImageOfPage":{"@id":"https:\/\/etival.fr\/?p=11614#primaryimage"},"image":{"@id":"https:\/\/etival.fr\/?p=11614#primaryimage"},"thumbnailUrl":"http:\/\/etival.fr\/wp-content\/uploads\/2023\/11\/Affiche-Saint-Nicolas-1-728x1024.png","datePublished":"2023-11-17T09:18:18+00:00","dateModified":"2023-12-01T06:42:11+00:00","author":{"@id":"https:\/\/etival.fr\/#\/schema\/person\/966767531f422984430588510b8d4c3f"},"breadcrumb":{"@id":"https:\/\/etival.fr\/?p=11614#breadcrumb"},"inLanguage":"fr-FR","potentialAction":[{"@type":"ReadAction","target":["https:\/\/etival.fr\/?p=11614"]}]},{"@type":"ImageObject","inLanguage":"fr-FR","@id":"https:\/\/etival.fr\/?p=11614#primaryimage","url":"https:\/\/etival.fr\/wp-content\/uploads\/2023\/11\/Affiche-Saint-Nicolas-1.png","contentUrl":"https:\/\/etival.fr\/wp-content\/uploads\/2023\/11\/Affiche-Saint-Nicolas-1.png","width":3480,"height":4895},{"@type":"BreadcrumbList","@id":"https:\/\/etival.fr\/?p=11614#breadcrumb","itemListElement":[{"@type":"ListItem","position":1,"name":"Accueil","item":"https:\/\/etival.fr\/"},{"@type":"ListItem","position":2,"name":"N&rsquo;oubliez pas ! C&rsquo;est ce dimanche que Saint\u00a0Nicolas\u00a0va venir nous rendre visite."}]},{"@type":"WebSite","@id":"https:\/\/etival.fr\/#website","url":"https:\/\/etival.fr\/","name":"Etival-Clairefontaine","description":"Informations et actualit\u00e9s de la commune","potentialAction":[{"@type":"SearchAction","target":{"@type":"EntryPoint","urlTemplate":"https:\/\/etival.fr\/?s={search_term_string}"},"query-input":{"@type":"PropertyValueSpecification","valueRequired":true,"valueName":"search_term_string"}}],"inLanguage":"fr-FR"},{"@type":"Person","@id":"https:\/\/etival.fr\/#\/schema\/person\/966767531f422984430588510b8d4c3f","name":"Catherine","image":{"@type":"ImageObject","inLanguage":"fr-FR","@id":"https:\/\/etival.fr\/#\/schema\/person\/image\/","url":"https:\/\/secure.gravatar.com\/avatar\/b99eff3bf59bd614e6c532df451dc649?s=96&d=mm&r=g","contentUrl":"https:\/\/secure.gravatar.com\/avatar\/b99eff3bf59bd614e6c532df451dc649?s=96&d=mm&r=g","caption":"Catherine"},"url":"https:\/\/etival.fr\/?author=2"}]}},"_links":{"self":[{"href":"https:\/\/etival.fr\/index.php?rest_route=\/wp\/v2\/posts\/11614","targetHints":{"allow":["GET"]}}],"collection":[{"href":"https:\/\/etival.fr\/index.php?rest_route=\/wp\/v2\/posts"}],"about":[{"href":"https:\/\/etival.fr\/index.php?rest_route=\/wp\/v2\/types\/post"}],"author":[{"embeddable":true,"href":"https:\/\/etival.fr\/index.php?rest_route=\/wp\/v2\/users\/2"}],"replies":[{"embeddable":true,"href":"https:\/\/etival.fr\/index.php?rest_route=%2Fwp%2Fv2%2Fcomments&post=11614"}],"version-history":[{"count":4,"href":"https:\/\/etival.fr\/index.php?rest_route=\/wp\/v2\/posts\/11614\/revisions"}],"predecessor-version":[{"id":11639,"href":"https:\/\/etival.fr\/index.php?rest_route=\/wp\/v2\/posts\/11614\/revisions\/11639"}],"wp:attachment":[{"href":"https:\/\/etival.fr\/index.php?rest_route=%2Fwp%2Fv2%2Fmedia&parent=11614"}],"wp:term":[{"taxonomy":"category","embeddable":true,"href":"https:\/\/etival.fr\/index.php?rest_route=%2Fwp%2Fv2%2Fcategories&post=11614"},{"taxonomy":"post_tag","embeddable":true,"href":"https:\/\/etival.fr\/index.php?rest_route=%2Fwp%2Fv2%2Ftags&post=11614"}],"curies":[{"name":"wp","href":"https:\/\/api.w.org\/{rel}","templated":true}]}}