{"id":11657,"date":"2023-12-20T14:11:43","date_gmt":"2023-12-20T13:11:43","guid":{"rendered":"http:\/\/etival.fr\/?p=11657"},"modified":"2023-12-20T14:12:30","modified_gmt":"2023-12-20T13:12:30","slug":"animations-du-mois-de-janvier-a-la-mediatheque","status":"publish","type":"post","link":"https:\/\/etival.fr\/?p=11657","title":{"rendered":"Animations du mois de janvier \u00e0 la M\u00e9diath\u00e8que."},"content":{"rendered":"\n<figure class=\"wp-block-gallery has-nested-images columns-default is-cropped wp-block-gallery-1 is-layout-flex wp-block-gallery-is-layout-flex\">\n<figure class=\"wp-block-image size-large\"><a href=\"http:\/\/etival.fr\/wp-content\/uploads\/2023\/12\/01_09-VINYLES-Exposition.jpg\"><img loading=\"lazy\" decoding=\"async\" width=\"724\" height=\"1024\" data-id=\"11658\" src=\"http:\/\/etival.fr\/wp-content\/uploads\/2023\/12\/01_09-VINYLES-Exposition-724x1024.jpg\" alt=\"\" class=\"wp-image-11658\" srcset=\"https:\/\/etival.fr\/wp-content\/uploads\/2023\/12\/01_09-VINYLES-Exposition-724x1024.jpg 724w, https:\/\/etival.fr\/wp-content\/uploads\/2023\/12\/01_09-VINYLES-Exposition-212x300.jpg 212w, https:\/\/etival.fr\/wp-content\/uploads\/2023\/12\/01_09-VINYLES-Exposition-768x1086.jpg 768w, https:\/\/etival.fr\/wp-content\/uploads\/2023\/12\/01_09-VINYLES-Exposition-1086x1536.jpg 1086w, https:\/\/etival.fr\/wp-content\/uploads\/2023\/12\/01_09-VINYLES-Exposition-1448x2048.jpg 1448w, https:\/\/etival.fr\/wp-content\/uploads\/2023\/12\/01_09-VINYLES-Exposition-624x883.jpg 624w, https:\/\/etival.fr\/wp-content\/uploads\/2023\/12\/01_09-VINYLES-Exposition.jpg 1587w\" sizes=\"auto, (max-width: 724px) 100vw, 724px\" \/><\/a><\/figure>\n\n\n\n<figure class=\"wp-block-image size-large\"><a href=\"http:\/\/etival.fr\/wp-content\/uploads\/2023\/12\/01_16-Adeline-Walter.jpg\"><img loading=\"lazy\" decoding=\"async\" width=\"724\" height=\"1024\" data-id=\"11659\" src=\"http:\/\/etival.fr\/wp-content\/uploads\/2023\/12\/01_16-Adeline-Walter-724x1024.jpg\" alt=\"\" class=\"wp-image-11659\" srcset=\"https:\/\/etival.fr\/wp-content\/uploads\/2023\/12\/01_16-Adeline-Walter-724x1024.jpg 724w, https:\/\/etival.fr\/wp-content\/uploads\/2023\/12\/01_16-Adeline-Walter-212x300.jpg 212w, https:\/\/etival.fr\/wp-content\/uploads\/2023\/12\/01_16-Adeline-Walter-768x1086.jpg 768w, https:\/\/etival.fr\/wp-content\/uploads\/2023\/12\/01_16-Adeline-Walter-1086x1536.jpg 1086w, https:\/\/etival.fr\/wp-content\/uploads\/2023\/12\/01_16-Adeline-Walter-1448x2048.jpg 1448w, https:\/\/etival.fr\/wp-content\/uploads\/2023\/12\/01_16-Adeline-Walter-624x883.jpg 624w, https:\/\/etival.fr\/wp-content\/uploads\/2023\/12\/01_16-Adeline-Walter.jpg 1587w\" sizes=\"auto, (max-width: 724px) 100vw, 724px\" \/><\/a><\/figure>\n\n\n\n<figure class=\"wp-block-image size-large\"><a href=\"http:\/\/etival.fr\/wp-content\/uploads\/2023\/12\/01_17-Eveil-Musical.jpg\"><img loading=\"lazy\" decoding=\"async\" width=\"724\" height=\"1024\" data-id=\"11662\" src=\"http:\/\/etival.fr\/wp-content\/uploads\/2023\/12\/01_17-Eveil-Musical-724x1024.jpg\" alt=\"\" class=\"wp-image-11662\" srcset=\"https:\/\/etival.fr\/wp-content\/uploads\/2023\/12\/01_17-Eveil-Musical-724x1024.jpg 724w, https:\/\/etival.fr\/wp-content\/uploads\/2023\/12\/01_17-Eveil-Musical-212x300.jpg 212w, https:\/\/etival.fr\/wp-content\/uploads\/2023\/12\/01_17-Eveil-Musical-768x1086.jpg 768w, https:\/\/etival.fr\/wp-content\/uploads\/2023\/12\/01_17-Eveil-Musical-1086x1536.jpg 1086w, https:\/\/etival.fr\/wp-content\/uploads\/2023\/12\/01_17-Eveil-Musical-1448x2048.jpg 1448w, https:\/\/etival.fr\/wp-content\/uploads\/2023\/12\/01_17-Eveil-Musical-624x883.jpg 624w, https:\/\/etival.fr\/wp-content\/uploads\/2023\/12\/01_17-Eveil-Musical.jpg 1587w\" sizes=\"auto, (max-width: 724px) 100vw, 724px\" \/><\/a><\/figure>\n\n\n\n<figure class=\"wp-block-image size-large\"><a href=\"http:\/\/etival.fr\/wp-content\/uploads\/2023\/12\/01_19-bouillon-de-lectures.jpg\"><img loading=\"lazy\" decoding=\"async\" width=\"724\" height=\"1024\" data-id=\"11663\" src=\"http:\/\/etival.fr\/wp-content\/uploads\/2023\/12\/01_19-bouillon-de-lectures-724x1024.jpg\" alt=\"\" class=\"wp-image-11663\" srcset=\"https:\/\/etival.fr\/wp-content\/uploads\/2023\/12\/01_19-bouillon-de-lectures-724x1024.jpg 724w, https:\/\/etival.fr\/wp-content\/uploads\/2023\/12\/01_19-bouillon-de-lectures-212x300.jpg 212w, https:\/\/etival.fr\/wp-content\/uploads\/2023\/12\/01_19-bouillon-de-lectures-768x1086.jpg 768w, https:\/\/etival.fr\/wp-content\/uploads\/2023\/12\/01_19-bouillon-de-lectures-1086x1536.jpg 1086w, https:\/\/etival.fr\/wp-content\/uploads\/2023\/12\/01_19-bouillon-de-lectures-624x883.jpg 624w, https:\/\/etival.fr\/wp-content\/uploads\/2023\/12\/01_19-bouillon-de-lectures.jpg 1414w\" sizes=\"auto, (max-width: 724px) 100vw, 724px\" \/><\/a><\/figure>\n\n\n\n<figure class=\"wp-block-image size-large\"><a href=\"http:\/\/etival.fr\/wp-content\/uploads\/2023\/12\/01_19-Le-Corps.jpg\"><img loading=\"lazy\" decoding=\"async\" width=\"724\" height=\"1024\" data-id=\"11661\" src=\"http:\/\/etival.fr\/wp-content\/uploads\/2023\/12\/01_19-Le-Corps-724x1024.jpg\" alt=\"\" class=\"wp-image-11661\" srcset=\"https:\/\/etival.fr\/wp-content\/uploads\/2023\/12\/01_19-Le-Corps-724x1024.jpg 724w, https:\/\/etival.fr\/wp-content\/uploads\/2023\/12\/01_19-Le-Corps-212x300.jpg 212w, https:\/\/etival.fr\/wp-content\/uploads\/2023\/12\/01_19-Le-Corps-768x1086.jpg 768w, https:\/\/etival.fr\/wp-content\/uploads\/2023\/12\/01_19-Le-Corps-1086x1536.jpg 1086w, https:\/\/etival.fr\/wp-content\/uploads\/2023\/12\/01_19-Le-Corps-1448x2048.jpg 1448w, https:\/\/etival.fr\/wp-content\/uploads\/2023\/12\/01_19-Le-Corps-624x883.jpg 624w, https:\/\/etival.fr\/wp-content\/uploads\/2023\/12\/01_19-Le-Corps.jpg 1587w\" sizes=\"auto, (max-width: 724px) 100vw, 724px\" \/><\/a><\/figure>\n\n\n\n<figure class=\"wp-block-image size-large\"><a href=\"http:\/\/etival.fr\/wp-content\/uploads\/2023\/12\/01_20-en-avant-.jpg\"><img loading=\"lazy\" decoding=\"async\" width=\"724\" height=\"1024\" data-id=\"11660\" src=\"http:\/\/etival.fr\/wp-content\/uploads\/2023\/12\/01_20-en-avant--724x1024.jpg\" alt=\"\" class=\"wp-image-11660\" srcset=\"https:\/\/etival.fr\/wp-content\/uploads\/2023\/12\/01_20-en-avant--724x1024.jpg 724w, https:\/\/etival.fr\/wp-content\/uploads\/2023\/12\/01_20-en-avant--212x300.jpg 212w, https:\/\/etival.fr\/wp-content\/uploads\/2023\/12\/01_20-en-avant--768x1086.jpg 768w, https:\/\/etival.fr\/wp-content\/uploads\/2023\/12\/01_20-en-avant--1086x1536.jpg 1086w, https:\/\/etival.fr\/wp-content\/uploads\/2023\/12\/01_20-en-avant--624x883.jpg 624w, https:\/\/etival.fr\/wp-content\/uploads\/2023\/12\/01_20-en-avant-.jpg 1414w\" sizes=\"auto, (max-width: 724px) 100vw, 724px\" \/><\/a><\/figure>\n\n\n\n<figure class=\"wp-block-image size-large\"><a href=\"http:\/\/etival.fr\/wp-content\/uploads\/2023\/12\/01_27-Tricote-papote.jpg\"><img loading=\"lazy\" decoding=\"async\" width=\"724\" height=\"1024\" data-id=\"11664\" src=\"http:\/\/etival.fr\/wp-content\/uploads\/2023\/12\/01_27-Tricote-papote-724x1024.jpg\" alt=\"\" class=\"wp-image-11664\" srcset=\"https:\/\/etival.fr\/wp-content\/uploads\/2023\/12\/01_27-Tricote-papote-724x1024.jpg 724w, https:\/\/etival.fr\/wp-content\/uploads\/2023\/12\/01_27-Tricote-papote-212x300.jpg 212w, https:\/\/etival.fr\/wp-content\/uploads\/2023\/12\/01_27-Tricote-papote-768x1086.jpg 768w, https:\/\/etival.fr\/wp-content\/uploads\/2023\/12\/01_27-Tricote-papote-1086x1536.jpg 1086w, https:\/\/etival.fr\/wp-content\/uploads\/2023\/12\/01_27-Tricote-papote-1448x2048.jpg 1448w, https:\/\/etival.fr\/wp-content\/uploads\/2023\/12\/01_27-Tricote-papote-624x883.jpg 624w, https:\/\/etival.fr\/wp-content\/uploads\/2023\/12\/01_27-Tricote-papote.jpg 1587w\" sizes=\"auto, (max-width: 724px) 100vw, 724px\" \/><\/a><\/figure>\n<\/figure>\n","protected":false},"excerpt":{"rendered":"","protected":false},"author":2,"featured_media":0,"comment_status":"closed","ping_status":"open","sticky":false,"template":"","format":"standard","meta":{"footnotes":""},"categories":[6],"tags":[],"class_list":["post-11657","post","type-post","status-publish","format-standard","hentry","category-informations-municipales"],"yoast_head":"<!-- This site is optimized with the Yoast SEO plugin v26.8 - https:\/\/yoast.com\/product\/yoast-seo-wordpress\/ -->\n<title>Animations du mois de janvier \u00e0 la M\u00e9diath\u00e8que. - Etival-Clairefontaine<\/title>\n<meta name=\"robots\" content=\"index, follow, max-snippet:-1, max-image-preview:large, max-video-preview:-1\" \/>\n<link rel=\"canonical\" href=\"https:\/\/etival.fr\/?p=11657\" \/>\n<meta property=\"og:locale\" content=\"fr_FR\" \/>\n<meta property=\"og:type\" content=\"article\" \/>\n<meta property=\"og:title\" content=\"Animations du mois de janvier \u00e0 la M\u00e9diath\u00e8que. - Etival-Clairefontaine\" \/>\n<meta property=\"og:url\" content=\"https:\/\/etival.fr\/?p=11657\" \/>\n<meta property=\"og:site_name\" content=\"Etival-Clairefontaine\" \/>\n<meta property=\"article:published_time\" content=\"2023-12-20T13:11:43+00:00\" \/>\n<meta property=\"article:modified_time\" content=\"2023-12-20T13:12:30+00:00\" \/>\n<meta property=\"og:image\" content=\"http:\/\/etival.fr\/wp-content\/uploads\/2023\/12\/01_09-VINYLES-Exposition-724x1024.jpg\" \/>\n<meta name=\"author\" content=\"Catherine\" \/>\n<meta name=\"twitter:card\" content=\"summary_large_image\" \/>\n<meta name=\"twitter:label1\" content=\"\u00c9crit par\" \/>\n\t<meta name=\"twitter:data1\" content=\"Catherine\" \/>\n\t<meta name=\"twitter:label2\" content=\"Dur\u00e9e de lecture estim\u00e9e\" \/>\n\t<meta name=\"twitter:data2\" content=\"2 minutes\" \/>\n<script type=\"application\/ld+json\" class=\"yoast-schema-graph\">{\"@context\":\"https:\/\/schema.org\",\"@graph\":[{\"@type\":\"Article\",\"@id\":\"https:\/\/etival.fr\/?p=11657#article\",\"isPartOf\":{\"@id\":\"https:\/\/etival.fr\/?p=11657\"},\"author\":{\"name\":\"Catherine\",\"@id\":\"https:\/\/etival.fr\/#\/schema\/person\/966767531f422984430588510b8d4c3f\"},\"headline\":\"Animations du mois de janvier \u00e0 la M\u00e9diath\u00e8que.\",\"datePublished\":\"2023-12-20T13:11:43+00:00\",\"dateModified\":\"2023-12-20T13:12:30+00:00\",\"mainEntityOfPage\":{\"@id\":\"https:\/\/etival.fr\/?p=11657\"},\"wordCount\":9,\"image\":{\"@id\":\"https:\/\/etival.fr\/?p=11657#primaryimage\"},\"thumbnailUrl\":\"http:\/\/etival.fr\/wp-content\/uploads\/2023\/12\/01_09-VINYLES-Exposition-724x1024.jpg\",\"articleSection\":[\"Informations Municipales\"],\"inLanguage\":\"fr-FR\"},{\"@type\":\"WebPage\",\"@id\":\"https:\/\/etival.fr\/?p=11657\",\"url\":\"https:\/\/etival.fr\/?p=11657\",\"name\":\"Animations du mois de janvier \u00e0 la M\u00e9diath\u00e8que. - Etival-Clairefontaine\",\"isPartOf\":{\"@id\":\"https:\/\/etival.fr\/#website\"},\"primaryImageOfPage\":{\"@id\":\"https:\/\/etival.fr\/?p=11657#primaryimage\"},\"image\":{\"@id\":\"https:\/\/etival.fr\/?p=11657#primaryimage\"},\"thumbnailUrl\":\"http:\/\/etival.fr\/wp-content\/uploads\/2023\/12\/01_09-VINYLES-Exposition-724x1024.jpg\",\"datePublished\":\"2023-12-20T13:11:43+00:00\",\"dateModified\":\"2023-12-20T13:12:30+00:00\",\"author\":{\"@id\":\"https:\/\/etival.fr\/#\/schema\/person\/966767531f422984430588510b8d4c3f\"},\"breadcrumb\":{\"@id\":\"https:\/\/etival.fr\/?p=11657#breadcrumb\"},\"inLanguage\":\"fr-FR\",\"potentialAction\":[{\"@type\":\"ReadAction\",\"target\":[\"https:\/\/etival.fr\/?p=11657\"]}]},{\"@type\":\"ImageObject\",\"inLanguage\":\"fr-FR\",\"@id\":\"https:\/\/etival.fr\/?p=11657#primaryimage\",\"url\":\"https:\/\/etival.fr\/wp-content\/uploads\/2023\/12\/01_09-VINYLES-Exposition.jpg\",\"contentUrl\":\"https:\/\/etival.fr\/wp-content\/uploads\/2023\/12\/01_09-VINYLES-Exposition.jpg\",\"width\":1587,\"height\":2245},{\"@type\":\"BreadcrumbList\",\"@id\":\"https:\/\/etival.fr\/?p=11657#breadcrumb\",\"itemListElement\":[{\"@type\":\"ListItem\",\"position\":1,\"name\":\"Accueil\",\"item\":\"https:\/\/etival.fr\/\"},{\"@type\":\"ListItem\",\"position\":2,\"name\":\"Animations du mois de janvier \u00e0 la M\u00e9diath\u00e8que.\"}]},{\"@type\":\"WebSite\",\"@id\":\"https:\/\/etival.fr\/#website\",\"url\":\"https:\/\/etival.fr\/\",\"name\":\"Etival-Clairefontaine\",\"description\":\"Informations et actualit\u00e9s de la commune\",\"potentialAction\":[{\"@type\":\"SearchAction\",\"target\":{\"@type\":\"EntryPoint\",\"urlTemplate\":\"https:\/\/etival.fr\/?s={search_term_string}\"},\"query-input\":{\"@type\":\"PropertyValueSpecification\",\"valueRequired\":true,\"valueName\":\"search_term_string\"}}],\"inLanguage\":\"fr-FR\"},{\"@type\":\"Person\",\"@id\":\"https:\/\/etival.fr\/#\/schema\/person\/966767531f422984430588510b8d4c3f\",\"name\":\"Catherine\",\"image\":{\"@type\":\"ImageObject\",\"inLanguage\":\"fr-FR\",\"@id\":\"https:\/\/etival.fr\/#\/schema\/person\/image\/\",\"url\":\"https:\/\/secure.gravatar.com\/avatar\/b99eff3bf59bd614e6c532df451dc649?s=96&d=mm&r=g\",\"contentUrl\":\"https:\/\/secure.gravatar.com\/avatar\/b99eff3bf59bd614e6c532df451dc649?s=96&d=mm&r=g\",\"caption\":\"Catherine\"},\"url\":\"https:\/\/etival.fr\/?author=2\"}]}<\/script>\n<!-- \/ Yoast SEO plugin. -->","yoast_head_json":{"title":"Animations du mois de janvier \u00e0 la M\u00e9diath\u00e8que. - Etival-Clairefontaine","robots":{"index":"index","follow":"follow","max-snippet":"max-snippet:-1","max-image-preview":"max-image-preview:large","max-video-preview":"max-video-preview:-1"},"canonical":"https:\/\/etival.fr\/?p=11657","og_locale":"fr_FR","og_type":"article","og_title":"Animations du mois de janvier \u00e0 la M\u00e9diath\u00e8que. - Etival-Clairefontaine","og_url":"https:\/\/etival.fr\/?p=11657","og_site_name":"Etival-Clairefontaine","article_published_time":"2023-12-20T13:11:43+00:00","article_modified_time":"2023-12-20T13:12:30+00:00","og_image":[{"url":"http:\/\/etival.fr\/wp-content\/uploads\/2023\/12\/01_09-VINYLES-Exposition-724x1024.jpg","type":"","width":"","height":""}],"author":"Catherine","twitter_card":"summary_large_image","twitter_misc":{"\u00c9crit par":"Catherine","Dur\u00e9e de lecture estim\u00e9e":"2 minutes"},"schema":{"@context":"https:\/\/schema.org","@graph":[{"@type":"Article","@id":"https:\/\/etival.fr\/?p=11657#article","isPartOf":{"@id":"https:\/\/etival.fr\/?p=11657"},"author":{"name":"Catherine","@id":"https:\/\/etival.fr\/#\/schema\/person\/966767531f422984430588510b8d4c3f"},"headline":"Animations du mois de janvier \u00e0 la M\u00e9diath\u00e8que.","datePublished":"2023-12-20T13:11:43+00:00","dateModified":"2023-12-20T13:12:30+00:00","mainEntityOfPage":{"@id":"https:\/\/etival.fr\/?p=11657"},"wordCount":9,"image":{"@id":"https:\/\/etival.fr\/?p=11657#primaryimage"},"thumbnailUrl":"http:\/\/etival.fr\/wp-content\/uploads\/2023\/12\/01_09-VINYLES-Exposition-724x1024.jpg","articleSection":["Informations Municipales"],"inLanguage":"fr-FR"},{"@type":"WebPage","@id":"https:\/\/etival.fr\/?p=11657","url":"https:\/\/etival.fr\/?p=11657","name":"Animations du mois de janvier \u00e0 la M\u00e9diath\u00e8que. - Etival-Clairefontaine","isPartOf":{"@id":"https:\/\/etival.fr\/#website"},"primaryImageOfPage":{"@id":"https:\/\/etival.fr\/?p=11657#primaryimage"},"image":{"@id":"https:\/\/etival.fr\/?p=11657#primaryimage"},"thumbnailUrl":"http:\/\/etival.fr\/wp-content\/uploads\/2023\/12\/01_09-VINYLES-Exposition-724x1024.jpg","datePublished":"2023-12-20T13:11:43+00:00","dateModified":"2023-12-20T13:12:30+00:00","author":{"@id":"https:\/\/etival.fr\/#\/schema\/person\/966767531f422984430588510b8d4c3f"},"breadcrumb":{"@id":"https:\/\/etival.fr\/?p=11657#breadcrumb"},"inLanguage":"fr-FR","potentialAction":[{"@type":"ReadAction","target":["https:\/\/etival.fr\/?p=11657"]}]},{"@type":"ImageObject","inLanguage":"fr-FR","@id":"https:\/\/etival.fr\/?p=11657#primaryimage","url":"https:\/\/etival.fr\/wp-content\/uploads\/2023\/12\/01_09-VINYLES-Exposition.jpg","contentUrl":"https:\/\/etival.fr\/wp-content\/uploads\/2023\/12\/01_09-VINYLES-Exposition.jpg","width":1587,"height":2245},{"@type":"BreadcrumbList","@id":"https:\/\/etival.fr\/?p=11657#breadcrumb","itemListElement":[{"@type":"ListItem","position":1,"name":"Accueil","item":"https:\/\/etival.fr\/"},{"@type":"ListItem","position":2,"name":"Animations du mois de janvier \u00e0 la M\u00e9diath\u00e8que."}]},{"@type":"WebSite","@id":"https:\/\/etival.fr\/#website","url":"https:\/\/etival.fr\/","name":"Etival-Clairefontaine","description":"Informations et actualit\u00e9s de la commune","potentialAction":[{"@type":"SearchAction","target":{"@type":"EntryPoint","urlTemplate":"https:\/\/etival.fr\/?s={search_term_string}"},"query-input":{"@type":"PropertyValueSpecification","valueRequired":true,"valueName":"search_term_string"}}],"inLanguage":"fr-FR"},{"@type":"Person","@id":"https:\/\/etival.fr\/#\/schema\/person\/966767531f422984430588510b8d4c3f","name":"Catherine","image":{"@type":"ImageObject","inLanguage":"fr-FR","@id":"https:\/\/etival.fr\/#\/schema\/person\/image\/","url":"https:\/\/secure.gravatar.com\/avatar\/b99eff3bf59bd614e6c532df451dc649?s=96&d=mm&r=g","contentUrl":"https:\/\/secure.gravatar.com\/avatar\/b99eff3bf59bd614e6c532df451dc649?s=96&d=mm&r=g","caption":"Catherine"},"url":"https:\/\/etival.fr\/?author=2"}]}},"_links":{"self":[{"href":"https:\/\/etival.fr\/index.php?rest_route=\/wp\/v2\/posts\/11657","targetHints":{"allow":["GET"]}}],"collection":[{"href":"https:\/\/etival.fr\/index.php?rest_route=\/wp\/v2\/posts"}],"about":[{"href":"https:\/\/etival.fr\/index.php?rest_route=\/wp\/v2\/types\/post"}],"author":[{"embeddable":true,"href":"https:\/\/etival.fr\/index.php?rest_route=\/wp\/v2\/users\/2"}],"replies":[{"embeddable":true,"href":"https:\/\/etival.fr\/index.php?rest_route=%2Fwp%2Fv2%2Fcomments&post=11657"}],"version-history":[{"count":1,"href":"https:\/\/etival.fr\/index.php?rest_route=\/wp\/v2\/posts\/11657\/revisions"}],"predecessor-version":[{"id":11665,"href":"https:\/\/etival.fr\/index.php?rest_route=\/wp\/v2\/posts\/11657\/revisions\/11665"}],"wp:attachment":[{"href":"https:\/\/etival.fr\/index.php?rest_route=%2Fwp%2Fv2%2Fmedia&parent=11657"}],"wp:term":[{"taxonomy":"category","embeddable":true,"href":"https:\/\/etival.fr\/index.php?rest_route=%2Fwp%2Fv2%2Fcategories&post=11657"},{"taxonomy":"post_tag","embeddable":true,"href":"https:\/\/etival.fr\/index.php?rest_route=%2Fwp%2Fv2%2Ftags&post=11657"}],"curies":[{"name":"wp","href":"https:\/\/api.w.org\/{rel}","templated":true}]}}