{"id":11733,"date":"2024-02-21T15:50:03","date_gmt":"2024-02-21T14:50:03","guid":{"rendered":"https:\/\/etival.fr\/?p=11733"},"modified":"2024-02-21T15:50:04","modified_gmt":"2024-02-21T14:50:04","slug":"reglementation-de-lentretien-des-haies-dans-le-departement-des-vosges","status":"publish","type":"post","link":"https:\/\/etival.fr\/?p=11733","title":{"rendered":"R\u00e9glementation de l\u2019entretien des haies dans le d\u00e9partement des Vosges"},"content":{"rendered":"\n<figure class=\"wp-block-image size-large\"><a href=\"https:\/\/etival.fr\/wp-content\/uploads\/2024\/02\/entretien-des-haies-scaled.jpg\"><img loading=\"lazy\" decoding=\"async\" width=\"1024\" height=\"680\" src=\"https:\/\/etival.fr\/wp-content\/uploads\/2024\/02\/entretien-des-haies-1024x680.jpg\" alt=\"\" class=\"wp-image-11734\" srcset=\"https:\/\/etival.fr\/wp-content\/uploads\/2024\/02\/entretien-des-haies-1024x680.jpg 1024w, https:\/\/etival.fr\/wp-content\/uploads\/2024\/02\/entretien-des-haies-300x199.jpg 300w, https:\/\/etival.fr\/wp-content\/uploads\/2024\/02\/entretien-des-haies-768x510.jpg 768w, https:\/\/etival.fr\/wp-content\/uploads\/2024\/02\/entretien-des-haies-1536x1020.jpg 1536w, https:\/\/etival.fr\/wp-content\/uploads\/2024\/02\/entretien-des-haies-2048x1359.jpg 2048w, https:\/\/etival.fr\/wp-content\/uploads\/2024\/02\/entretien-des-haies-624x414.jpg 624w\" sizes=\"auto, (max-width: 1024px) 100vw, 1024px\" \/><\/a><\/figure>\n\n\n\n<p>Sur l\u2019ensemble du d\u00e9partement des Vosges, il est interdit \u00e0 quiconque d\u2019effectuer des travaux (destruction, entretien, taille\u2026) sur les haies pendant une p\u00e9riode allant du 16 mars au 15 ao\u00fbt (arr\u00eat\u00e9 pr\u00e9fectoral 139 du 25 mai 2023).<\/p>\n\n\n\n<p>Les haies, structures v\u00e9g\u00e9tales lin\u00e9aires inf\u00e9rieures \u00e0 10&nbsp;m de largeur, associant arbres, arbustes et arbrisseaux, sont n\u00e9cessaires \u00e0 l\u2019alimentation, \u00e0 la reproduction, au repos ou \u00e0 la survie de nombreuses esp\u00e8ces. En effet, les haies h\u00e9bergent de nombreuses esp\u00e8ces&nbsp;: oiseaux, petit gibier, reptiles, insectes\u2026, dont la plupart sont en forte r\u00e9gression. Par exemple, avec la disparition des infrastructures agro\u00e9cologiques, dont font partie les haies, il est constat\u00e9 une baisse de 31&nbsp;% des oiseaux communs agricoles (entre 2009 et 2012). Cette \u00e9rosion des populations se poursuit.<\/p>\n\n\n\n<p>Les haies sont une source majeure de nourriture pour les animaux et, d\u2019une mani\u00e8re g\u00e9n\u00e9rale, participent au maintien de la biodiversit\u00e9 animale et v\u00e9g\u00e9tale<\/p>\n\n\n\n<p><a href=\"https:\/\/www.vosges.gouv.fr\/contenu\/telechargement\/24462\/171328\/file\/AP_329_2021.pdf\" target=\"_blank\" rel=\"noreferrer noopener\">T\u00e9l\u00e9charger Arr\u00eat\u00e9 n\u00b0329\/2021\/DDT du 14\/12\/2021\u00a0<\/a><\/p>\n\n\n\n<p><a href=\"https:\/\/www.vosges.gouv.fr\/contenu\/telechargement\/26607\/210874\/file\/AP_139_2023.pdf\" target=\"_blank\" rel=\"noreferrer noopener\">T\u00e9l\u00e9charger Arr\u00eat\u00e9 n\u00b0139\/2023\/DDT du 25\/05\/2023 modifiant les dates d&rsquo;entretien des haies\u00a0<\/a><\/p>\n\n\n\n<p><a href=\"https:\/\/www.vosges.gouv.fr\/contenu\/telechargement\/26608\/210879\/file\/Biodiversit'Haie%20OK-1.pdf\" target=\"_blank\" rel=\"noreferrer noopener\">T\u00e9l\u00e9charger Plaquette \u00ab\u00a0Pr\u00e9servons la biodiversit&rsquo;HAIE\u00a0\u00bb\u00a0<\/a><\/p>\n","protected":false},"excerpt":{"rendered":"<p>Sur l\u2019ensemble du d\u00e9partement des Vosges, il est interdit \u00e0 quiconque d\u2019effectuer des travaux (destruction, entretien, taille\u2026) sur les haies pendant une p\u00e9riode allant du 16 mars au 15 ao\u00fbt (arr\u00eat\u00e9 pr\u00e9fectoral 139 du 25 mai 2023). Les haies, structures v\u00e9g\u00e9tales lin\u00e9aires inf\u00e9rieures \u00e0 10&nbsp;m de largeur, associant arbres, arbustes et arbrisseaux, sont n\u00e9cessaires \u00e0 [&hellip;]<\/p>\n","protected":false},"author":2,"featured_media":0,"comment_status":"closed","ping_status":"open","sticky":false,"template":"","format":"standard","meta":{"footnotes":""},"categories":[6],"tags":[],"class_list":["post-11733","post","type-post","status-publish","format-standard","hentry","category-informations-municipales"],"yoast_head":"<!-- This site is optimized with the Yoast SEO plugin v26.8 - https:\/\/yoast.com\/product\/yoast-seo-wordpress\/ -->\n<title>R\u00e9glementation de l\u2019entretien des haies dans le d\u00e9partement des Vosges - Etival-Clairefontaine<\/title>\n<meta name=\"robots\" content=\"index, follow, max-snippet:-1, max-image-preview:large, max-video-preview:-1\" \/>\n<link rel=\"canonical\" href=\"https:\/\/etival.fr\/?p=11733\" \/>\n<meta property=\"og:locale\" content=\"fr_FR\" \/>\n<meta property=\"og:type\" content=\"article\" \/>\n<meta property=\"og:title\" content=\"R\u00e9glementation de l\u2019entretien des haies dans le d\u00e9partement des Vosges - Etival-Clairefontaine\" \/>\n<meta property=\"og:description\" content=\"Sur l\u2019ensemble du d\u00e9partement des Vosges, il est interdit \u00e0 quiconque d\u2019effectuer des travaux (destruction, entretien, taille\u2026) sur les haies pendant une p\u00e9riode allant du 16 mars au 15 ao\u00fbt (arr\u00eat\u00e9 pr\u00e9fectoral 139 du 25 mai 2023). Les haies, structures v\u00e9g\u00e9tales lin\u00e9aires inf\u00e9rieures \u00e0 10&nbsp;m de largeur, associant arbres, arbustes et arbrisseaux, sont n\u00e9cessaires \u00e0 [&hellip;]\" \/>\n<meta property=\"og:url\" content=\"https:\/\/etival.fr\/?p=11733\" \/>\n<meta property=\"og:site_name\" content=\"Etival-Clairefontaine\" \/>\n<meta property=\"article:published_time\" content=\"2024-02-21T14:50:03+00:00\" \/>\n<meta property=\"article:modified_time\" content=\"2024-02-21T14:50:04+00:00\" \/>\n<meta property=\"og:image\" content=\"https:\/\/etival.fr\/wp-content\/uploads\/2024\/02\/entretien-des-haies-1024x680.jpg\" \/>\n<meta name=\"author\" content=\"Catherine\" \/>\n<meta name=\"twitter:card\" content=\"summary_large_image\" \/>\n<meta name=\"twitter:label1\" content=\"\u00c9crit par\" \/>\n\t<meta name=\"twitter:data1\" content=\"Catherine\" \/>\n\t<meta name=\"twitter:label2\" content=\"Dur\u00e9e de lecture estim\u00e9e\" \/>\n\t<meta name=\"twitter:data2\" content=\"2 minutes\" \/>\n<script type=\"application\/ld+json\" class=\"yoast-schema-graph\">{\"@context\":\"https:\/\/schema.org\",\"@graph\":[{\"@type\":\"Article\",\"@id\":\"https:\/\/etival.fr\/?p=11733#article\",\"isPartOf\":{\"@id\":\"https:\/\/etival.fr\/?p=11733\"},\"author\":{\"name\":\"Catherine\",\"@id\":\"https:\/\/etival.fr\/#\/schema\/person\/966767531f422984430588510b8d4c3f\"},\"headline\":\"R\u00e9glementation de l\u2019entretien des haies dans le d\u00e9partement des Vosges\",\"datePublished\":\"2024-02-21T14:50:03+00:00\",\"dateModified\":\"2024-02-21T14:50:04+00:00\",\"mainEntityOfPage\":{\"@id\":\"https:\/\/etival.fr\/?p=11733\"},\"wordCount\":205,\"image\":{\"@id\":\"https:\/\/etival.fr\/?p=11733#primaryimage\"},\"thumbnailUrl\":\"https:\/\/etival.fr\/wp-content\/uploads\/2024\/02\/entretien-des-haies-1024x680.jpg\",\"articleSection\":[\"Informations Municipales\"],\"inLanguage\":\"fr-FR\"},{\"@type\":\"WebPage\",\"@id\":\"https:\/\/etival.fr\/?p=11733\",\"url\":\"https:\/\/etival.fr\/?p=11733\",\"name\":\"R\u00e9glementation de l\u2019entretien des haies dans le d\u00e9partement des Vosges - Etival-Clairefontaine\",\"isPartOf\":{\"@id\":\"https:\/\/etival.fr\/#website\"},\"primaryImageOfPage\":{\"@id\":\"https:\/\/etival.fr\/?p=11733#primaryimage\"},\"image\":{\"@id\":\"https:\/\/etival.fr\/?p=11733#primaryimage\"},\"thumbnailUrl\":\"https:\/\/etival.fr\/wp-content\/uploads\/2024\/02\/entretien-des-haies-1024x680.jpg\",\"datePublished\":\"2024-02-21T14:50:03+00:00\",\"dateModified\":\"2024-02-21T14:50:04+00:00\",\"author\":{\"@id\":\"https:\/\/etival.fr\/#\/schema\/person\/966767531f422984430588510b8d4c3f\"},\"breadcrumb\":{\"@id\":\"https:\/\/etival.fr\/?p=11733#breadcrumb\"},\"inLanguage\":\"fr-FR\",\"potentialAction\":[{\"@type\":\"ReadAction\",\"target\":[\"https:\/\/etival.fr\/?p=11733\"]}]},{\"@type\":\"ImageObject\",\"inLanguage\":\"fr-FR\",\"@id\":\"https:\/\/etival.fr\/?p=11733#primaryimage\",\"url\":\"https:\/\/etival.fr\/wp-content\/uploads\/2024\/02\/entretien-des-haies-scaled.jpg\",\"contentUrl\":\"https:\/\/etival.fr\/wp-content\/uploads\/2024\/02\/entretien-des-haies-scaled.jpg\",\"width\":2560,\"height\":1699},{\"@type\":\"BreadcrumbList\",\"@id\":\"https:\/\/etival.fr\/?p=11733#breadcrumb\",\"itemListElement\":[{\"@type\":\"ListItem\",\"position\":1,\"name\":\"Accueil\",\"item\":\"https:\/\/etival.fr\/\"},{\"@type\":\"ListItem\",\"position\":2,\"name\":\"R\u00e9glementation de l\u2019entretien des haies dans le d\u00e9partement des Vosges\"}]},{\"@type\":\"WebSite\",\"@id\":\"https:\/\/etival.fr\/#website\",\"url\":\"https:\/\/etival.fr\/\",\"name\":\"Etival-Clairefontaine\",\"description\":\"Informations et actualit\u00e9s de la commune\",\"potentialAction\":[{\"@type\":\"SearchAction\",\"target\":{\"@type\":\"EntryPoint\",\"urlTemplate\":\"https:\/\/etival.fr\/?s={search_term_string}\"},\"query-input\":{\"@type\":\"PropertyValueSpecification\",\"valueRequired\":true,\"valueName\":\"search_term_string\"}}],\"inLanguage\":\"fr-FR\"},{\"@type\":\"Person\",\"@id\":\"https:\/\/etival.fr\/#\/schema\/person\/966767531f422984430588510b8d4c3f\",\"name\":\"Catherine\",\"image\":{\"@type\":\"ImageObject\",\"inLanguage\":\"fr-FR\",\"@id\":\"https:\/\/etival.fr\/#\/schema\/person\/image\/\",\"url\":\"https:\/\/secure.gravatar.com\/avatar\/b99eff3bf59bd614e6c532df451dc649?s=96&d=mm&r=g\",\"contentUrl\":\"https:\/\/secure.gravatar.com\/avatar\/b99eff3bf59bd614e6c532df451dc649?s=96&d=mm&r=g\",\"caption\":\"Catherine\"},\"url\":\"https:\/\/etival.fr\/?author=2\"}]}<\/script>\n<!-- \/ Yoast SEO plugin. -->","yoast_head_json":{"title":"R\u00e9glementation de l\u2019entretien des haies dans le d\u00e9partement des Vosges - Etival-Clairefontaine","robots":{"index":"index","follow":"follow","max-snippet":"max-snippet:-1","max-image-preview":"max-image-preview:large","max-video-preview":"max-video-preview:-1"},"canonical":"https:\/\/etival.fr\/?p=11733","og_locale":"fr_FR","og_type":"article","og_title":"R\u00e9glementation de l\u2019entretien des haies dans le d\u00e9partement des Vosges - Etival-Clairefontaine","og_description":"Sur l\u2019ensemble du d\u00e9partement des Vosges, il est interdit \u00e0 quiconque d\u2019effectuer des travaux (destruction, entretien, taille\u2026) sur les haies pendant une p\u00e9riode allant du 16 mars au 15 ao\u00fbt (arr\u00eat\u00e9 pr\u00e9fectoral 139 du 25 mai 2023). Les haies, structures v\u00e9g\u00e9tales lin\u00e9aires inf\u00e9rieures \u00e0 10&nbsp;m de largeur, associant arbres, arbustes et arbrisseaux, sont n\u00e9cessaires \u00e0 [&hellip;]","og_url":"https:\/\/etival.fr\/?p=11733","og_site_name":"Etival-Clairefontaine","article_published_time":"2024-02-21T14:50:03+00:00","article_modified_time":"2024-02-21T14:50:04+00:00","og_image":[{"url":"https:\/\/etival.fr\/wp-content\/uploads\/2024\/02\/entretien-des-haies-1024x680.jpg","type":"","width":"","height":""}],"author":"Catherine","twitter_card":"summary_large_image","twitter_misc":{"\u00c9crit par":"Catherine","Dur\u00e9e de lecture estim\u00e9e":"2 minutes"},"schema":{"@context":"https:\/\/schema.org","@graph":[{"@type":"Article","@id":"https:\/\/etival.fr\/?p=11733#article","isPartOf":{"@id":"https:\/\/etival.fr\/?p=11733"},"author":{"name":"Catherine","@id":"https:\/\/etival.fr\/#\/schema\/person\/966767531f422984430588510b8d4c3f"},"headline":"R\u00e9glementation de l\u2019entretien des haies dans le d\u00e9partement des Vosges","datePublished":"2024-02-21T14:50:03+00:00","dateModified":"2024-02-21T14:50:04+00:00","mainEntityOfPage":{"@id":"https:\/\/etival.fr\/?p=11733"},"wordCount":205,"image":{"@id":"https:\/\/etival.fr\/?p=11733#primaryimage"},"thumbnailUrl":"https:\/\/etival.fr\/wp-content\/uploads\/2024\/02\/entretien-des-haies-1024x680.jpg","articleSection":["Informations Municipales"],"inLanguage":"fr-FR"},{"@type":"WebPage","@id":"https:\/\/etival.fr\/?p=11733","url":"https:\/\/etival.fr\/?p=11733","name":"R\u00e9glementation de l\u2019entretien des haies dans le d\u00e9partement des Vosges - Etival-Clairefontaine","isPartOf":{"@id":"https:\/\/etival.fr\/#website"},"primaryImageOfPage":{"@id":"https:\/\/etival.fr\/?p=11733#primaryimage"},"image":{"@id":"https:\/\/etival.fr\/?p=11733#primaryimage"},"thumbnailUrl":"https:\/\/etival.fr\/wp-content\/uploads\/2024\/02\/entretien-des-haies-1024x680.jpg","datePublished":"2024-02-21T14:50:03+00:00","dateModified":"2024-02-21T14:50:04+00:00","author":{"@id":"https:\/\/etival.fr\/#\/schema\/person\/966767531f422984430588510b8d4c3f"},"breadcrumb":{"@id":"https:\/\/etival.fr\/?p=11733#breadcrumb"},"inLanguage":"fr-FR","potentialAction":[{"@type":"ReadAction","target":["https:\/\/etival.fr\/?p=11733"]}]},{"@type":"ImageObject","inLanguage":"fr-FR","@id":"https:\/\/etival.fr\/?p=11733#primaryimage","url":"https:\/\/etival.fr\/wp-content\/uploads\/2024\/02\/entretien-des-haies-scaled.jpg","contentUrl":"https:\/\/etival.fr\/wp-content\/uploads\/2024\/02\/entretien-des-haies-scaled.jpg","width":2560,"height":1699},{"@type":"BreadcrumbList","@id":"https:\/\/etival.fr\/?p=11733#breadcrumb","itemListElement":[{"@type":"ListItem","position":1,"name":"Accueil","item":"https:\/\/etival.fr\/"},{"@type":"ListItem","position":2,"name":"R\u00e9glementation de l\u2019entretien des haies dans le d\u00e9partement des Vosges"}]},{"@type":"WebSite","@id":"https:\/\/etival.fr\/#website","url":"https:\/\/etival.fr\/","name":"Etival-Clairefontaine","description":"Informations et actualit\u00e9s de la commune","potentialAction":[{"@type":"SearchAction","target":{"@type":"EntryPoint","urlTemplate":"https:\/\/etival.fr\/?s={search_term_string}"},"query-input":{"@type":"PropertyValueSpecification","valueRequired":true,"valueName":"search_term_string"}}],"inLanguage":"fr-FR"},{"@type":"Person","@id":"https:\/\/etival.fr\/#\/schema\/person\/966767531f422984430588510b8d4c3f","name":"Catherine","image":{"@type":"ImageObject","inLanguage":"fr-FR","@id":"https:\/\/etival.fr\/#\/schema\/person\/image\/","url":"https:\/\/secure.gravatar.com\/avatar\/b99eff3bf59bd614e6c532df451dc649?s=96&d=mm&r=g","contentUrl":"https:\/\/secure.gravatar.com\/avatar\/b99eff3bf59bd614e6c532df451dc649?s=96&d=mm&r=g","caption":"Catherine"},"url":"https:\/\/etival.fr\/?author=2"}]}},"_links":{"self":[{"href":"https:\/\/etival.fr\/index.php?rest_route=\/wp\/v2\/posts\/11733","targetHints":{"allow":["GET"]}}],"collection":[{"href":"https:\/\/etival.fr\/index.php?rest_route=\/wp\/v2\/posts"}],"about":[{"href":"https:\/\/etival.fr\/index.php?rest_route=\/wp\/v2\/types\/post"}],"author":[{"embeddable":true,"href":"https:\/\/etival.fr\/index.php?rest_route=\/wp\/v2\/users\/2"}],"replies":[{"embeddable":true,"href":"https:\/\/etival.fr\/index.php?rest_route=%2Fwp%2Fv2%2Fcomments&post=11733"}],"version-history":[{"count":1,"href":"https:\/\/etival.fr\/index.php?rest_route=\/wp\/v2\/posts\/11733\/revisions"}],"predecessor-version":[{"id":11735,"href":"https:\/\/etival.fr\/index.php?rest_route=\/wp\/v2\/posts\/11733\/revisions\/11735"}],"wp:attachment":[{"href":"https:\/\/etival.fr\/index.php?rest_route=%2Fwp%2Fv2%2Fmedia&parent=11733"}],"wp:term":[{"taxonomy":"category","embeddable":true,"href":"https:\/\/etival.fr\/index.php?rest_route=%2Fwp%2Fv2%2Fcategories&post=11733"},{"taxonomy":"post_tag","embeddable":true,"href":"https:\/\/etival.fr\/index.php?rest_route=%2Fwp%2Fv2%2Ftags&post=11733"}],"curies":[{"name":"wp","href":"https:\/\/api.w.org\/{rel}","templated":true}]}}