{"id":11742,"date":"2024-02-23T11:17:01","date_gmt":"2024-02-23T10:17:01","guid":{"rendered":"https:\/\/etival.fr\/?p=11742"},"modified":"2024-02-23T11:18:03","modified_gmt":"2024-02-23T10:18:03","slug":"vacances-de-fevrier-au-cajs","status":"publish","type":"post","link":"https:\/\/etival.fr\/?p=11742","title":{"rendered":"Vacances de f\u00e9vrier au CAJS"},"content":{"rendered":"\n<figure class=\"wp-block-gallery has-nested-images columns-default is-cropped wp-block-gallery-1 is-layout-flex wp-block-gallery-is-layout-flex\">\n<figure class=\"wp-block-image size-large\"><a href=\"https:\/\/etival.fr\/wp-content\/uploads\/2024\/02\/Livret-Fevrier-2024_Page_1-1-scaled.jpg\"><img loading=\"lazy\" decoding=\"async\" width=\"1024\" height=\"768\" data-id=\"11744\" src=\"https:\/\/etival.fr\/wp-content\/uploads\/2024\/02\/Livret-Fevrier-2024_Page_1-1-1024x768.jpg\" alt=\"\" class=\"wp-image-11744\" srcset=\"https:\/\/etival.fr\/wp-content\/uploads\/2024\/02\/Livret-Fevrier-2024_Page_1-1-1024x768.jpg 1024w, https:\/\/etival.fr\/wp-content\/uploads\/2024\/02\/Livret-Fevrier-2024_Page_1-1-300x225.jpg 300w, https:\/\/etival.fr\/wp-content\/uploads\/2024\/02\/Livret-Fevrier-2024_Page_1-1-768x576.jpg 768w, https:\/\/etival.fr\/wp-content\/uploads\/2024\/02\/Livret-Fevrier-2024_Page_1-1-1536x1152.jpg 1536w, https:\/\/etival.fr\/wp-content\/uploads\/2024\/02\/Livret-Fevrier-2024_Page_1-1-2048x1536.jpg 2048w, https:\/\/etival.fr\/wp-content\/uploads\/2024\/02\/Livret-Fevrier-2024_Page_1-1-624x468.jpg 624w\" sizes=\"auto, (max-width: 1024px) 100vw, 1024px\" \/><\/a><\/figure>\n<\/figure>\n\n\n\n<p class=\"has-blue-color has-text-color has-link-color has-large-font-size wp-elements-7ec41c0e0c5839addcf25355b0298e49\">Livret \u00e0 t\u00e9l\u00e9charger <strong><a href=\"https:\/\/etival.fr\/wp-content\/uploads\/2024\/02\/Livret-Fevrier-2024.pdf\">ICI<\/a><\/strong><\/p>\n\n\n\n<p><\/p>\n\n\n\n<figure class=\"wp-block-gallery has-nested-images columns-default is-cropped wp-block-gallery-2 is-layout-flex wp-block-gallery-is-layout-flex\">\n<figure class=\"wp-block-image size-large\"><a href=\"https:\/\/etival.fr\/wp-content\/uploads\/2024\/02\/planning-petits-1ere-semaine_Page_1.jpg\"><img loading=\"lazy\" decoding=\"async\" width=\"1024\" height=\"637\" data-id=\"11746\" src=\"https:\/\/etival.fr\/wp-content\/uploads\/2024\/02\/planning-petits-1ere-semaine_Page_1-1024x637.jpg\" alt=\"\" class=\"wp-image-11746\" srcset=\"https:\/\/etival.fr\/wp-content\/uploads\/2024\/02\/planning-petits-1ere-semaine_Page_1-1024x637.jpg 1024w, https:\/\/etival.fr\/wp-content\/uploads\/2024\/02\/planning-petits-1ere-semaine_Page_1-300x187.jpg 300w, https:\/\/etival.fr\/wp-content\/uploads\/2024\/02\/planning-petits-1ere-semaine_Page_1-768x478.jpg 768w, https:\/\/etival.fr\/wp-content\/uploads\/2024\/02\/planning-petits-1ere-semaine_Page_1-624x388.jpg 624w, https:\/\/etival.fr\/wp-content\/uploads\/2024\/02\/planning-petits-1ere-semaine_Page_1.jpg 1369w\" sizes=\"auto, (max-width: 1024px) 100vw, 1024px\" \/><\/a><\/figure>\n\n\n\n<figure class=\"wp-block-image size-large\"><a href=\"https:\/\/etival.fr\/wp-content\/uploads\/2024\/02\/plannning-petits-2eme-semaine.jpg\"><img loading=\"lazy\" decoding=\"async\" width=\"1024\" height=\"660\" data-id=\"11745\" src=\"https:\/\/etival.fr\/wp-content\/uploads\/2024\/02\/plannning-petits-2eme-semaine-1024x660.jpg\" alt=\"\" class=\"wp-image-11745\" srcset=\"https:\/\/etival.fr\/wp-content\/uploads\/2024\/02\/plannning-petits-2eme-semaine-1024x660.jpg 1024w, https:\/\/etival.fr\/wp-content\/uploads\/2024\/02\/plannning-petits-2eme-semaine-300x193.jpg 300w, https:\/\/etival.fr\/wp-content\/uploads\/2024\/02\/plannning-petits-2eme-semaine-768x495.jpg 768w, https:\/\/etival.fr\/wp-content\/uploads\/2024\/02\/plannning-petits-2eme-semaine-1536x990.jpg 1536w, https:\/\/etival.fr\/wp-content\/uploads\/2024\/02\/plannning-petits-2eme-semaine-2048x1320.jpg 2048w, https:\/\/etival.fr\/wp-content\/uploads\/2024\/02\/plannning-petits-2eme-semaine-624x402.jpg 624w\" sizes=\"auto, (max-width: 1024px) 100vw, 1024px\" \/><\/a><\/figure>\n<\/figure>\n\n\n\n<figure class=\"wp-block-image size-large\"><a href=\"https:\/\/etival.fr\/wp-content\/uploads\/2024\/02\/Livret-Fevrier-2024_Page_8-scaled.jpg\"><img loading=\"lazy\" decoding=\"async\" width=\"1024\" height=\"771\" src=\"https:\/\/etival.fr\/wp-content\/uploads\/2024\/02\/Livret-Fevrier-2024_Page_8-1024x771.jpg\" alt=\"\" class=\"wp-image-11747\" srcset=\"https:\/\/etival.fr\/wp-content\/uploads\/2024\/02\/Livret-Fevrier-2024_Page_8-1024x771.jpg 1024w, https:\/\/etival.fr\/wp-content\/uploads\/2024\/02\/Livret-Fevrier-2024_Page_8-300x226.jpg 300w, https:\/\/etival.fr\/wp-content\/uploads\/2024\/02\/Livret-Fevrier-2024_Page_8-768x578.jpg 768w, https:\/\/etival.fr\/wp-content\/uploads\/2024\/02\/Livret-Fevrier-2024_Page_8-1536x1157.jpg 1536w, https:\/\/etival.fr\/wp-content\/uploads\/2024\/02\/Livret-Fevrier-2024_Page_8-2048x1543.jpg 2048w, https:\/\/etival.fr\/wp-content\/uploads\/2024\/02\/Livret-Fevrier-2024_Page_8-624x470.jpg 624w\" sizes=\"auto, (max-width: 1024px) 100vw, 1024px\" \/><\/a><\/figure>\n","protected":false},"excerpt":{"rendered":"<p>Livret \u00e0 t\u00e9l\u00e9charger ICI<\/p>\n","protected":false},"author":2,"featured_media":0,"comment_status":"closed","ping_status":"open","sticky":false,"template":"","format":"standard","meta":{"footnotes":""},"categories":[6],"tags":[],"class_list":["post-11742","post","type-post","status-publish","format-standard","hentry","category-informations-municipales"],"yoast_head":"<!-- This site is optimized with the Yoast SEO plugin v26.8 - https:\/\/yoast.com\/product\/yoast-seo-wordpress\/ -->\n<title>Vacances de f\u00e9vrier au CAJS - Etival-Clairefontaine<\/title>\n<meta name=\"robots\" content=\"index, follow, max-snippet:-1, max-image-preview:large, max-video-preview:-1\" \/>\n<link rel=\"canonical\" href=\"https:\/\/etival.fr\/?p=11742\" \/>\n<meta property=\"og:locale\" content=\"fr_FR\" \/>\n<meta property=\"og:type\" content=\"article\" \/>\n<meta property=\"og:title\" content=\"Vacances de f\u00e9vrier au CAJS - Etival-Clairefontaine\" \/>\n<meta property=\"og:description\" content=\"Livret \u00e0 t\u00e9l\u00e9charger ICI\" \/>\n<meta property=\"og:url\" content=\"https:\/\/etival.fr\/?p=11742\" \/>\n<meta property=\"og:site_name\" content=\"Etival-Clairefontaine\" \/>\n<meta property=\"article:published_time\" content=\"2024-02-23T10:17:01+00:00\" \/>\n<meta property=\"article:modified_time\" content=\"2024-02-23T10:18:03+00:00\" \/>\n<meta property=\"og:image\" content=\"https:\/\/etival.fr\/wp-content\/uploads\/2024\/02\/Livret-Fevrier-2024_Page_1-1-1024x768.jpg\" \/>\n<meta name=\"author\" content=\"Catherine\" \/>\n<meta name=\"twitter:card\" content=\"summary_large_image\" \/>\n<meta name=\"twitter:label1\" content=\"\u00c9crit par\" \/>\n\t<meta name=\"twitter:data1\" content=\"Catherine\" \/>\n\t<meta name=\"twitter:label2\" content=\"Dur\u00e9e de lecture estim\u00e9e\" \/>\n\t<meta name=\"twitter:data2\" content=\"1 minute\" \/>\n<script type=\"application\/ld+json\" class=\"yoast-schema-graph\">{\"@context\":\"https:\/\/schema.org\",\"@graph\":[{\"@type\":\"Article\",\"@id\":\"https:\/\/etival.fr\/?p=11742#article\",\"isPartOf\":{\"@id\":\"https:\/\/etival.fr\/?p=11742\"},\"author\":{\"name\":\"Catherine\",\"@id\":\"https:\/\/etival.fr\/#\/schema\/person\/966767531f422984430588510b8d4c3f\"},\"headline\":\"Vacances de f\u00e9vrier au CAJS\",\"datePublished\":\"2024-02-23T10:17:01+00:00\",\"dateModified\":\"2024-02-23T10:18:03+00:00\",\"mainEntityOfPage\":{\"@id\":\"https:\/\/etival.fr\/?p=11742\"},\"wordCount\":11,\"image\":{\"@id\":\"https:\/\/etival.fr\/?p=11742#primaryimage\"},\"thumbnailUrl\":\"https:\/\/etival.fr\/wp-content\/uploads\/2024\/02\/Livret-Fevrier-2024_Page_1-1-1024x768.jpg\",\"articleSection\":[\"Informations Municipales\"],\"inLanguage\":\"fr-FR\"},{\"@type\":\"WebPage\",\"@id\":\"https:\/\/etival.fr\/?p=11742\",\"url\":\"https:\/\/etival.fr\/?p=11742\",\"name\":\"Vacances de f\u00e9vrier au CAJS - Etival-Clairefontaine\",\"isPartOf\":{\"@id\":\"https:\/\/etival.fr\/#website\"},\"primaryImageOfPage\":{\"@id\":\"https:\/\/etival.fr\/?p=11742#primaryimage\"},\"image\":{\"@id\":\"https:\/\/etival.fr\/?p=11742#primaryimage\"},\"thumbnailUrl\":\"https:\/\/etival.fr\/wp-content\/uploads\/2024\/02\/Livret-Fevrier-2024_Page_1-1-1024x768.jpg\",\"datePublished\":\"2024-02-23T10:17:01+00:00\",\"dateModified\":\"2024-02-23T10:18:03+00:00\",\"author\":{\"@id\":\"https:\/\/etival.fr\/#\/schema\/person\/966767531f422984430588510b8d4c3f\"},\"breadcrumb\":{\"@id\":\"https:\/\/etival.fr\/?p=11742#breadcrumb\"},\"inLanguage\":\"fr-FR\",\"potentialAction\":[{\"@type\":\"ReadAction\",\"target\":[\"https:\/\/etival.fr\/?p=11742\"]}]},{\"@type\":\"ImageObject\",\"inLanguage\":\"fr-FR\",\"@id\":\"https:\/\/etival.fr\/?p=11742#primaryimage\",\"url\":\"https:\/\/etival.fr\/wp-content\/uploads\/2024\/02\/Livret-Fevrier-2024_Page_1-1-scaled.jpg\",\"contentUrl\":\"https:\/\/etival.fr\/wp-content\/uploads\/2024\/02\/Livret-Fevrier-2024_Page_1-1-scaled.jpg\",\"width\":2560,\"height\":1920},{\"@type\":\"BreadcrumbList\",\"@id\":\"https:\/\/etival.fr\/?p=11742#breadcrumb\",\"itemListElement\":[{\"@type\":\"ListItem\",\"position\":1,\"name\":\"Accueil\",\"item\":\"https:\/\/etival.fr\/\"},{\"@type\":\"ListItem\",\"position\":2,\"name\":\"Vacances de f\u00e9vrier au CAJS\"}]},{\"@type\":\"WebSite\",\"@id\":\"https:\/\/etival.fr\/#website\",\"url\":\"https:\/\/etival.fr\/\",\"name\":\"Etival-Clairefontaine\",\"description\":\"Informations et actualit\u00e9s de la commune\",\"potentialAction\":[{\"@type\":\"SearchAction\",\"target\":{\"@type\":\"EntryPoint\",\"urlTemplate\":\"https:\/\/etival.fr\/?s={search_term_string}\"},\"query-input\":{\"@type\":\"PropertyValueSpecification\",\"valueRequired\":true,\"valueName\":\"search_term_string\"}}],\"inLanguage\":\"fr-FR\"},{\"@type\":\"Person\",\"@id\":\"https:\/\/etival.fr\/#\/schema\/person\/966767531f422984430588510b8d4c3f\",\"name\":\"Catherine\",\"image\":{\"@type\":\"ImageObject\",\"inLanguage\":\"fr-FR\",\"@id\":\"https:\/\/etival.fr\/#\/schema\/person\/image\/\",\"url\":\"https:\/\/secure.gravatar.com\/avatar\/b99eff3bf59bd614e6c532df451dc649?s=96&d=mm&r=g\",\"contentUrl\":\"https:\/\/secure.gravatar.com\/avatar\/b99eff3bf59bd614e6c532df451dc649?s=96&d=mm&r=g\",\"caption\":\"Catherine\"},\"url\":\"https:\/\/etival.fr\/?author=2\"}]}<\/script>\n<!-- \/ Yoast SEO plugin. -->","yoast_head_json":{"title":"Vacances de f\u00e9vrier au CAJS - Etival-Clairefontaine","robots":{"index":"index","follow":"follow","max-snippet":"max-snippet:-1","max-image-preview":"max-image-preview:large","max-video-preview":"max-video-preview:-1"},"canonical":"https:\/\/etival.fr\/?p=11742","og_locale":"fr_FR","og_type":"article","og_title":"Vacances de f\u00e9vrier au CAJS - Etival-Clairefontaine","og_description":"Livret \u00e0 t\u00e9l\u00e9charger ICI","og_url":"https:\/\/etival.fr\/?p=11742","og_site_name":"Etival-Clairefontaine","article_published_time":"2024-02-23T10:17:01+00:00","article_modified_time":"2024-02-23T10:18:03+00:00","og_image":[{"url":"https:\/\/etival.fr\/wp-content\/uploads\/2024\/02\/Livret-Fevrier-2024_Page_1-1-1024x768.jpg","type":"","width":"","height":""}],"author":"Catherine","twitter_card":"summary_large_image","twitter_misc":{"\u00c9crit par":"Catherine","Dur\u00e9e de lecture estim\u00e9e":"1 minute"},"schema":{"@context":"https:\/\/schema.org","@graph":[{"@type":"Article","@id":"https:\/\/etival.fr\/?p=11742#article","isPartOf":{"@id":"https:\/\/etival.fr\/?p=11742"},"author":{"name":"Catherine","@id":"https:\/\/etival.fr\/#\/schema\/person\/966767531f422984430588510b8d4c3f"},"headline":"Vacances de f\u00e9vrier au CAJS","datePublished":"2024-02-23T10:17:01+00:00","dateModified":"2024-02-23T10:18:03+00:00","mainEntityOfPage":{"@id":"https:\/\/etival.fr\/?p=11742"},"wordCount":11,"image":{"@id":"https:\/\/etival.fr\/?p=11742#primaryimage"},"thumbnailUrl":"https:\/\/etival.fr\/wp-content\/uploads\/2024\/02\/Livret-Fevrier-2024_Page_1-1-1024x768.jpg","articleSection":["Informations Municipales"],"inLanguage":"fr-FR"},{"@type":"WebPage","@id":"https:\/\/etival.fr\/?p=11742","url":"https:\/\/etival.fr\/?p=11742","name":"Vacances de f\u00e9vrier au CAJS - Etival-Clairefontaine","isPartOf":{"@id":"https:\/\/etival.fr\/#website"},"primaryImageOfPage":{"@id":"https:\/\/etival.fr\/?p=11742#primaryimage"},"image":{"@id":"https:\/\/etival.fr\/?p=11742#primaryimage"},"thumbnailUrl":"https:\/\/etival.fr\/wp-content\/uploads\/2024\/02\/Livret-Fevrier-2024_Page_1-1-1024x768.jpg","datePublished":"2024-02-23T10:17:01+00:00","dateModified":"2024-02-23T10:18:03+00:00","author":{"@id":"https:\/\/etival.fr\/#\/schema\/person\/966767531f422984430588510b8d4c3f"},"breadcrumb":{"@id":"https:\/\/etival.fr\/?p=11742#breadcrumb"},"inLanguage":"fr-FR","potentialAction":[{"@type":"ReadAction","target":["https:\/\/etival.fr\/?p=11742"]}]},{"@type":"ImageObject","inLanguage":"fr-FR","@id":"https:\/\/etival.fr\/?p=11742#primaryimage","url":"https:\/\/etival.fr\/wp-content\/uploads\/2024\/02\/Livret-Fevrier-2024_Page_1-1-scaled.jpg","contentUrl":"https:\/\/etival.fr\/wp-content\/uploads\/2024\/02\/Livret-Fevrier-2024_Page_1-1-scaled.jpg","width":2560,"height":1920},{"@type":"BreadcrumbList","@id":"https:\/\/etival.fr\/?p=11742#breadcrumb","itemListElement":[{"@type":"ListItem","position":1,"name":"Accueil","item":"https:\/\/etival.fr\/"},{"@type":"ListItem","position":2,"name":"Vacances de f\u00e9vrier au CAJS"}]},{"@type":"WebSite","@id":"https:\/\/etival.fr\/#website","url":"https:\/\/etival.fr\/","name":"Etival-Clairefontaine","description":"Informations et actualit\u00e9s de la commune","potentialAction":[{"@type":"SearchAction","target":{"@type":"EntryPoint","urlTemplate":"https:\/\/etival.fr\/?s={search_term_string}"},"query-input":{"@type":"PropertyValueSpecification","valueRequired":true,"valueName":"search_term_string"}}],"inLanguage":"fr-FR"},{"@type":"Person","@id":"https:\/\/etival.fr\/#\/schema\/person\/966767531f422984430588510b8d4c3f","name":"Catherine","image":{"@type":"ImageObject","inLanguage":"fr-FR","@id":"https:\/\/etival.fr\/#\/schema\/person\/image\/","url":"https:\/\/secure.gravatar.com\/avatar\/b99eff3bf59bd614e6c532df451dc649?s=96&d=mm&r=g","contentUrl":"https:\/\/secure.gravatar.com\/avatar\/b99eff3bf59bd614e6c532df451dc649?s=96&d=mm&r=g","caption":"Catherine"},"url":"https:\/\/etival.fr\/?author=2"}]}},"_links":{"self":[{"href":"https:\/\/etival.fr\/index.php?rest_route=\/wp\/v2\/posts\/11742","targetHints":{"allow":["GET"]}}],"collection":[{"href":"https:\/\/etival.fr\/index.php?rest_route=\/wp\/v2\/posts"}],"about":[{"href":"https:\/\/etival.fr\/index.php?rest_route=\/wp\/v2\/types\/post"}],"author":[{"embeddable":true,"href":"https:\/\/etival.fr\/index.php?rest_route=\/wp\/v2\/users\/2"}],"replies":[{"embeddable":true,"href":"https:\/\/etival.fr\/index.php?rest_route=%2Fwp%2Fv2%2Fcomments&post=11742"}],"version-history":[{"count":2,"href":"https:\/\/etival.fr\/index.php?rest_route=\/wp\/v2\/posts\/11742\/revisions"}],"predecessor-version":[{"id":11750,"href":"https:\/\/etival.fr\/index.php?rest_route=\/wp\/v2\/posts\/11742\/revisions\/11750"}],"wp:attachment":[{"href":"https:\/\/etival.fr\/index.php?rest_route=%2Fwp%2Fv2%2Fmedia&parent=11742"}],"wp:term":[{"taxonomy":"category","embeddable":true,"href":"https:\/\/etival.fr\/index.php?rest_route=%2Fwp%2Fv2%2Fcategories&post=11742"},{"taxonomy":"post_tag","embeddable":true,"href":"https:\/\/etival.fr\/index.php?rest_route=%2Fwp%2Fv2%2Ftags&post=11742"}],"curies":[{"name":"wp","href":"https:\/\/api.w.org\/{rel}","templated":true}]}}