{"id":11754,"date":"2024-02-27T16:01:32","date_gmt":"2024-02-27T15:01:32","guid":{"rendered":"https:\/\/etival.fr\/?p=11754"},"modified":"2024-02-27T16:03:10","modified_gmt":"2024-02-27T15:03:10","slug":"programme-du-mois-de-mars-a-la-mediatheque","status":"publish","type":"post","link":"https:\/\/etival.fr\/?p=11754","title":{"rendered":"Programme du mois de Mars \u00e0 la m\u00e9diath\u00e8que :"},"content":{"rendered":"\n<p><strong>Vendredi 1er mars &#8211; 16h00<\/strong><br>Emilie Meistersheim propose le conte musical Emilie Jolie.<\/p>\n\n\n\n<p><strong>Mardi 5 mars &#8211; 14h30<\/strong><br>Num\u00e9rica : Encre Num\u00e9rique<br>Cr\u00e9ation d&rsquo;une planche de BD sur l&rsquo;application BDNF &#8211; <em>R\u00e9servation souhait\u00e9e<\/em><\/p>\n\n\n\n<p><strong>Mercredi 6 mars &#8211; \u00e0 partir de 14h00<\/strong><br>1,2,3 jouez : Jeux de soci\u00e9t\u00e9 en famille &#8211; <em>R\u00e9servation souhait\u00e9e<\/em><\/p>\n\n\n\n<p><strong>Mercredi 13 Mars &#8211; 9h30<\/strong><br>P&rsquo;tits Lus : les couleurs<\/p>\n\n\n\n<p><strong>Mercredi 20 mars -14h30<\/strong><br>Eveil musical par Elise Esbach &#8211; <em>\u00c0 partir de 6ans<\/em><\/p>\n\n\n\n<p><strong>&nbsp;Vendredi 22 mars &#8211; 18h00<\/strong><br>Lecture de po\u00e9sies par Christelle Th\u00e9bault et Nadine Ronsin, dans le cadre du 25e Printemps des Po\u00e8tes sur la gr\u00e2ce.<\/p>\n\n\n\n<p><strong>Samedi 23 mars<\/strong> <strong>\u00e0 partir de 14h00 :<\/strong><br>Tricote papote<\/p>\n\n\n\n<p><strong>15h00 :<\/strong> En avant la musique : Aznavour et les duos<\/p>\n\n\n\n<figure class=\"wp-block-gallery has-nested-images columns-default is-cropped wp-block-gallery-1 is-layout-flex wp-block-gallery-is-layout-flex\">\n<figure class=\"wp-block-image size-large\"><a href=\"https:\/\/etival.fr\/wp-content\/uploads\/2024\/02\/03_01-Emilie-Jolie-par.jpg\"><img loading=\"lazy\" decoding=\"async\" width=\"724\" height=\"1024\" data-id=\"11759\" src=\"https:\/\/etival.fr\/wp-content\/uploads\/2024\/02\/03_01-Emilie-Jolie-par-724x1024.jpg\" alt=\"\" class=\"wp-image-11759\" srcset=\"https:\/\/etival.fr\/wp-content\/uploads\/2024\/02\/03_01-Emilie-Jolie-par-724x1024.jpg 724w, https:\/\/etival.fr\/wp-content\/uploads\/2024\/02\/03_01-Emilie-Jolie-par-212x300.jpg 212w, https:\/\/etival.fr\/wp-content\/uploads\/2024\/02\/03_01-Emilie-Jolie-par-768x1086.jpg 768w, https:\/\/etival.fr\/wp-content\/uploads\/2024\/02\/03_01-Emilie-Jolie-par-1086x1536.jpg 1086w, https:\/\/etival.fr\/wp-content\/uploads\/2024\/02\/03_01-Emilie-Jolie-par-1448x2048.jpg 1448w, https:\/\/etival.fr\/wp-content\/uploads\/2024\/02\/03_01-Emilie-Jolie-par-624x883.jpg 624w, https:\/\/etival.fr\/wp-content\/uploads\/2024\/02\/03_01-Emilie-Jolie-par.jpg 1587w\" sizes=\"auto, (max-width: 724px) 100vw, 724px\" \/><\/a><\/figure>\n\n\n\n<figure class=\"wp-block-image size-large\"><a href=\"https:\/\/etival.fr\/wp-content\/uploads\/2024\/02\/03_05-Numerica.jpg\"><img loading=\"lazy\" decoding=\"async\" width=\"724\" height=\"1024\" data-id=\"11763\" src=\"https:\/\/etival.fr\/wp-content\/uploads\/2024\/02\/03_05-Numerica-724x1024.jpg\" alt=\"\" class=\"wp-image-11763\" srcset=\"https:\/\/etival.fr\/wp-content\/uploads\/2024\/02\/03_05-Numerica-724x1024.jpg 724w, https:\/\/etival.fr\/wp-content\/uploads\/2024\/02\/03_05-Numerica-212x300.jpg 212w, https:\/\/etival.fr\/wp-content\/uploads\/2024\/02\/03_05-Numerica-768x1086.jpg 768w, https:\/\/etival.fr\/wp-content\/uploads\/2024\/02\/03_05-Numerica-1086x1536.jpg 1086w, https:\/\/etival.fr\/wp-content\/uploads\/2024\/02\/03_05-Numerica-1448x2048.jpg 1448w, https:\/\/etival.fr\/wp-content\/uploads\/2024\/02\/03_05-Numerica-624x883.jpg 624w, https:\/\/etival.fr\/wp-content\/uploads\/2024\/02\/03_05-Numerica.jpg 1587w\" sizes=\"auto, (max-width: 724px) 100vw, 724px\" \/><\/a><\/figure>\n\n\n\n<figure class=\"wp-block-image size-large\"><a href=\"https:\/\/etival.fr\/wp-content\/uploads\/2024\/02\/03_06-123-jouez-.jpg\"><img loading=\"lazy\" decoding=\"async\" width=\"724\" height=\"1024\" data-id=\"11764\" src=\"https:\/\/etival.fr\/wp-content\/uploads\/2024\/02\/03_06-123-jouez--724x1024.jpg\" alt=\"\" class=\"wp-image-11764\" srcset=\"https:\/\/etival.fr\/wp-content\/uploads\/2024\/02\/03_06-123-jouez--724x1024.jpg 724w, https:\/\/etival.fr\/wp-content\/uploads\/2024\/02\/03_06-123-jouez--212x300.jpg 212w, https:\/\/etival.fr\/wp-content\/uploads\/2024\/02\/03_06-123-jouez--768x1086.jpg 768w, https:\/\/etival.fr\/wp-content\/uploads\/2024\/02\/03_06-123-jouez--1086x1536.jpg 1086w, https:\/\/etival.fr\/wp-content\/uploads\/2024\/02\/03_06-123-jouez--624x883.jpg 624w, https:\/\/etival.fr\/wp-content\/uploads\/2024\/02\/03_06-123-jouez-.jpg 1414w\" sizes=\"auto, (max-width: 724px) 100vw, 724px\" \/><\/a><\/figure>\n\n\n\n<figure class=\"wp-block-image size-large\"><a href=\"https:\/\/etival.fr\/wp-content\/uploads\/2024\/02\/03_13-Ptits-lus.jpg\"><img loading=\"lazy\" decoding=\"async\" width=\"724\" height=\"1024\" data-id=\"11757\" src=\"https:\/\/etival.fr\/wp-content\/uploads\/2024\/02\/03_13-Ptits-lus-724x1024.jpg\" alt=\"\" class=\"wp-image-11757\" srcset=\"https:\/\/etival.fr\/wp-content\/uploads\/2024\/02\/03_13-Ptits-lus-724x1024.jpg 724w, https:\/\/etival.fr\/wp-content\/uploads\/2024\/02\/03_13-Ptits-lus-212x300.jpg 212w, https:\/\/etival.fr\/wp-content\/uploads\/2024\/02\/03_13-Ptits-lus-768x1086.jpg 768w, https:\/\/etival.fr\/wp-content\/uploads\/2024\/02\/03_13-Ptits-lus-1086x1536.jpg 1086w, https:\/\/etival.fr\/wp-content\/uploads\/2024\/02\/03_13-Ptits-lus-624x883.jpg 624w, https:\/\/etival.fr\/wp-content\/uploads\/2024\/02\/03_13-Ptits-lus.jpg 1414w\" sizes=\"auto, (max-width: 724px) 100vw, 724px\" \/><\/a><\/figure>\n\n\n\n<figure class=\"wp-block-image size-large\"><a href=\"https:\/\/etival.fr\/wp-content\/uploads\/2024\/02\/03_20-eveil-musical.jpg\"><img loading=\"lazy\" decoding=\"async\" width=\"724\" height=\"1024\" data-id=\"11762\" src=\"https:\/\/etival.fr\/wp-content\/uploads\/2024\/02\/03_20-eveil-musical-724x1024.jpg\" alt=\"\" class=\"wp-image-11762\" srcset=\"https:\/\/etival.fr\/wp-content\/uploads\/2024\/02\/03_20-eveil-musical-724x1024.jpg 724w, https:\/\/etival.fr\/wp-content\/uploads\/2024\/02\/03_20-eveil-musical-212x300.jpg 212w, https:\/\/etival.fr\/wp-content\/uploads\/2024\/02\/03_20-eveil-musical-768x1086.jpg 768w, https:\/\/etival.fr\/wp-content\/uploads\/2024\/02\/03_20-eveil-musical-1086x1536.jpg 1086w, https:\/\/etival.fr\/wp-content\/uploads\/2024\/02\/03_20-eveil-musical-1448x2048.jpg 1448w, https:\/\/etival.fr\/wp-content\/uploads\/2024\/02\/03_20-eveil-musical-624x883.jpg 624w, https:\/\/etival.fr\/wp-content\/uploads\/2024\/02\/03_20-eveil-musical.jpg 1587w\" sizes=\"auto, (max-width: 724px) 100vw, 724px\" \/><\/a><\/figure>\n\n\n\n<figure class=\"wp-block-image size-large\"><a href=\"https:\/\/etival.fr\/wp-content\/uploads\/2024\/02\/03_22-Poesie.jpg\"><img loading=\"lazy\" decoding=\"async\" width=\"724\" height=\"1024\" data-id=\"11761\" src=\"https:\/\/etival.fr\/wp-content\/uploads\/2024\/02\/03_22-Poesie-724x1024.jpg\" alt=\"\" class=\"wp-image-11761\" srcset=\"https:\/\/etival.fr\/wp-content\/uploads\/2024\/02\/03_22-Poesie-724x1024.jpg 724w, https:\/\/etival.fr\/wp-content\/uploads\/2024\/02\/03_22-Poesie-212x300.jpg 212w, https:\/\/etival.fr\/wp-content\/uploads\/2024\/02\/03_22-Poesie-768x1086.jpg 768w, https:\/\/etival.fr\/wp-content\/uploads\/2024\/02\/03_22-Poesie-1086x1536.jpg 1086w, https:\/\/etival.fr\/wp-content\/uploads\/2024\/02\/03_22-Poesie-1448x2048.jpg 1448w, https:\/\/etival.fr\/wp-content\/uploads\/2024\/02\/03_22-Poesie-624x883.jpg 624w, https:\/\/etival.fr\/wp-content\/uploads\/2024\/02\/03_22-Poesie.jpg 1587w\" sizes=\"auto, (max-width: 724px) 100vw, 724px\" \/><\/a><\/figure>\n\n\n\n<figure class=\"wp-block-image size-large\"><a href=\"https:\/\/etival.fr\/wp-content\/uploads\/2024\/02\/03_23-En-avant.jpg\"><img loading=\"lazy\" decoding=\"async\" width=\"724\" height=\"1024\" data-id=\"11758\" src=\"https:\/\/etival.fr\/wp-content\/uploads\/2024\/02\/03_23-En-avant-724x1024.jpg\" alt=\"\" class=\"wp-image-11758\" srcset=\"https:\/\/etival.fr\/wp-content\/uploads\/2024\/02\/03_23-En-avant-724x1024.jpg 724w, https:\/\/etival.fr\/wp-content\/uploads\/2024\/02\/03_23-En-avant-212x300.jpg 212w, https:\/\/etival.fr\/wp-content\/uploads\/2024\/02\/03_23-En-avant-768x1086.jpg 768w, https:\/\/etival.fr\/wp-content\/uploads\/2024\/02\/03_23-En-avant-1086x1536.jpg 1086w, https:\/\/etival.fr\/wp-content\/uploads\/2024\/02\/03_23-En-avant-624x883.jpg 624w, https:\/\/etival.fr\/wp-content\/uploads\/2024\/02\/03_23-En-avant.jpg 1414w\" sizes=\"auto, (max-width: 724px) 100vw, 724px\" \/><\/a><\/figure>\n\n\n\n<figure class=\"wp-block-image size-large\"><a href=\"https:\/\/etival.fr\/wp-content\/uploads\/2024\/02\/03_23-Tricote-papote.jpg\"><img loading=\"lazy\" decoding=\"async\" width=\"724\" height=\"1024\" data-id=\"11760\" src=\"https:\/\/etival.fr\/wp-content\/uploads\/2024\/02\/03_23-Tricote-papote-724x1024.jpg\" alt=\"\" class=\"wp-image-11760\" srcset=\"https:\/\/etival.fr\/wp-content\/uploads\/2024\/02\/03_23-Tricote-papote-724x1024.jpg 724w, https:\/\/etival.fr\/wp-content\/uploads\/2024\/02\/03_23-Tricote-papote-212x300.jpg 212w, https:\/\/etival.fr\/wp-content\/uploads\/2024\/02\/03_23-Tricote-papote-768x1086.jpg 768w, https:\/\/etival.fr\/wp-content\/uploads\/2024\/02\/03_23-Tricote-papote-1086x1536.jpg 1086w, https:\/\/etival.fr\/wp-content\/uploads\/2024\/02\/03_23-Tricote-papote-1448x2048.jpg 1448w, https:\/\/etival.fr\/wp-content\/uploads\/2024\/02\/03_23-Tricote-papote-624x883.jpg 624w, https:\/\/etival.fr\/wp-content\/uploads\/2024\/02\/03_23-Tricote-papote.jpg 1587w\" sizes=\"auto, (max-width: 724px) 100vw, 724px\" \/><\/a><\/figure>\n<\/figure>\n\n\n","protected":false},"excerpt":{"rendered":"<p>Vendredi 1er mars &#8211; 16h00Emilie Meistersheim propose le conte musical Emilie Jolie. Mardi 5 mars &#8211; 14h30Num\u00e9rica : Encre Num\u00e9riqueCr\u00e9ation d&rsquo;une planche de BD sur l&rsquo;application BDNF &#8211; R\u00e9servation souhait\u00e9e Mercredi 6 mars &#8211; \u00e0 partir de 14h001,2,3 jouez : Jeux de soci\u00e9t\u00e9 en famille &#8211; R\u00e9servation souhait\u00e9e Mercredi 13 Mars &#8211; 9h30P&rsquo;tits Lus : [&hellip;]<\/p>\n","protected":false},"author":2,"featured_media":0,"comment_status":"closed","ping_status":"open","sticky":false,"template":"","format":"standard","meta":{"footnotes":""},"categories":[9],"tags":[],"class_list":["post-11754","post","type-post","status-publish","format-standard","hentry","category-communaute-dagglomeration-de-saint-die-des-vosges"],"yoast_head":"<!-- This site is optimized with the Yoast SEO plugin v26.8 - https:\/\/yoast.com\/product\/yoast-seo-wordpress\/ -->\n<title>Programme du mois de Mars \u00e0 la m\u00e9diath\u00e8que : - Etival-Clairefontaine<\/title>\n<meta name=\"robots\" content=\"index, follow, max-snippet:-1, max-image-preview:large, max-video-preview:-1\" \/>\n<link rel=\"canonical\" href=\"https:\/\/etival.fr\/?p=11754\" \/>\n<meta property=\"og:locale\" content=\"fr_FR\" \/>\n<meta property=\"og:type\" content=\"article\" \/>\n<meta property=\"og:title\" content=\"Programme du mois de Mars \u00e0 la m\u00e9diath\u00e8que : - Etival-Clairefontaine\" \/>\n<meta property=\"og:description\" content=\"Vendredi 1er mars &#8211; 16h00Emilie Meistersheim propose le conte musical Emilie Jolie. Mardi 5 mars &#8211; 14h30Num\u00e9rica : Encre Num\u00e9riqueCr\u00e9ation d&rsquo;une planche de BD sur l&rsquo;application BDNF &#8211; R\u00e9servation souhait\u00e9e Mercredi 6 mars &#8211; \u00e0 partir de 14h001,2,3 jouez : Jeux de soci\u00e9t\u00e9 en famille &#8211; R\u00e9servation souhait\u00e9e Mercredi 13 Mars &#8211; 9h30P&rsquo;tits Lus : [&hellip;]\" \/>\n<meta property=\"og:url\" content=\"https:\/\/etival.fr\/?p=11754\" \/>\n<meta property=\"og:site_name\" content=\"Etival-Clairefontaine\" \/>\n<meta property=\"article:published_time\" content=\"2024-02-27T15:01:32+00:00\" \/>\n<meta property=\"article:modified_time\" content=\"2024-02-27T15:03:10+00:00\" \/>\n<meta property=\"og:image\" content=\"https:\/\/etival.fr\/wp-content\/uploads\/2024\/02\/03_01-Emilie-Jolie-par-724x1024.jpg\" \/>\n<meta name=\"author\" content=\"Catherine\" \/>\n<meta name=\"twitter:card\" content=\"summary_large_image\" \/>\n<meta name=\"twitter:label1\" content=\"\u00c9crit par\" \/>\n\t<meta name=\"twitter:data1\" content=\"Catherine\" \/>\n\t<meta name=\"twitter:label2\" content=\"Dur\u00e9e de lecture estim\u00e9e\" \/>\n\t<meta name=\"twitter:data2\" content=\"3 minutes\" \/>\n<script type=\"application\/ld+json\" class=\"yoast-schema-graph\">{\"@context\":\"https:\/\/schema.org\",\"@graph\":[{\"@type\":\"Article\",\"@id\":\"https:\/\/etival.fr\/?p=11754#article\",\"isPartOf\":{\"@id\":\"https:\/\/etival.fr\/?p=11754\"},\"author\":{\"name\":\"Catherine\",\"@id\":\"https:\/\/etival.fr\/#\/schema\/person\/966767531f422984430588510b8d4c3f\"},\"headline\":\"Programme du mois de Mars \u00e0 la m\u00e9diath\u00e8que :\",\"datePublished\":\"2024-02-27T15:01:32+00:00\",\"dateModified\":\"2024-02-27T15:03:10+00:00\",\"mainEntityOfPage\":{\"@id\":\"https:\/\/etival.fr\/?p=11754\"},\"wordCount\":131,\"image\":{\"@id\":\"https:\/\/etival.fr\/?p=11754#primaryimage\"},\"thumbnailUrl\":\"https:\/\/etival.fr\/wp-content\/uploads\/2024\/02\/03_01-Emilie-Jolie-par-724x1024.jpg\",\"articleSection\":[\"Communaut\u00e9 d'Agglom\u00e9ration de Saint-Di\u00e9-Des-Vosges\"],\"inLanguage\":\"fr-FR\"},{\"@type\":\"WebPage\",\"@id\":\"https:\/\/etival.fr\/?p=11754\",\"url\":\"https:\/\/etival.fr\/?p=11754\",\"name\":\"Programme du mois de Mars \u00e0 la m\u00e9diath\u00e8que : - Etival-Clairefontaine\",\"isPartOf\":{\"@id\":\"https:\/\/etival.fr\/#website\"},\"primaryImageOfPage\":{\"@id\":\"https:\/\/etival.fr\/?p=11754#primaryimage\"},\"image\":{\"@id\":\"https:\/\/etival.fr\/?p=11754#primaryimage\"},\"thumbnailUrl\":\"https:\/\/etival.fr\/wp-content\/uploads\/2024\/02\/03_01-Emilie-Jolie-par-724x1024.jpg\",\"datePublished\":\"2024-02-27T15:01:32+00:00\",\"dateModified\":\"2024-02-27T15:03:10+00:00\",\"author\":{\"@id\":\"https:\/\/etival.fr\/#\/schema\/person\/966767531f422984430588510b8d4c3f\"},\"breadcrumb\":{\"@id\":\"https:\/\/etival.fr\/?p=11754#breadcrumb\"},\"inLanguage\":\"fr-FR\",\"potentialAction\":[{\"@type\":\"ReadAction\",\"target\":[\"https:\/\/etival.fr\/?p=11754\"]}]},{\"@type\":\"ImageObject\",\"inLanguage\":\"fr-FR\",\"@id\":\"https:\/\/etival.fr\/?p=11754#primaryimage\",\"url\":\"https:\/\/etival.fr\/wp-content\/uploads\/2024\/02\/03_01-Emilie-Jolie-par.jpg\",\"contentUrl\":\"https:\/\/etival.fr\/wp-content\/uploads\/2024\/02\/03_01-Emilie-Jolie-par.jpg\",\"width\":1587,\"height\":2245},{\"@type\":\"BreadcrumbList\",\"@id\":\"https:\/\/etival.fr\/?p=11754#breadcrumb\",\"itemListElement\":[{\"@type\":\"ListItem\",\"position\":1,\"name\":\"Accueil\",\"item\":\"https:\/\/etival.fr\/\"},{\"@type\":\"ListItem\",\"position\":2,\"name\":\"Programme du mois de Mars \u00e0 la m\u00e9diath\u00e8que :\"}]},{\"@type\":\"WebSite\",\"@id\":\"https:\/\/etival.fr\/#website\",\"url\":\"https:\/\/etival.fr\/\",\"name\":\"Etival-Clairefontaine\",\"description\":\"Informations et actualit\u00e9s de la commune\",\"potentialAction\":[{\"@type\":\"SearchAction\",\"target\":{\"@type\":\"EntryPoint\",\"urlTemplate\":\"https:\/\/etival.fr\/?s={search_term_string}\"},\"query-input\":{\"@type\":\"PropertyValueSpecification\",\"valueRequired\":true,\"valueName\":\"search_term_string\"}}],\"inLanguage\":\"fr-FR\"},{\"@type\":\"Person\",\"@id\":\"https:\/\/etival.fr\/#\/schema\/person\/966767531f422984430588510b8d4c3f\",\"name\":\"Catherine\",\"image\":{\"@type\":\"ImageObject\",\"inLanguage\":\"fr-FR\",\"@id\":\"https:\/\/etival.fr\/#\/schema\/person\/image\/\",\"url\":\"https:\/\/secure.gravatar.com\/avatar\/b99eff3bf59bd614e6c532df451dc649?s=96&d=mm&r=g\",\"contentUrl\":\"https:\/\/secure.gravatar.com\/avatar\/b99eff3bf59bd614e6c532df451dc649?s=96&d=mm&r=g\",\"caption\":\"Catherine\"},\"url\":\"https:\/\/etival.fr\/?author=2\"}]}<\/script>\n<!-- \/ Yoast SEO plugin. -->","yoast_head_json":{"title":"Programme du mois de Mars \u00e0 la m\u00e9diath\u00e8que : - Etival-Clairefontaine","robots":{"index":"index","follow":"follow","max-snippet":"max-snippet:-1","max-image-preview":"max-image-preview:large","max-video-preview":"max-video-preview:-1"},"canonical":"https:\/\/etival.fr\/?p=11754","og_locale":"fr_FR","og_type":"article","og_title":"Programme du mois de Mars \u00e0 la m\u00e9diath\u00e8que : - Etival-Clairefontaine","og_description":"Vendredi 1er mars &#8211; 16h00Emilie Meistersheim propose le conte musical Emilie Jolie. Mardi 5 mars &#8211; 14h30Num\u00e9rica : Encre Num\u00e9riqueCr\u00e9ation d&rsquo;une planche de BD sur l&rsquo;application BDNF &#8211; R\u00e9servation souhait\u00e9e Mercredi 6 mars &#8211; \u00e0 partir de 14h001,2,3 jouez : Jeux de soci\u00e9t\u00e9 en famille &#8211; R\u00e9servation souhait\u00e9e Mercredi 13 Mars &#8211; 9h30P&rsquo;tits Lus : [&hellip;]","og_url":"https:\/\/etival.fr\/?p=11754","og_site_name":"Etival-Clairefontaine","article_published_time":"2024-02-27T15:01:32+00:00","article_modified_time":"2024-02-27T15:03:10+00:00","og_image":[{"url":"https:\/\/etival.fr\/wp-content\/uploads\/2024\/02\/03_01-Emilie-Jolie-par-724x1024.jpg","type":"","width":"","height":""}],"author":"Catherine","twitter_card":"summary_large_image","twitter_misc":{"\u00c9crit par":"Catherine","Dur\u00e9e de lecture estim\u00e9e":"3 minutes"},"schema":{"@context":"https:\/\/schema.org","@graph":[{"@type":"Article","@id":"https:\/\/etival.fr\/?p=11754#article","isPartOf":{"@id":"https:\/\/etival.fr\/?p=11754"},"author":{"name":"Catherine","@id":"https:\/\/etival.fr\/#\/schema\/person\/966767531f422984430588510b8d4c3f"},"headline":"Programme du mois de Mars \u00e0 la m\u00e9diath\u00e8que :","datePublished":"2024-02-27T15:01:32+00:00","dateModified":"2024-02-27T15:03:10+00:00","mainEntityOfPage":{"@id":"https:\/\/etival.fr\/?p=11754"},"wordCount":131,"image":{"@id":"https:\/\/etival.fr\/?p=11754#primaryimage"},"thumbnailUrl":"https:\/\/etival.fr\/wp-content\/uploads\/2024\/02\/03_01-Emilie-Jolie-par-724x1024.jpg","articleSection":["Communaut\u00e9 d'Agglom\u00e9ration de Saint-Di\u00e9-Des-Vosges"],"inLanguage":"fr-FR"},{"@type":"WebPage","@id":"https:\/\/etival.fr\/?p=11754","url":"https:\/\/etival.fr\/?p=11754","name":"Programme du mois de Mars \u00e0 la m\u00e9diath\u00e8que : - Etival-Clairefontaine","isPartOf":{"@id":"https:\/\/etival.fr\/#website"},"primaryImageOfPage":{"@id":"https:\/\/etival.fr\/?p=11754#primaryimage"},"image":{"@id":"https:\/\/etival.fr\/?p=11754#primaryimage"},"thumbnailUrl":"https:\/\/etival.fr\/wp-content\/uploads\/2024\/02\/03_01-Emilie-Jolie-par-724x1024.jpg","datePublished":"2024-02-27T15:01:32+00:00","dateModified":"2024-02-27T15:03:10+00:00","author":{"@id":"https:\/\/etival.fr\/#\/schema\/person\/966767531f422984430588510b8d4c3f"},"breadcrumb":{"@id":"https:\/\/etival.fr\/?p=11754#breadcrumb"},"inLanguage":"fr-FR","potentialAction":[{"@type":"ReadAction","target":["https:\/\/etival.fr\/?p=11754"]}]},{"@type":"ImageObject","inLanguage":"fr-FR","@id":"https:\/\/etival.fr\/?p=11754#primaryimage","url":"https:\/\/etival.fr\/wp-content\/uploads\/2024\/02\/03_01-Emilie-Jolie-par.jpg","contentUrl":"https:\/\/etival.fr\/wp-content\/uploads\/2024\/02\/03_01-Emilie-Jolie-par.jpg","width":1587,"height":2245},{"@type":"BreadcrumbList","@id":"https:\/\/etival.fr\/?p=11754#breadcrumb","itemListElement":[{"@type":"ListItem","position":1,"name":"Accueil","item":"https:\/\/etival.fr\/"},{"@type":"ListItem","position":2,"name":"Programme du mois de Mars \u00e0 la m\u00e9diath\u00e8que :"}]},{"@type":"WebSite","@id":"https:\/\/etival.fr\/#website","url":"https:\/\/etival.fr\/","name":"Etival-Clairefontaine","description":"Informations et actualit\u00e9s de la commune","potentialAction":[{"@type":"SearchAction","target":{"@type":"EntryPoint","urlTemplate":"https:\/\/etival.fr\/?s={search_term_string}"},"query-input":{"@type":"PropertyValueSpecification","valueRequired":true,"valueName":"search_term_string"}}],"inLanguage":"fr-FR"},{"@type":"Person","@id":"https:\/\/etival.fr\/#\/schema\/person\/966767531f422984430588510b8d4c3f","name":"Catherine","image":{"@type":"ImageObject","inLanguage":"fr-FR","@id":"https:\/\/etival.fr\/#\/schema\/person\/image\/","url":"https:\/\/secure.gravatar.com\/avatar\/b99eff3bf59bd614e6c532df451dc649?s=96&d=mm&r=g","contentUrl":"https:\/\/secure.gravatar.com\/avatar\/b99eff3bf59bd614e6c532df451dc649?s=96&d=mm&r=g","caption":"Catherine"},"url":"https:\/\/etival.fr\/?author=2"}]}},"_links":{"self":[{"href":"https:\/\/etival.fr\/index.php?rest_route=\/wp\/v2\/posts\/11754","targetHints":{"allow":["GET"]}}],"collection":[{"href":"https:\/\/etival.fr\/index.php?rest_route=\/wp\/v2\/posts"}],"about":[{"href":"https:\/\/etival.fr\/index.php?rest_route=\/wp\/v2\/types\/post"}],"author":[{"embeddable":true,"href":"https:\/\/etival.fr\/index.php?rest_route=\/wp\/v2\/users\/2"}],"replies":[{"embeddable":true,"href":"https:\/\/etival.fr\/index.php?rest_route=%2Fwp%2Fv2%2Fcomments&post=11754"}],"version-history":[{"count":2,"href":"https:\/\/etival.fr\/index.php?rest_route=\/wp\/v2\/posts\/11754\/revisions"}],"predecessor-version":[{"id":11765,"href":"https:\/\/etival.fr\/index.php?rest_route=\/wp\/v2\/posts\/11754\/revisions\/11765"}],"wp:attachment":[{"href":"https:\/\/etival.fr\/index.php?rest_route=%2Fwp%2Fv2%2Fmedia&parent=11754"}],"wp:term":[{"taxonomy":"category","embeddable":true,"href":"https:\/\/etival.fr\/index.php?rest_route=%2Fwp%2Fv2%2Fcategories&post=11754"},{"taxonomy":"post_tag","embeddable":true,"href":"https:\/\/etival.fr\/index.php?rest_route=%2Fwp%2Fv2%2Ftags&post=11754"}],"curies":[{"name":"wp","href":"https:\/\/api.w.org\/{rel}","templated":true}]}}