{"id":11864,"date":"2024-04-23T06:36:44","date_gmt":"2024-04-23T05:36:44","guid":{"rendered":"https:\/\/etival.fr\/?p=11864"},"modified":"2024-04-23T06:37:14","modified_gmt":"2024-04-23T05:37:14","slug":"article-vosges-matin-du-mardi-23-avril","status":"publish","type":"post","link":"https:\/\/etival.fr\/?p=11864","title":{"rendered":"Article Vosges Matin du mardi 23 avril"},"content":{"rendered":"\n<p class=\"has-blue-color has-text-color has-link-color has-medium-font-size wp-elements-8665b0841519b1feb6471aa058fef108\"><strong>Venez nombreux !<\/strong><\/p>\n\n\n\n<figure class=\"wp-block-image size-large\"><a href=\"https:\/\/etival.fr\/wp-content\/uploads\/2024\/04\/ARTICLE-VOSGES-MATIN-23-AVRIL-scaled.jpg\"><img loading=\"lazy\" decoding=\"async\" width=\"571\" height=\"1024\" src=\"https:\/\/etival.fr\/wp-content\/uploads\/2024\/04\/ARTICLE-VOSGES-MATIN-23-AVRIL-571x1024.jpg\" alt=\"\" class=\"wp-image-11865\" srcset=\"https:\/\/etival.fr\/wp-content\/uploads\/2024\/04\/ARTICLE-VOSGES-MATIN-23-AVRIL-571x1024.jpg 571w, https:\/\/etival.fr\/wp-content\/uploads\/2024\/04\/ARTICLE-VOSGES-MATIN-23-AVRIL-167x300.jpg 167w, https:\/\/etival.fr\/wp-content\/uploads\/2024\/04\/ARTICLE-VOSGES-MATIN-23-AVRIL-768x1378.jpg 768w, https:\/\/etival.fr\/wp-content\/uploads\/2024\/04\/ARTICLE-VOSGES-MATIN-23-AVRIL-856x1536.jpg 856w, https:\/\/etival.fr\/wp-content\/uploads\/2024\/04\/ARTICLE-VOSGES-MATIN-23-AVRIL-1141x2048.jpg 1141w, https:\/\/etival.fr\/wp-content\/uploads\/2024\/04\/ARTICLE-VOSGES-MATIN-23-AVRIL-624x1120.jpg 624w, https:\/\/etival.fr\/wp-content\/uploads\/2024\/04\/ARTICLE-VOSGES-MATIN-23-AVRIL-scaled.jpg 1427w\" sizes=\"auto, (max-width: 571px) 100vw, 571px\" \/><\/a><figcaption class=\"wp-element-caption\">EPSON MFP image<\/figcaption><\/figure>\n","protected":false},"excerpt":{"rendered":"<p>Venez nombreux !<\/p>\n","protected":false},"author":2,"featured_media":0,"comment_status":"closed","ping_status":"open","sticky":false,"template":"","format":"standard","meta":{"footnotes":""},"categories":[5],"tags":[],"class_list":["post-11864","post","type-post","status-publish","format-standard","hentry","category-informations-associations"],"yoast_head":"<!-- This site is optimized with the Yoast SEO plugin v26.8 - https:\/\/yoast.com\/product\/yoast-seo-wordpress\/ -->\n<title>Article Vosges Matin du mardi 23 avril - Etival-Clairefontaine<\/title>\n<meta name=\"robots\" content=\"index, follow, max-snippet:-1, max-image-preview:large, max-video-preview:-1\" \/>\n<link rel=\"canonical\" href=\"https:\/\/etival.fr\/?p=11864\" \/>\n<meta property=\"og:locale\" content=\"fr_FR\" \/>\n<meta property=\"og:type\" content=\"article\" \/>\n<meta property=\"og:title\" content=\"Article Vosges Matin du mardi 23 avril - Etival-Clairefontaine\" \/>\n<meta property=\"og:description\" content=\"Venez nombreux !\" \/>\n<meta property=\"og:url\" content=\"https:\/\/etival.fr\/?p=11864\" \/>\n<meta property=\"og:site_name\" content=\"Etival-Clairefontaine\" \/>\n<meta property=\"article:published_time\" content=\"2024-04-23T05:36:44+00:00\" \/>\n<meta property=\"article:modified_time\" content=\"2024-04-23T05:37:14+00:00\" \/>\n<meta property=\"og:image\" content=\"https:\/\/etival.fr\/wp-content\/uploads\/2024\/04\/ARTICLE-VOSGES-MATIN-23-AVRIL-571x1024.jpg\" \/>\n<meta name=\"author\" content=\"Catherine\" \/>\n<meta name=\"twitter:card\" content=\"summary_large_image\" \/>\n<meta name=\"twitter:label1\" content=\"\u00c9crit par\" \/>\n\t<meta name=\"twitter:data1\" content=\"Catherine\" \/>\n\t<meta name=\"twitter:label2\" content=\"Dur\u00e9e de lecture estim\u00e9e\" \/>\n\t<meta name=\"twitter:data2\" content=\"1 minute\" \/>\n<script type=\"application\/ld+json\" class=\"yoast-schema-graph\">{\"@context\":\"https:\/\/schema.org\",\"@graph\":[{\"@type\":\"Article\",\"@id\":\"https:\/\/etival.fr\/?p=11864#article\",\"isPartOf\":{\"@id\":\"https:\/\/etival.fr\/?p=11864\"},\"author\":{\"name\":\"Catherine\",\"@id\":\"https:\/\/etival.fr\/#\/schema\/person\/966767531f422984430588510b8d4c3f\"},\"headline\":\"Article Vosges Matin du mardi 23 avril\",\"datePublished\":\"2024-04-23T05:36:44+00:00\",\"dateModified\":\"2024-04-23T05:37:14+00:00\",\"mainEntityOfPage\":{\"@id\":\"https:\/\/etival.fr\/?p=11864\"},\"wordCount\":11,\"image\":{\"@id\":\"https:\/\/etival.fr\/?p=11864#primaryimage\"},\"thumbnailUrl\":\"https:\/\/etival.fr\/wp-content\/uploads\/2024\/04\/ARTICLE-VOSGES-MATIN-23-AVRIL-571x1024.jpg\",\"articleSection\":[\"Informations Associations\"],\"inLanguage\":\"fr-FR\"},{\"@type\":\"WebPage\",\"@id\":\"https:\/\/etival.fr\/?p=11864\",\"url\":\"https:\/\/etival.fr\/?p=11864\",\"name\":\"Article Vosges Matin du mardi 23 avril - Etival-Clairefontaine\",\"isPartOf\":{\"@id\":\"https:\/\/etival.fr\/#website\"},\"primaryImageOfPage\":{\"@id\":\"https:\/\/etival.fr\/?p=11864#primaryimage\"},\"image\":{\"@id\":\"https:\/\/etival.fr\/?p=11864#primaryimage\"},\"thumbnailUrl\":\"https:\/\/etival.fr\/wp-content\/uploads\/2024\/04\/ARTICLE-VOSGES-MATIN-23-AVRIL-571x1024.jpg\",\"datePublished\":\"2024-04-23T05:36:44+00:00\",\"dateModified\":\"2024-04-23T05:37:14+00:00\",\"author\":{\"@id\":\"https:\/\/etival.fr\/#\/schema\/person\/966767531f422984430588510b8d4c3f\"},\"breadcrumb\":{\"@id\":\"https:\/\/etival.fr\/?p=11864#breadcrumb\"},\"inLanguage\":\"fr-FR\",\"potentialAction\":[{\"@type\":\"ReadAction\",\"target\":[\"https:\/\/etival.fr\/?p=11864\"]}]},{\"@type\":\"ImageObject\",\"inLanguage\":\"fr-FR\",\"@id\":\"https:\/\/etival.fr\/?p=11864#primaryimage\",\"url\":\"https:\/\/etival.fr\/wp-content\/uploads\/2024\/04\/ARTICLE-VOSGES-MATIN-23-AVRIL-scaled.jpg\",\"contentUrl\":\"https:\/\/etival.fr\/wp-content\/uploads\/2024\/04\/ARTICLE-VOSGES-MATIN-23-AVRIL-scaled.jpg\",\"width\":1427,\"height\":2560,\"caption\":\"EPSON MFP image\"},{\"@type\":\"BreadcrumbList\",\"@id\":\"https:\/\/etival.fr\/?p=11864#breadcrumb\",\"itemListElement\":[{\"@type\":\"ListItem\",\"position\":1,\"name\":\"Accueil\",\"item\":\"https:\/\/etival.fr\/\"},{\"@type\":\"ListItem\",\"position\":2,\"name\":\"Article Vosges Matin du mardi 23 avril\"}]},{\"@type\":\"WebSite\",\"@id\":\"https:\/\/etival.fr\/#website\",\"url\":\"https:\/\/etival.fr\/\",\"name\":\"Etival-Clairefontaine\",\"description\":\"Informations et actualit\u00e9s de la commune\",\"potentialAction\":[{\"@type\":\"SearchAction\",\"target\":{\"@type\":\"EntryPoint\",\"urlTemplate\":\"https:\/\/etival.fr\/?s={search_term_string}\"},\"query-input\":{\"@type\":\"PropertyValueSpecification\",\"valueRequired\":true,\"valueName\":\"search_term_string\"}}],\"inLanguage\":\"fr-FR\"},{\"@type\":\"Person\",\"@id\":\"https:\/\/etival.fr\/#\/schema\/person\/966767531f422984430588510b8d4c3f\",\"name\":\"Catherine\",\"image\":{\"@type\":\"ImageObject\",\"inLanguage\":\"fr-FR\",\"@id\":\"https:\/\/etival.fr\/#\/schema\/person\/image\/\",\"url\":\"https:\/\/secure.gravatar.com\/avatar\/b99eff3bf59bd614e6c532df451dc649?s=96&d=mm&r=g\",\"contentUrl\":\"https:\/\/secure.gravatar.com\/avatar\/b99eff3bf59bd614e6c532df451dc649?s=96&d=mm&r=g\",\"caption\":\"Catherine\"},\"url\":\"https:\/\/etival.fr\/?author=2\"}]}<\/script>\n<!-- \/ Yoast SEO plugin. -->","yoast_head_json":{"title":"Article Vosges Matin du mardi 23 avril - Etival-Clairefontaine","robots":{"index":"index","follow":"follow","max-snippet":"max-snippet:-1","max-image-preview":"max-image-preview:large","max-video-preview":"max-video-preview:-1"},"canonical":"https:\/\/etival.fr\/?p=11864","og_locale":"fr_FR","og_type":"article","og_title":"Article Vosges Matin du mardi 23 avril - Etival-Clairefontaine","og_description":"Venez nombreux !","og_url":"https:\/\/etival.fr\/?p=11864","og_site_name":"Etival-Clairefontaine","article_published_time":"2024-04-23T05:36:44+00:00","article_modified_time":"2024-04-23T05:37:14+00:00","og_image":[{"url":"https:\/\/etival.fr\/wp-content\/uploads\/2024\/04\/ARTICLE-VOSGES-MATIN-23-AVRIL-571x1024.jpg","type":"","width":"","height":""}],"author":"Catherine","twitter_card":"summary_large_image","twitter_misc":{"\u00c9crit par":"Catherine","Dur\u00e9e de lecture estim\u00e9e":"1 minute"},"schema":{"@context":"https:\/\/schema.org","@graph":[{"@type":"Article","@id":"https:\/\/etival.fr\/?p=11864#article","isPartOf":{"@id":"https:\/\/etival.fr\/?p=11864"},"author":{"name":"Catherine","@id":"https:\/\/etival.fr\/#\/schema\/person\/966767531f422984430588510b8d4c3f"},"headline":"Article Vosges Matin du mardi 23 avril","datePublished":"2024-04-23T05:36:44+00:00","dateModified":"2024-04-23T05:37:14+00:00","mainEntityOfPage":{"@id":"https:\/\/etival.fr\/?p=11864"},"wordCount":11,"image":{"@id":"https:\/\/etival.fr\/?p=11864#primaryimage"},"thumbnailUrl":"https:\/\/etival.fr\/wp-content\/uploads\/2024\/04\/ARTICLE-VOSGES-MATIN-23-AVRIL-571x1024.jpg","articleSection":["Informations Associations"],"inLanguage":"fr-FR"},{"@type":"WebPage","@id":"https:\/\/etival.fr\/?p=11864","url":"https:\/\/etival.fr\/?p=11864","name":"Article Vosges Matin du mardi 23 avril - Etival-Clairefontaine","isPartOf":{"@id":"https:\/\/etival.fr\/#website"},"primaryImageOfPage":{"@id":"https:\/\/etival.fr\/?p=11864#primaryimage"},"image":{"@id":"https:\/\/etival.fr\/?p=11864#primaryimage"},"thumbnailUrl":"https:\/\/etival.fr\/wp-content\/uploads\/2024\/04\/ARTICLE-VOSGES-MATIN-23-AVRIL-571x1024.jpg","datePublished":"2024-04-23T05:36:44+00:00","dateModified":"2024-04-23T05:37:14+00:00","author":{"@id":"https:\/\/etival.fr\/#\/schema\/person\/966767531f422984430588510b8d4c3f"},"breadcrumb":{"@id":"https:\/\/etival.fr\/?p=11864#breadcrumb"},"inLanguage":"fr-FR","potentialAction":[{"@type":"ReadAction","target":["https:\/\/etival.fr\/?p=11864"]}]},{"@type":"ImageObject","inLanguage":"fr-FR","@id":"https:\/\/etival.fr\/?p=11864#primaryimage","url":"https:\/\/etival.fr\/wp-content\/uploads\/2024\/04\/ARTICLE-VOSGES-MATIN-23-AVRIL-scaled.jpg","contentUrl":"https:\/\/etival.fr\/wp-content\/uploads\/2024\/04\/ARTICLE-VOSGES-MATIN-23-AVRIL-scaled.jpg","width":1427,"height":2560,"caption":"EPSON MFP image"},{"@type":"BreadcrumbList","@id":"https:\/\/etival.fr\/?p=11864#breadcrumb","itemListElement":[{"@type":"ListItem","position":1,"name":"Accueil","item":"https:\/\/etival.fr\/"},{"@type":"ListItem","position":2,"name":"Article Vosges Matin du mardi 23 avril"}]},{"@type":"WebSite","@id":"https:\/\/etival.fr\/#website","url":"https:\/\/etival.fr\/","name":"Etival-Clairefontaine","description":"Informations et actualit\u00e9s de la commune","potentialAction":[{"@type":"SearchAction","target":{"@type":"EntryPoint","urlTemplate":"https:\/\/etival.fr\/?s={search_term_string}"},"query-input":{"@type":"PropertyValueSpecification","valueRequired":true,"valueName":"search_term_string"}}],"inLanguage":"fr-FR"},{"@type":"Person","@id":"https:\/\/etival.fr\/#\/schema\/person\/966767531f422984430588510b8d4c3f","name":"Catherine","image":{"@type":"ImageObject","inLanguage":"fr-FR","@id":"https:\/\/etival.fr\/#\/schema\/person\/image\/","url":"https:\/\/secure.gravatar.com\/avatar\/b99eff3bf59bd614e6c532df451dc649?s=96&d=mm&r=g","contentUrl":"https:\/\/secure.gravatar.com\/avatar\/b99eff3bf59bd614e6c532df451dc649?s=96&d=mm&r=g","caption":"Catherine"},"url":"https:\/\/etival.fr\/?author=2"}]}},"_links":{"self":[{"href":"https:\/\/etival.fr\/index.php?rest_route=\/wp\/v2\/posts\/11864","targetHints":{"allow":["GET"]}}],"collection":[{"href":"https:\/\/etival.fr\/index.php?rest_route=\/wp\/v2\/posts"}],"about":[{"href":"https:\/\/etival.fr\/index.php?rest_route=\/wp\/v2\/types\/post"}],"author":[{"embeddable":true,"href":"https:\/\/etival.fr\/index.php?rest_route=\/wp\/v2\/users\/2"}],"replies":[{"embeddable":true,"href":"https:\/\/etival.fr\/index.php?rest_route=%2Fwp%2Fv2%2Fcomments&post=11864"}],"version-history":[{"count":1,"href":"https:\/\/etival.fr\/index.php?rest_route=\/wp\/v2\/posts\/11864\/revisions"}],"predecessor-version":[{"id":11866,"href":"https:\/\/etival.fr\/index.php?rest_route=\/wp\/v2\/posts\/11864\/revisions\/11866"}],"wp:attachment":[{"href":"https:\/\/etival.fr\/index.php?rest_route=%2Fwp%2Fv2%2Fmedia&parent=11864"}],"wp:term":[{"taxonomy":"category","embeddable":true,"href":"https:\/\/etival.fr\/index.php?rest_route=%2Fwp%2Fv2%2Fcategories&post=11864"},{"taxonomy":"post_tag","embeddable":true,"href":"https:\/\/etival.fr\/index.php?rest_route=%2Fwp%2Fv2%2Ftags&post=11864"}],"curies":[{"name":"wp","href":"https:\/\/api.w.org\/{rel}","templated":true}]}}