{"id":11895,"date":"2024-05-07T08:26:18","date_gmt":"2024-05-07T07:26:18","guid":{"rendered":"https:\/\/etival.fr\/?p=11895"},"modified":"2024-05-07T08:26:38","modified_gmt":"2024-05-07T07:26:38","slug":"animations-du-mois-de-mai-de-la-mediatheque-detival","status":"publish","type":"post","link":"https:\/\/etival.fr\/?p=11895","title":{"rendered":"Animations du mois de mai de la m\u00e9diath\u00e8que d&rsquo;\u00c9tival."},"content":{"rendered":"\n<figure class=\"wp-block-gallery has-nested-images columns-default is-cropped wp-block-gallery-1 is-layout-flex wp-block-gallery-is-layout-flex\">\n<figure class=\"wp-block-image size-large\"><a href=\"https:\/\/etival.fr\/wp-content\/uploads\/2024\/05\/05_15-Atelier-vitrail-1-2.jpg\"><img loading=\"lazy\" decoding=\"async\" width=\"724\" height=\"1024\" data-id=\"11904\" src=\"https:\/\/etival.fr\/wp-content\/uploads\/2024\/05\/05_15-Atelier-vitrail-1-2-724x1024.jpg\" alt=\"\" class=\"wp-image-11904\" srcset=\"https:\/\/etival.fr\/wp-content\/uploads\/2024\/05\/05_15-Atelier-vitrail-1-2-724x1024.jpg 724w, https:\/\/etival.fr\/wp-content\/uploads\/2024\/05\/05_15-Atelier-vitrail-1-2-212x300.jpg 212w, https:\/\/etival.fr\/wp-content\/uploads\/2024\/05\/05_15-Atelier-vitrail-1-2-768x1086.jpg 768w, https:\/\/etival.fr\/wp-content\/uploads\/2024\/05\/05_15-Atelier-vitrail-1-2-1086x1536.jpg 1086w, https:\/\/etival.fr\/wp-content\/uploads\/2024\/05\/05_15-Atelier-vitrail-1-2-624x883.jpg 624w, https:\/\/etival.fr\/wp-content\/uploads\/2024\/05\/05_15-Atelier-vitrail-1-2.jpg 1414w\" sizes=\"auto, (max-width: 724px) 100vw, 724px\" \/><\/a><\/figure>\n\n\n\n<figure class=\"wp-block-image size-large\"><a href=\"https:\/\/etival.fr\/wp-content\/uploads\/2024\/05\/En-avant-5.jpg\"><img loading=\"lazy\" decoding=\"async\" width=\"724\" height=\"1024\" data-id=\"11913\" src=\"https:\/\/etival.fr\/wp-content\/uploads\/2024\/05\/En-avant-5-724x1024.jpg\" alt=\"\" class=\"wp-image-11913\" srcset=\"https:\/\/etival.fr\/wp-content\/uploads\/2024\/05\/En-avant-5-724x1024.jpg 724w, https:\/\/etival.fr\/wp-content\/uploads\/2024\/05\/En-avant-5-212x300.jpg 212w, https:\/\/etival.fr\/wp-content\/uploads\/2024\/05\/En-avant-5-768x1086.jpg 768w, https:\/\/etival.fr\/wp-content\/uploads\/2024\/05\/En-avant-5-1086x1536.jpg 1086w, https:\/\/etival.fr\/wp-content\/uploads\/2024\/05\/En-avant-5-624x883.jpg 624w, https:\/\/etival.fr\/wp-content\/uploads\/2024\/05\/En-avant-5.jpg 1414w\" sizes=\"auto, (max-width: 724px) 100vw, 724px\" \/><\/a><\/figure>\n<\/figure>\n\n\n\n<figure class=\"wp-block-gallery has-nested-images columns-default is-cropped wp-block-gallery-2 is-layout-flex wp-block-gallery-is-layout-flex\">\n<figure class=\"wp-block-image size-large\"><a href=\"https:\/\/etival.fr\/wp-content\/uploads\/2024\/05\/05_22-Atelier-decoup-papier-3D-6.jpg\"><img loading=\"lazy\" decoding=\"async\" width=\"724\" height=\"1024\" data-id=\"11921\" src=\"https:\/\/etival.fr\/wp-content\/uploads\/2024\/05\/05_22-Atelier-decoup-papier-3D-6-724x1024.jpg\" alt=\"\" class=\"wp-image-11921\" srcset=\"https:\/\/etival.fr\/wp-content\/uploads\/2024\/05\/05_22-Atelier-decoup-papier-3D-6-724x1024.jpg 724w, https:\/\/etival.fr\/wp-content\/uploads\/2024\/05\/05_22-Atelier-decoup-papier-3D-6-212x300.jpg 212w, https:\/\/etival.fr\/wp-content\/uploads\/2024\/05\/05_22-Atelier-decoup-papier-3D-6-768x1086.jpg 768w, https:\/\/etival.fr\/wp-content\/uploads\/2024\/05\/05_22-Atelier-decoup-papier-3D-6-1086x1536.jpg 1086w, https:\/\/etival.fr\/wp-content\/uploads\/2024\/05\/05_22-Atelier-decoup-papier-3D-6-1448x2048.jpg 1448w, https:\/\/etival.fr\/wp-content\/uploads\/2024\/05\/05_22-Atelier-decoup-papier-3D-6-624x883.jpg 624w, https:\/\/etival.fr\/wp-content\/uploads\/2024\/05\/05_22-Atelier-decoup-papier-3D-6.jpg 1587w\" sizes=\"auto, (max-width: 724px) 100vw, 724px\" \/><\/a><\/figure>\n\n\n\n<figure class=\"wp-block-image size-large\"><a href=\"https:\/\/etival.fr\/wp-content\/uploads\/2024\/05\/05_25-Tricote-papote-6.jpg\"><img loading=\"lazy\" decoding=\"async\" width=\"724\" height=\"1024\" data-id=\"11920\" src=\"https:\/\/etival.fr\/wp-content\/uploads\/2024\/05\/05_25-Tricote-papote-6-724x1024.jpg\" alt=\"\" class=\"wp-image-11920\" srcset=\"https:\/\/etival.fr\/wp-content\/uploads\/2024\/05\/05_25-Tricote-papote-6-724x1024.jpg 724w, https:\/\/etival.fr\/wp-content\/uploads\/2024\/05\/05_25-Tricote-papote-6-212x300.jpg 212w, https:\/\/etival.fr\/wp-content\/uploads\/2024\/05\/05_25-Tricote-papote-6-768x1086.jpg 768w, https:\/\/etival.fr\/wp-content\/uploads\/2024\/05\/05_25-Tricote-papote-6-1086x1536.jpg 1086w, https:\/\/etival.fr\/wp-content\/uploads\/2024\/05\/05_25-Tricote-papote-6-1448x2048.jpg 1448w, https:\/\/etival.fr\/wp-content\/uploads\/2024\/05\/05_25-Tricote-papote-6-624x883.jpg 624w, https:\/\/etival.fr\/wp-content\/uploads\/2024\/05\/05_25-Tricote-papote-6.jpg 1587w\" sizes=\"auto, (max-width: 724px) 100vw, 724px\" \/><\/a><\/figure>\n<\/figure>\n","protected":false},"excerpt":{"rendered":"","protected":false},"author":2,"featured_media":0,"comment_status":"closed","ping_status":"open","sticky":false,"template":"","format":"standard","meta":{"footnotes":""},"categories":[9],"tags":[],"class_list":["post-11895","post","type-post","status-publish","format-standard","hentry","category-communaute-dagglomeration-de-saint-die-des-vosges"],"yoast_head":"<!-- This site is optimized with the Yoast SEO plugin v26.8 - https:\/\/yoast.com\/product\/yoast-seo-wordpress\/ -->\n<title>Animations du mois de mai de la m\u00e9diath\u00e8que d&#039;\u00c9tival. - Etival-Clairefontaine<\/title>\n<meta name=\"robots\" content=\"index, follow, max-snippet:-1, max-image-preview:large, max-video-preview:-1\" \/>\n<link rel=\"canonical\" href=\"https:\/\/etival.fr\/?p=11895\" \/>\n<meta property=\"og:locale\" content=\"fr_FR\" \/>\n<meta property=\"og:type\" content=\"article\" \/>\n<meta property=\"og:title\" content=\"Animations du mois de mai de la m\u00e9diath\u00e8que d&#039;\u00c9tival. - Etival-Clairefontaine\" \/>\n<meta property=\"og:url\" content=\"https:\/\/etival.fr\/?p=11895\" \/>\n<meta property=\"og:site_name\" content=\"Etival-Clairefontaine\" \/>\n<meta property=\"article:published_time\" content=\"2024-05-07T07:26:18+00:00\" \/>\n<meta property=\"article:modified_time\" content=\"2024-05-07T07:26:38+00:00\" \/>\n<meta property=\"og:image\" content=\"https:\/\/etival.fr\/wp-content\/uploads\/2024\/05\/05_15-Atelier-vitrail-1-2-724x1024.jpg\" \/>\n<meta name=\"author\" content=\"Catherine\" \/>\n<meta name=\"twitter:card\" content=\"summary_large_image\" \/>\n<meta name=\"twitter:label1\" content=\"\u00c9crit par\" \/>\n\t<meta name=\"twitter:data1\" content=\"Catherine\" \/>\n\t<meta name=\"twitter:label2\" content=\"Dur\u00e9e de lecture estim\u00e9e\" \/>\n\t<meta name=\"twitter:data2\" content=\"1 minute\" \/>\n<script type=\"application\/ld+json\" class=\"yoast-schema-graph\">{\"@context\":\"https:\/\/schema.org\",\"@graph\":[{\"@type\":\"Article\",\"@id\":\"https:\/\/etival.fr\/?p=11895#article\",\"isPartOf\":{\"@id\":\"https:\/\/etival.fr\/?p=11895\"},\"author\":{\"name\":\"Catherine\",\"@id\":\"https:\/\/etival.fr\/#\/schema\/person\/966767531f422984430588510b8d4c3f\"},\"headline\":\"Animations du mois de mai de la m\u00e9diath\u00e8que d&rsquo;\u00c9tival.\",\"datePublished\":\"2024-05-07T07:26:18+00:00\",\"dateModified\":\"2024-05-07T07:26:38+00:00\",\"mainEntityOfPage\":{\"@id\":\"https:\/\/etival.fr\/?p=11895\"},\"wordCount\":12,\"image\":{\"@id\":\"https:\/\/etival.fr\/?p=11895#primaryimage\"},\"thumbnailUrl\":\"https:\/\/etival.fr\/wp-content\/uploads\/2024\/05\/05_15-Atelier-vitrail-1-2-724x1024.jpg\",\"articleSection\":[\"Communaut\u00e9 d'Agglom\u00e9ration de Saint-Di\u00e9-Des-Vosges\"],\"inLanguage\":\"fr-FR\"},{\"@type\":\"WebPage\",\"@id\":\"https:\/\/etival.fr\/?p=11895\",\"url\":\"https:\/\/etival.fr\/?p=11895\",\"name\":\"Animations du mois de mai de la m\u00e9diath\u00e8que d'\u00c9tival. - Etival-Clairefontaine\",\"isPartOf\":{\"@id\":\"https:\/\/etival.fr\/#website\"},\"primaryImageOfPage\":{\"@id\":\"https:\/\/etival.fr\/?p=11895#primaryimage\"},\"image\":{\"@id\":\"https:\/\/etival.fr\/?p=11895#primaryimage\"},\"thumbnailUrl\":\"https:\/\/etival.fr\/wp-content\/uploads\/2024\/05\/05_15-Atelier-vitrail-1-2-724x1024.jpg\",\"datePublished\":\"2024-05-07T07:26:18+00:00\",\"dateModified\":\"2024-05-07T07:26:38+00:00\",\"author\":{\"@id\":\"https:\/\/etival.fr\/#\/schema\/person\/966767531f422984430588510b8d4c3f\"},\"breadcrumb\":{\"@id\":\"https:\/\/etival.fr\/?p=11895#breadcrumb\"},\"inLanguage\":\"fr-FR\",\"potentialAction\":[{\"@type\":\"ReadAction\",\"target\":[\"https:\/\/etival.fr\/?p=11895\"]}]},{\"@type\":\"ImageObject\",\"inLanguage\":\"fr-FR\",\"@id\":\"https:\/\/etival.fr\/?p=11895#primaryimage\",\"url\":\"https:\/\/etival.fr\/wp-content\/uploads\/2024\/05\/05_15-Atelier-vitrail-1-2.jpg\",\"contentUrl\":\"https:\/\/etival.fr\/wp-content\/uploads\/2024\/05\/05_15-Atelier-vitrail-1-2.jpg\",\"width\":1414,\"height\":2000},{\"@type\":\"BreadcrumbList\",\"@id\":\"https:\/\/etival.fr\/?p=11895#breadcrumb\",\"itemListElement\":[{\"@type\":\"ListItem\",\"position\":1,\"name\":\"Accueil\",\"item\":\"https:\/\/etival.fr\/\"},{\"@type\":\"ListItem\",\"position\":2,\"name\":\"Animations du mois de mai de la m\u00e9diath\u00e8que d&#8217;\u00c9tival.\"}]},{\"@type\":\"WebSite\",\"@id\":\"https:\/\/etival.fr\/#website\",\"url\":\"https:\/\/etival.fr\/\",\"name\":\"Etival-Clairefontaine\",\"description\":\"Informations et actualit\u00e9s de la commune\",\"potentialAction\":[{\"@type\":\"SearchAction\",\"target\":{\"@type\":\"EntryPoint\",\"urlTemplate\":\"https:\/\/etival.fr\/?s={search_term_string}\"},\"query-input\":{\"@type\":\"PropertyValueSpecification\",\"valueRequired\":true,\"valueName\":\"search_term_string\"}}],\"inLanguage\":\"fr-FR\"},{\"@type\":\"Person\",\"@id\":\"https:\/\/etival.fr\/#\/schema\/person\/966767531f422984430588510b8d4c3f\",\"name\":\"Catherine\",\"image\":{\"@type\":\"ImageObject\",\"inLanguage\":\"fr-FR\",\"@id\":\"https:\/\/etival.fr\/#\/schema\/person\/image\/\",\"url\":\"https:\/\/secure.gravatar.com\/avatar\/b99eff3bf59bd614e6c532df451dc649?s=96&d=mm&r=g\",\"contentUrl\":\"https:\/\/secure.gravatar.com\/avatar\/b99eff3bf59bd614e6c532df451dc649?s=96&d=mm&r=g\",\"caption\":\"Catherine\"},\"url\":\"https:\/\/etival.fr\/?author=2\"}]}<\/script>\n<!-- \/ Yoast SEO plugin. -->","yoast_head_json":{"title":"Animations du mois de mai de la m\u00e9diath\u00e8que d'\u00c9tival. - Etival-Clairefontaine","robots":{"index":"index","follow":"follow","max-snippet":"max-snippet:-1","max-image-preview":"max-image-preview:large","max-video-preview":"max-video-preview:-1"},"canonical":"https:\/\/etival.fr\/?p=11895","og_locale":"fr_FR","og_type":"article","og_title":"Animations du mois de mai de la m\u00e9diath\u00e8que d'\u00c9tival. - Etival-Clairefontaine","og_url":"https:\/\/etival.fr\/?p=11895","og_site_name":"Etival-Clairefontaine","article_published_time":"2024-05-07T07:26:18+00:00","article_modified_time":"2024-05-07T07:26:38+00:00","og_image":[{"url":"https:\/\/etival.fr\/wp-content\/uploads\/2024\/05\/05_15-Atelier-vitrail-1-2-724x1024.jpg","type":"","width":"","height":""}],"author":"Catherine","twitter_card":"summary_large_image","twitter_misc":{"\u00c9crit par":"Catherine","Dur\u00e9e de lecture estim\u00e9e":"1 minute"},"schema":{"@context":"https:\/\/schema.org","@graph":[{"@type":"Article","@id":"https:\/\/etival.fr\/?p=11895#article","isPartOf":{"@id":"https:\/\/etival.fr\/?p=11895"},"author":{"name":"Catherine","@id":"https:\/\/etival.fr\/#\/schema\/person\/966767531f422984430588510b8d4c3f"},"headline":"Animations du mois de mai de la m\u00e9diath\u00e8que d&rsquo;\u00c9tival.","datePublished":"2024-05-07T07:26:18+00:00","dateModified":"2024-05-07T07:26:38+00:00","mainEntityOfPage":{"@id":"https:\/\/etival.fr\/?p=11895"},"wordCount":12,"image":{"@id":"https:\/\/etival.fr\/?p=11895#primaryimage"},"thumbnailUrl":"https:\/\/etival.fr\/wp-content\/uploads\/2024\/05\/05_15-Atelier-vitrail-1-2-724x1024.jpg","articleSection":["Communaut\u00e9 d'Agglom\u00e9ration de Saint-Di\u00e9-Des-Vosges"],"inLanguage":"fr-FR"},{"@type":"WebPage","@id":"https:\/\/etival.fr\/?p=11895","url":"https:\/\/etival.fr\/?p=11895","name":"Animations du mois de mai de la m\u00e9diath\u00e8que d'\u00c9tival. - Etival-Clairefontaine","isPartOf":{"@id":"https:\/\/etival.fr\/#website"},"primaryImageOfPage":{"@id":"https:\/\/etival.fr\/?p=11895#primaryimage"},"image":{"@id":"https:\/\/etival.fr\/?p=11895#primaryimage"},"thumbnailUrl":"https:\/\/etival.fr\/wp-content\/uploads\/2024\/05\/05_15-Atelier-vitrail-1-2-724x1024.jpg","datePublished":"2024-05-07T07:26:18+00:00","dateModified":"2024-05-07T07:26:38+00:00","author":{"@id":"https:\/\/etival.fr\/#\/schema\/person\/966767531f422984430588510b8d4c3f"},"breadcrumb":{"@id":"https:\/\/etival.fr\/?p=11895#breadcrumb"},"inLanguage":"fr-FR","potentialAction":[{"@type":"ReadAction","target":["https:\/\/etival.fr\/?p=11895"]}]},{"@type":"ImageObject","inLanguage":"fr-FR","@id":"https:\/\/etival.fr\/?p=11895#primaryimage","url":"https:\/\/etival.fr\/wp-content\/uploads\/2024\/05\/05_15-Atelier-vitrail-1-2.jpg","contentUrl":"https:\/\/etival.fr\/wp-content\/uploads\/2024\/05\/05_15-Atelier-vitrail-1-2.jpg","width":1414,"height":2000},{"@type":"BreadcrumbList","@id":"https:\/\/etival.fr\/?p=11895#breadcrumb","itemListElement":[{"@type":"ListItem","position":1,"name":"Accueil","item":"https:\/\/etival.fr\/"},{"@type":"ListItem","position":2,"name":"Animations du mois de mai de la m\u00e9diath\u00e8que d&#8217;\u00c9tival."}]},{"@type":"WebSite","@id":"https:\/\/etival.fr\/#website","url":"https:\/\/etival.fr\/","name":"Etival-Clairefontaine","description":"Informations et actualit\u00e9s de la commune","potentialAction":[{"@type":"SearchAction","target":{"@type":"EntryPoint","urlTemplate":"https:\/\/etival.fr\/?s={search_term_string}"},"query-input":{"@type":"PropertyValueSpecification","valueRequired":true,"valueName":"search_term_string"}}],"inLanguage":"fr-FR"},{"@type":"Person","@id":"https:\/\/etival.fr\/#\/schema\/person\/966767531f422984430588510b8d4c3f","name":"Catherine","image":{"@type":"ImageObject","inLanguage":"fr-FR","@id":"https:\/\/etival.fr\/#\/schema\/person\/image\/","url":"https:\/\/secure.gravatar.com\/avatar\/b99eff3bf59bd614e6c532df451dc649?s=96&d=mm&r=g","contentUrl":"https:\/\/secure.gravatar.com\/avatar\/b99eff3bf59bd614e6c532df451dc649?s=96&d=mm&r=g","caption":"Catherine"},"url":"https:\/\/etival.fr\/?author=2"}]}},"_links":{"self":[{"href":"https:\/\/etival.fr\/index.php?rest_route=\/wp\/v2\/posts\/11895","targetHints":{"allow":["GET"]}}],"collection":[{"href":"https:\/\/etival.fr\/index.php?rest_route=\/wp\/v2\/posts"}],"about":[{"href":"https:\/\/etival.fr\/index.php?rest_route=\/wp\/v2\/types\/post"}],"author":[{"embeddable":true,"href":"https:\/\/etival.fr\/index.php?rest_route=\/wp\/v2\/users\/2"}],"replies":[{"embeddable":true,"href":"https:\/\/etival.fr\/index.php?rest_route=%2Fwp%2Fv2%2Fcomments&post=11895"}],"version-history":[{"count":1,"href":"https:\/\/etival.fr\/index.php?rest_route=\/wp\/v2\/posts\/11895\/revisions"}],"predecessor-version":[{"id":11928,"href":"https:\/\/etival.fr\/index.php?rest_route=\/wp\/v2\/posts\/11895\/revisions\/11928"}],"wp:attachment":[{"href":"https:\/\/etival.fr\/index.php?rest_route=%2Fwp%2Fv2%2Fmedia&parent=11895"}],"wp:term":[{"taxonomy":"category","embeddable":true,"href":"https:\/\/etival.fr\/index.php?rest_route=%2Fwp%2Fv2%2Fcategories&post=11895"},{"taxonomy":"post_tag","embeddable":true,"href":"https:\/\/etival.fr\/index.php?rest_route=%2Fwp%2Fv2%2Ftags&post=11895"}],"curies":[{"name":"wp","href":"https:\/\/api.w.org\/{rel}","templated":true}]}}