{"id":11946,"date":"2024-05-15T07:36:06","date_gmt":"2024-05-15T06:36:06","guid":{"rendered":"https:\/\/etival.fr\/?p=11946"},"modified":"2024-05-15T08:01:44","modified_gmt":"2024-05-15T07:01:44","slug":"atelier-2tonnes-conference-compostage-a-la-maison","status":"publish","type":"post","link":"https:\/\/etival.fr\/?p=11946","title":{"rendered":"Atelier : \u00ab\u00a02 tonnes\u00a0\u00bb &#038; conf\u00e9rence : \u00ab\u00a0compostage \u00e0 la maison\u00a0\u00bb"},"content":{"rendered":"\n<figure class=\"wp-block-gallery has-nested-images columns-default is-cropped wp-block-gallery-1 is-layout-flex wp-block-gallery-is-layout-flex\">\n<figure class=\"wp-block-image size-large\"><a href=\"https:\/\/etival.fr\/wp-content\/uploads\/2024\/05\/affiche-A4-atelier-2-tonnes-2-scaled.jpg\"><img loading=\"lazy\" decoding=\"async\" width=\"746\" height=\"1024\" data-id=\"11957\" src=\"https:\/\/etival.fr\/wp-content\/uploads\/2024\/05\/affiche-A4-atelier-2-tonnes-2-746x1024.jpg\" alt=\"\" class=\"wp-image-11957\" srcset=\"https:\/\/etival.fr\/wp-content\/uploads\/2024\/05\/affiche-A4-atelier-2-tonnes-2-746x1024.jpg 746w, https:\/\/etival.fr\/wp-content\/uploads\/2024\/05\/affiche-A4-atelier-2-tonnes-2-219x300.jpg 219w, https:\/\/etival.fr\/wp-content\/uploads\/2024\/05\/affiche-A4-atelier-2-tonnes-2-768x1054.jpg 768w, https:\/\/etival.fr\/wp-content\/uploads\/2024\/05\/affiche-A4-atelier-2-tonnes-2-1119x1536.jpg 1119w, https:\/\/etival.fr\/wp-content\/uploads\/2024\/05\/affiche-A4-atelier-2-tonnes-2-1493x2048.jpg 1493w, https:\/\/etival.fr\/wp-content\/uploads\/2024\/05\/affiche-A4-atelier-2-tonnes-2-624x856.jpg 624w, https:\/\/etival.fr\/wp-content\/uploads\/2024\/05\/affiche-A4-atelier-2-tonnes-2-scaled.jpg 1866w\" sizes=\"auto, (max-width: 746px) 100vw, 746px\" \/><\/a><\/figure>\n\n\n\n<figure class=\"wp-block-image size-large\"><a href=\"https:\/\/etival.fr\/wp-content\/uploads\/2024\/05\/affiche-A4-conference-compostage-1-scaled.jpg\"><img loading=\"lazy\" decoding=\"async\" width=\"723\" height=\"1024\" data-id=\"11958\" src=\"https:\/\/etival.fr\/wp-content\/uploads\/2024\/05\/affiche-A4-conference-compostage-1-723x1024.jpg\" alt=\"\" class=\"wp-image-11958\" srcset=\"https:\/\/etival.fr\/wp-content\/uploads\/2024\/05\/affiche-A4-conference-compostage-1-723x1024.jpg 723w, https:\/\/etival.fr\/wp-content\/uploads\/2024\/05\/affiche-A4-conference-compostage-1-212x300.jpg 212w, https:\/\/etival.fr\/wp-content\/uploads\/2024\/05\/affiche-A4-conference-compostage-1-768x1087.jpg 768w, https:\/\/etival.fr\/wp-content\/uploads\/2024\/05\/affiche-A4-conference-compostage-1-1085x1536.jpg 1085w, https:\/\/etival.fr\/wp-content\/uploads\/2024\/05\/affiche-A4-conference-compostage-1-1447x2048.jpg 1447w, https:\/\/etival.fr\/wp-content\/uploads\/2024\/05\/affiche-A4-conference-compostage-1-624x883.jpg 624w, https:\/\/etival.fr\/wp-content\/uploads\/2024\/05\/affiche-A4-conference-compostage-1-scaled.jpg 1808w\" sizes=\"auto, (max-width: 723px) 100vw, 723px\" \/><\/a><\/figure>\n<\/figure>\n\n\n\n<p><\/p>\n\n\n\n<p class=\"has-text-align-left\">Vous \u00eates convaincu(e) de l\u2019urgence climatique, mais vous ne savez pas quoi faire, ni par quoi commencer ? Eco-gestes ou actions collectives ? Devenir flexitarien ou acheter de seconde-main ? R\u00e9nover son logement ou se d\u00e9placer \u00e0 v\u00e9lo ? S&rsquo;engager dans une association ou dans son travail ?&nbsp;&nbsp;<\/p>\n\n\n\n<p class=\"has-text-align-left\">&nbsp;Cet atelier est fait pour vous : vous comprendrez concr\u00e8tement et de fa\u00e7on ludique ce que viser la neutralit\u00e9 carbone en 2050 en France implique. Vous allez explorer le futur en \u00e9quipe et aurez comme mission de limiter le changement climatique \u00e0 +1,5\u00b0C.&nbsp;&nbsp;<\/p>\n\n\n\n<p class=\"has-text-align-left\">Pour cela, vous vivrez en acc\u00e9l\u00e9r\u00e9 les 30 prochaines ann\u00e9es et devrez choisir des actions individuelles ET collectives \u00e0 l&rsquo;\u00e9chelle du pays. Suite \u00e0 chaque choix, les \u00e9missions individuelles et nationales seront mises \u00e0 jour et vous permettront de visualiser instantan\u00e9ment votre sc\u00e9nario de transition !&nbsp;&nbsp;<\/p>\n\n\n\n<p class=\"has-text-align-left\">Cet atelier vous permettra d&rsquo;avoir une vue d&rsquo;ensemble de la transition pour comprendre quelles actions prioriser, aux diff\u00e9rentes \u00e9chelles, quels acteurs et secteurs seront impact\u00e9s, et vers quel monde cette transition nous permet d&rsquo;aller. Lors de l&rsquo;atelier, et suite \u00e0 l&rsquo;atelier (gr\u00e2ce \u00e0 votre compte participant), vous d\u00e9couvrirez la diversit\u00e9 des actions possibles et les ordres de grandeur de leur impact-informations et inscriptions aupr\u00e8s de Herv\u00e9 Roma 06 86 35 34 26<a href=\"mailto:h.rom@live.fr\" target=\"_blank\" rel=\"noreferrer noopener\">h.rom@live.fr<\/a><br>ou sur le lien suivant :<a href=\"https:\/\/framaforms.org\/inscription-a-latelier-2tonnes-mardi-04-juin-2024-18h-a-etival-1709928243\" target=\"_blank\" rel=\"noreferrer noopener\">inscription-a-latelier-2tonnes-mardi-04-juin-2024-18h-a-etival<\/a><\/p>\n","protected":false},"excerpt":{"rendered":"<p>Vous \u00eates convaincu(e) de l\u2019urgence climatique, mais vous ne savez pas quoi faire, ni par quoi commencer ? Eco-gestes ou actions collectives ? Devenir flexitarien ou acheter de seconde-main ? R\u00e9nover son logement ou se d\u00e9placer \u00e0 v\u00e9lo ? S&rsquo;engager dans une association ou dans son travail ?&nbsp;&nbsp; &nbsp;Cet atelier est fait pour vous : [&hellip;]<\/p>\n","protected":false},"author":2,"featured_media":0,"comment_status":"closed","ping_status":"open","sticky":false,"template":"","format":"standard","meta":{"footnotes":""},"categories":[6],"tags":[],"class_list":["post-11946","post","type-post","status-publish","format-standard","hentry","category-informations-municipales"],"yoast_head":"<!-- This site is optimized with the Yoast SEO plugin v26.8 - https:\/\/yoast.com\/product\/yoast-seo-wordpress\/ -->\n<title>Atelier : &quot;2 tonnes&quot; &amp; conf\u00e9rence : &quot;compostage \u00e0 la maison&quot; - Etival-Clairefontaine<\/title>\n<meta name=\"robots\" content=\"index, follow, max-snippet:-1, max-image-preview:large, max-video-preview:-1\" \/>\n<link rel=\"canonical\" href=\"https:\/\/etival.fr\/?p=11946\" \/>\n<meta property=\"og:locale\" content=\"fr_FR\" \/>\n<meta property=\"og:type\" content=\"article\" \/>\n<meta property=\"og:title\" content=\"Atelier : &quot;2 tonnes&quot; &amp; conf\u00e9rence : &quot;compostage \u00e0 la maison&quot; - Etival-Clairefontaine\" \/>\n<meta property=\"og:description\" content=\"Vous \u00eates convaincu(e) de l\u2019urgence climatique, mais vous ne savez pas quoi faire, ni par quoi commencer ? Eco-gestes ou actions collectives ? Devenir flexitarien ou acheter de seconde-main ? R\u00e9nover son logement ou se d\u00e9placer \u00e0 v\u00e9lo ? S&rsquo;engager dans une association ou dans son travail ?&nbsp;&nbsp; &nbsp;Cet atelier est fait pour vous : [&hellip;]\" \/>\n<meta property=\"og:url\" content=\"https:\/\/etival.fr\/?p=11946\" \/>\n<meta property=\"og:site_name\" content=\"Etival-Clairefontaine\" \/>\n<meta property=\"article:published_time\" content=\"2024-05-15T06:36:06+00:00\" \/>\n<meta property=\"article:modified_time\" content=\"2024-05-15T07:01:44+00:00\" \/>\n<meta property=\"og:image\" content=\"https:\/\/etival.fr\/wp-content\/uploads\/2024\/05\/affiche-A4-atelier-2-tonnes-2-746x1024.jpg\" \/>\n<meta name=\"author\" content=\"Catherine\" \/>\n<meta name=\"twitter:card\" content=\"summary_large_image\" \/>\n<meta name=\"twitter:label1\" content=\"\u00c9crit par\" \/>\n\t<meta name=\"twitter:data1\" content=\"Catherine\" \/>\n\t<meta name=\"twitter:label2\" content=\"Dur\u00e9e de lecture estim\u00e9e\" \/>\n\t<meta name=\"twitter:data2\" content=\"2 minutes\" \/>\n<script type=\"application\/ld+json\" class=\"yoast-schema-graph\">{\"@context\":\"https:\/\/schema.org\",\"@graph\":[{\"@type\":\"Article\",\"@id\":\"https:\/\/etival.fr\/?p=11946#article\",\"isPartOf\":{\"@id\":\"https:\/\/etival.fr\/?p=11946\"},\"author\":{\"name\":\"Catherine\",\"@id\":\"https:\/\/etival.fr\/#\/schema\/person\/966767531f422984430588510b8d4c3f\"},\"headline\":\"Atelier : \u00ab\u00a02 tonnes\u00a0\u00bb &#038; conf\u00e9rence : \u00ab\u00a0compostage \u00e0 la maison\u00a0\u00bb\",\"datePublished\":\"2024-05-15T06:36:06+00:00\",\"dateModified\":\"2024-05-15T07:01:44+00:00\",\"mainEntityOfPage\":{\"@id\":\"https:\/\/etival.fr\/?p=11946\"},\"wordCount\":240,\"image\":{\"@id\":\"https:\/\/etival.fr\/?p=11946#primaryimage\"},\"thumbnailUrl\":\"https:\/\/etival.fr\/wp-content\/uploads\/2024\/05\/affiche-A4-atelier-2-tonnes-2-746x1024.jpg\",\"articleSection\":[\"Informations Municipales\"],\"inLanguage\":\"fr-FR\"},{\"@type\":\"WebPage\",\"@id\":\"https:\/\/etival.fr\/?p=11946\",\"url\":\"https:\/\/etival.fr\/?p=11946\",\"name\":\"Atelier : \\\"2 tonnes\\\" & conf\u00e9rence : \\\"compostage \u00e0 la maison\\\" - Etival-Clairefontaine\",\"isPartOf\":{\"@id\":\"https:\/\/etival.fr\/#website\"},\"primaryImageOfPage\":{\"@id\":\"https:\/\/etival.fr\/?p=11946#primaryimage\"},\"image\":{\"@id\":\"https:\/\/etival.fr\/?p=11946#primaryimage\"},\"thumbnailUrl\":\"https:\/\/etival.fr\/wp-content\/uploads\/2024\/05\/affiche-A4-atelier-2-tonnes-2-746x1024.jpg\",\"datePublished\":\"2024-05-15T06:36:06+00:00\",\"dateModified\":\"2024-05-15T07:01:44+00:00\",\"author\":{\"@id\":\"https:\/\/etival.fr\/#\/schema\/person\/966767531f422984430588510b8d4c3f\"},\"breadcrumb\":{\"@id\":\"https:\/\/etival.fr\/?p=11946#breadcrumb\"},\"inLanguage\":\"fr-FR\",\"potentialAction\":[{\"@type\":\"ReadAction\",\"target\":[\"https:\/\/etival.fr\/?p=11946\"]}]},{\"@type\":\"ImageObject\",\"inLanguage\":\"fr-FR\",\"@id\":\"https:\/\/etival.fr\/?p=11946#primaryimage\",\"url\":\"https:\/\/etival.fr\/wp-content\/uploads\/2024\/05\/affiche-A4-atelier-2-tonnes-2-scaled.jpg\",\"contentUrl\":\"https:\/\/etival.fr\/wp-content\/uploads\/2024\/05\/affiche-A4-atelier-2-tonnes-2-scaled.jpg\",\"width\":1866,\"height\":2560},{\"@type\":\"BreadcrumbList\",\"@id\":\"https:\/\/etival.fr\/?p=11946#breadcrumb\",\"itemListElement\":[{\"@type\":\"ListItem\",\"position\":1,\"name\":\"Accueil\",\"item\":\"https:\/\/etival.fr\/\"},{\"@type\":\"ListItem\",\"position\":2,\"name\":\"Atelier : &#8220;2 tonnes&#8221; &#038; conf\u00e9rence : &#8220;compostage \u00e0 la maison&#8221;\"}]},{\"@type\":\"WebSite\",\"@id\":\"https:\/\/etival.fr\/#website\",\"url\":\"https:\/\/etival.fr\/\",\"name\":\"Etival-Clairefontaine\",\"description\":\"Informations et actualit\u00e9s de la commune\",\"potentialAction\":[{\"@type\":\"SearchAction\",\"target\":{\"@type\":\"EntryPoint\",\"urlTemplate\":\"https:\/\/etival.fr\/?s={search_term_string}\"},\"query-input\":{\"@type\":\"PropertyValueSpecification\",\"valueRequired\":true,\"valueName\":\"search_term_string\"}}],\"inLanguage\":\"fr-FR\"},{\"@type\":\"Person\",\"@id\":\"https:\/\/etival.fr\/#\/schema\/person\/966767531f422984430588510b8d4c3f\",\"name\":\"Catherine\",\"image\":{\"@type\":\"ImageObject\",\"inLanguage\":\"fr-FR\",\"@id\":\"https:\/\/etival.fr\/#\/schema\/person\/image\/\",\"url\":\"https:\/\/secure.gravatar.com\/avatar\/b99eff3bf59bd614e6c532df451dc649?s=96&d=mm&r=g\",\"contentUrl\":\"https:\/\/secure.gravatar.com\/avatar\/b99eff3bf59bd614e6c532df451dc649?s=96&d=mm&r=g\",\"caption\":\"Catherine\"},\"url\":\"https:\/\/etival.fr\/?author=2\"}]}<\/script>\n<!-- \/ Yoast SEO plugin. -->","yoast_head_json":{"title":"Atelier : \"2 tonnes\" & conf\u00e9rence : \"compostage \u00e0 la maison\" - Etival-Clairefontaine","robots":{"index":"index","follow":"follow","max-snippet":"max-snippet:-1","max-image-preview":"max-image-preview:large","max-video-preview":"max-video-preview:-1"},"canonical":"https:\/\/etival.fr\/?p=11946","og_locale":"fr_FR","og_type":"article","og_title":"Atelier : \"2 tonnes\" & conf\u00e9rence : \"compostage \u00e0 la maison\" - Etival-Clairefontaine","og_description":"Vous \u00eates convaincu(e) de l\u2019urgence climatique, mais vous ne savez pas quoi faire, ni par quoi commencer ? Eco-gestes ou actions collectives ? Devenir flexitarien ou acheter de seconde-main ? R\u00e9nover son logement ou se d\u00e9placer \u00e0 v\u00e9lo ? S&rsquo;engager dans une association ou dans son travail ?&nbsp;&nbsp; &nbsp;Cet atelier est fait pour vous : [&hellip;]","og_url":"https:\/\/etival.fr\/?p=11946","og_site_name":"Etival-Clairefontaine","article_published_time":"2024-05-15T06:36:06+00:00","article_modified_time":"2024-05-15T07:01:44+00:00","og_image":[{"url":"https:\/\/etival.fr\/wp-content\/uploads\/2024\/05\/affiche-A4-atelier-2-tonnes-2-746x1024.jpg","type":"","width":"","height":""}],"author":"Catherine","twitter_card":"summary_large_image","twitter_misc":{"\u00c9crit par":"Catherine","Dur\u00e9e de lecture estim\u00e9e":"2 minutes"},"schema":{"@context":"https:\/\/schema.org","@graph":[{"@type":"Article","@id":"https:\/\/etival.fr\/?p=11946#article","isPartOf":{"@id":"https:\/\/etival.fr\/?p=11946"},"author":{"name":"Catherine","@id":"https:\/\/etival.fr\/#\/schema\/person\/966767531f422984430588510b8d4c3f"},"headline":"Atelier : \u00ab\u00a02 tonnes\u00a0\u00bb &#038; conf\u00e9rence : \u00ab\u00a0compostage \u00e0 la maison\u00a0\u00bb","datePublished":"2024-05-15T06:36:06+00:00","dateModified":"2024-05-15T07:01:44+00:00","mainEntityOfPage":{"@id":"https:\/\/etival.fr\/?p=11946"},"wordCount":240,"image":{"@id":"https:\/\/etival.fr\/?p=11946#primaryimage"},"thumbnailUrl":"https:\/\/etival.fr\/wp-content\/uploads\/2024\/05\/affiche-A4-atelier-2-tonnes-2-746x1024.jpg","articleSection":["Informations Municipales"],"inLanguage":"fr-FR"},{"@type":"WebPage","@id":"https:\/\/etival.fr\/?p=11946","url":"https:\/\/etival.fr\/?p=11946","name":"Atelier : \"2 tonnes\" & conf\u00e9rence : \"compostage \u00e0 la maison\" - Etival-Clairefontaine","isPartOf":{"@id":"https:\/\/etival.fr\/#website"},"primaryImageOfPage":{"@id":"https:\/\/etival.fr\/?p=11946#primaryimage"},"image":{"@id":"https:\/\/etival.fr\/?p=11946#primaryimage"},"thumbnailUrl":"https:\/\/etival.fr\/wp-content\/uploads\/2024\/05\/affiche-A4-atelier-2-tonnes-2-746x1024.jpg","datePublished":"2024-05-15T06:36:06+00:00","dateModified":"2024-05-15T07:01:44+00:00","author":{"@id":"https:\/\/etival.fr\/#\/schema\/person\/966767531f422984430588510b8d4c3f"},"breadcrumb":{"@id":"https:\/\/etival.fr\/?p=11946#breadcrumb"},"inLanguage":"fr-FR","potentialAction":[{"@type":"ReadAction","target":["https:\/\/etival.fr\/?p=11946"]}]},{"@type":"ImageObject","inLanguage":"fr-FR","@id":"https:\/\/etival.fr\/?p=11946#primaryimage","url":"https:\/\/etival.fr\/wp-content\/uploads\/2024\/05\/affiche-A4-atelier-2-tonnes-2-scaled.jpg","contentUrl":"https:\/\/etival.fr\/wp-content\/uploads\/2024\/05\/affiche-A4-atelier-2-tonnes-2-scaled.jpg","width":1866,"height":2560},{"@type":"BreadcrumbList","@id":"https:\/\/etival.fr\/?p=11946#breadcrumb","itemListElement":[{"@type":"ListItem","position":1,"name":"Accueil","item":"https:\/\/etival.fr\/"},{"@type":"ListItem","position":2,"name":"Atelier : &#8220;2 tonnes&#8221; &#038; conf\u00e9rence : &#8220;compostage \u00e0 la maison&#8221;"}]},{"@type":"WebSite","@id":"https:\/\/etival.fr\/#website","url":"https:\/\/etival.fr\/","name":"Etival-Clairefontaine","description":"Informations et actualit\u00e9s de la commune","potentialAction":[{"@type":"SearchAction","target":{"@type":"EntryPoint","urlTemplate":"https:\/\/etival.fr\/?s={search_term_string}"},"query-input":{"@type":"PropertyValueSpecification","valueRequired":true,"valueName":"search_term_string"}}],"inLanguage":"fr-FR"},{"@type":"Person","@id":"https:\/\/etival.fr\/#\/schema\/person\/966767531f422984430588510b8d4c3f","name":"Catherine","image":{"@type":"ImageObject","inLanguage":"fr-FR","@id":"https:\/\/etival.fr\/#\/schema\/person\/image\/","url":"https:\/\/secure.gravatar.com\/avatar\/b99eff3bf59bd614e6c532df451dc649?s=96&d=mm&r=g","contentUrl":"https:\/\/secure.gravatar.com\/avatar\/b99eff3bf59bd614e6c532df451dc649?s=96&d=mm&r=g","caption":"Catherine"},"url":"https:\/\/etival.fr\/?author=2"}]}},"_links":{"self":[{"href":"https:\/\/etival.fr\/index.php?rest_route=\/wp\/v2\/posts\/11946","targetHints":{"allow":["GET"]}}],"collection":[{"href":"https:\/\/etival.fr\/index.php?rest_route=\/wp\/v2\/posts"}],"about":[{"href":"https:\/\/etival.fr\/index.php?rest_route=\/wp\/v2\/types\/post"}],"author":[{"embeddable":true,"href":"https:\/\/etival.fr\/index.php?rest_route=\/wp\/v2\/users\/2"}],"replies":[{"embeddable":true,"href":"https:\/\/etival.fr\/index.php?rest_route=%2Fwp%2Fv2%2Fcomments&post=11946"}],"version-history":[{"count":6,"href":"https:\/\/etival.fr\/index.php?rest_route=\/wp\/v2\/posts\/11946\/revisions"}],"predecessor-version":[{"id":11959,"href":"https:\/\/etival.fr\/index.php?rest_route=\/wp\/v2\/posts\/11946\/revisions\/11959"}],"wp:attachment":[{"href":"https:\/\/etival.fr\/index.php?rest_route=%2Fwp%2Fv2%2Fmedia&parent=11946"}],"wp:term":[{"taxonomy":"category","embeddable":true,"href":"https:\/\/etival.fr\/index.php?rest_route=%2Fwp%2Fv2%2Fcategories&post=11946"},{"taxonomy":"post_tag","embeddable":true,"href":"https:\/\/etival.fr\/index.php?rest_route=%2Fwp%2Fv2%2Ftags&post=11946"}],"curies":[{"name":"wp","href":"https:\/\/api.w.org\/{rel}","templated":true}]}}