{"id":11960,"date":"2024-05-15T09:16:13","date_gmt":"2024-05-15T08:16:13","guid":{"rendered":"https:\/\/etival.fr\/?p=11960"},"modified":"2024-05-15T09:21:06","modified_gmt":"2024-05-15T08:21:06","slug":"information-6","status":"publish","type":"post","link":"https:\/\/etival.fr\/?p=11960","title":{"rendered":"Information"},"content":{"rendered":"<div class=\"wp-block-image\">\n<figure class=\"aligncenter size-full\"><a href=\"https:\/\/etival.fr\/wp-content\/uploads\/2024\/05\/telechargement.png\"><img loading=\"lazy\" decoding=\"async\" width=\"255\" height=\"197\" src=\"https:\/\/etival.fr\/wp-content\/uploads\/2024\/05\/telechargement.png\" alt=\"\" class=\"wp-image-11961\"\/><\/a><\/figure><\/div>\n\n\n<p class=\"has-text-align-center\">Conform\u00e9ment aux engagements du contrat de pr\u00e9sence postale territoriale 2023-2025, <br>les horaires des bureaux de poste sont adapt\u00e9s durant la p\u00e9riode estivale<br>allant du 1er juillet au 31 ao\u00fbt 2024.<\/p>\n\n\n\n<p class=\"has-text-align-center has-text-color has-link-color wp-elements-6c8727fd1179582e3662ff4285b7d432\" style=\"color:#d60909\"><strong>Dans ce cadre, le bureau de Poste d&rsquo;\u00c9tival-Clairefontaine<br> sera ferm\u00e9e du 12 au 31 ao\u00fbt 2024.<\/strong><\/p>\n\n\n\n<p class=\"has-text-align-center has-blue-color has-text-color has-link-color wp-elements-b96f64817bc3874ac4293a1d1028859e\"><strong>Le bureau reprendra ses horaires habituels \u00e0 compter du 3 septembre 2024<\/strong>.<\/p>\n\n\n\n<p class=\"has-text-align-center\">Durant cette p\u00e9riode, les services postaux de Raon-l&rsquo;\u00c9tape, 10, Rue Jules Ferry <br>resteront accessibles mardi et jeudi de 9h \u00e0 12h et de 13h45 \u00e0 17h,<br>mercredi, vendredi et samedi de 9h00 \u00e0 12h00.<\/p>\n","protected":false},"excerpt":{"rendered":"<p>Conform\u00e9ment aux engagements du contrat de pr\u00e9sence postale territoriale 2023-2025, les horaires des bureaux de poste sont adapt\u00e9s durant la p\u00e9riode estivaleallant du 1er juillet au 31 ao\u00fbt 2024. Dans ce cadre, le bureau de Poste d&rsquo;\u00c9tival-Clairefontaine sera ferm\u00e9e du 12 au 31 ao\u00fbt 2024. Le bureau reprendra ses horaires habituels \u00e0 compter du 3 [&hellip;]<\/p>\n","protected":false},"author":2,"featured_media":0,"comment_status":"closed","ping_status":"open","sticky":false,"template":"","format":"standard","meta":{"footnotes":""},"categories":[7],"tags":[],"class_list":["post-11960","post","type-post","status-publish","format-standard","hentry","category-divers"],"yoast_head":"<!-- This site is optimized with the Yoast SEO plugin v26.8 - https:\/\/yoast.com\/product\/yoast-seo-wordpress\/ -->\n<title>Information - Etival-Clairefontaine<\/title>\n<meta name=\"robots\" content=\"index, follow, max-snippet:-1, max-image-preview:large, max-video-preview:-1\" \/>\n<link rel=\"canonical\" href=\"https:\/\/etival.fr\/?p=11960\" \/>\n<meta property=\"og:locale\" content=\"fr_FR\" \/>\n<meta property=\"og:type\" content=\"article\" \/>\n<meta property=\"og:title\" content=\"Information - Etival-Clairefontaine\" \/>\n<meta property=\"og:description\" content=\"Conform\u00e9ment aux engagements du contrat de pr\u00e9sence postale territoriale 2023-2025, les horaires des bureaux de poste sont adapt\u00e9s durant la p\u00e9riode estivaleallant du 1er juillet au 31 ao\u00fbt 2024. Dans ce cadre, le bureau de Poste d&rsquo;\u00c9tival-Clairefontaine sera ferm\u00e9e du 12 au 31 ao\u00fbt 2024. Le bureau reprendra ses horaires habituels \u00e0 compter du 3 [&hellip;]\" \/>\n<meta property=\"og:url\" content=\"https:\/\/etival.fr\/?p=11960\" \/>\n<meta property=\"og:site_name\" content=\"Etival-Clairefontaine\" \/>\n<meta property=\"article:published_time\" content=\"2024-05-15T08:16:13+00:00\" \/>\n<meta property=\"article:modified_time\" content=\"2024-05-15T08:21:06+00:00\" \/>\n<meta property=\"og:image\" content=\"https:\/\/etival.fr\/wp-content\/uploads\/2024\/05\/telechargement.png\" \/>\n<meta name=\"author\" content=\"Catherine\" \/>\n<meta name=\"twitter:card\" content=\"summary_large_image\" \/>\n<meta name=\"twitter:label1\" content=\"\u00c9crit par\" \/>\n\t<meta name=\"twitter:data1\" content=\"Catherine\" \/>\n\t<meta name=\"twitter:label2\" content=\"Dur\u00e9e de lecture estim\u00e9e\" \/>\n\t<meta name=\"twitter:data2\" content=\"1 minute\" \/>\n<script type=\"application\/ld+json\" class=\"yoast-schema-graph\">{\"@context\":\"https:\/\/schema.org\",\"@graph\":[{\"@type\":\"Article\",\"@id\":\"https:\/\/etival.fr\/?p=11960#article\",\"isPartOf\":{\"@id\":\"https:\/\/etival.fr\/?p=11960\"},\"author\":{\"name\":\"Catherine\",\"@id\":\"https:\/\/etival.fr\/#\/schema\/person\/966767531f422984430588510b8d4c3f\"},\"headline\":\"Information\",\"datePublished\":\"2024-05-15T08:16:13+00:00\",\"dateModified\":\"2024-05-15T08:21:06+00:00\",\"mainEntityOfPage\":{\"@id\":\"https:\/\/etival.fr\/?p=11960\"},\"wordCount\":90,\"image\":{\"@id\":\"https:\/\/etival.fr\/?p=11960#primaryimage\"},\"thumbnailUrl\":\"https:\/\/etival.fr\/wp-content\/uploads\/2024\/05\/telechargement.png\",\"articleSection\":[\"Divers\"],\"inLanguage\":\"fr-FR\"},{\"@type\":\"WebPage\",\"@id\":\"https:\/\/etival.fr\/?p=11960\",\"url\":\"https:\/\/etival.fr\/?p=11960\",\"name\":\"Information - Etival-Clairefontaine\",\"isPartOf\":{\"@id\":\"https:\/\/etival.fr\/#website\"},\"primaryImageOfPage\":{\"@id\":\"https:\/\/etival.fr\/?p=11960#primaryimage\"},\"image\":{\"@id\":\"https:\/\/etival.fr\/?p=11960#primaryimage\"},\"thumbnailUrl\":\"https:\/\/etival.fr\/wp-content\/uploads\/2024\/05\/telechargement.png\",\"datePublished\":\"2024-05-15T08:16:13+00:00\",\"dateModified\":\"2024-05-15T08:21:06+00:00\",\"author\":{\"@id\":\"https:\/\/etival.fr\/#\/schema\/person\/966767531f422984430588510b8d4c3f\"},\"breadcrumb\":{\"@id\":\"https:\/\/etival.fr\/?p=11960#breadcrumb\"},\"inLanguage\":\"fr-FR\",\"potentialAction\":[{\"@type\":\"ReadAction\",\"target\":[\"https:\/\/etival.fr\/?p=11960\"]}]},{\"@type\":\"ImageObject\",\"inLanguage\":\"fr-FR\",\"@id\":\"https:\/\/etival.fr\/?p=11960#primaryimage\",\"url\":\"https:\/\/etival.fr\/wp-content\/uploads\/2024\/05\/telechargement.png\",\"contentUrl\":\"https:\/\/etival.fr\/wp-content\/uploads\/2024\/05\/telechargement.png\"},{\"@type\":\"BreadcrumbList\",\"@id\":\"https:\/\/etival.fr\/?p=11960#breadcrumb\",\"itemListElement\":[{\"@type\":\"ListItem\",\"position\":1,\"name\":\"Accueil\",\"item\":\"https:\/\/etival.fr\/\"},{\"@type\":\"ListItem\",\"position\":2,\"name\":\"Information\"}]},{\"@type\":\"WebSite\",\"@id\":\"https:\/\/etival.fr\/#website\",\"url\":\"https:\/\/etival.fr\/\",\"name\":\"Etival-Clairefontaine\",\"description\":\"Informations et actualit\u00e9s de la commune\",\"potentialAction\":[{\"@type\":\"SearchAction\",\"target\":{\"@type\":\"EntryPoint\",\"urlTemplate\":\"https:\/\/etival.fr\/?s={search_term_string}\"},\"query-input\":{\"@type\":\"PropertyValueSpecification\",\"valueRequired\":true,\"valueName\":\"search_term_string\"}}],\"inLanguage\":\"fr-FR\"},{\"@type\":\"Person\",\"@id\":\"https:\/\/etival.fr\/#\/schema\/person\/966767531f422984430588510b8d4c3f\",\"name\":\"Catherine\",\"image\":{\"@type\":\"ImageObject\",\"inLanguage\":\"fr-FR\",\"@id\":\"https:\/\/etival.fr\/#\/schema\/person\/image\/\",\"url\":\"https:\/\/secure.gravatar.com\/avatar\/b99eff3bf59bd614e6c532df451dc649?s=96&d=mm&r=g\",\"contentUrl\":\"https:\/\/secure.gravatar.com\/avatar\/b99eff3bf59bd614e6c532df451dc649?s=96&d=mm&r=g\",\"caption\":\"Catherine\"},\"url\":\"https:\/\/etival.fr\/?author=2\"}]}<\/script>\n<!-- \/ Yoast SEO plugin. -->","yoast_head_json":{"title":"Information - Etival-Clairefontaine","robots":{"index":"index","follow":"follow","max-snippet":"max-snippet:-1","max-image-preview":"max-image-preview:large","max-video-preview":"max-video-preview:-1"},"canonical":"https:\/\/etival.fr\/?p=11960","og_locale":"fr_FR","og_type":"article","og_title":"Information - Etival-Clairefontaine","og_description":"Conform\u00e9ment aux engagements du contrat de pr\u00e9sence postale territoriale 2023-2025, les horaires des bureaux de poste sont adapt\u00e9s durant la p\u00e9riode estivaleallant du 1er juillet au 31 ao\u00fbt 2024. Dans ce cadre, le bureau de Poste d&rsquo;\u00c9tival-Clairefontaine sera ferm\u00e9e du 12 au 31 ao\u00fbt 2024. Le bureau reprendra ses horaires habituels \u00e0 compter du 3 [&hellip;]","og_url":"https:\/\/etival.fr\/?p=11960","og_site_name":"Etival-Clairefontaine","article_published_time":"2024-05-15T08:16:13+00:00","article_modified_time":"2024-05-15T08:21:06+00:00","og_image":[{"url":"https:\/\/etival.fr\/wp-content\/uploads\/2024\/05\/telechargement.png","type":"","width":"","height":""}],"author":"Catherine","twitter_card":"summary_large_image","twitter_misc":{"\u00c9crit par":"Catherine","Dur\u00e9e de lecture estim\u00e9e":"1 minute"},"schema":{"@context":"https:\/\/schema.org","@graph":[{"@type":"Article","@id":"https:\/\/etival.fr\/?p=11960#article","isPartOf":{"@id":"https:\/\/etival.fr\/?p=11960"},"author":{"name":"Catherine","@id":"https:\/\/etival.fr\/#\/schema\/person\/966767531f422984430588510b8d4c3f"},"headline":"Information","datePublished":"2024-05-15T08:16:13+00:00","dateModified":"2024-05-15T08:21:06+00:00","mainEntityOfPage":{"@id":"https:\/\/etival.fr\/?p=11960"},"wordCount":90,"image":{"@id":"https:\/\/etival.fr\/?p=11960#primaryimage"},"thumbnailUrl":"https:\/\/etival.fr\/wp-content\/uploads\/2024\/05\/telechargement.png","articleSection":["Divers"],"inLanguage":"fr-FR"},{"@type":"WebPage","@id":"https:\/\/etival.fr\/?p=11960","url":"https:\/\/etival.fr\/?p=11960","name":"Information - Etival-Clairefontaine","isPartOf":{"@id":"https:\/\/etival.fr\/#website"},"primaryImageOfPage":{"@id":"https:\/\/etival.fr\/?p=11960#primaryimage"},"image":{"@id":"https:\/\/etival.fr\/?p=11960#primaryimage"},"thumbnailUrl":"https:\/\/etival.fr\/wp-content\/uploads\/2024\/05\/telechargement.png","datePublished":"2024-05-15T08:16:13+00:00","dateModified":"2024-05-15T08:21:06+00:00","author":{"@id":"https:\/\/etival.fr\/#\/schema\/person\/966767531f422984430588510b8d4c3f"},"breadcrumb":{"@id":"https:\/\/etival.fr\/?p=11960#breadcrumb"},"inLanguage":"fr-FR","potentialAction":[{"@type":"ReadAction","target":["https:\/\/etival.fr\/?p=11960"]}]},{"@type":"ImageObject","inLanguage":"fr-FR","@id":"https:\/\/etival.fr\/?p=11960#primaryimage","url":"https:\/\/etival.fr\/wp-content\/uploads\/2024\/05\/telechargement.png","contentUrl":"https:\/\/etival.fr\/wp-content\/uploads\/2024\/05\/telechargement.png"},{"@type":"BreadcrumbList","@id":"https:\/\/etival.fr\/?p=11960#breadcrumb","itemListElement":[{"@type":"ListItem","position":1,"name":"Accueil","item":"https:\/\/etival.fr\/"},{"@type":"ListItem","position":2,"name":"Information"}]},{"@type":"WebSite","@id":"https:\/\/etival.fr\/#website","url":"https:\/\/etival.fr\/","name":"Etival-Clairefontaine","description":"Informations et actualit\u00e9s de la commune","potentialAction":[{"@type":"SearchAction","target":{"@type":"EntryPoint","urlTemplate":"https:\/\/etival.fr\/?s={search_term_string}"},"query-input":{"@type":"PropertyValueSpecification","valueRequired":true,"valueName":"search_term_string"}}],"inLanguage":"fr-FR"},{"@type":"Person","@id":"https:\/\/etival.fr\/#\/schema\/person\/966767531f422984430588510b8d4c3f","name":"Catherine","image":{"@type":"ImageObject","inLanguage":"fr-FR","@id":"https:\/\/etival.fr\/#\/schema\/person\/image\/","url":"https:\/\/secure.gravatar.com\/avatar\/b99eff3bf59bd614e6c532df451dc649?s=96&d=mm&r=g","contentUrl":"https:\/\/secure.gravatar.com\/avatar\/b99eff3bf59bd614e6c532df451dc649?s=96&d=mm&r=g","caption":"Catherine"},"url":"https:\/\/etival.fr\/?author=2"}]}},"_links":{"self":[{"href":"https:\/\/etival.fr\/index.php?rest_route=\/wp\/v2\/posts\/11960","targetHints":{"allow":["GET"]}}],"collection":[{"href":"https:\/\/etival.fr\/index.php?rest_route=\/wp\/v2\/posts"}],"about":[{"href":"https:\/\/etival.fr\/index.php?rest_route=\/wp\/v2\/types\/post"}],"author":[{"embeddable":true,"href":"https:\/\/etival.fr\/index.php?rest_route=\/wp\/v2\/users\/2"}],"replies":[{"embeddable":true,"href":"https:\/\/etival.fr\/index.php?rest_route=%2Fwp%2Fv2%2Fcomments&post=11960"}],"version-history":[{"count":3,"href":"https:\/\/etival.fr\/index.php?rest_route=\/wp\/v2\/posts\/11960\/revisions"}],"predecessor-version":[{"id":11964,"href":"https:\/\/etival.fr\/index.php?rest_route=\/wp\/v2\/posts\/11960\/revisions\/11964"}],"wp:attachment":[{"href":"https:\/\/etival.fr\/index.php?rest_route=%2Fwp%2Fv2%2Fmedia&parent=11960"}],"wp:term":[{"taxonomy":"category","embeddable":true,"href":"https:\/\/etival.fr\/index.php?rest_route=%2Fwp%2Fv2%2Fcategories&post=11960"},{"taxonomy":"post_tag","embeddable":true,"href":"https:\/\/etival.fr\/index.php?rest_route=%2Fwp%2Fv2%2Ftags&post=11960"}],"curies":[{"name":"wp","href":"https:\/\/api.w.org\/{rel}","templated":true}]}}