{"id":11983,"date":"2024-05-31T07:13:08","date_gmt":"2024-05-31T06:13:08","guid":{"rendered":"https:\/\/etival.fr\/?p=11983"},"modified":"2024-05-31T07:13:44","modified_gmt":"2024-05-31T06:13:44","slug":"location-appartement-a-etival-clairefontaine","status":"publish","type":"post","link":"https:\/\/etival.fr\/?p=11983","title":{"rendered":"Location appartement \u00e0 \u00c9tival-Clairefontaine"},"content":{"rendered":"\n<p>Loue au premier \u00e9tage un appartement sur deux niveaux (86 m2) au centre ville.<br>Comprenant : entr\u00e9e, cuisine, wc, salle de bain (douche), salon s\u00e9jour, une chambre, mezzanine.<br>Chauffage individuel gaz.<br>Montant du loyer : 479,27\u20ac\/mois.<br>D\u00e9p\u00f4t de garantie : 479.27\u20ac.<\/p>\n\n\n\n<p>Renseignement : 03.29.41.29.57 ou par mail \u00e0 : communication@etival.fr<br><em>(du lundi au mercredi de 8h \u00e0 12h et de 13h30 \u00e0 17h, jeudi et vendredi de 8h \u00e0 12h)<\/em><\/p>\n\n\n\n<figure class=\"wp-block-gallery has-nested-images columns-default is-cropped wp-block-gallery-1 is-layout-flex wp-block-gallery-is-layout-flex\">\n<figure class=\"wp-block-image size-large\"><a href=\"https:\/\/etival.fr\/wp-content\/uploads\/2024\/05\/436752980_2724812594347214_2248080048770298315_n-1.jpg\"><img loading=\"lazy\" decoding=\"async\" width=\"155\" height=\"206\" data-id=\"11995\" src=\"https:\/\/etival.fr\/wp-content\/uploads\/2024\/05\/436752980_2724812594347214_2248080048770298315_n-1.jpg\" alt=\"\" class=\"wp-image-11995\"\/><\/a><\/figure>\n\n\n\n<figure class=\"wp-block-image size-large\"><a href=\"https:\/\/etival.fr\/wp-content\/uploads\/2024\/05\/441008650_983676729907953_3617196791793460063_n-1.jpg\"><img loading=\"lazy\" decoding=\"async\" width=\"155\" height=\"206\" data-id=\"12000\" src=\"https:\/\/etival.fr\/wp-content\/uploads\/2024\/05\/441008650_983676729907953_3617196791793460063_n-1.jpg\" alt=\"\" class=\"wp-image-12000\"\/><\/a><\/figure>\n\n\n\n<figure class=\"wp-block-image size-large\"><a href=\"https:\/\/etival.fr\/wp-content\/uploads\/2024\/05\/441061410_998060318822676_1140578460289328657_n-1.jpg\"><img loading=\"lazy\" decoding=\"async\" width=\"155\" height=\"206\" data-id=\"11996\" src=\"https:\/\/etival.fr\/wp-content\/uploads\/2024\/05\/441061410_998060318822676_1140578460289328657_n-1.jpg\" alt=\"\" class=\"wp-image-11996\"\/><\/a><\/figure>\n\n\n\n<figure class=\"wp-block-image size-large\"><a href=\"https:\/\/etival.fr\/wp-content\/uploads\/2024\/05\/441515264_420334984152590_5837245435542190668_n-1.jpg\"><img loading=\"lazy\" decoding=\"async\" width=\"155\" height=\"206\" data-id=\"11997\" src=\"https:\/\/etival.fr\/wp-content\/uploads\/2024\/05\/441515264_420334984152590_5837245435542190668_n-1.jpg\" alt=\"\" class=\"wp-image-11997\"\/><\/a><\/figure>\n\n\n\n<figure class=\"wp-block-image size-large\"><a href=\"https:\/\/etival.fr\/wp-content\/uploads\/2024\/05\/441945377_1760964164312835_1818725394560510320_n-2.jpg\"><img loading=\"lazy\" decoding=\"async\" width=\"155\" height=\"206\" data-id=\"12001\" src=\"https:\/\/etival.fr\/wp-content\/uploads\/2024\/05\/441945377_1760964164312835_1818725394560510320_n-2.jpg\" alt=\"\" class=\"wp-image-12001\"\/><\/a><\/figure>\n\n\n\n<figure class=\"wp-block-image size-large\"><a href=\"https:\/\/etival.fr\/wp-content\/uploads\/2024\/05\/442002459_469141208922264_2202722500583380673_n-2.jpg\"><img loading=\"lazy\" decoding=\"async\" width=\"155\" height=\"206\" data-id=\"11998\" src=\"https:\/\/etival.fr\/wp-content\/uploads\/2024\/05\/442002459_469141208922264_2202722500583380673_n-2.jpg\" alt=\"\" class=\"wp-image-11998\"\/><\/a><\/figure>\n<\/figure>\n","protected":false},"excerpt":{"rendered":"<p>Loue au premier \u00e9tage un appartement sur deux niveaux (86 m2) au centre ville.Comprenant : entr\u00e9e, cuisine, wc, salle de bain (douche), salon s\u00e9jour, une chambre, mezzanine.Chauffage individuel gaz.Montant du loyer : 479,27\u20ac\/mois.D\u00e9p\u00f4t de garantie : 479.27\u20ac. Renseignement : 03.29.41.29.57 ou par mail \u00e0 : communication@etival.fr(du lundi au mercredi de 8h \u00e0 12h et de [&hellip;]<\/p>\n","protected":false},"author":2,"featured_media":0,"comment_status":"closed","ping_status":"open","sticky":false,"template":"","format":"standard","meta":{"footnotes":""},"categories":[6],"tags":[],"class_list":["post-11983","post","type-post","status-publish","format-standard","hentry","category-informations-municipales"],"yoast_head":"<!-- This site is optimized with the Yoast SEO plugin v26.8 - https:\/\/yoast.com\/product\/yoast-seo-wordpress\/ -->\n<title>Location appartement \u00e0 \u00c9tival-Clairefontaine - Etival-Clairefontaine<\/title>\n<meta name=\"robots\" content=\"index, follow, max-snippet:-1, max-image-preview:large, max-video-preview:-1\" \/>\n<link rel=\"canonical\" href=\"https:\/\/etival.fr\/?p=11983\" \/>\n<meta property=\"og:locale\" content=\"fr_FR\" \/>\n<meta property=\"og:type\" content=\"article\" \/>\n<meta property=\"og:title\" content=\"Location appartement \u00e0 \u00c9tival-Clairefontaine - Etival-Clairefontaine\" \/>\n<meta property=\"og:description\" content=\"Loue au premier \u00e9tage un appartement sur deux niveaux (86 m2) au centre ville.Comprenant : entr\u00e9e, cuisine, wc, salle de bain (douche), salon s\u00e9jour, une chambre, mezzanine.Chauffage individuel gaz.Montant du loyer : 479,27\u20ac\/mois.D\u00e9p\u00f4t de garantie : 479.27\u20ac. Renseignement : 03.29.41.29.57 ou par mail \u00e0 : communication@etival.fr(du lundi au mercredi de 8h \u00e0 12h et de [&hellip;]\" \/>\n<meta property=\"og:url\" content=\"https:\/\/etival.fr\/?p=11983\" \/>\n<meta property=\"og:site_name\" content=\"Etival-Clairefontaine\" \/>\n<meta property=\"article:published_time\" content=\"2024-05-31T06:13:08+00:00\" \/>\n<meta property=\"article:modified_time\" content=\"2024-05-31T06:13:44+00:00\" \/>\n<meta property=\"og:image\" content=\"https:\/\/etival.fr\/wp-content\/uploads\/2024\/05\/436752980_2724812594347214_2248080048770298315_n-1.jpg\" \/>\n<meta name=\"author\" content=\"Catherine\" \/>\n<meta name=\"twitter:card\" content=\"summary_large_image\" \/>\n<meta name=\"twitter:label1\" content=\"\u00c9crit par\" \/>\n\t<meta name=\"twitter:data1\" content=\"Catherine\" \/>\n\t<meta name=\"twitter:label2\" content=\"Dur\u00e9e de lecture estim\u00e9e\" \/>\n\t<meta name=\"twitter:data2\" content=\"2 minutes\" \/>\n<script type=\"application\/ld+json\" class=\"yoast-schema-graph\">{\"@context\":\"https:\/\/schema.org\",\"@graph\":[{\"@type\":\"Article\",\"@id\":\"https:\/\/etival.fr\/?p=11983#article\",\"isPartOf\":{\"@id\":\"https:\/\/etival.fr\/?p=11983\"},\"author\":{\"name\":\"Catherine\",\"@id\":\"https:\/\/etival.fr\/#\/schema\/person\/966767531f422984430588510b8d4c3f\"},\"headline\":\"Location appartement \u00e0 \u00c9tival-Clairefontaine\",\"datePublished\":\"2024-05-31T06:13:08+00:00\",\"dateModified\":\"2024-05-31T06:13:44+00:00\",\"mainEntityOfPage\":{\"@id\":\"https:\/\/etival.fr\/?p=11983\"},\"wordCount\":67,\"image\":{\"@id\":\"https:\/\/etival.fr\/?p=11983#primaryimage\"},\"thumbnailUrl\":\"https:\/\/etival.fr\/wp-content\/uploads\/2024\/05\/436752980_2724812594347214_2248080048770298315_n-1.jpg\",\"articleSection\":[\"Informations Municipales\"],\"inLanguage\":\"fr-FR\"},{\"@type\":\"WebPage\",\"@id\":\"https:\/\/etival.fr\/?p=11983\",\"url\":\"https:\/\/etival.fr\/?p=11983\",\"name\":\"Location appartement \u00e0 \u00c9tival-Clairefontaine - Etival-Clairefontaine\",\"isPartOf\":{\"@id\":\"https:\/\/etival.fr\/#website\"},\"primaryImageOfPage\":{\"@id\":\"https:\/\/etival.fr\/?p=11983#primaryimage\"},\"image\":{\"@id\":\"https:\/\/etival.fr\/?p=11983#primaryimage\"},\"thumbnailUrl\":\"https:\/\/etival.fr\/wp-content\/uploads\/2024\/05\/436752980_2724812594347214_2248080048770298315_n-1.jpg\",\"datePublished\":\"2024-05-31T06:13:08+00:00\",\"dateModified\":\"2024-05-31T06:13:44+00:00\",\"author\":{\"@id\":\"https:\/\/etival.fr\/#\/schema\/person\/966767531f422984430588510b8d4c3f\"},\"breadcrumb\":{\"@id\":\"https:\/\/etival.fr\/?p=11983#breadcrumb\"},\"inLanguage\":\"fr-FR\",\"potentialAction\":[{\"@type\":\"ReadAction\",\"target\":[\"https:\/\/etival.fr\/?p=11983\"]}]},{\"@type\":\"ImageObject\",\"inLanguage\":\"fr-FR\",\"@id\":\"https:\/\/etival.fr\/?p=11983#primaryimage\",\"url\":\"https:\/\/etival.fr\/wp-content\/uploads\/2024\/05\/436752980_2724812594347214_2248080048770298315_n-1.jpg\",\"contentUrl\":\"https:\/\/etival.fr\/wp-content\/uploads\/2024\/05\/436752980_2724812594347214_2248080048770298315_n-1.jpg\"},{\"@type\":\"BreadcrumbList\",\"@id\":\"https:\/\/etival.fr\/?p=11983#breadcrumb\",\"itemListElement\":[{\"@type\":\"ListItem\",\"position\":1,\"name\":\"Accueil\",\"item\":\"https:\/\/etival.fr\/\"},{\"@type\":\"ListItem\",\"position\":2,\"name\":\"Location appartement \u00e0 \u00c9tival-Clairefontaine\"}]},{\"@type\":\"WebSite\",\"@id\":\"https:\/\/etival.fr\/#website\",\"url\":\"https:\/\/etival.fr\/\",\"name\":\"Etival-Clairefontaine\",\"description\":\"Informations et actualit\u00e9s de la commune\",\"potentialAction\":[{\"@type\":\"SearchAction\",\"target\":{\"@type\":\"EntryPoint\",\"urlTemplate\":\"https:\/\/etival.fr\/?s={search_term_string}\"},\"query-input\":{\"@type\":\"PropertyValueSpecification\",\"valueRequired\":true,\"valueName\":\"search_term_string\"}}],\"inLanguage\":\"fr-FR\"},{\"@type\":\"Person\",\"@id\":\"https:\/\/etival.fr\/#\/schema\/person\/966767531f422984430588510b8d4c3f\",\"name\":\"Catherine\",\"image\":{\"@type\":\"ImageObject\",\"inLanguage\":\"fr-FR\",\"@id\":\"https:\/\/etival.fr\/#\/schema\/person\/image\/\",\"url\":\"https:\/\/secure.gravatar.com\/avatar\/b99eff3bf59bd614e6c532df451dc649?s=96&d=mm&r=g\",\"contentUrl\":\"https:\/\/secure.gravatar.com\/avatar\/b99eff3bf59bd614e6c532df451dc649?s=96&d=mm&r=g\",\"caption\":\"Catherine\"},\"url\":\"https:\/\/etival.fr\/?author=2\"}]}<\/script>\n<!-- \/ Yoast SEO plugin. -->","yoast_head_json":{"title":"Location appartement \u00e0 \u00c9tival-Clairefontaine - Etival-Clairefontaine","robots":{"index":"index","follow":"follow","max-snippet":"max-snippet:-1","max-image-preview":"max-image-preview:large","max-video-preview":"max-video-preview:-1"},"canonical":"https:\/\/etival.fr\/?p=11983","og_locale":"fr_FR","og_type":"article","og_title":"Location appartement \u00e0 \u00c9tival-Clairefontaine - Etival-Clairefontaine","og_description":"Loue au premier \u00e9tage un appartement sur deux niveaux (86 m2) au centre ville.Comprenant : entr\u00e9e, cuisine, wc, salle de bain (douche), salon s\u00e9jour, une chambre, mezzanine.Chauffage individuel gaz.Montant du loyer : 479,27\u20ac\/mois.D\u00e9p\u00f4t de garantie : 479.27\u20ac. Renseignement : 03.29.41.29.57 ou par mail \u00e0 : communication@etival.fr(du lundi au mercredi de 8h \u00e0 12h et de [&hellip;]","og_url":"https:\/\/etival.fr\/?p=11983","og_site_name":"Etival-Clairefontaine","article_published_time":"2024-05-31T06:13:08+00:00","article_modified_time":"2024-05-31T06:13:44+00:00","og_image":[{"url":"https:\/\/etival.fr\/wp-content\/uploads\/2024\/05\/436752980_2724812594347214_2248080048770298315_n-1.jpg","type":"","width":"","height":""}],"author":"Catherine","twitter_card":"summary_large_image","twitter_misc":{"\u00c9crit par":"Catherine","Dur\u00e9e de lecture estim\u00e9e":"2 minutes"},"schema":{"@context":"https:\/\/schema.org","@graph":[{"@type":"Article","@id":"https:\/\/etival.fr\/?p=11983#article","isPartOf":{"@id":"https:\/\/etival.fr\/?p=11983"},"author":{"name":"Catherine","@id":"https:\/\/etival.fr\/#\/schema\/person\/966767531f422984430588510b8d4c3f"},"headline":"Location appartement \u00e0 \u00c9tival-Clairefontaine","datePublished":"2024-05-31T06:13:08+00:00","dateModified":"2024-05-31T06:13:44+00:00","mainEntityOfPage":{"@id":"https:\/\/etival.fr\/?p=11983"},"wordCount":67,"image":{"@id":"https:\/\/etival.fr\/?p=11983#primaryimage"},"thumbnailUrl":"https:\/\/etival.fr\/wp-content\/uploads\/2024\/05\/436752980_2724812594347214_2248080048770298315_n-1.jpg","articleSection":["Informations Municipales"],"inLanguage":"fr-FR"},{"@type":"WebPage","@id":"https:\/\/etival.fr\/?p=11983","url":"https:\/\/etival.fr\/?p=11983","name":"Location appartement \u00e0 \u00c9tival-Clairefontaine - Etival-Clairefontaine","isPartOf":{"@id":"https:\/\/etival.fr\/#website"},"primaryImageOfPage":{"@id":"https:\/\/etival.fr\/?p=11983#primaryimage"},"image":{"@id":"https:\/\/etival.fr\/?p=11983#primaryimage"},"thumbnailUrl":"https:\/\/etival.fr\/wp-content\/uploads\/2024\/05\/436752980_2724812594347214_2248080048770298315_n-1.jpg","datePublished":"2024-05-31T06:13:08+00:00","dateModified":"2024-05-31T06:13:44+00:00","author":{"@id":"https:\/\/etival.fr\/#\/schema\/person\/966767531f422984430588510b8d4c3f"},"breadcrumb":{"@id":"https:\/\/etival.fr\/?p=11983#breadcrumb"},"inLanguage":"fr-FR","potentialAction":[{"@type":"ReadAction","target":["https:\/\/etival.fr\/?p=11983"]}]},{"@type":"ImageObject","inLanguage":"fr-FR","@id":"https:\/\/etival.fr\/?p=11983#primaryimage","url":"https:\/\/etival.fr\/wp-content\/uploads\/2024\/05\/436752980_2724812594347214_2248080048770298315_n-1.jpg","contentUrl":"https:\/\/etival.fr\/wp-content\/uploads\/2024\/05\/436752980_2724812594347214_2248080048770298315_n-1.jpg"},{"@type":"BreadcrumbList","@id":"https:\/\/etival.fr\/?p=11983#breadcrumb","itemListElement":[{"@type":"ListItem","position":1,"name":"Accueil","item":"https:\/\/etival.fr\/"},{"@type":"ListItem","position":2,"name":"Location appartement \u00e0 \u00c9tival-Clairefontaine"}]},{"@type":"WebSite","@id":"https:\/\/etival.fr\/#website","url":"https:\/\/etival.fr\/","name":"Etival-Clairefontaine","description":"Informations et actualit\u00e9s de la commune","potentialAction":[{"@type":"SearchAction","target":{"@type":"EntryPoint","urlTemplate":"https:\/\/etival.fr\/?s={search_term_string}"},"query-input":{"@type":"PropertyValueSpecification","valueRequired":true,"valueName":"search_term_string"}}],"inLanguage":"fr-FR"},{"@type":"Person","@id":"https:\/\/etival.fr\/#\/schema\/person\/966767531f422984430588510b8d4c3f","name":"Catherine","image":{"@type":"ImageObject","inLanguage":"fr-FR","@id":"https:\/\/etival.fr\/#\/schema\/person\/image\/","url":"https:\/\/secure.gravatar.com\/avatar\/b99eff3bf59bd614e6c532df451dc649?s=96&d=mm&r=g","contentUrl":"https:\/\/secure.gravatar.com\/avatar\/b99eff3bf59bd614e6c532df451dc649?s=96&d=mm&r=g","caption":"Catherine"},"url":"https:\/\/etival.fr\/?author=2"}]}},"_links":{"self":[{"href":"https:\/\/etival.fr\/index.php?rest_route=\/wp\/v2\/posts\/11983","targetHints":{"allow":["GET"]}}],"collection":[{"href":"https:\/\/etival.fr\/index.php?rest_route=\/wp\/v2\/posts"}],"about":[{"href":"https:\/\/etival.fr\/index.php?rest_route=\/wp\/v2\/types\/post"}],"author":[{"embeddable":true,"href":"https:\/\/etival.fr\/index.php?rest_route=\/wp\/v2\/users\/2"}],"replies":[{"embeddable":true,"href":"https:\/\/etival.fr\/index.php?rest_route=%2Fwp%2Fv2%2Fcomments&post=11983"}],"version-history":[{"count":1,"href":"https:\/\/etival.fr\/index.php?rest_route=\/wp\/v2\/posts\/11983\/revisions"}],"predecessor-version":[{"id":12002,"href":"https:\/\/etival.fr\/index.php?rest_route=\/wp\/v2\/posts\/11983\/revisions\/12002"}],"wp:attachment":[{"href":"https:\/\/etival.fr\/index.php?rest_route=%2Fwp%2Fv2%2Fmedia&parent=11983"}],"wp:term":[{"taxonomy":"category","embeddable":true,"href":"https:\/\/etival.fr\/index.php?rest_route=%2Fwp%2Fv2%2Fcategories&post=11983"},{"taxonomy":"post_tag","embeddable":true,"href":"https:\/\/etival.fr\/index.php?rest_route=%2Fwp%2Fv2%2Ftags&post=11983"}],"curies":[{"name":"wp","href":"https:\/\/api.w.org\/{rel}","templated":true}]}}