{"id":12006,"date":"2024-06-04T07:57:38","date_gmt":"2024-06-04T06:57:38","guid":{"rendered":"https:\/\/etival.fr\/?p=12006"},"modified":"2024-06-04T08:02:28","modified_gmt":"2024-06-04T07:02:28","slug":"programme-du-mois-de-juin-a-la-mediatheque-2","status":"publish","type":"post","link":"https:\/\/etival.fr\/?p=12006","title":{"rendered":"Programme du mois de juin \u00e0 la m\u00e9diath\u00e8que"},"content":{"rendered":"\n<figure class=\"wp-block-gallery has-nested-images columns-default is-cropped wp-block-gallery-1 is-layout-flex wp-block-gallery-is-layout-flex\">\n<figure class=\"wp-block-image size-large\"><a href=\"https:\/\/etival.fr\/wp-content\/uploads\/2024\/06\/06_07-concert-.jpg\"><img loading=\"lazy\" decoding=\"async\" width=\"724\" height=\"1024\" data-id=\"12013\" src=\"https:\/\/etival.fr\/wp-content\/uploads\/2024\/06\/06_07-concert--724x1024.jpg\" alt=\"\" class=\"wp-image-12013\" srcset=\"https:\/\/etival.fr\/wp-content\/uploads\/2024\/06\/06_07-concert--724x1024.jpg 724w, https:\/\/etival.fr\/wp-content\/uploads\/2024\/06\/06_07-concert--212x300.jpg 212w, https:\/\/etival.fr\/wp-content\/uploads\/2024\/06\/06_07-concert--768x1086.jpg 768w, https:\/\/etival.fr\/wp-content\/uploads\/2024\/06\/06_07-concert--1086x1536.jpg 1086w, https:\/\/etival.fr\/wp-content\/uploads\/2024\/06\/06_07-concert--1448x2048.jpg 1448w, https:\/\/etival.fr\/wp-content\/uploads\/2024\/06\/06_07-concert--624x883.jpg 624w, https:\/\/etival.fr\/wp-content\/uploads\/2024\/06\/06_07-concert-.jpg 1587w\" sizes=\"auto, (max-width: 724px) 100vw, 724px\" \/><\/a><\/figure>\n\n\n\n<figure class=\"wp-block-image size-large\"><a href=\"https:\/\/etival.fr\/wp-content\/uploads\/2024\/06\/06_12-Ptits-lus.jpg\"><img loading=\"lazy\" decoding=\"async\" width=\"724\" height=\"1024\" data-id=\"12009\" src=\"https:\/\/etival.fr\/wp-content\/uploads\/2024\/06\/06_12-Ptits-lus-724x1024.jpg\" alt=\"\" class=\"wp-image-12009\" srcset=\"https:\/\/etival.fr\/wp-content\/uploads\/2024\/06\/06_12-Ptits-lus-724x1024.jpg 724w, https:\/\/etival.fr\/wp-content\/uploads\/2024\/06\/06_12-Ptits-lus-212x300.jpg 212w, https:\/\/etival.fr\/wp-content\/uploads\/2024\/06\/06_12-Ptits-lus-768x1086.jpg 768w, https:\/\/etival.fr\/wp-content\/uploads\/2024\/06\/06_12-Ptits-lus-1086x1536.jpg 1086w, https:\/\/etival.fr\/wp-content\/uploads\/2024\/06\/06_12-Ptits-lus-624x883.jpg 624w, https:\/\/etival.fr\/wp-content\/uploads\/2024\/06\/06_12-Ptits-lus.jpg 1414w\" sizes=\"auto, (max-width: 724px) 100vw, 724px\" \/><\/a><\/figure>\n\n\n\n<figure class=\"wp-block-image size-large\"><a href=\"https:\/\/etival.fr\/wp-content\/uploads\/2024\/06\/06_15-En-avant.jpg\"><img loading=\"lazy\" decoding=\"async\" width=\"724\" height=\"1024\" data-id=\"12012\" src=\"https:\/\/etival.fr\/wp-content\/uploads\/2024\/06\/06_15-En-avant-724x1024.jpg\" alt=\"\" class=\"wp-image-12012\" srcset=\"https:\/\/etival.fr\/wp-content\/uploads\/2024\/06\/06_15-En-avant-724x1024.jpg 724w, https:\/\/etival.fr\/wp-content\/uploads\/2024\/06\/06_15-En-avant-212x300.jpg 212w, https:\/\/etival.fr\/wp-content\/uploads\/2024\/06\/06_15-En-avant-768x1086.jpg 768w, https:\/\/etival.fr\/wp-content\/uploads\/2024\/06\/06_15-En-avant-1086x1536.jpg 1086w, https:\/\/etival.fr\/wp-content\/uploads\/2024\/06\/06_15-En-avant-624x883.jpg 624w, https:\/\/etival.fr\/wp-content\/uploads\/2024\/06\/06_15-En-avant.jpg 1414w\" sizes=\"auto, (max-width: 724px) 100vw, 724px\" \/><\/a><\/figure>\n\n\n\n<figure class=\"wp-block-image size-large\"><a href=\"https:\/\/etival.fr\/wp-content\/uploads\/2024\/06\/06_19-Audition.jpg\"><img loading=\"lazy\" decoding=\"async\" width=\"724\" height=\"1024\" data-id=\"12010\" src=\"https:\/\/etival.fr\/wp-content\/uploads\/2024\/06\/06_19-Audition-724x1024.jpg\" alt=\"\" class=\"wp-image-12010\" srcset=\"https:\/\/etival.fr\/wp-content\/uploads\/2024\/06\/06_19-Audition-724x1024.jpg 724w, https:\/\/etival.fr\/wp-content\/uploads\/2024\/06\/06_19-Audition-212x300.jpg 212w, https:\/\/etival.fr\/wp-content\/uploads\/2024\/06\/06_19-Audition-768x1086.jpg 768w, https:\/\/etival.fr\/wp-content\/uploads\/2024\/06\/06_19-Audition-1086x1536.jpg 1086w, https:\/\/etival.fr\/wp-content\/uploads\/2024\/06\/06_19-Audition-1448x2048.jpg 1448w, https:\/\/etival.fr\/wp-content\/uploads\/2024\/06\/06_19-Audition-624x883.jpg 624w, https:\/\/etival.fr\/wp-content\/uploads\/2024\/06\/06_19-Audition.jpg 1587w\" sizes=\"auto, (max-width: 724px) 100vw, 724px\" \/><\/a><\/figure>\n\n\n\n<figure class=\"wp-block-image size-large\"><a href=\"https:\/\/etival.fr\/wp-content\/uploads\/2024\/06\/06_19-repetition.jpg\"><img loading=\"lazy\" decoding=\"async\" width=\"724\" height=\"1024\" data-id=\"12016\" src=\"https:\/\/etival.fr\/wp-content\/uploads\/2024\/06\/06_19-repetition-724x1024.jpg\" alt=\"\" class=\"wp-image-12016\" srcset=\"https:\/\/etival.fr\/wp-content\/uploads\/2024\/06\/06_19-repetition-724x1024.jpg 724w, https:\/\/etival.fr\/wp-content\/uploads\/2024\/06\/06_19-repetition-212x300.jpg 212w, https:\/\/etival.fr\/wp-content\/uploads\/2024\/06\/06_19-repetition-768x1086.jpg 768w, https:\/\/etival.fr\/wp-content\/uploads\/2024\/06\/06_19-repetition-1086x1536.jpg 1086w, https:\/\/etival.fr\/wp-content\/uploads\/2024\/06\/06_19-repetition-1448x2048.jpg 1448w, https:\/\/etival.fr\/wp-content\/uploads\/2024\/06\/06_19-repetition-624x883.jpg 624w, https:\/\/etival.fr\/wp-content\/uploads\/2024\/06\/06_19-repetition.jpg 1587w\" sizes=\"auto, (max-width: 724px) 100vw, 724px\" \/><\/a><\/figure>\n\n\n\n<figure class=\"wp-block-image size-large\"><a href=\"https:\/\/etival.fr\/wp-content\/uploads\/2024\/06\/06_21-bouillon-de-lectures.jpg\"><img loading=\"lazy\" decoding=\"async\" width=\"724\" height=\"1024\" data-id=\"12011\" src=\"https:\/\/etival.fr\/wp-content\/uploads\/2024\/06\/06_21-bouillon-de-lectures-724x1024.jpg\" alt=\"\" class=\"wp-image-12011\" srcset=\"https:\/\/etival.fr\/wp-content\/uploads\/2024\/06\/06_21-bouillon-de-lectures-724x1024.jpg 724w, https:\/\/etival.fr\/wp-content\/uploads\/2024\/06\/06_21-bouillon-de-lectures-212x300.jpg 212w, https:\/\/etival.fr\/wp-content\/uploads\/2024\/06\/06_21-bouillon-de-lectures-768x1086.jpg 768w, https:\/\/etival.fr\/wp-content\/uploads\/2024\/06\/06_21-bouillon-de-lectures-1086x1536.jpg 1086w, https:\/\/etival.fr\/wp-content\/uploads\/2024\/06\/06_21-bouillon-de-lectures-624x883.jpg 624w, https:\/\/etival.fr\/wp-content\/uploads\/2024\/06\/06_21-bouillon-de-lectures.jpg 1414w\" sizes=\"auto, (max-width: 724px) 100vw, 724px\" \/><\/a><\/figure>\n\n\n\n<figure class=\"wp-block-image size-large\"><a href=\"https:\/\/etival.fr\/wp-content\/uploads\/2024\/06\/06_22-Tricote-papote.jpg\"><img loading=\"lazy\" decoding=\"async\" width=\"724\" height=\"1024\" data-id=\"12014\" src=\"https:\/\/etival.fr\/wp-content\/uploads\/2024\/06\/06_22-Tricote-papote-724x1024.jpg\" alt=\"\" class=\"wp-image-12014\" srcset=\"https:\/\/etival.fr\/wp-content\/uploads\/2024\/06\/06_22-Tricote-papote-724x1024.jpg 724w, https:\/\/etival.fr\/wp-content\/uploads\/2024\/06\/06_22-Tricote-papote-212x300.jpg 212w, https:\/\/etival.fr\/wp-content\/uploads\/2024\/06\/06_22-Tricote-papote-768x1086.jpg 768w, https:\/\/etival.fr\/wp-content\/uploads\/2024\/06\/06_22-Tricote-papote-1086x1536.jpg 1086w, https:\/\/etival.fr\/wp-content\/uploads\/2024\/06\/06_22-Tricote-papote-1448x2048.jpg 1448w, https:\/\/etival.fr\/wp-content\/uploads\/2024\/06\/06_22-Tricote-papote-624x883.jpg 624w, https:\/\/etival.fr\/wp-content\/uploads\/2024\/06\/06_22-Tricote-papote.jpg 1587w\" sizes=\"auto, (max-width: 724px) 100vw, 724px\" \/><\/a><\/figure>\n\n\n\n<figure class=\"wp-block-image size-large\"><a href=\"https:\/\/etival.fr\/wp-content\/uploads\/2024\/06\/06_26-Sports-Jeux.jpg\"><img loading=\"lazy\" decoding=\"async\" width=\"724\" height=\"1024\" data-id=\"12015\" src=\"https:\/\/etival.fr\/wp-content\/uploads\/2024\/06\/06_26-Sports-Jeux-724x1024.jpg\" alt=\"\" class=\"wp-image-12015\" srcset=\"https:\/\/etival.fr\/wp-content\/uploads\/2024\/06\/06_26-Sports-Jeux-724x1024.jpg 724w, https:\/\/etival.fr\/wp-content\/uploads\/2024\/06\/06_26-Sports-Jeux-212x300.jpg 212w, https:\/\/etival.fr\/wp-content\/uploads\/2024\/06\/06_26-Sports-Jeux-768x1086.jpg 768w, https:\/\/etival.fr\/wp-content\/uploads\/2024\/06\/06_26-Sports-Jeux-1086x1536.jpg 1086w, https:\/\/etival.fr\/wp-content\/uploads\/2024\/06\/06_26-Sports-Jeux-1448x2048.jpg 1448w, https:\/\/etival.fr\/wp-content\/uploads\/2024\/06\/06_26-Sports-Jeux-624x883.jpg 624w, https:\/\/etival.fr\/wp-content\/uploads\/2024\/06\/06_26-Sports-Jeux.jpg 1587w\" sizes=\"auto, (max-width: 724px) 100vw, 724px\" \/><\/a><\/figure>\n<\/figure>\n\n\n\n<p><\/p>\n","protected":false},"excerpt":{"rendered":"","protected":false},"author":2,"featured_media":0,"comment_status":"closed","ping_status":"open","sticky":false,"template":"","format":"standard","meta":{"footnotes":""},"categories":[9],"tags":[],"class_list":["post-12006","post","type-post","status-publish","format-standard","hentry","category-communaute-dagglomeration-de-saint-die-des-vosges"],"yoast_head":"<!-- This site is optimized with the Yoast SEO plugin v26.8 - https:\/\/yoast.com\/product\/yoast-seo-wordpress\/ -->\n<title>Programme du mois de juin \u00e0 la m\u00e9diath\u00e8que - Etival-Clairefontaine<\/title>\n<meta name=\"robots\" content=\"index, follow, max-snippet:-1, max-image-preview:large, max-video-preview:-1\" \/>\n<link rel=\"canonical\" href=\"https:\/\/etival.fr\/?p=12006\" \/>\n<meta property=\"og:locale\" content=\"fr_FR\" \/>\n<meta property=\"og:type\" content=\"article\" \/>\n<meta property=\"og:title\" content=\"Programme du mois de juin \u00e0 la m\u00e9diath\u00e8que - Etival-Clairefontaine\" \/>\n<meta property=\"og:url\" content=\"https:\/\/etival.fr\/?p=12006\" \/>\n<meta property=\"og:site_name\" content=\"Etival-Clairefontaine\" \/>\n<meta property=\"article:published_time\" content=\"2024-06-04T06:57:38+00:00\" \/>\n<meta property=\"article:modified_time\" content=\"2024-06-04T07:02:28+00:00\" \/>\n<meta property=\"og:image\" content=\"https:\/\/etival.fr\/wp-content\/uploads\/2024\/06\/06_07-concert--724x1024.jpg\" \/>\n<meta name=\"author\" content=\"Catherine\" \/>\n<meta name=\"twitter:card\" content=\"summary_large_image\" \/>\n<meta name=\"twitter:label1\" content=\"\u00c9crit par\" \/>\n\t<meta name=\"twitter:data1\" content=\"Catherine\" \/>\n\t<meta name=\"twitter:label2\" content=\"Dur\u00e9e de lecture estim\u00e9e\" \/>\n\t<meta name=\"twitter:data2\" content=\"2 minutes\" \/>\n<script type=\"application\/ld+json\" class=\"yoast-schema-graph\">{\"@context\":\"https:\/\/schema.org\",\"@graph\":[{\"@type\":\"Article\",\"@id\":\"https:\/\/etival.fr\/?p=12006#article\",\"isPartOf\":{\"@id\":\"https:\/\/etival.fr\/?p=12006\"},\"author\":{\"name\":\"Catherine\",\"@id\":\"https:\/\/etival.fr\/#\/schema\/person\/966767531f422984430588510b8d4c3f\"},\"headline\":\"Programme du mois de juin \u00e0 la m\u00e9diath\u00e8que\",\"datePublished\":\"2024-06-04T06:57:38+00:00\",\"dateModified\":\"2024-06-04T07:02:28+00:00\",\"mainEntityOfPage\":{\"@id\":\"https:\/\/etival.fr\/?p=12006\"},\"wordCount\":9,\"image\":{\"@id\":\"https:\/\/etival.fr\/?p=12006#primaryimage\"},\"thumbnailUrl\":\"https:\/\/etival.fr\/wp-content\/uploads\/2024\/06\/06_07-concert--724x1024.jpg\",\"articleSection\":[\"Communaut\u00e9 d'Agglom\u00e9ration de Saint-Di\u00e9-Des-Vosges\"],\"inLanguage\":\"fr-FR\"},{\"@type\":\"WebPage\",\"@id\":\"https:\/\/etival.fr\/?p=12006\",\"url\":\"https:\/\/etival.fr\/?p=12006\",\"name\":\"Programme du mois de juin \u00e0 la m\u00e9diath\u00e8que - Etival-Clairefontaine\",\"isPartOf\":{\"@id\":\"https:\/\/etival.fr\/#website\"},\"primaryImageOfPage\":{\"@id\":\"https:\/\/etival.fr\/?p=12006#primaryimage\"},\"image\":{\"@id\":\"https:\/\/etival.fr\/?p=12006#primaryimage\"},\"thumbnailUrl\":\"https:\/\/etival.fr\/wp-content\/uploads\/2024\/06\/06_07-concert--724x1024.jpg\",\"datePublished\":\"2024-06-04T06:57:38+00:00\",\"dateModified\":\"2024-06-04T07:02:28+00:00\",\"author\":{\"@id\":\"https:\/\/etival.fr\/#\/schema\/person\/966767531f422984430588510b8d4c3f\"},\"breadcrumb\":{\"@id\":\"https:\/\/etival.fr\/?p=12006#breadcrumb\"},\"inLanguage\":\"fr-FR\",\"potentialAction\":[{\"@type\":\"ReadAction\",\"target\":[\"https:\/\/etival.fr\/?p=12006\"]}]},{\"@type\":\"ImageObject\",\"inLanguage\":\"fr-FR\",\"@id\":\"https:\/\/etival.fr\/?p=12006#primaryimage\",\"url\":\"https:\/\/etival.fr\/wp-content\/uploads\/2024\/06\/06_07-concert-.jpg\",\"contentUrl\":\"https:\/\/etival.fr\/wp-content\/uploads\/2024\/06\/06_07-concert-.jpg\",\"width\":1587,\"height\":2245},{\"@type\":\"BreadcrumbList\",\"@id\":\"https:\/\/etival.fr\/?p=12006#breadcrumb\",\"itemListElement\":[{\"@type\":\"ListItem\",\"position\":1,\"name\":\"Accueil\",\"item\":\"https:\/\/etival.fr\/\"},{\"@type\":\"ListItem\",\"position\":2,\"name\":\"Programme du mois de juin \u00e0 la m\u00e9diath\u00e8que\"}]},{\"@type\":\"WebSite\",\"@id\":\"https:\/\/etival.fr\/#website\",\"url\":\"https:\/\/etival.fr\/\",\"name\":\"Etival-Clairefontaine\",\"description\":\"Informations et actualit\u00e9s de la commune\",\"potentialAction\":[{\"@type\":\"SearchAction\",\"target\":{\"@type\":\"EntryPoint\",\"urlTemplate\":\"https:\/\/etival.fr\/?s={search_term_string}\"},\"query-input\":{\"@type\":\"PropertyValueSpecification\",\"valueRequired\":true,\"valueName\":\"search_term_string\"}}],\"inLanguage\":\"fr-FR\"},{\"@type\":\"Person\",\"@id\":\"https:\/\/etival.fr\/#\/schema\/person\/966767531f422984430588510b8d4c3f\",\"name\":\"Catherine\",\"image\":{\"@type\":\"ImageObject\",\"inLanguage\":\"fr-FR\",\"@id\":\"https:\/\/etival.fr\/#\/schema\/person\/image\/\",\"url\":\"https:\/\/secure.gravatar.com\/avatar\/b99eff3bf59bd614e6c532df451dc649?s=96&d=mm&r=g\",\"contentUrl\":\"https:\/\/secure.gravatar.com\/avatar\/b99eff3bf59bd614e6c532df451dc649?s=96&d=mm&r=g\",\"caption\":\"Catherine\"},\"url\":\"https:\/\/etival.fr\/?author=2\"}]}<\/script>\n<!-- \/ Yoast SEO plugin. -->","yoast_head_json":{"title":"Programme du mois de juin \u00e0 la m\u00e9diath\u00e8que - Etival-Clairefontaine","robots":{"index":"index","follow":"follow","max-snippet":"max-snippet:-1","max-image-preview":"max-image-preview:large","max-video-preview":"max-video-preview:-1"},"canonical":"https:\/\/etival.fr\/?p=12006","og_locale":"fr_FR","og_type":"article","og_title":"Programme du mois de juin \u00e0 la m\u00e9diath\u00e8que - Etival-Clairefontaine","og_url":"https:\/\/etival.fr\/?p=12006","og_site_name":"Etival-Clairefontaine","article_published_time":"2024-06-04T06:57:38+00:00","article_modified_time":"2024-06-04T07:02:28+00:00","og_image":[{"url":"https:\/\/etival.fr\/wp-content\/uploads\/2024\/06\/06_07-concert--724x1024.jpg","type":"","width":"","height":""}],"author":"Catherine","twitter_card":"summary_large_image","twitter_misc":{"\u00c9crit par":"Catherine","Dur\u00e9e de lecture estim\u00e9e":"2 minutes"},"schema":{"@context":"https:\/\/schema.org","@graph":[{"@type":"Article","@id":"https:\/\/etival.fr\/?p=12006#article","isPartOf":{"@id":"https:\/\/etival.fr\/?p=12006"},"author":{"name":"Catherine","@id":"https:\/\/etival.fr\/#\/schema\/person\/966767531f422984430588510b8d4c3f"},"headline":"Programme du mois de juin \u00e0 la m\u00e9diath\u00e8que","datePublished":"2024-06-04T06:57:38+00:00","dateModified":"2024-06-04T07:02:28+00:00","mainEntityOfPage":{"@id":"https:\/\/etival.fr\/?p=12006"},"wordCount":9,"image":{"@id":"https:\/\/etival.fr\/?p=12006#primaryimage"},"thumbnailUrl":"https:\/\/etival.fr\/wp-content\/uploads\/2024\/06\/06_07-concert--724x1024.jpg","articleSection":["Communaut\u00e9 d'Agglom\u00e9ration de Saint-Di\u00e9-Des-Vosges"],"inLanguage":"fr-FR"},{"@type":"WebPage","@id":"https:\/\/etival.fr\/?p=12006","url":"https:\/\/etival.fr\/?p=12006","name":"Programme du mois de juin \u00e0 la m\u00e9diath\u00e8que - Etival-Clairefontaine","isPartOf":{"@id":"https:\/\/etival.fr\/#website"},"primaryImageOfPage":{"@id":"https:\/\/etival.fr\/?p=12006#primaryimage"},"image":{"@id":"https:\/\/etival.fr\/?p=12006#primaryimage"},"thumbnailUrl":"https:\/\/etival.fr\/wp-content\/uploads\/2024\/06\/06_07-concert--724x1024.jpg","datePublished":"2024-06-04T06:57:38+00:00","dateModified":"2024-06-04T07:02:28+00:00","author":{"@id":"https:\/\/etival.fr\/#\/schema\/person\/966767531f422984430588510b8d4c3f"},"breadcrumb":{"@id":"https:\/\/etival.fr\/?p=12006#breadcrumb"},"inLanguage":"fr-FR","potentialAction":[{"@type":"ReadAction","target":["https:\/\/etival.fr\/?p=12006"]}]},{"@type":"ImageObject","inLanguage":"fr-FR","@id":"https:\/\/etival.fr\/?p=12006#primaryimage","url":"https:\/\/etival.fr\/wp-content\/uploads\/2024\/06\/06_07-concert-.jpg","contentUrl":"https:\/\/etival.fr\/wp-content\/uploads\/2024\/06\/06_07-concert-.jpg","width":1587,"height":2245},{"@type":"BreadcrumbList","@id":"https:\/\/etival.fr\/?p=12006#breadcrumb","itemListElement":[{"@type":"ListItem","position":1,"name":"Accueil","item":"https:\/\/etival.fr\/"},{"@type":"ListItem","position":2,"name":"Programme du mois de juin \u00e0 la m\u00e9diath\u00e8que"}]},{"@type":"WebSite","@id":"https:\/\/etival.fr\/#website","url":"https:\/\/etival.fr\/","name":"Etival-Clairefontaine","description":"Informations et actualit\u00e9s de la commune","potentialAction":[{"@type":"SearchAction","target":{"@type":"EntryPoint","urlTemplate":"https:\/\/etival.fr\/?s={search_term_string}"},"query-input":{"@type":"PropertyValueSpecification","valueRequired":true,"valueName":"search_term_string"}}],"inLanguage":"fr-FR"},{"@type":"Person","@id":"https:\/\/etival.fr\/#\/schema\/person\/966767531f422984430588510b8d4c3f","name":"Catherine","image":{"@type":"ImageObject","inLanguage":"fr-FR","@id":"https:\/\/etival.fr\/#\/schema\/person\/image\/","url":"https:\/\/secure.gravatar.com\/avatar\/b99eff3bf59bd614e6c532df451dc649?s=96&d=mm&r=g","contentUrl":"https:\/\/secure.gravatar.com\/avatar\/b99eff3bf59bd614e6c532df451dc649?s=96&d=mm&r=g","caption":"Catherine"},"url":"https:\/\/etival.fr\/?author=2"}]}},"_links":{"self":[{"href":"https:\/\/etival.fr\/index.php?rest_route=\/wp\/v2\/posts\/12006","targetHints":{"allow":["GET"]}}],"collection":[{"href":"https:\/\/etival.fr\/index.php?rest_route=\/wp\/v2\/posts"}],"about":[{"href":"https:\/\/etival.fr\/index.php?rest_route=\/wp\/v2\/types\/post"}],"author":[{"embeddable":true,"href":"https:\/\/etival.fr\/index.php?rest_route=\/wp\/v2\/users\/2"}],"replies":[{"embeddable":true,"href":"https:\/\/etival.fr\/index.php?rest_route=%2Fwp%2Fv2%2Fcomments&post=12006"}],"version-history":[{"count":2,"href":"https:\/\/etival.fr\/index.php?rest_route=\/wp\/v2\/posts\/12006\/revisions"}],"predecessor-version":[{"id":12017,"href":"https:\/\/etival.fr\/index.php?rest_route=\/wp\/v2\/posts\/12006\/revisions\/12017"}],"wp:attachment":[{"href":"https:\/\/etival.fr\/index.php?rest_route=%2Fwp%2Fv2%2Fmedia&parent=12006"}],"wp:term":[{"taxonomy":"category","embeddable":true,"href":"https:\/\/etival.fr\/index.php?rest_route=%2Fwp%2Fv2%2Fcategories&post=12006"},{"taxonomy":"post_tag","embeddable":true,"href":"https:\/\/etival.fr\/index.php?rest_route=%2Fwp%2Fv2%2Ftags&post=12006"}],"curies":[{"name":"wp","href":"https:\/\/api.w.org\/{rel}","templated":true}]}}