{"id":12029,"date":"2024-06-11T10:55:09","date_gmt":"2024-06-11T09:55:09","guid":{"rendered":"https:\/\/etival.fr\/?p=12029"},"modified":"2024-06-11T14:57:24","modified_gmt":"2024-06-11T13:57:24","slug":"color-run-2024","status":"publish","type":"post","link":"https:\/\/etival.fr\/?p=12029","title":{"rendered":"COLOR RUN 2024"},"content":{"rendered":"\n<p class=\"has-text-align-center has-text-color has-link-color has-medium-font-size wp-elements-63c704d961371a4c15f33ee3acd28961\" style=\"color:#2631a9\"><strong>La COLOR RUN d&rsquo;\u00c9tival-Clairefontaine de retour <br>le DIMANCHE 1er SEPTEMBRE 2024,<br>les inscriptions sont ouvertes !<\/strong><\/p>\n\n\n\n<figure class=\"wp-block-image size-large\"><a href=\"https:\/\/etival.fr\/wp-content\/uploads\/2024\/06\/Affiche-Color-Run-01.09.24-HR-scaled.jpg\"><img loading=\"lazy\" decoding=\"async\" width=\"724\" height=\"1024\" src=\"https:\/\/etival.fr\/wp-content\/uploads\/2024\/06\/Affiche-Color-Run-01.09.24-HR-724x1024.jpg\" alt=\"\" class=\"wp-image-12030\" srcset=\"https:\/\/etival.fr\/wp-content\/uploads\/2024\/06\/Affiche-Color-Run-01.09.24-HR-724x1024.jpg 724w, https:\/\/etival.fr\/wp-content\/uploads\/2024\/06\/Affiche-Color-Run-01.09.24-HR-212x300.jpg 212w, https:\/\/etival.fr\/wp-content\/uploads\/2024\/06\/Affiche-Color-Run-01.09.24-HR-768x1086.jpg 768w, https:\/\/etival.fr\/wp-content\/uploads\/2024\/06\/Affiche-Color-Run-01.09.24-HR-1086x1536.jpg 1086w, https:\/\/etival.fr\/wp-content\/uploads\/2024\/06\/Affiche-Color-Run-01.09.24-HR-1448x2048.jpg 1448w, https:\/\/etival.fr\/wp-content\/uploads\/2024\/06\/Affiche-Color-Run-01.09.24-HR-624x882.jpg 624w, https:\/\/etival.fr\/wp-content\/uploads\/2024\/06\/Affiche-Color-Run-01.09.24-HR-scaled.jpg 1811w\" sizes=\"auto, (max-width: 724px) 100vw, 724px\" \/><\/a><\/figure>\n\n\n\n<p class=\"has-text-align-center has-text-color has-link-color has-medium-font-size wp-elements-897c15b5a95051d6d5a89153e1c93771\" style=\"color:#f80404\">Il ne s\u2019agit pas d\u2019\u00eatre le plus rapide <br>ou de franchir la ligne d\u2019arriv\u00e9e en premier.<br><strong>L\u2019essentiel c\u2019est de participer !!<\/strong><\/p>\n\n\n\n<p class=\"has-text-align-center has-text-color has-link-color has-large-font-size wp-elements-adc63612c1d9b1f0c20b826c36290ae2\" style=\"color:#f80404\"><br>Notre mot d\u2019ordre est : <\/p>\n\n\n\n<p class=\"has-text-align-center has-text-color has-link-color has-large-font-size wp-elements-ca846bb08a1c1e9909de4886446749b4\" style=\"color:#f80404\"><strong>Couleurs, Amusement et Plaisir !<\/strong><\/p>\n\n\n\n<p><\/p>\n\n\n\n<p class=\"has-text-align-center has-blue-color has-text-color has-link-color has-medium-font-size wp-elements-01708d0bcf302d158527f6e7bd050c37\">Formulaire d&rsquo;inscription en ligne <strong><a href=\"https:\/\/www.helloasso.com\/associations\/association-stivalienne-et-raonnaise-de-tennis-de-table\/evenements\/color-run\">ICI<\/a><\/strong><br>R\u00e8glement <strong><a href=\"https:\/\/etival.fr\/wp-content\/uploads\/2024\/06\/REGLEMENT.pdf\">ICI<\/a><\/strong><br><\/p>\n","protected":false},"excerpt":{"rendered":"<p>La COLOR RUN d&rsquo;\u00c9tival-Clairefontaine de retour le DIMANCHE 1er SEPTEMBRE 2024,les inscriptions sont ouvertes ! Il ne s\u2019agit pas d\u2019\u00eatre le plus rapide ou de franchir la ligne d\u2019arriv\u00e9e en premier.L\u2019essentiel c\u2019est de participer !! Notre mot d\u2019ordre est : Couleurs, Amusement et Plaisir ! Formulaire d&rsquo;inscription en ligne ICIR\u00e8glement ICI<\/p>\n","protected":false},"author":2,"featured_media":0,"comment_status":"closed","ping_status":"open","sticky":false,"template":"","format":"standard","meta":{"footnotes":""},"categories":[6],"tags":[],"class_list":["post-12029","post","type-post","status-publish","format-standard","hentry","category-informations-municipales"],"yoast_head":"<!-- This site is optimized with the Yoast SEO plugin v26.8 - https:\/\/yoast.com\/product\/yoast-seo-wordpress\/ -->\n<title>COLOR RUN 2024 - Etival-Clairefontaine<\/title>\n<meta name=\"robots\" content=\"index, follow, max-snippet:-1, max-image-preview:large, max-video-preview:-1\" \/>\n<link rel=\"canonical\" href=\"https:\/\/etival.fr\/?p=12029\" \/>\n<meta property=\"og:locale\" content=\"fr_FR\" \/>\n<meta property=\"og:type\" content=\"article\" \/>\n<meta property=\"og:title\" content=\"COLOR RUN 2024 - Etival-Clairefontaine\" \/>\n<meta property=\"og:description\" content=\"La COLOR RUN d&rsquo;\u00c9tival-Clairefontaine de retour le DIMANCHE 1er SEPTEMBRE 2024,les inscriptions sont ouvertes ! Il ne s\u2019agit pas d\u2019\u00eatre le plus rapide ou de franchir la ligne d\u2019arriv\u00e9e en premier.L\u2019essentiel c\u2019est de participer !! Notre mot d\u2019ordre est : Couleurs, Amusement et Plaisir ! Formulaire d&rsquo;inscription en ligne ICIR\u00e8glement ICI\" \/>\n<meta property=\"og:url\" content=\"https:\/\/etival.fr\/?p=12029\" \/>\n<meta property=\"og:site_name\" content=\"Etival-Clairefontaine\" \/>\n<meta property=\"article:published_time\" content=\"2024-06-11T09:55:09+00:00\" \/>\n<meta property=\"article:modified_time\" content=\"2024-06-11T13:57:24+00:00\" \/>\n<meta property=\"og:image\" content=\"https:\/\/etival.fr\/wp-content\/uploads\/2024\/06\/Affiche-Color-Run-01.09.24-HR-724x1024.jpg\" \/>\n<meta name=\"author\" content=\"Catherine\" \/>\n<meta name=\"twitter:card\" content=\"summary_large_image\" \/>\n<meta name=\"twitter:label1\" content=\"\u00c9crit par\" \/>\n\t<meta name=\"twitter:data1\" content=\"Catherine\" \/>\n\t<meta name=\"twitter:label2\" content=\"Dur\u00e9e de lecture estim\u00e9e\" \/>\n\t<meta name=\"twitter:data2\" content=\"1 minute\" \/>\n<script type=\"application\/ld+json\" class=\"yoast-schema-graph\">{\"@context\":\"https:\/\/schema.org\",\"@graph\":[{\"@type\":\"Article\",\"@id\":\"https:\/\/etival.fr\/?p=12029#article\",\"isPartOf\":{\"@id\":\"https:\/\/etival.fr\/?p=12029\"},\"author\":{\"name\":\"Catherine\",\"@id\":\"https:\/\/etival.fr\/#\/schema\/person\/966767531f422984430588510b8d4c3f\"},\"headline\":\"COLOR RUN 2024\",\"datePublished\":\"2024-06-11T09:55:09+00:00\",\"dateModified\":\"2024-06-11T13:57:24+00:00\",\"mainEntityOfPage\":{\"@id\":\"https:\/\/etival.fr\/?p=12029\"},\"wordCount\":61,\"image\":{\"@id\":\"https:\/\/etival.fr\/?p=12029#primaryimage\"},\"thumbnailUrl\":\"https:\/\/etival.fr\/wp-content\/uploads\/2024\/06\/Affiche-Color-Run-01.09.24-HR-724x1024.jpg\",\"articleSection\":[\"Informations Municipales\"],\"inLanguage\":\"fr-FR\"},{\"@type\":\"WebPage\",\"@id\":\"https:\/\/etival.fr\/?p=12029\",\"url\":\"https:\/\/etival.fr\/?p=12029\",\"name\":\"COLOR RUN 2024 - Etival-Clairefontaine\",\"isPartOf\":{\"@id\":\"https:\/\/etival.fr\/#website\"},\"primaryImageOfPage\":{\"@id\":\"https:\/\/etival.fr\/?p=12029#primaryimage\"},\"image\":{\"@id\":\"https:\/\/etival.fr\/?p=12029#primaryimage\"},\"thumbnailUrl\":\"https:\/\/etival.fr\/wp-content\/uploads\/2024\/06\/Affiche-Color-Run-01.09.24-HR-724x1024.jpg\",\"datePublished\":\"2024-06-11T09:55:09+00:00\",\"dateModified\":\"2024-06-11T13:57:24+00:00\",\"author\":{\"@id\":\"https:\/\/etival.fr\/#\/schema\/person\/966767531f422984430588510b8d4c3f\"},\"breadcrumb\":{\"@id\":\"https:\/\/etival.fr\/?p=12029#breadcrumb\"},\"inLanguage\":\"fr-FR\",\"potentialAction\":[{\"@type\":\"ReadAction\",\"target\":[\"https:\/\/etival.fr\/?p=12029\"]}]},{\"@type\":\"ImageObject\",\"inLanguage\":\"fr-FR\",\"@id\":\"https:\/\/etival.fr\/?p=12029#primaryimage\",\"url\":\"https:\/\/etival.fr\/wp-content\/uploads\/2024\/06\/Affiche-Color-Run-01.09.24-HR-scaled.jpg\",\"contentUrl\":\"https:\/\/etival.fr\/wp-content\/uploads\/2024\/06\/Affiche-Color-Run-01.09.24-HR-scaled.jpg\",\"width\":1811,\"height\":2560},{\"@type\":\"BreadcrumbList\",\"@id\":\"https:\/\/etival.fr\/?p=12029#breadcrumb\",\"itemListElement\":[{\"@type\":\"ListItem\",\"position\":1,\"name\":\"Accueil\",\"item\":\"https:\/\/etival.fr\/\"},{\"@type\":\"ListItem\",\"position\":2,\"name\":\"COLOR RUN 2024\"}]},{\"@type\":\"WebSite\",\"@id\":\"https:\/\/etival.fr\/#website\",\"url\":\"https:\/\/etival.fr\/\",\"name\":\"Etival-Clairefontaine\",\"description\":\"Informations et actualit\u00e9s de la commune\",\"potentialAction\":[{\"@type\":\"SearchAction\",\"target\":{\"@type\":\"EntryPoint\",\"urlTemplate\":\"https:\/\/etival.fr\/?s={search_term_string}\"},\"query-input\":{\"@type\":\"PropertyValueSpecification\",\"valueRequired\":true,\"valueName\":\"search_term_string\"}}],\"inLanguage\":\"fr-FR\"},{\"@type\":\"Person\",\"@id\":\"https:\/\/etival.fr\/#\/schema\/person\/966767531f422984430588510b8d4c3f\",\"name\":\"Catherine\",\"image\":{\"@type\":\"ImageObject\",\"inLanguage\":\"fr-FR\",\"@id\":\"https:\/\/etival.fr\/#\/schema\/person\/image\/\",\"url\":\"https:\/\/secure.gravatar.com\/avatar\/b99eff3bf59bd614e6c532df451dc649?s=96&d=mm&r=g\",\"contentUrl\":\"https:\/\/secure.gravatar.com\/avatar\/b99eff3bf59bd614e6c532df451dc649?s=96&d=mm&r=g\",\"caption\":\"Catherine\"},\"url\":\"https:\/\/etival.fr\/?author=2\"}]}<\/script>\n<!-- \/ Yoast SEO plugin. -->","yoast_head_json":{"title":"COLOR RUN 2024 - Etival-Clairefontaine","robots":{"index":"index","follow":"follow","max-snippet":"max-snippet:-1","max-image-preview":"max-image-preview:large","max-video-preview":"max-video-preview:-1"},"canonical":"https:\/\/etival.fr\/?p=12029","og_locale":"fr_FR","og_type":"article","og_title":"COLOR RUN 2024 - Etival-Clairefontaine","og_description":"La COLOR RUN d&rsquo;\u00c9tival-Clairefontaine de retour le DIMANCHE 1er SEPTEMBRE 2024,les inscriptions sont ouvertes ! Il ne s\u2019agit pas d\u2019\u00eatre le plus rapide ou de franchir la ligne d\u2019arriv\u00e9e en premier.L\u2019essentiel c\u2019est de participer !! Notre mot d\u2019ordre est : Couleurs, Amusement et Plaisir ! Formulaire d&rsquo;inscription en ligne ICIR\u00e8glement ICI","og_url":"https:\/\/etival.fr\/?p=12029","og_site_name":"Etival-Clairefontaine","article_published_time":"2024-06-11T09:55:09+00:00","article_modified_time":"2024-06-11T13:57:24+00:00","og_image":[{"url":"https:\/\/etival.fr\/wp-content\/uploads\/2024\/06\/Affiche-Color-Run-01.09.24-HR-724x1024.jpg","type":"","width":"","height":""}],"author":"Catherine","twitter_card":"summary_large_image","twitter_misc":{"\u00c9crit par":"Catherine","Dur\u00e9e de lecture estim\u00e9e":"1 minute"},"schema":{"@context":"https:\/\/schema.org","@graph":[{"@type":"Article","@id":"https:\/\/etival.fr\/?p=12029#article","isPartOf":{"@id":"https:\/\/etival.fr\/?p=12029"},"author":{"name":"Catherine","@id":"https:\/\/etival.fr\/#\/schema\/person\/966767531f422984430588510b8d4c3f"},"headline":"COLOR RUN 2024","datePublished":"2024-06-11T09:55:09+00:00","dateModified":"2024-06-11T13:57:24+00:00","mainEntityOfPage":{"@id":"https:\/\/etival.fr\/?p=12029"},"wordCount":61,"image":{"@id":"https:\/\/etival.fr\/?p=12029#primaryimage"},"thumbnailUrl":"https:\/\/etival.fr\/wp-content\/uploads\/2024\/06\/Affiche-Color-Run-01.09.24-HR-724x1024.jpg","articleSection":["Informations Municipales"],"inLanguage":"fr-FR"},{"@type":"WebPage","@id":"https:\/\/etival.fr\/?p=12029","url":"https:\/\/etival.fr\/?p=12029","name":"COLOR RUN 2024 - Etival-Clairefontaine","isPartOf":{"@id":"https:\/\/etival.fr\/#website"},"primaryImageOfPage":{"@id":"https:\/\/etival.fr\/?p=12029#primaryimage"},"image":{"@id":"https:\/\/etival.fr\/?p=12029#primaryimage"},"thumbnailUrl":"https:\/\/etival.fr\/wp-content\/uploads\/2024\/06\/Affiche-Color-Run-01.09.24-HR-724x1024.jpg","datePublished":"2024-06-11T09:55:09+00:00","dateModified":"2024-06-11T13:57:24+00:00","author":{"@id":"https:\/\/etival.fr\/#\/schema\/person\/966767531f422984430588510b8d4c3f"},"breadcrumb":{"@id":"https:\/\/etival.fr\/?p=12029#breadcrumb"},"inLanguage":"fr-FR","potentialAction":[{"@type":"ReadAction","target":["https:\/\/etival.fr\/?p=12029"]}]},{"@type":"ImageObject","inLanguage":"fr-FR","@id":"https:\/\/etival.fr\/?p=12029#primaryimage","url":"https:\/\/etival.fr\/wp-content\/uploads\/2024\/06\/Affiche-Color-Run-01.09.24-HR-scaled.jpg","contentUrl":"https:\/\/etival.fr\/wp-content\/uploads\/2024\/06\/Affiche-Color-Run-01.09.24-HR-scaled.jpg","width":1811,"height":2560},{"@type":"BreadcrumbList","@id":"https:\/\/etival.fr\/?p=12029#breadcrumb","itemListElement":[{"@type":"ListItem","position":1,"name":"Accueil","item":"https:\/\/etival.fr\/"},{"@type":"ListItem","position":2,"name":"COLOR RUN 2024"}]},{"@type":"WebSite","@id":"https:\/\/etival.fr\/#website","url":"https:\/\/etival.fr\/","name":"Etival-Clairefontaine","description":"Informations et actualit\u00e9s de la commune","potentialAction":[{"@type":"SearchAction","target":{"@type":"EntryPoint","urlTemplate":"https:\/\/etival.fr\/?s={search_term_string}"},"query-input":{"@type":"PropertyValueSpecification","valueRequired":true,"valueName":"search_term_string"}}],"inLanguage":"fr-FR"},{"@type":"Person","@id":"https:\/\/etival.fr\/#\/schema\/person\/966767531f422984430588510b8d4c3f","name":"Catherine","image":{"@type":"ImageObject","inLanguage":"fr-FR","@id":"https:\/\/etival.fr\/#\/schema\/person\/image\/","url":"https:\/\/secure.gravatar.com\/avatar\/b99eff3bf59bd614e6c532df451dc649?s=96&d=mm&r=g","contentUrl":"https:\/\/secure.gravatar.com\/avatar\/b99eff3bf59bd614e6c532df451dc649?s=96&d=mm&r=g","caption":"Catherine"},"url":"https:\/\/etival.fr\/?author=2"}]}},"_links":{"self":[{"href":"https:\/\/etival.fr\/index.php?rest_route=\/wp\/v2\/posts\/12029","targetHints":{"allow":["GET"]}}],"collection":[{"href":"https:\/\/etival.fr\/index.php?rest_route=\/wp\/v2\/posts"}],"about":[{"href":"https:\/\/etival.fr\/index.php?rest_route=\/wp\/v2\/types\/post"}],"author":[{"embeddable":true,"href":"https:\/\/etival.fr\/index.php?rest_route=\/wp\/v2\/users\/2"}],"replies":[{"embeddable":true,"href":"https:\/\/etival.fr\/index.php?rest_route=%2Fwp%2Fv2%2Fcomments&post=12029"}],"version-history":[{"count":6,"href":"https:\/\/etival.fr\/index.php?rest_route=\/wp\/v2\/posts\/12029\/revisions"}],"predecessor-version":[{"id":12073,"href":"https:\/\/etival.fr\/index.php?rest_route=\/wp\/v2\/posts\/12029\/revisions\/12073"}],"wp:attachment":[{"href":"https:\/\/etival.fr\/index.php?rest_route=%2Fwp%2Fv2%2Fmedia&parent=12029"}],"wp:term":[{"taxonomy":"category","embeddable":true,"href":"https:\/\/etival.fr\/index.php?rest_route=%2Fwp%2Fv2%2Fcategories&post=12029"},{"taxonomy":"post_tag","embeddable":true,"href":"https:\/\/etival.fr\/index.php?rest_route=%2Fwp%2Fv2%2Ftags&post=12029"}],"curies":[{"name":"wp","href":"https:\/\/api.w.org\/{rel}","templated":true}]}}