{"id":12039,"date":"2024-06-12T10:11:46","date_gmt":"2024-06-12T09:11:46","guid":{"rendered":"https:\/\/etival.fr\/?p=12039"},"modified":"2024-06-12T10:12:21","modified_gmt":"2024-06-12T09:12:21","slug":"reunion-publique-3","status":"publish","type":"post","link":"https:\/\/etival.fr\/?p=12039","title":{"rendered":"R\u00e9union publique"},"content":{"rendered":"\n<figure class=\"wp-block-image size-full is-resized\"><a href=\"https:\/\/etival.fr\/wp-content\/uploads\/2024\/06\/images.jpeg\"><img loading=\"lazy\" decoding=\"async\" width=\"406\" height=\"124\" src=\"https:\/\/etival.fr\/wp-content\/uploads\/2024\/06\/images.jpeg\" alt=\"\" class=\"wp-image-12041\" style=\"width:416px;height:auto\" srcset=\"https:\/\/etival.fr\/wp-content\/uploads\/2024\/06\/images.jpeg 406w, https:\/\/etival.fr\/wp-content\/uploads\/2024\/06\/images-300x92.jpeg 300w\" sizes=\"auto, (max-width: 406px) 100vw, 406px\" \/><\/a><\/figure>\n\n\n\n<h1 class=\"wp-block-heading\" id=\"page-title\">La concertation d&rsquo;Objectif Meurthe<\/h1>\n\n\n\n<h3 class=\"wp-block-heading\">LE PROJET ET LA PRESENTATION DE SES ENJEUX<\/h3>\n\n\n\n<h4 class=\"wp-block-heading\">Objectif Meurthe<\/h4>\n\n\n\n<p>Face au risque d\u2019inondation pr\u00e9sent sur le territoire, l\u2019\u00c9tablissement Public Territorial de Bassin Meurthe Madon (EPTBMM), comp\u00e9tent en mati\u00e8re de gestion des milieux aquatiques et de protection contre les inondations, s\u2019est engag\u00e9 dans une d\u00e9marche de gestion int\u00e9gr\u00e9e des inondations via la&nbsp;<strong>mise en place d\u2019un Programme d\u2019Actions de Pr\u00e9vention d\u2019Inondations (PAPI)<\/strong>.&nbsp;<\/p>\n\n\n\n<p class=\"has-text-align-center has-text-color has-link-color has-medium-font-size wp-elements-53b745909ebb074acef92e2ed20509da\" style=\"color:#bb2020\">Pour les projets pr\u00e9vus \u00e0\u00a0<strong>\u00c9tival-Clairefontaine<\/strong>, <br>la r\u00e9union publique aura lieu le\u00a0<strong>13 juin 2024 \u00e0 18h<\/strong>, <br>\u00e0 la<strong>\u00a0salle des f\u00eates, <\/strong><br><strong>8 rue de l\u2019Abbaye 88480 \u00c9tival-Clairefontaine.<\/strong>\u00a0<\/p>\n","protected":false},"excerpt":{"rendered":"<p>La concertation d&rsquo;Objectif Meurthe LE PROJET ET LA PRESENTATION DE SES ENJEUX Objectif Meurthe Face au risque d\u2019inondation pr\u00e9sent sur le territoire, l\u2019\u00c9tablissement Public Territorial de Bassin Meurthe Madon (EPTBMM), comp\u00e9tent en mati\u00e8re de gestion des milieux aquatiques et de protection contre les inondations, s\u2019est engag\u00e9 dans une d\u00e9marche de gestion int\u00e9gr\u00e9e des inondations via [&hellip;]<\/p>\n","protected":false},"author":2,"featured_media":0,"comment_status":"closed","ping_status":"open","sticky":false,"template":"","format":"standard","meta":{"footnotes":""},"categories":[6],"tags":[],"class_list":["post-12039","post","type-post","status-publish","format-standard","hentry","category-informations-municipales"],"yoast_head":"<!-- This site is optimized with the Yoast SEO plugin v26.8 - https:\/\/yoast.com\/product\/yoast-seo-wordpress\/ -->\n<title>R\u00e9union publique - Etival-Clairefontaine<\/title>\n<meta name=\"robots\" content=\"index, follow, max-snippet:-1, max-image-preview:large, max-video-preview:-1\" \/>\n<link rel=\"canonical\" href=\"https:\/\/etival.fr\/?p=12039\" \/>\n<meta property=\"og:locale\" content=\"fr_FR\" \/>\n<meta property=\"og:type\" content=\"article\" \/>\n<meta property=\"og:title\" content=\"R\u00e9union publique - Etival-Clairefontaine\" \/>\n<meta property=\"og:description\" content=\"La concertation d&rsquo;Objectif Meurthe LE PROJET ET LA PRESENTATION DE SES ENJEUX Objectif Meurthe Face au risque d\u2019inondation pr\u00e9sent sur le territoire, l\u2019\u00c9tablissement Public Territorial de Bassin Meurthe Madon (EPTBMM), comp\u00e9tent en mati\u00e8re de gestion des milieux aquatiques et de protection contre les inondations, s\u2019est engag\u00e9 dans une d\u00e9marche de gestion int\u00e9gr\u00e9e des inondations via [&hellip;]\" \/>\n<meta property=\"og:url\" content=\"https:\/\/etival.fr\/?p=12039\" \/>\n<meta property=\"og:site_name\" content=\"Etival-Clairefontaine\" \/>\n<meta property=\"article:published_time\" content=\"2024-06-12T09:11:46+00:00\" \/>\n<meta property=\"article:modified_time\" content=\"2024-06-12T09:12:21+00:00\" \/>\n<meta property=\"og:image\" content=\"https:\/\/etival.fr\/wp-content\/uploads\/2024\/06\/images.jpeg\" \/>\n<meta name=\"author\" content=\"Catherine\" \/>\n<meta name=\"twitter:card\" content=\"summary_large_image\" \/>\n<meta name=\"twitter:label1\" content=\"\u00c9crit par\" \/>\n\t<meta name=\"twitter:data1\" content=\"Catherine\" \/>\n\t<meta name=\"twitter:label2\" content=\"Dur\u00e9e de lecture estim\u00e9e\" \/>\n\t<meta name=\"twitter:data2\" content=\"1 minute\" \/>\n<script type=\"application\/ld+json\" class=\"yoast-schema-graph\">{\"@context\":\"https:\/\/schema.org\",\"@graph\":[{\"@type\":\"Article\",\"@id\":\"https:\/\/etival.fr\/?p=12039#article\",\"isPartOf\":{\"@id\":\"https:\/\/etival.fr\/?p=12039\"},\"author\":{\"name\":\"Catherine\",\"@id\":\"https:\/\/etival.fr\/#\/schema\/person\/966767531f422984430588510b8d4c3f\"},\"headline\":\"R\u00e9union publique\",\"datePublished\":\"2024-06-12T09:11:46+00:00\",\"dateModified\":\"2024-06-12T09:12:21+00:00\",\"mainEntityOfPage\":{\"@id\":\"https:\/\/etival.fr\/?p=12039\"},\"wordCount\":110,\"image\":{\"@id\":\"https:\/\/etival.fr\/?p=12039#primaryimage\"},\"thumbnailUrl\":\"https:\/\/etival.fr\/wp-content\/uploads\/2024\/06\/images.jpeg\",\"articleSection\":[\"Informations Municipales\"],\"inLanguage\":\"fr-FR\"},{\"@type\":\"WebPage\",\"@id\":\"https:\/\/etival.fr\/?p=12039\",\"url\":\"https:\/\/etival.fr\/?p=12039\",\"name\":\"R\u00e9union publique - Etival-Clairefontaine\",\"isPartOf\":{\"@id\":\"https:\/\/etival.fr\/#website\"},\"primaryImageOfPage\":{\"@id\":\"https:\/\/etival.fr\/?p=12039#primaryimage\"},\"image\":{\"@id\":\"https:\/\/etival.fr\/?p=12039#primaryimage\"},\"thumbnailUrl\":\"https:\/\/etival.fr\/wp-content\/uploads\/2024\/06\/images.jpeg\",\"datePublished\":\"2024-06-12T09:11:46+00:00\",\"dateModified\":\"2024-06-12T09:12:21+00:00\",\"author\":{\"@id\":\"https:\/\/etival.fr\/#\/schema\/person\/966767531f422984430588510b8d4c3f\"},\"breadcrumb\":{\"@id\":\"https:\/\/etival.fr\/?p=12039#breadcrumb\"},\"inLanguage\":\"fr-FR\",\"potentialAction\":[{\"@type\":\"ReadAction\",\"target\":[\"https:\/\/etival.fr\/?p=12039\"]}]},{\"@type\":\"ImageObject\",\"inLanguage\":\"fr-FR\",\"@id\":\"https:\/\/etival.fr\/?p=12039#primaryimage\",\"url\":\"https:\/\/etival.fr\/wp-content\/uploads\/2024\/06\/images.jpeg\",\"contentUrl\":\"https:\/\/etival.fr\/wp-content\/uploads\/2024\/06\/images.jpeg\"},{\"@type\":\"BreadcrumbList\",\"@id\":\"https:\/\/etival.fr\/?p=12039#breadcrumb\",\"itemListElement\":[{\"@type\":\"ListItem\",\"position\":1,\"name\":\"Accueil\",\"item\":\"https:\/\/etival.fr\/\"},{\"@type\":\"ListItem\",\"position\":2,\"name\":\"R\u00e9union publique\"}]},{\"@type\":\"WebSite\",\"@id\":\"https:\/\/etival.fr\/#website\",\"url\":\"https:\/\/etival.fr\/\",\"name\":\"Etival-Clairefontaine\",\"description\":\"Informations et actualit\u00e9s de la commune\",\"potentialAction\":[{\"@type\":\"SearchAction\",\"target\":{\"@type\":\"EntryPoint\",\"urlTemplate\":\"https:\/\/etival.fr\/?s={search_term_string}\"},\"query-input\":{\"@type\":\"PropertyValueSpecification\",\"valueRequired\":true,\"valueName\":\"search_term_string\"}}],\"inLanguage\":\"fr-FR\"},{\"@type\":\"Person\",\"@id\":\"https:\/\/etival.fr\/#\/schema\/person\/966767531f422984430588510b8d4c3f\",\"name\":\"Catherine\",\"image\":{\"@type\":\"ImageObject\",\"inLanguage\":\"fr-FR\",\"@id\":\"https:\/\/etival.fr\/#\/schema\/person\/image\/\",\"url\":\"https:\/\/secure.gravatar.com\/avatar\/b99eff3bf59bd614e6c532df451dc649?s=96&d=mm&r=g\",\"contentUrl\":\"https:\/\/secure.gravatar.com\/avatar\/b99eff3bf59bd614e6c532df451dc649?s=96&d=mm&r=g\",\"caption\":\"Catherine\"},\"url\":\"https:\/\/etival.fr\/?author=2\"}]}<\/script>\n<!-- \/ Yoast SEO plugin. -->","yoast_head_json":{"title":"R\u00e9union publique - Etival-Clairefontaine","robots":{"index":"index","follow":"follow","max-snippet":"max-snippet:-1","max-image-preview":"max-image-preview:large","max-video-preview":"max-video-preview:-1"},"canonical":"https:\/\/etival.fr\/?p=12039","og_locale":"fr_FR","og_type":"article","og_title":"R\u00e9union publique - Etival-Clairefontaine","og_description":"La concertation d&rsquo;Objectif Meurthe LE PROJET ET LA PRESENTATION DE SES ENJEUX Objectif Meurthe Face au risque d\u2019inondation pr\u00e9sent sur le territoire, l\u2019\u00c9tablissement Public Territorial de Bassin Meurthe Madon (EPTBMM), comp\u00e9tent en mati\u00e8re de gestion des milieux aquatiques et de protection contre les inondations, s\u2019est engag\u00e9 dans une d\u00e9marche de gestion int\u00e9gr\u00e9e des inondations via [&hellip;]","og_url":"https:\/\/etival.fr\/?p=12039","og_site_name":"Etival-Clairefontaine","article_published_time":"2024-06-12T09:11:46+00:00","article_modified_time":"2024-06-12T09:12:21+00:00","og_image":[{"url":"https:\/\/etival.fr\/wp-content\/uploads\/2024\/06\/images.jpeg","type":"","width":"","height":""}],"author":"Catherine","twitter_card":"summary_large_image","twitter_misc":{"\u00c9crit par":"Catherine","Dur\u00e9e de lecture estim\u00e9e":"1 minute"},"schema":{"@context":"https:\/\/schema.org","@graph":[{"@type":"Article","@id":"https:\/\/etival.fr\/?p=12039#article","isPartOf":{"@id":"https:\/\/etival.fr\/?p=12039"},"author":{"name":"Catherine","@id":"https:\/\/etival.fr\/#\/schema\/person\/966767531f422984430588510b8d4c3f"},"headline":"R\u00e9union publique","datePublished":"2024-06-12T09:11:46+00:00","dateModified":"2024-06-12T09:12:21+00:00","mainEntityOfPage":{"@id":"https:\/\/etival.fr\/?p=12039"},"wordCount":110,"image":{"@id":"https:\/\/etival.fr\/?p=12039#primaryimage"},"thumbnailUrl":"https:\/\/etival.fr\/wp-content\/uploads\/2024\/06\/images.jpeg","articleSection":["Informations Municipales"],"inLanguage":"fr-FR"},{"@type":"WebPage","@id":"https:\/\/etival.fr\/?p=12039","url":"https:\/\/etival.fr\/?p=12039","name":"R\u00e9union publique - Etival-Clairefontaine","isPartOf":{"@id":"https:\/\/etival.fr\/#website"},"primaryImageOfPage":{"@id":"https:\/\/etival.fr\/?p=12039#primaryimage"},"image":{"@id":"https:\/\/etival.fr\/?p=12039#primaryimage"},"thumbnailUrl":"https:\/\/etival.fr\/wp-content\/uploads\/2024\/06\/images.jpeg","datePublished":"2024-06-12T09:11:46+00:00","dateModified":"2024-06-12T09:12:21+00:00","author":{"@id":"https:\/\/etival.fr\/#\/schema\/person\/966767531f422984430588510b8d4c3f"},"breadcrumb":{"@id":"https:\/\/etival.fr\/?p=12039#breadcrumb"},"inLanguage":"fr-FR","potentialAction":[{"@type":"ReadAction","target":["https:\/\/etival.fr\/?p=12039"]}]},{"@type":"ImageObject","inLanguage":"fr-FR","@id":"https:\/\/etival.fr\/?p=12039#primaryimage","url":"https:\/\/etival.fr\/wp-content\/uploads\/2024\/06\/images.jpeg","contentUrl":"https:\/\/etival.fr\/wp-content\/uploads\/2024\/06\/images.jpeg"},{"@type":"BreadcrumbList","@id":"https:\/\/etival.fr\/?p=12039#breadcrumb","itemListElement":[{"@type":"ListItem","position":1,"name":"Accueil","item":"https:\/\/etival.fr\/"},{"@type":"ListItem","position":2,"name":"R\u00e9union publique"}]},{"@type":"WebSite","@id":"https:\/\/etival.fr\/#website","url":"https:\/\/etival.fr\/","name":"Etival-Clairefontaine","description":"Informations et actualit\u00e9s de la commune","potentialAction":[{"@type":"SearchAction","target":{"@type":"EntryPoint","urlTemplate":"https:\/\/etival.fr\/?s={search_term_string}"},"query-input":{"@type":"PropertyValueSpecification","valueRequired":true,"valueName":"search_term_string"}}],"inLanguage":"fr-FR"},{"@type":"Person","@id":"https:\/\/etival.fr\/#\/schema\/person\/966767531f422984430588510b8d4c3f","name":"Catherine","image":{"@type":"ImageObject","inLanguage":"fr-FR","@id":"https:\/\/etival.fr\/#\/schema\/person\/image\/","url":"https:\/\/secure.gravatar.com\/avatar\/b99eff3bf59bd614e6c532df451dc649?s=96&d=mm&r=g","contentUrl":"https:\/\/secure.gravatar.com\/avatar\/b99eff3bf59bd614e6c532df451dc649?s=96&d=mm&r=g","caption":"Catherine"},"url":"https:\/\/etival.fr\/?author=2"}]}},"_links":{"self":[{"href":"https:\/\/etival.fr\/index.php?rest_route=\/wp\/v2\/posts\/12039","targetHints":{"allow":["GET"]}}],"collection":[{"href":"https:\/\/etival.fr\/index.php?rest_route=\/wp\/v2\/posts"}],"about":[{"href":"https:\/\/etival.fr\/index.php?rest_route=\/wp\/v2\/types\/post"}],"author":[{"embeddable":true,"href":"https:\/\/etival.fr\/index.php?rest_route=\/wp\/v2\/users\/2"}],"replies":[{"embeddable":true,"href":"https:\/\/etival.fr\/index.php?rest_route=%2Fwp%2Fv2%2Fcomments&post=12039"}],"version-history":[{"count":1,"href":"https:\/\/etival.fr\/index.php?rest_route=\/wp\/v2\/posts\/12039\/revisions"}],"predecessor-version":[{"id":12042,"href":"https:\/\/etival.fr\/index.php?rest_route=\/wp\/v2\/posts\/12039\/revisions\/12042"}],"wp:attachment":[{"href":"https:\/\/etival.fr\/index.php?rest_route=%2Fwp%2Fv2%2Fmedia&parent=12039"}],"wp:term":[{"taxonomy":"category","embeddable":true,"href":"https:\/\/etival.fr\/index.php?rest_route=%2Fwp%2Fv2%2Fcategories&post=12039"},{"taxonomy":"post_tag","embeddable":true,"href":"https:\/\/etival.fr\/index.php?rest_route=%2Fwp%2Fv2%2Ftags&post=12039"}],"curies":[{"name":"wp","href":"https:\/\/api.w.org\/{rel}","templated":true}]}}