{"id":12043,"date":"2024-06-12T13:39:34","date_gmt":"2024-06-12T12:39:34","guid":{"rendered":"https:\/\/etival.fr\/?p=12043"},"modified":"2024-06-12T13:42:48","modified_gmt":"2024-06-12T12:42:48","slug":"pour-information-31","status":"publish","type":"post","link":"https:\/\/etival.fr\/?p=12043","title":{"rendered":"Pour information"},"content":{"rendered":"\n<figure class=\"wp-block-image size-full is-resized\"><a href=\"https:\/\/etival.fr\/wp-content\/uploads\/2024\/06\/image-2.png\"><img loading=\"lazy\" decoding=\"async\" width=\"815\" height=\"720\" src=\"https:\/\/etival.fr\/wp-content\/uploads\/2024\/06\/image-2.png\" alt=\"\" class=\"wp-image-12044\" style=\"width:67px;height:auto\" srcset=\"https:\/\/etival.fr\/wp-content\/uploads\/2024\/06\/image-2.png 815w, https:\/\/etival.fr\/wp-content\/uploads\/2024\/06\/image-2-300x265.png 300w, https:\/\/etival.fr\/wp-content\/uploads\/2024\/06\/image-2-768x678.png 768w, https:\/\/etival.fr\/wp-content\/uploads\/2024\/06\/image-2-624x551.png 624w\" sizes=\"auto, (max-width: 815px) 100vw, 815px\" \/><\/a><\/figure>\n\n\n\n<p>\u00c0 compter du 13 juin 2024, des travaux de r\u00e9fection de voirie et trottoirs vont avoir lieu rue du Jard et rue de Pajailles.<br>La circulation se fera par alternat au moyen de feux tricolores selon l\u2019avanc\u00e9e du chantier.<\/p>\n","protected":false},"excerpt":{"rendered":"<p>\u00c0 compter du 13 juin 2024, des travaux de r\u00e9fection de voirie et trottoirs vont avoir lieu rue du Jard et rue de Pajailles.La circulation se fera par alternat au moyen de feux tricolores selon l\u2019avanc\u00e9e du chantier.<\/p>\n","protected":false},"author":2,"featured_media":0,"comment_status":"closed","ping_status":"open","sticky":false,"template":"","format":"standard","meta":{"footnotes":""},"categories":[6],"tags":[],"class_list":["post-12043","post","type-post","status-publish","format-standard","hentry","category-informations-municipales"],"yoast_head":"<!-- This site is optimized with the Yoast SEO plugin v26.8 - https:\/\/yoast.com\/product\/yoast-seo-wordpress\/ -->\n<title>Pour information - Etival-Clairefontaine<\/title>\n<meta name=\"robots\" content=\"index, follow, max-snippet:-1, max-image-preview:large, max-video-preview:-1\" \/>\n<link rel=\"canonical\" href=\"https:\/\/etival.fr\/?p=12043\" \/>\n<meta property=\"og:locale\" content=\"fr_FR\" \/>\n<meta property=\"og:type\" content=\"article\" \/>\n<meta property=\"og:title\" content=\"Pour information - Etival-Clairefontaine\" \/>\n<meta property=\"og:description\" content=\"\u00c0 compter du 13 juin 2024, des travaux de r\u00e9fection de voirie et trottoirs vont avoir lieu rue du Jard et rue de Pajailles.La circulation se fera par alternat au moyen de feux tricolores selon l\u2019avanc\u00e9e du chantier.\" \/>\n<meta property=\"og:url\" content=\"https:\/\/etival.fr\/?p=12043\" \/>\n<meta property=\"og:site_name\" content=\"Etival-Clairefontaine\" \/>\n<meta property=\"article:published_time\" content=\"2024-06-12T12:39:34+00:00\" \/>\n<meta property=\"article:modified_time\" content=\"2024-06-12T12:42:48+00:00\" \/>\n<meta property=\"og:image\" content=\"https:\/\/etival.fr\/wp-content\/uploads\/2024\/06\/image-2.png\" \/>\n<meta name=\"author\" content=\"Catherine\" \/>\n<meta name=\"twitter:card\" content=\"summary_large_image\" \/>\n<meta name=\"twitter:label1\" content=\"\u00c9crit par\" \/>\n\t<meta name=\"twitter:data1\" content=\"Catherine\" \/>\n\t<meta name=\"twitter:label2\" content=\"Dur\u00e9e de lecture estim\u00e9e\" \/>\n\t<meta name=\"twitter:data2\" content=\"1 minute\" \/>\n<script type=\"application\/ld+json\" class=\"yoast-schema-graph\">{\"@context\":\"https:\/\/schema.org\",\"@graph\":[{\"@type\":\"Article\",\"@id\":\"https:\/\/etival.fr\/?p=12043#article\",\"isPartOf\":{\"@id\":\"https:\/\/etival.fr\/?p=12043\"},\"author\":{\"name\":\"Catherine\",\"@id\":\"https:\/\/etival.fr\/#\/schema\/person\/966767531f422984430588510b8d4c3f\"},\"headline\":\"Pour information\",\"datePublished\":\"2024-06-12T12:39:34+00:00\",\"dateModified\":\"2024-06-12T12:42:48+00:00\",\"mainEntityOfPage\":{\"@id\":\"https:\/\/etival.fr\/?p=12043\"},\"wordCount\":41,\"image\":{\"@id\":\"https:\/\/etival.fr\/?p=12043#primaryimage\"},\"thumbnailUrl\":\"https:\/\/etival.fr\/wp-content\/uploads\/2024\/06\/image-2.png\",\"articleSection\":[\"Informations Municipales\"],\"inLanguage\":\"fr-FR\"},{\"@type\":\"WebPage\",\"@id\":\"https:\/\/etival.fr\/?p=12043\",\"url\":\"https:\/\/etival.fr\/?p=12043\",\"name\":\"Pour information - Etival-Clairefontaine\",\"isPartOf\":{\"@id\":\"https:\/\/etival.fr\/#website\"},\"primaryImageOfPage\":{\"@id\":\"https:\/\/etival.fr\/?p=12043#primaryimage\"},\"image\":{\"@id\":\"https:\/\/etival.fr\/?p=12043#primaryimage\"},\"thumbnailUrl\":\"https:\/\/etival.fr\/wp-content\/uploads\/2024\/06\/image-2.png\",\"datePublished\":\"2024-06-12T12:39:34+00:00\",\"dateModified\":\"2024-06-12T12:42:48+00:00\",\"author\":{\"@id\":\"https:\/\/etival.fr\/#\/schema\/person\/966767531f422984430588510b8d4c3f\"},\"breadcrumb\":{\"@id\":\"https:\/\/etival.fr\/?p=12043#breadcrumb\"},\"inLanguage\":\"fr-FR\",\"potentialAction\":[{\"@type\":\"ReadAction\",\"target\":[\"https:\/\/etival.fr\/?p=12043\"]}]},{\"@type\":\"ImageObject\",\"inLanguage\":\"fr-FR\",\"@id\":\"https:\/\/etival.fr\/?p=12043#primaryimage\",\"url\":\"https:\/\/etival.fr\/wp-content\/uploads\/2024\/06\/image-2.png\",\"contentUrl\":\"https:\/\/etival.fr\/wp-content\/uploads\/2024\/06\/image-2.png\"},{\"@type\":\"BreadcrumbList\",\"@id\":\"https:\/\/etival.fr\/?p=12043#breadcrumb\",\"itemListElement\":[{\"@type\":\"ListItem\",\"position\":1,\"name\":\"Accueil\",\"item\":\"https:\/\/etival.fr\/\"},{\"@type\":\"ListItem\",\"position\":2,\"name\":\"Pour information\"}]},{\"@type\":\"WebSite\",\"@id\":\"https:\/\/etival.fr\/#website\",\"url\":\"https:\/\/etival.fr\/\",\"name\":\"Etival-Clairefontaine\",\"description\":\"Informations et actualit\u00e9s de la commune\",\"potentialAction\":[{\"@type\":\"SearchAction\",\"target\":{\"@type\":\"EntryPoint\",\"urlTemplate\":\"https:\/\/etival.fr\/?s={search_term_string}\"},\"query-input\":{\"@type\":\"PropertyValueSpecification\",\"valueRequired\":true,\"valueName\":\"search_term_string\"}}],\"inLanguage\":\"fr-FR\"},{\"@type\":\"Person\",\"@id\":\"https:\/\/etival.fr\/#\/schema\/person\/966767531f422984430588510b8d4c3f\",\"name\":\"Catherine\",\"image\":{\"@type\":\"ImageObject\",\"inLanguage\":\"fr-FR\",\"@id\":\"https:\/\/etival.fr\/#\/schema\/person\/image\/\",\"url\":\"https:\/\/secure.gravatar.com\/avatar\/b99eff3bf59bd614e6c532df451dc649?s=96&d=mm&r=g\",\"contentUrl\":\"https:\/\/secure.gravatar.com\/avatar\/b99eff3bf59bd614e6c532df451dc649?s=96&d=mm&r=g\",\"caption\":\"Catherine\"},\"url\":\"https:\/\/etival.fr\/?author=2\"}]}<\/script>\n<!-- \/ Yoast SEO plugin. -->","yoast_head_json":{"title":"Pour information - Etival-Clairefontaine","robots":{"index":"index","follow":"follow","max-snippet":"max-snippet:-1","max-image-preview":"max-image-preview:large","max-video-preview":"max-video-preview:-1"},"canonical":"https:\/\/etival.fr\/?p=12043","og_locale":"fr_FR","og_type":"article","og_title":"Pour information - Etival-Clairefontaine","og_description":"\u00c0 compter du 13 juin 2024, des travaux de r\u00e9fection de voirie et trottoirs vont avoir lieu rue du Jard et rue de Pajailles.La circulation se fera par alternat au moyen de feux tricolores selon l\u2019avanc\u00e9e du chantier.","og_url":"https:\/\/etival.fr\/?p=12043","og_site_name":"Etival-Clairefontaine","article_published_time":"2024-06-12T12:39:34+00:00","article_modified_time":"2024-06-12T12:42:48+00:00","og_image":[{"url":"https:\/\/etival.fr\/wp-content\/uploads\/2024\/06\/image-2.png","type":"","width":"","height":""}],"author":"Catherine","twitter_card":"summary_large_image","twitter_misc":{"\u00c9crit par":"Catherine","Dur\u00e9e de lecture estim\u00e9e":"1 minute"},"schema":{"@context":"https:\/\/schema.org","@graph":[{"@type":"Article","@id":"https:\/\/etival.fr\/?p=12043#article","isPartOf":{"@id":"https:\/\/etival.fr\/?p=12043"},"author":{"name":"Catherine","@id":"https:\/\/etival.fr\/#\/schema\/person\/966767531f422984430588510b8d4c3f"},"headline":"Pour information","datePublished":"2024-06-12T12:39:34+00:00","dateModified":"2024-06-12T12:42:48+00:00","mainEntityOfPage":{"@id":"https:\/\/etival.fr\/?p=12043"},"wordCount":41,"image":{"@id":"https:\/\/etival.fr\/?p=12043#primaryimage"},"thumbnailUrl":"https:\/\/etival.fr\/wp-content\/uploads\/2024\/06\/image-2.png","articleSection":["Informations Municipales"],"inLanguage":"fr-FR"},{"@type":"WebPage","@id":"https:\/\/etival.fr\/?p=12043","url":"https:\/\/etival.fr\/?p=12043","name":"Pour information - Etival-Clairefontaine","isPartOf":{"@id":"https:\/\/etival.fr\/#website"},"primaryImageOfPage":{"@id":"https:\/\/etival.fr\/?p=12043#primaryimage"},"image":{"@id":"https:\/\/etival.fr\/?p=12043#primaryimage"},"thumbnailUrl":"https:\/\/etival.fr\/wp-content\/uploads\/2024\/06\/image-2.png","datePublished":"2024-06-12T12:39:34+00:00","dateModified":"2024-06-12T12:42:48+00:00","author":{"@id":"https:\/\/etival.fr\/#\/schema\/person\/966767531f422984430588510b8d4c3f"},"breadcrumb":{"@id":"https:\/\/etival.fr\/?p=12043#breadcrumb"},"inLanguage":"fr-FR","potentialAction":[{"@type":"ReadAction","target":["https:\/\/etival.fr\/?p=12043"]}]},{"@type":"ImageObject","inLanguage":"fr-FR","@id":"https:\/\/etival.fr\/?p=12043#primaryimage","url":"https:\/\/etival.fr\/wp-content\/uploads\/2024\/06\/image-2.png","contentUrl":"https:\/\/etival.fr\/wp-content\/uploads\/2024\/06\/image-2.png"},{"@type":"BreadcrumbList","@id":"https:\/\/etival.fr\/?p=12043#breadcrumb","itemListElement":[{"@type":"ListItem","position":1,"name":"Accueil","item":"https:\/\/etival.fr\/"},{"@type":"ListItem","position":2,"name":"Pour information"}]},{"@type":"WebSite","@id":"https:\/\/etival.fr\/#website","url":"https:\/\/etival.fr\/","name":"Etival-Clairefontaine","description":"Informations et actualit\u00e9s de la commune","potentialAction":[{"@type":"SearchAction","target":{"@type":"EntryPoint","urlTemplate":"https:\/\/etival.fr\/?s={search_term_string}"},"query-input":{"@type":"PropertyValueSpecification","valueRequired":true,"valueName":"search_term_string"}}],"inLanguage":"fr-FR"},{"@type":"Person","@id":"https:\/\/etival.fr\/#\/schema\/person\/966767531f422984430588510b8d4c3f","name":"Catherine","image":{"@type":"ImageObject","inLanguage":"fr-FR","@id":"https:\/\/etival.fr\/#\/schema\/person\/image\/","url":"https:\/\/secure.gravatar.com\/avatar\/b99eff3bf59bd614e6c532df451dc649?s=96&d=mm&r=g","contentUrl":"https:\/\/secure.gravatar.com\/avatar\/b99eff3bf59bd614e6c532df451dc649?s=96&d=mm&r=g","caption":"Catherine"},"url":"https:\/\/etival.fr\/?author=2"}]}},"_links":{"self":[{"href":"https:\/\/etival.fr\/index.php?rest_route=\/wp\/v2\/posts\/12043","targetHints":{"allow":["GET"]}}],"collection":[{"href":"https:\/\/etival.fr\/index.php?rest_route=\/wp\/v2\/posts"}],"about":[{"href":"https:\/\/etival.fr\/index.php?rest_route=\/wp\/v2\/types\/post"}],"author":[{"embeddable":true,"href":"https:\/\/etival.fr\/index.php?rest_route=\/wp\/v2\/users\/2"}],"replies":[{"embeddable":true,"href":"https:\/\/etival.fr\/index.php?rest_route=%2Fwp%2Fv2%2Fcomments&post=12043"}],"version-history":[{"count":1,"href":"https:\/\/etival.fr\/index.php?rest_route=\/wp\/v2\/posts\/12043\/revisions"}],"predecessor-version":[{"id":12045,"href":"https:\/\/etival.fr\/index.php?rest_route=\/wp\/v2\/posts\/12043\/revisions\/12045"}],"wp:attachment":[{"href":"https:\/\/etival.fr\/index.php?rest_route=%2Fwp%2Fv2%2Fmedia&parent=12043"}],"wp:term":[{"taxonomy":"category","embeddable":true,"href":"https:\/\/etival.fr\/index.php?rest_route=%2Fwp%2Fv2%2Fcategories&post=12043"},{"taxonomy":"post_tag","embeddable":true,"href":"https:\/\/etival.fr\/index.php?rest_route=%2Fwp%2Fv2%2Ftags&post=12043"}],"curies":[{"name":"wp","href":"https:\/\/api.w.org\/{rel}","templated":true}]}}