{"id":12087,"date":"2024-08-27T09:00:00","date_gmt":"2024-08-27T08:00:00","guid":{"rendered":"https:\/\/etival.fr\/?p=12087"},"modified":"2024-08-27T09:14:16","modified_gmt":"2024-08-27T08:14:16","slug":"color-run-2024-2","status":"publish","type":"post","link":"https:\/\/etival.fr\/?p=12087","title":{"rendered":"COLOR RUN 2024"},"content":{"rendered":"\n<figure class=\"wp-block-image size-large\"><a href=\"https:\/\/etival.fr\/wp-content\/uploads\/2024\/06\/Banniere-pour-Helloasso-1920-\u00d7-250-px-1-scaled.jpg\"><img loading=\"lazy\" decoding=\"async\" width=\"1024\" height=\"133\" src=\"https:\/\/etival.fr\/wp-content\/uploads\/2024\/06\/Banniere-pour-Helloasso-1920-\u00d7-250-px-1-1024x133.jpg\" alt=\"\" class=\"wp-image-12088\" srcset=\"https:\/\/etival.fr\/wp-content\/uploads\/2024\/06\/Banniere-pour-Helloasso-1920-\u00d7-250-px-1-1024x133.jpg 1024w, https:\/\/etival.fr\/wp-content\/uploads\/2024\/06\/Banniere-pour-Helloasso-1920-\u00d7-250-px-1-300x39.jpg 300w, https:\/\/etival.fr\/wp-content\/uploads\/2024\/06\/Banniere-pour-Helloasso-1920-\u00d7-250-px-1-768x100.jpg 768w, https:\/\/etival.fr\/wp-content\/uploads\/2024\/06\/Banniere-pour-Helloasso-1920-\u00d7-250-px-1-1536x200.jpg 1536w, https:\/\/etival.fr\/wp-content\/uploads\/2024\/06\/Banniere-pour-Helloasso-1920-\u00d7-250-px-1-2048x267.jpg 2048w, https:\/\/etival.fr\/wp-content\/uploads\/2024\/06\/Banniere-pour-Helloasso-1920-\u00d7-250-px-1-624x81.jpg 624w\" sizes=\"auto, (max-width: 1024px) 100vw, 1024px\" \/><\/a><\/figure>\n\n\n\n<div class=\"content_countdown\" id=\"main_countedown_1\"><div class=\"countdown\">\n\t\t\t\t<span class=\"element_conteiner\"><span  class=\"days time_left\">-605<\/span><span class=\"time_description\">Jours<\/span><\/span>\n\t\t\t\t<span class=\"element_conteiner\"><span  class=\"hourse time_left\">-11<\/span><span class=\"time_description\">Heures<\/span><\/span>\n\t\t\t\t<span class=\"element_conteiner\"><span  class=\"minutes time_left\">-27<\/span><span class=\"time_description\">Minutes<\/span><\/span>\n\t\t\t\t<span class=\"element_conteiner\"><span  class=\"secondes time_left\">-14<\/span><span class=\"time_description\">Secondes<\/span><\/span>\n\t\t\t<\/div><\/div><script>\n        document.addEventListener('DOMContentLoaded', function(event) {\t\t\twpdevart_countdown_animated_element('','main_countedown_1'); jQuery(window).scroll(function(){wpdevart_countdown_animated_element('','main_countedown_1');});\n\t\t\tjQuery('#main_countedown_1 .countdown').html('')\n\t\t});\n\t\t<\/script><style>#main_countedown_1 .countdown{text-align:center;}#main_countedown_1 .countdown{margin-top:10px;margin-bottom:10px}#main_countedown_1 .time_left{\r\nborder-radius:8px;\r\nbackground-color:#3DA8CC;\r\nfont-size:30px;\r\nfont-family:monospace;\r\ncolor:#0a40bd;\r\n}\r\n#main_countedown_1 .time_description{\r\nfont-size:22px;\r\nfont-family:monospace;\r\ncolor:#0a40bd;\r\n}\r\n#main_countedown_1 .element_conteiner{min-width:105px}<\/style>\n\n\n\n<p class=\"has-text-color has-link-color has-medium-font-size wp-elements-1e89fd4564ab83230a3c3dd458bf816c\" style=\"color:#f00cb7\"><strong>Les inscriptions seront cl\u00f4tur\u00e9es mercredi 28 ao\u00fbt 2024 \u00e0 12h<\/strong><\/p>\n","protected":false},"excerpt":{"rendered":"<p>Les inscriptions seront cl\u00f4tur\u00e9es mercredi 28 ao\u00fbt 2024 \u00e0 12h<\/p>\n","protected":false},"author":2,"featured_media":0,"comment_status":"closed","ping_status":"open","sticky":false,"template":"","format":"standard","meta":{"footnotes":""},"categories":[6],"tags":[],"class_list":["post-12087","post","type-post","status-publish","format-standard","hentry","category-informations-municipales"],"yoast_head":"<!-- This site is optimized with the Yoast SEO plugin v26.8 - https:\/\/yoast.com\/product\/yoast-seo-wordpress\/ -->\n<title>COLOR RUN 2024 - Etival-Clairefontaine<\/title>\n<meta name=\"robots\" content=\"index, follow, max-snippet:-1, max-image-preview:large, max-video-preview:-1\" \/>\n<link rel=\"canonical\" href=\"https:\/\/etival.fr\/?p=12087\" \/>\n<meta property=\"og:locale\" content=\"fr_FR\" \/>\n<meta property=\"og:type\" content=\"article\" \/>\n<meta property=\"og:title\" content=\"COLOR RUN 2024 - Etival-Clairefontaine\" \/>\n<meta property=\"og:description\" content=\"Les inscriptions seront cl\u00f4tur\u00e9es mercredi 28 ao\u00fbt 2024 \u00e0 12h\" \/>\n<meta property=\"og:url\" content=\"https:\/\/etival.fr\/?p=12087\" \/>\n<meta property=\"og:site_name\" content=\"Etival-Clairefontaine\" \/>\n<meta property=\"article:published_time\" content=\"2024-08-27T08:00:00+00:00\" \/>\n<meta property=\"article:modified_time\" content=\"2024-08-27T08:14:16+00:00\" \/>\n<meta name=\"author\" content=\"Catherine\" \/>\n<meta name=\"twitter:card\" content=\"summary_large_image\" \/>\n<meta name=\"twitter:label1\" content=\"\u00c9crit par\" \/>\n\t<meta name=\"twitter:data1\" content=\"Catherine\" \/>\n\t<meta name=\"twitter:label2\" content=\"Dur\u00e9e de lecture estim\u00e9e\" \/>\n\t<meta name=\"twitter:data2\" content=\"1 minute\" \/>\n<script type=\"application\/ld+json\" class=\"yoast-schema-graph\">{\"@context\":\"https:\/\/schema.org\",\"@graph\":[{\"@type\":\"Article\",\"@id\":\"https:\/\/etival.fr\/?p=12087#article\",\"isPartOf\":{\"@id\":\"https:\/\/etival.fr\/?p=12087\"},\"author\":{\"name\":\"Catherine\",\"@id\":\"https:\/\/etival.fr\/#\/schema\/person\/966767531f422984430588510b8d4c3f\"},\"headline\":\"COLOR RUN 2024\",\"datePublished\":\"2024-08-27T08:00:00+00:00\",\"dateModified\":\"2024-08-27T08:14:16+00:00\",\"mainEntityOfPage\":{\"@id\":\"https:\/\/etival.fr\/?p=12087\"},\"wordCount\":79,\"articleSection\":[\"Informations Municipales\"],\"inLanguage\":\"fr-FR\"},{\"@type\":\"WebPage\",\"@id\":\"https:\/\/etival.fr\/?p=12087\",\"url\":\"https:\/\/etival.fr\/?p=12087\",\"name\":\"COLOR RUN 2024 - Etival-Clairefontaine\",\"isPartOf\":{\"@id\":\"https:\/\/etival.fr\/#website\"},\"datePublished\":\"2024-08-27T08:00:00+00:00\",\"dateModified\":\"2024-08-27T08:14:16+00:00\",\"author\":{\"@id\":\"https:\/\/etival.fr\/#\/schema\/person\/966767531f422984430588510b8d4c3f\"},\"breadcrumb\":{\"@id\":\"https:\/\/etival.fr\/?p=12087#breadcrumb\"},\"inLanguage\":\"fr-FR\",\"potentialAction\":[{\"@type\":\"ReadAction\",\"target\":[\"https:\/\/etival.fr\/?p=12087\"]}]},{\"@type\":\"BreadcrumbList\",\"@id\":\"https:\/\/etival.fr\/?p=12087#breadcrumb\",\"itemListElement\":[{\"@type\":\"ListItem\",\"position\":1,\"name\":\"Accueil\",\"item\":\"https:\/\/etival.fr\/\"},{\"@type\":\"ListItem\",\"position\":2,\"name\":\"COLOR RUN 2024\"}]},{\"@type\":\"WebSite\",\"@id\":\"https:\/\/etival.fr\/#website\",\"url\":\"https:\/\/etival.fr\/\",\"name\":\"Etival-Clairefontaine\",\"description\":\"Informations et actualit\u00e9s de la commune\",\"potentialAction\":[{\"@type\":\"SearchAction\",\"target\":{\"@type\":\"EntryPoint\",\"urlTemplate\":\"https:\/\/etival.fr\/?s={search_term_string}\"},\"query-input\":{\"@type\":\"PropertyValueSpecification\",\"valueRequired\":true,\"valueName\":\"search_term_string\"}}],\"inLanguage\":\"fr-FR\"},{\"@type\":\"Person\",\"@id\":\"https:\/\/etival.fr\/#\/schema\/person\/966767531f422984430588510b8d4c3f\",\"name\":\"Catherine\",\"image\":{\"@type\":\"ImageObject\",\"inLanguage\":\"fr-FR\",\"@id\":\"https:\/\/etival.fr\/#\/schema\/person\/image\/\",\"url\":\"https:\/\/secure.gravatar.com\/avatar\/b99eff3bf59bd614e6c532df451dc649?s=96&d=mm&r=g\",\"contentUrl\":\"https:\/\/secure.gravatar.com\/avatar\/b99eff3bf59bd614e6c532df451dc649?s=96&d=mm&r=g\",\"caption\":\"Catherine\"},\"url\":\"https:\/\/etival.fr\/?author=2\"}]}<\/script>\n<!-- \/ Yoast SEO plugin. -->","yoast_head_json":{"title":"COLOR RUN 2024 - Etival-Clairefontaine","robots":{"index":"index","follow":"follow","max-snippet":"max-snippet:-1","max-image-preview":"max-image-preview:large","max-video-preview":"max-video-preview:-1"},"canonical":"https:\/\/etival.fr\/?p=12087","og_locale":"fr_FR","og_type":"article","og_title":"COLOR RUN 2024 - Etival-Clairefontaine","og_description":"Les inscriptions seront cl\u00f4tur\u00e9es mercredi 28 ao\u00fbt 2024 \u00e0 12h","og_url":"https:\/\/etival.fr\/?p=12087","og_site_name":"Etival-Clairefontaine","article_published_time":"2024-08-27T08:00:00+00:00","article_modified_time":"2024-08-27T08:14:16+00:00","author":"Catherine","twitter_card":"summary_large_image","twitter_misc":{"\u00c9crit par":"Catherine","Dur\u00e9e de lecture estim\u00e9e":"1 minute"},"schema":{"@context":"https:\/\/schema.org","@graph":[{"@type":"Article","@id":"https:\/\/etival.fr\/?p=12087#article","isPartOf":{"@id":"https:\/\/etival.fr\/?p=12087"},"author":{"name":"Catherine","@id":"https:\/\/etival.fr\/#\/schema\/person\/966767531f422984430588510b8d4c3f"},"headline":"COLOR RUN 2024","datePublished":"2024-08-27T08:00:00+00:00","dateModified":"2024-08-27T08:14:16+00:00","mainEntityOfPage":{"@id":"https:\/\/etival.fr\/?p=12087"},"wordCount":79,"articleSection":["Informations Municipales"],"inLanguage":"fr-FR"},{"@type":"WebPage","@id":"https:\/\/etival.fr\/?p=12087","url":"https:\/\/etival.fr\/?p=12087","name":"COLOR RUN 2024 - Etival-Clairefontaine","isPartOf":{"@id":"https:\/\/etival.fr\/#website"},"datePublished":"2024-08-27T08:00:00+00:00","dateModified":"2024-08-27T08:14:16+00:00","author":{"@id":"https:\/\/etival.fr\/#\/schema\/person\/966767531f422984430588510b8d4c3f"},"breadcrumb":{"@id":"https:\/\/etival.fr\/?p=12087#breadcrumb"},"inLanguage":"fr-FR","potentialAction":[{"@type":"ReadAction","target":["https:\/\/etival.fr\/?p=12087"]}]},{"@type":"BreadcrumbList","@id":"https:\/\/etival.fr\/?p=12087#breadcrumb","itemListElement":[{"@type":"ListItem","position":1,"name":"Accueil","item":"https:\/\/etival.fr\/"},{"@type":"ListItem","position":2,"name":"COLOR RUN 2024"}]},{"@type":"WebSite","@id":"https:\/\/etival.fr\/#website","url":"https:\/\/etival.fr\/","name":"Etival-Clairefontaine","description":"Informations et actualit\u00e9s de la commune","potentialAction":[{"@type":"SearchAction","target":{"@type":"EntryPoint","urlTemplate":"https:\/\/etival.fr\/?s={search_term_string}"},"query-input":{"@type":"PropertyValueSpecification","valueRequired":true,"valueName":"search_term_string"}}],"inLanguage":"fr-FR"},{"@type":"Person","@id":"https:\/\/etival.fr\/#\/schema\/person\/966767531f422984430588510b8d4c3f","name":"Catherine","image":{"@type":"ImageObject","inLanguage":"fr-FR","@id":"https:\/\/etival.fr\/#\/schema\/person\/image\/","url":"https:\/\/secure.gravatar.com\/avatar\/b99eff3bf59bd614e6c532df451dc649?s=96&d=mm&r=g","contentUrl":"https:\/\/secure.gravatar.com\/avatar\/b99eff3bf59bd614e6c532df451dc649?s=96&d=mm&r=g","caption":"Catherine"},"url":"https:\/\/etival.fr\/?author=2"}]}},"_links":{"self":[{"href":"https:\/\/etival.fr\/index.php?rest_route=\/wp\/v2\/posts\/12087","targetHints":{"allow":["GET"]}}],"collection":[{"href":"https:\/\/etival.fr\/index.php?rest_route=\/wp\/v2\/posts"}],"about":[{"href":"https:\/\/etival.fr\/index.php?rest_route=\/wp\/v2\/types\/post"}],"author":[{"embeddable":true,"href":"https:\/\/etival.fr\/index.php?rest_route=\/wp\/v2\/users\/2"}],"replies":[{"embeddable":true,"href":"https:\/\/etival.fr\/index.php?rest_route=%2Fwp%2Fv2%2Fcomments&post=12087"}],"version-history":[{"count":5,"href":"https:\/\/etival.fr\/index.php?rest_route=\/wp\/v2\/posts\/12087\/revisions"}],"predecessor-version":[{"id":12175,"href":"https:\/\/etival.fr\/index.php?rest_route=\/wp\/v2\/posts\/12087\/revisions\/12175"}],"wp:attachment":[{"href":"https:\/\/etival.fr\/index.php?rest_route=%2Fwp%2Fv2%2Fmedia&parent=12087"}],"wp:term":[{"taxonomy":"category","embeddable":true,"href":"https:\/\/etival.fr\/index.php?rest_route=%2Fwp%2Fv2%2Fcategories&post=12087"},{"taxonomy":"post_tag","embeddable":true,"href":"https:\/\/etival.fr\/index.php?rest_route=%2Fwp%2Fv2%2Ftags&post=12087"}],"curies":[{"name":"wp","href":"https:\/\/api.w.org\/{rel}","templated":true}]}}