{"id":12091,"date":"2024-06-24T13:32:09","date_gmt":"2024-06-24T12:32:09","guid":{"rendered":"https:\/\/etival.fr\/?p=12091"},"modified":"2024-06-25T13:42:08","modified_gmt":"2024-06-25T12:42:08","slug":"le-pays-de-la-deodatie-vous-informe","status":"publish","type":"post","link":"https:\/\/etival.fr\/?p=12091","title":{"rendered":"Le Pays de la D\u00e9odatie vous informe :"},"content":{"rendered":"\n<figure class=\"wp-block-table\"><table><tbody><tr><td><strong>Ma Prime R\u00e9nov&rsquo;, des aides &nbsp;\u00e0 la r\u00e9novation renforc\u00e9es<\/strong><\/td><\/tr><\/tbody><\/table><\/figure>\n\n\n\n<figure class=\"wp-block-table\"><table><tbody><tr><td><img decoding=\"async\" width=\"186\" src=\"https:\/\/5pc6o.img.sp1-brevo.net\/im\/sh\/k4-hee0iNkUq.jpg?u=SyGgH01HHg313aVnefpXcEiqTwWp\"><strong>MaPrimeR\u00e9nov&rsquo; est un programme national visant \u00e0 encourager la r\u00e9novation \u00e9nerg\u00e9tique&nbsp;<\/strong>des logements.&nbsp;<strong>Un nouveau parcours accompagn\u00e9<\/strong>&nbsp;est mis en place&nbsp;<strong>depuis le 1<sup>er<\/sup>&nbsp;janvier 2024<\/strong>&nbsp;pour am\u00e9liorer l&rsquo;efficacit\u00e9 du dispositif et s&rsquo;assurer de la qualit\u00e9 et de la performance des travaux r\u00e9alis\u00e9s.<\/td><\/tr><\/tbody><\/table><\/figure>\n\n\n\n<figure class=\"wp-block-table\"><table><tbody><tr><td>Un \u00ab&nbsp;parcours accompagn\u00e9&nbsp;\u00bb avec Mon Accompagnateur R\u00e9nov\u2019 (MAR)En confiant leurs projets \u00e0 des accompagnateurs certifi\u00e9s, les m\u00e9nages peuvent b\u00e9n\u00e9ficier d&rsquo;un suivi personnalis\u00e9 et d&rsquo;une simplification des d\u00e9marches administratives, tout en maximisant les gains \u00e9nerg\u00e9tiques et financiers. L\u2019accompagnement \u00ab&nbsp;MAR&nbsp;\u00bb est&nbsp;<strong><u>obligatoire<\/u><\/strong>&nbsp;et doit \u00eatre r\u00e9alis\u00e9 par un&nbsp;<strong><u>Accompagnateur R\u00e9nov&rsquo; agr\u00e9\u00e9 par l\u2019Etat<\/u><\/strong>.<img decoding=\"async\" width=\"104\" src=\"https:\/\/5pc6o.img.sp1-brevo.net\/im\/sh\/FLSx3h1YcTfH.jpg?u=SyGgH01HHg313zT0Jsmi85zDWLcx\"><\/td><\/tr><\/tbody><\/table><\/figure>\n\n\n\n<figure class=\"wp-block-table\"><table><tbody><tr><td>Bonne nouvelle pour les habitants du territoire aux ressources modestes et tr\u00e8s modestes, les experts de la&nbsp;<a target=\"_blank\" href=\"https:\/\/5pc6o.r.sp1-brevo.net\/mk\/cl\/f\/sh\/1f8JIKXwHGYox4mqoNyOcb9RdD\/Pdgyh-LqYgzY\" rel=\"noreferrer noopener\">Maison de l\u2019Habitat et de l\u2019Energie du PETR du Pays de la D\u00e9odatie<\/a>&nbsp;qui depuis 2015 accompagnent aux d\u00e9marches de r\u00e9novation sont agr\u00e9\u00e9s MAR par l\u2019Etat<\/td><\/tr><\/tbody><\/table><\/figure>\n\n\n\n<figure class=\"wp-block-table\"><table><tbody><tr><td><img decoding=\"async\" width=\"228\" src=\"https:\/\/5pc6o.img.sp1-brevo.net\/im\/sh\/UTVA3Hf3Y4qp.png?u=SyGgH01HHg314OQCz5jsdxFaYkj5\"><strong>Pour connaitre les crit\u00e8res d\u2019\u00e9ligibilit\u00e9 aux dispositifs, rendez-vous sur les liens suivants&nbsp;:<\/strong>&nbsp;Tableau des plafonds de ressources au 1<sup>er<\/sup>&nbsp;janvier 2024&nbsp;:<a target=\"_blank\" href=\"https:\/\/5pc6o.r.sp1-brevo.net\/mk\/cl\/f\/sh\/1f8JIKXwHGZDuHS3lYUFsyBqjL\/nWE5nJdU7udf\" rel=\"noreferrer noopener\">https:\/\/france-renov.gouv.fr\/bareme<\/a>Pour plus d\u2019informations sur les conditions de ce parcours :<a target=\"_blank\" href=\"https:\/\/5pc6o.r.sp1-brevo.net\/mk\/cl\/f\/sh\/1f8JIKXwHGZcrU7Gij079LEFpT\/8TG6-HETyNKm\" rel=\"noreferrer noopener\">https:\/\/france-renov.gouv.fr\/aides\/maprimerenov-renovation-ampleur<\/a>Liste de Accompagnateurs R\u00e9nov\u2019 agr\u00e9\u00e9s&nbsp;:<a target=\"_blank\" href=\"https:\/\/5pc6o.r.sp1-brevo.net\/mk\/cl\/f\/sh\/1f8JIKXwHGa1ogmTftVyPiGevb\/-QV-ea5KbLl8\" rel=\"noreferrer noopener\">https:\/\/france-renov.gouv.fr\/annuaires-professionnels\/mon-accompagnateur-renov<\/a><\/td><\/tr><\/tbody><\/table><\/figure>\n","protected":false},"excerpt":{"rendered":"<p>Ma Prime R\u00e9nov&rsquo;, des aides &nbsp;\u00e0 la r\u00e9novation renforc\u00e9es MaPrimeR\u00e9nov&rsquo; est un programme national visant \u00e0 encourager la r\u00e9novation \u00e9nerg\u00e9tique&nbsp;des logements.&nbsp;Un nouveau parcours accompagn\u00e9&nbsp;est mis en place&nbsp;depuis le 1er&nbsp;janvier 2024&nbsp;pour am\u00e9liorer l&rsquo;efficacit\u00e9 du dispositif et s&rsquo;assurer de la qualit\u00e9 et de la performance des travaux r\u00e9alis\u00e9s. Un \u00ab&nbsp;parcours accompagn\u00e9&nbsp;\u00bb avec Mon Accompagnateur R\u00e9nov\u2019 (MAR)En confiant [&hellip;]<\/p>\n","protected":false},"author":2,"featured_media":0,"comment_status":"closed","ping_status":"open","sticky":false,"template":"","format":"standard","meta":{"footnotes":""},"categories":[7],"tags":[],"class_list":["post-12091","post","type-post","status-publish","format-standard","hentry","category-divers"],"yoast_head":"<!-- This site is optimized with the Yoast SEO plugin v26.8 - https:\/\/yoast.com\/product\/yoast-seo-wordpress\/ -->\n<title>Le Pays de la D\u00e9odatie vous informe : - Etival-Clairefontaine<\/title>\n<meta name=\"robots\" content=\"index, follow, max-snippet:-1, max-image-preview:large, max-video-preview:-1\" \/>\n<link rel=\"canonical\" href=\"https:\/\/etival.fr\/?p=12091\" \/>\n<meta property=\"og:locale\" content=\"fr_FR\" \/>\n<meta property=\"og:type\" content=\"article\" \/>\n<meta property=\"og:title\" content=\"Le Pays de la D\u00e9odatie vous informe : - Etival-Clairefontaine\" \/>\n<meta property=\"og:description\" content=\"Ma Prime R\u00e9nov&rsquo;, des aides &nbsp;\u00e0 la r\u00e9novation renforc\u00e9es MaPrimeR\u00e9nov&rsquo; est un programme national visant \u00e0 encourager la r\u00e9novation \u00e9nerg\u00e9tique&nbsp;des logements.&nbsp;Un nouveau parcours accompagn\u00e9&nbsp;est mis en place&nbsp;depuis le 1er&nbsp;janvier 2024&nbsp;pour am\u00e9liorer l&rsquo;efficacit\u00e9 du dispositif et s&rsquo;assurer de la qualit\u00e9 et de la performance des travaux r\u00e9alis\u00e9s. Un \u00ab&nbsp;parcours accompagn\u00e9&nbsp;\u00bb avec Mon Accompagnateur R\u00e9nov\u2019 (MAR)En confiant [&hellip;]\" \/>\n<meta property=\"og:url\" content=\"https:\/\/etival.fr\/?p=12091\" \/>\n<meta property=\"og:site_name\" content=\"Etival-Clairefontaine\" \/>\n<meta property=\"article:published_time\" content=\"2024-06-24T12:32:09+00:00\" \/>\n<meta property=\"article:modified_time\" content=\"2024-06-25T12:42:08+00:00\" \/>\n<meta property=\"og:image\" content=\"https:\/\/5pc6o.img.sp1-brevo.net\/im\/sh\/k4-hee0iNkUq.jpg?u=SyGgH01HHg313aVnefpXcEiqTwWp\" \/>\n<meta name=\"author\" content=\"Catherine\" \/>\n<meta name=\"twitter:card\" content=\"summary_large_image\" \/>\n<meta name=\"twitter:label1\" content=\"\u00c9crit par\" \/>\n\t<meta name=\"twitter:data1\" content=\"Catherine\" \/>\n\t<meta name=\"twitter:label2\" content=\"Dur\u00e9e de lecture estim\u00e9e\" \/>\n\t<meta name=\"twitter:data2\" content=\"2 minutes\" \/>\n<script type=\"application\/ld+json\" class=\"yoast-schema-graph\">{\"@context\":\"https:\/\/schema.org\",\"@graph\":[{\"@type\":\"Article\",\"@id\":\"https:\/\/etival.fr\/?p=12091#article\",\"isPartOf\":{\"@id\":\"https:\/\/etival.fr\/?p=12091\"},\"author\":{\"name\":\"Catherine\",\"@id\":\"https:\/\/etival.fr\/#\/schema\/person\/966767531f422984430588510b8d4c3f\"},\"headline\":\"Le Pays de la D\u00e9odatie vous informe :\",\"datePublished\":\"2024-06-24T12:32:09+00:00\",\"dateModified\":\"2024-06-25T12:42:08+00:00\",\"mainEntityOfPage\":{\"@id\":\"https:\/\/etival.fr\/?p=12091\"},\"wordCount\":257,\"image\":{\"@id\":\"https:\/\/etival.fr\/?p=12091#primaryimage\"},\"thumbnailUrl\":\"https:\/\/5pc6o.img.sp1-brevo.net\/im\/sh\/k4-hee0iNkUq.jpg?u=SyGgH01HHg313aVnefpXcEiqTwWp\",\"articleSection\":[\"Divers\"],\"inLanguage\":\"fr-FR\"},{\"@type\":\"WebPage\",\"@id\":\"https:\/\/etival.fr\/?p=12091\",\"url\":\"https:\/\/etival.fr\/?p=12091\",\"name\":\"Le Pays de la D\u00e9odatie vous informe : - Etival-Clairefontaine\",\"isPartOf\":{\"@id\":\"https:\/\/etival.fr\/#website\"},\"primaryImageOfPage\":{\"@id\":\"https:\/\/etival.fr\/?p=12091#primaryimage\"},\"image\":{\"@id\":\"https:\/\/etival.fr\/?p=12091#primaryimage\"},\"thumbnailUrl\":\"https:\/\/5pc6o.img.sp1-brevo.net\/im\/sh\/k4-hee0iNkUq.jpg?u=SyGgH01HHg313aVnefpXcEiqTwWp\",\"datePublished\":\"2024-06-24T12:32:09+00:00\",\"dateModified\":\"2024-06-25T12:42:08+00:00\",\"author\":{\"@id\":\"https:\/\/etival.fr\/#\/schema\/person\/966767531f422984430588510b8d4c3f\"},\"breadcrumb\":{\"@id\":\"https:\/\/etival.fr\/?p=12091#breadcrumb\"},\"inLanguage\":\"fr-FR\",\"potentialAction\":[{\"@type\":\"ReadAction\",\"target\":[\"https:\/\/etival.fr\/?p=12091\"]}]},{\"@type\":\"ImageObject\",\"inLanguage\":\"fr-FR\",\"@id\":\"https:\/\/etival.fr\/?p=12091#primaryimage\",\"url\":\"https:\/\/5pc6o.img.sp1-brevo.net\/im\/sh\/k4-hee0iNkUq.jpg?u=SyGgH01HHg313aVnefpXcEiqTwWp\",\"contentUrl\":\"https:\/\/5pc6o.img.sp1-brevo.net\/im\/sh\/k4-hee0iNkUq.jpg?u=SyGgH01HHg313aVnefpXcEiqTwWp\"},{\"@type\":\"BreadcrumbList\",\"@id\":\"https:\/\/etival.fr\/?p=12091#breadcrumb\",\"itemListElement\":[{\"@type\":\"ListItem\",\"position\":1,\"name\":\"Accueil\",\"item\":\"https:\/\/etival.fr\/\"},{\"@type\":\"ListItem\",\"position\":2,\"name\":\"Le Pays de la D\u00e9odatie vous informe :\"}]},{\"@type\":\"WebSite\",\"@id\":\"https:\/\/etival.fr\/#website\",\"url\":\"https:\/\/etival.fr\/\",\"name\":\"Etival-Clairefontaine\",\"description\":\"Informations et actualit\u00e9s de la commune\",\"potentialAction\":[{\"@type\":\"SearchAction\",\"target\":{\"@type\":\"EntryPoint\",\"urlTemplate\":\"https:\/\/etival.fr\/?s={search_term_string}\"},\"query-input\":{\"@type\":\"PropertyValueSpecification\",\"valueRequired\":true,\"valueName\":\"search_term_string\"}}],\"inLanguage\":\"fr-FR\"},{\"@type\":\"Person\",\"@id\":\"https:\/\/etival.fr\/#\/schema\/person\/966767531f422984430588510b8d4c3f\",\"name\":\"Catherine\",\"image\":{\"@type\":\"ImageObject\",\"inLanguage\":\"fr-FR\",\"@id\":\"https:\/\/etival.fr\/#\/schema\/person\/image\/\",\"url\":\"https:\/\/secure.gravatar.com\/avatar\/b99eff3bf59bd614e6c532df451dc649?s=96&d=mm&r=g\",\"contentUrl\":\"https:\/\/secure.gravatar.com\/avatar\/b99eff3bf59bd614e6c532df451dc649?s=96&d=mm&r=g\",\"caption\":\"Catherine\"},\"url\":\"https:\/\/etival.fr\/?author=2\"}]}<\/script>\n<!-- \/ Yoast SEO plugin. -->","yoast_head_json":{"title":"Le Pays de la D\u00e9odatie vous informe : - Etival-Clairefontaine","robots":{"index":"index","follow":"follow","max-snippet":"max-snippet:-1","max-image-preview":"max-image-preview:large","max-video-preview":"max-video-preview:-1"},"canonical":"https:\/\/etival.fr\/?p=12091","og_locale":"fr_FR","og_type":"article","og_title":"Le Pays de la D\u00e9odatie vous informe : - Etival-Clairefontaine","og_description":"Ma Prime R\u00e9nov&rsquo;, des aides &nbsp;\u00e0 la r\u00e9novation renforc\u00e9es MaPrimeR\u00e9nov&rsquo; est un programme national visant \u00e0 encourager la r\u00e9novation \u00e9nerg\u00e9tique&nbsp;des logements.&nbsp;Un nouveau parcours accompagn\u00e9&nbsp;est mis en place&nbsp;depuis le 1er&nbsp;janvier 2024&nbsp;pour am\u00e9liorer l&rsquo;efficacit\u00e9 du dispositif et s&rsquo;assurer de la qualit\u00e9 et de la performance des travaux r\u00e9alis\u00e9s. Un \u00ab&nbsp;parcours accompagn\u00e9&nbsp;\u00bb avec Mon Accompagnateur R\u00e9nov\u2019 (MAR)En confiant [&hellip;]","og_url":"https:\/\/etival.fr\/?p=12091","og_site_name":"Etival-Clairefontaine","article_published_time":"2024-06-24T12:32:09+00:00","article_modified_time":"2024-06-25T12:42:08+00:00","og_image":[{"url":"https:\/\/5pc6o.img.sp1-brevo.net\/im\/sh\/k4-hee0iNkUq.jpg?u=SyGgH01HHg313aVnefpXcEiqTwWp","type":"","width":"","height":""}],"author":"Catherine","twitter_card":"summary_large_image","twitter_misc":{"\u00c9crit par":"Catherine","Dur\u00e9e de lecture estim\u00e9e":"2 minutes"},"schema":{"@context":"https:\/\/schema.org","@graph":[{"@type":"Article","@id":"https:\/\/etival.fr\/?p=12091#article","isPartOf":{"@id":"https:\/\/etival.fr\/?p=12091"},"author":{"name":"Catherine","@id":"https:\/\/etival.fr\/#\/schema\/person\/966767531f422984430588510b8d4c3f"},"headline":"Le Pays de la D\u00e9odatie vous informe :","datePublished":"2024-06-24T12:32:09+00:00","dateModified":"2024-06-25T12:42:08+00:00","mainEntityOfPage":{"@id":"https:\/\/etival.fr\/?p=12091"},"wordCount":257,"image":{"@id":"https:\/\/etival.fr\/?p=12091#primaryimage"},"thumbnailUrl":"https:\/\/5pc6o.img.sp1-brevo.net\/im\/sh\/k4-hee0iNkUq.jpg?u=SyGgH01HHg313aVnefpXcEiqTwWp","articleSection":["Divers"],"inLanguage":"fr-FR"},{"@type":"WebPage","@id":"https:\/\/etival.fr\/?p=12091","url":"https:\/\/etival.fr\/?p=12091","name":"Le Pays de la D\u00e9odatie vous informe : - Etival-Clairefontaine","isPartOf":{"@id":"https:\/\/etival.fr\/#website"},"primaryImageOfPage":{"@id":"https:\/\/etival.fr\/?p=12091#primaryimage"},"image":{"@id":"https:\/\/etival.fr\/?p=12091#primaryimage"},"thumbnailUrl":"https:\/\/5pc6o.img.sp1-brevo.net\/im\/sh\/k4-hee0iNkUq.jpg?u=SyGgH01HHg313aVnefpXcEiqTwWp","datePublished":"2024-06-24T12:32:09+00:00","dateModified":"2024-06-25T12:42:08+00:00","author":{"@id":"https:\/\/etival.fr\/#\/schema\/person\/966767531f422984430588510b8d4c3f"},"breadcrumb":{"@id":"https:\/\/etival.fr\/?p=12091#breadcrumb"},"inLanguage":"fr-FR","potentialAction":[{"@type":"ReadAction","target":["https:\/\/etival.fr\/?p=12091"]}]},{"@type":"ImageObject","inLanguage":"fr-FR","@id":"https:\/\/etival.fr\/?p=12091#primaryimage","url":"https:\/\/5pc6o.img.sp1-brevo.net\/im\/sh\/k4-hee0iNkUq.jpg?u=SyGgH01HHg313aVnefpXcEiqTwWp","contentUrl":"https:\/\/5pc6o.img.sp1-brevo.net\/im\/sh\/k4-hee0iNkUq.jpg?u=SyGgH01HHg313aVnefpXcEiqTwWp"},{"@type":"BreadcrumbList","@id":"https:\/\/etival.fr\/?p=12091#breadcrumb","itemListElement":[{"@type":"ListItem","position":1,"name":"Accueil","item":"https:\/\/etival.fr\/"},{"@type":"ListItem","position":2,"name":"Le Pays de la D\u00e9odatie vous informe :"}]},{"@type":"WebSite","@id":"https:\/\/etival.fr\/#website","url":"https:\/\/etival.fr\/","name":"Etival-Clairefontaine","description":"Informations et actualit\u00e9s de la commune","potentialAction":[{"@type":"SearchAction","target":{"@type":"EntryPoint","urlTemplate":"https:\/\/etival.fr\/?s={search_term_string}"},"query-input":{"@type":"PropertyValueSpecification","valueRequired":true,"valueName":"search_term_string"}}],"inLanguage":"fr-FR"},{"@type":"Person","@id":"https:\/\/etival.fr\/#\/schema\/person\/966767531f422984430588510b8d4c3f","name":"Catherine","image":{"@type":"ImageObject","inLanguage":"fr-FR","@id":"https:\/\/etival.fr\/#\/schema\/person\/image\/","url":"https:\/\/secure.gravatar.com\/avatar\/b99eff3bf59bd614e6c532df451dc649?s=96&d=mm&r=g","contentUrl":"https:\/\/secure.gravatar.com\/avatar\/b99eff3bf59bd614e6c532df451dc649?s=96&d=mm&r=g","caption":"Catherine"},"url":"https:\/\/etival.fr\/?author=2"}]}},"_links":{"self":[{"href":"https:\/\/etival.fr\/index.php?rest_route=\/wp\/v2\/posts\/12091","targetHints":{"allow":["GET"]}}],"collection":[{"href":"https:\/\/etival.fr\/index.php?rest_route=\/wp\/v2\/posts"}],"about":[{"href":"https:\/\/etival.fr\/index.php?rest_route=\/wp\/v2\/types\/post"}],"author":[{"embeddable":true,"href":"https:\/\/etival.fr\/index.php?rest_route=\/wp\/v2\/users\/2"}],"replies":[{"embeddable":true,"href":"https:\/\/etival.fr\/index.php?rest_route=%2Fwp%2Fv2%2Fcomments&post=12091"}],"version-history":[{"count":1,"href":"https:\/\/etival.fr\/index.php?rest_route=\/wp\/v2\/posts\/12091\/revisions"}],"predecessor-version":[{"id":12092,"href":"https:\/\/etival.fr\/index.php?rest_route=\/wp\/v2\/posts\/12091\/revisions\/12092"}],"wp:attachment":[{"href":"https:\/\/etival.fr\/index.php?rest_route=%2Fwp%2Fv2%2Fmedia&parent=12091"}],"wp:term":[{"taxonomy":"category","embeddable":true,"href":"https:\/\/etival.fr\/index.php?rest_route=%2Fwp%2Fv2%2Fcategories&post=12091"},{"taxonomy":"post_tag","embeddable":true,"href":"https:\/\/etival.fr\/index.php?rest_route=%2Fwp%2Fv2%2Ftags&post=12091"}],"curies":[{"name":"wp","href":"https:\/\/api.w.org\/{rel}","templated":true}]}}