{"id":12120,"date":"2024-07-05T06:15:24","date_gmt":"2024-07-05T05:15:24","guid":{"rendered":"https:\/\/etival.fr\/?p=12120"},"modified":"2024-07-05T06:15:42","modified_gmt":"2024-07-05T05:15:42","slug":"heures-dete-a-la-mediatheque","status":"publish","type":"post","link":"https:\/\/etival.fr\/?p=12120","title":{"rendered":"Heures d&rsquo;\u00e9t\u00e9 \u00e0 la m\u00e9diath\u00e8que"},"content":{"rendered":"\n<figure class=\"wp-block-image size-large\"><a href=\"https:\/\/etival.fr\/wp-content\/uploads\/2024\/07\/horaires-ete.jpg\"><img loading=\"lazy\" decoding=\"async\" width=\"1024\" height=\"317\" src=\"https:\/\/etival.fr\/wp-content\/uploads\/2024\/07\/horaires-ete-1024x317.jpg\" alt=\"\" class=\"wp-image-12121\" srcset=\"https:\/\/etival.fr\/wp-content\/uploads\/2024\/07\/horaires-ete-1024x317.jpg 1024w, https:\/\/etival.fr\/wp-content\/uploads\/2024\/07\/horaires-ete-300x93.jpg 300w, https:\/\/etival.fr\/wp-content\/uploads\/2024\/07\/horaires-ete-768x238.jpg 768w, https:\/\/etival.fr\/wp-content\/uploads\/2024\/07\/horaires-ete-624x193.jpg 624w, https:\/\/etival.fr\/wp-content\/uploads\/2024\/07\/horaires-ete.jpg 1436w\" sizes=\"auto, (max-width: 1024px) 100vw, 1024px\" \/><\/a><\/figure>\n","protected":false},"excerpt":{"rendered":"","protected":false},"author":2,"featured_media":0,"comment_status":"closed","ping_status":"open","sticky":false,"template":"","format":"standard","meta":{"footnotes":""},"categories":[9],"tags":[],"class_list":["post-12120","post","type-post","status-publish","format-standard","hentry","category-communaute-dagglomeration-de-saint-die-des-vosges"],"yoast_head":"<!-- This site is optimized with the Yoast SEO plugin v26.8 - https:\/\/yoast.com\/product\/yoast-seo-wordpress\/ -->\n<title>Heures d&#039;\u00e9t\u00e9 \u00e0 la m\u00e9diath\u00e8que - Etival-Clairefontaine<\/title>\n<meta name=\"robots\" content=\"index, follow, max-snippet:-1, max-image-preview:large, max-video-preview:-1\" \/>\n<link rel=\"canonical\" href=\"https:\/\/etival.fr\/?p=12120\" \/>\n<meta property=\"og:locale\" content=\"fr_FR\" \/>\n<meta property=\"og:type\" content=\"article\" \/>\n<meta property=\"og:title\" content=\"Heures d&#039;\u00e9t\u00e9 \u00e0 la m\u00e9diath\u00e8que - Etival-Clairefontaine\" \/>\n<meta property=\"og:url\" content=\"https:\/\/etival.fr\/?p=12120\" \/>\n<meta property=\"og:site_name\" content=\"Etival-Clairefontaine\" \/>\n<meta property=\"article:published_time\" content=\"2024-07-05T05:15:24+00:00\" \/>\n<meta property=\"article:modified_time\" content=\"2024-07-05T05:15:42+00:00\" \/>\n<meta property=\"og:image\" content=\"https:\/\/etival.fr\/wp-content\/uploads\/2024\/07\/horaires-ete-1024x317.jpg\" \/>\n<meta name=\"author\" content=\"Catherine\" \/>\n<meta name=\"twitter:card\" content=\"summary_large_image\" \/>\n<meta name=\"twitter:label1\" content=\"\u00c9crit par\" \/>\n\t<meta name=\"twitter:data1\" content=\"Catherine\" \/>\n\t<meta name=\"twitter:label2\" content=\"Dur\u00e9e de lecture estim\u00e9e\" \/>\n\t<meta name=\"twitter:data2\" content=\"1 minute\" \/>\n<script type=\"application\/ld+json\" class=\"yoast-schema-graph\">{\"@context\":\"https:\/\/schema.org\",\"@graph\":[{\"@type\":\"Article\",\"@id\":\"https:\/\/etival.fr\/?p=12120#article\",\"isPartOf\":{\"@id\":\"https:\/\/etival.fr\/?p=12120\"},\"author\":{\"name\":\"Catherine\",\"@id\":\"https:\/\/etival.fr\/#\/schema\/person\/966767531f422984430588510b8d4c3f\"},\"headline\":\"Heures d&rsquo;\u00e9t\u00e9 \u00e0 la m\u00e9diath\u00e8que\",\"datePublished\":\"2024-07-05T05:15:24+00:00\",\"dateModified\":\"2024-07-05T05:15:42+00:00\",\"mainEntityOfPage\":{\"@id\":\"https:\/\/etival.fr\/?p=12120\"},\"wordCount\":7,\"image\":{\"@id\":\"https:\/\/etival.fr\/?p=12120#primaryimage\"},\"thumbnailUrl\":\"https:\/\/etival.fr\/wp-content\/uploads\/2024\/07\/horaires-ete-1024x317.jpg\",\"articleSection\":[\"Communaut\u00e9 d'Agglom\u00e9ration de Saint-Di\u00e9-Des-Vosges\"],\"inLanguage\":\"fr-FR\"},{\"@type\":\"WebPage\",\"@id\":\"https:\/\/etival.fr\/?p=12120\",\"url\":\"https:\/\/etival.fr\/?p=12120\",\"name\":\"Heures d'\u00e9t\u00e9 \u00e0 la m\u00e9diath\u00e8que - Etival-Clairefontaine\",\"isPartOf\":{\"@id\":\"https:\/\/etival.fr\/#website\"},\"primaryImageOfPage\":{\"@id\":\"https:\/\/etival.fr\/?p=12120#primaryimage\"},\"image\":{\"@id\":\"https:\/\/etival.fr\/?p=12120#primaryimage\"},\"thumbnailUrl\":\"https:\/\/etival.fr\/wp-content\/uploads\/2024\/07\/horaires-ete-1024x317.jpg\",\"datePublished\":\"2024-07-05T05:15:24+00:00\",\"dateModified\":\"2024-07-05T05:15:42+00:00\",\"author\":{\"@id\":\"https:\/\/etival.fr\/#\/schema\/person\/966767531f422984430588510b8d4c3f\"},\"breadcrumb\":{\"@id\":\"https:\/\/etival.fr\/?p=12120#breadcrumb\"},\"inLanguage\":\"fr-FR\",\"potentialAction\":[{\"@type\":\"ReadAction\",\"target\":[\"https:\/\/etival.fr\/?p=12120\"]}]},{\"@type\":\"ImageObject\",\"inLanguage\":\"fr-FR\",\"@id\":\"https:\/\/etival.fr\/?p=12120#primaryimage\",\"url\":\"https:\/\/etival.fr\/wp-content\/uploads\/2024\/07\/horaires-ete.jpg\",\"contentUrl\":\"https:\/\/etival.fr\/wp-content\/uploads\/2024\/07\/horaires-ete.jpg\",\"width\":1436,\"height\":445},{\"@type\":\"BreadcrumbList\",\"@id\":\"https:\/\/etival.fr\/?p=12120#breadcrumb\",\"itemListElement\":[{\"@type\":\"ListItem\",\"position\":1,\"name\":\"Accueil\",\"item\":\"https:\/\/etival.fr\/\"},{\"@type\":\"ListItem\",\"position\":2,\"name\":\"Heures d&#8217;\u00e9t\u00e9 \u00e0 la m\u00e9diath\u00e8que\"}]},{\"@type\":\"WebSite\",\"@id\":\"https:\/\/etival.fr\/#website\",\"url\":\"https:\/\/etival.fr\/\",\"name\":\"Etival-Clairefontaine\",\"description\":\"Informations et actualit\u00e9s de la commune\",\"potentialAction\":[{\"@type\":\"SearchAction\",\"target\":{\"@type\":\"EntryPoint\",\"urlTemplate\":\"https:\/\/etival.fr\/?s={search_term_string}\"},\"query-input\":{\"@type\":\"PropertyValueSpecification\",\"valueRequired\":true,\"valueName\":\"search_term_string\"}}],\"inLanguage\":\"fr-FR\"},{\"@type\":\"Person\",\"@id\":\"https:\/\/etival.fr\/#\/schema\/person\/966767531f422984430588510b8d4c3f\",\"name\":\"Catherine\",\"image\":{\"@type\":\"ImageObject\",\"inLanguage\":\"fr-FR\",\"@id\":\"https:\/\/etival.fr\/#\/schema\/person\/image\/\",\"url\":\"https:\/\/secure.gravatar.com\/avatar\/b99eff3bf59bd614e6c532df451dc649?s=96&d=mm&r=g\",\"contentUrl\":\"https:\/\/secure.gravatar.com\/avatar\/b99eff3bf59bd614e6c532df451dc649?s=96&d=mm&r=g\",\"caption\":\"Catherine\"},\"url\":\"https:\/\/etival.fr\/?author=2\"}]}<\/script>\n<!-- \/ Yoast SEO plugin. -->","yoast_head_json":{"title":"Heures d'\u00e9t\u00e9 \u00e0 la m\u00e9diath\u00e8que - Etival-Clairefontaine","robots":{"index":"index","follow":"follow","max-snippet":"max-snippet:-1","max-image-preview":"max-image-preview:large","max-video-preview":"max-video-preview:-1"},"canonical":"https:\/\/etival.fr\/?p=12120","og_locale":"fr_FR","og_type":"article","og_title":"Heures d'\u00e9t\u00e9 \u00e0 la m\u00e9diath\u00e8que - Etival-Clairefontaine","og_url":"https:\/\/etival.fr\/?p=12120","og_site_name":"Etival-Clairefontaine","article_published_time":"2024-07-05T05:15:24+00:00","article_modified_time":"2024-07-05T05:15:42+00:00","og_image":[{"url":"https:\/\/etival.fr\/wp-content\/uploads\/2024\/07\/horaires-ete-1024x317.jpg","type":"","width":"","height":""}],"author":"Catherine","twitter_card":"summary_large_image","twitter_misc":{"\u00c9crit par":"Catherine","Dur\u00e9e de lecture estim\u00e9e":"1 minute"},"schema":{"@context":"https:\/\/schema.org","@graph":[{"@type":"Article","@id":"https:\/\/etival.fr\/?p=12120#article","isPartOf":{"@id":"https:\/\/etival.fr\/?p=12120"},"author":{"name":"Catherine","@id":"https:\/\/etival.fr\/#\/schema\/person\/966767531f422984430588510b8d4c3f"},"headline":"Heures d&rsquo;\u00e9t\u00e9 \u00e0 la m\u00e9diath\u00e8que","datePublished":"2024-07-05T05:15:24+00:00","dateModified":"2024-07-05T05:15:42+00:00","mainEntityOfPage":{"@id":"https:\/\/etival.fr\/?p=12120"},"wordCount":7,"image":{"@id":"https:\/\/etival.fr\/?p=12120#primaryimage"},"thumbnailUrl":"https:\/\/etival.fr\/wp-content\/uploads\/2024\/07\/horaires-ete-1024x317.jpg","articleSection":["Communaut\u00e9 d'Agglom\u00e9ration de Saint-Di\u00e9-Des-Vosges"],"inLanguage":"fr-FR"},{"@type":"WebPage","@id":"https:\/\/etival.fr\/?p=12120","url":"https:\/\/etival.fr\/?p=12120","name":"Heures d'\u00e9t\u00e9 \u00e0 la m\u00e9diath\u00e8que - Etival-Clairefontaine","isPartOf":{"@id":"https:\/\/etival.fr\/#website"},"primaryImageOfPage":{"@id":"https:\/\/etival.fr\/?p=12120#primaryimage"},"image":{"@id":"https:\/\/etival.fr\/?p=12120#primaryimage"},"thumbnailUrl":"https:\/\/etival.fr\/wp-content\/uploads\/2024\/07\/horaires-ete-1024x317.jpg","datePublished":"2024-07-05T05:15:24+00:00","dateModified":"2024-07-05T05:15:42+00:00","author":{"@id":"https:\/\/etival.fr\/#\/schema\/person\/966767531f422984430588510b8d4c3f"},"breadcrumb":{"@id":"https:\/\/etival.fr\/?p=12120#breadcrumb"},"inLanguage":"fr-FR","potentialAction":[{"@type":"ReadAction","target":["https:\/\/etival.fr\/?p=12120"]}]},{"@type":"ImageObject","inLanguage":"fr-FR","@id":"https:\/\/etival.fr\/?p=12120#primaryimage","url":"https:\/\/etival.fr\/wp-content\/uploads\/2024\/07\/horaires-ete.jpg","contentUrl":"https:\/\/etival.fr\/wp-content\/uploads\/2024\/07\/horaires-ete.jpg","width":1436,"height":445},{"@type":"BreadcrumbList","@id":"https:\/\/etival.fr\/?p=12120#breadcrumb","itemListElement":[{"@type":"ListItem","position":1,"name":"Accueil","item":"https:\/\/etival.fr\/"},{"@type":"ListItem","position":2,"name":"Heures d&#8217;\u00e9t\u00e9 \u00e0 la m\u00e9diath\u00e8que"}]},{"@type":"WebSite","@id":"https:\/\/etival.fr\/#website","url":"https:\/\/etival.fr\/","name":"Etival-Clairefontaine","description":"Informations et actualit\u00e9s de la commune","potentialAction":[{"@type":"SearchAction","target":{"@type":"EntryPoint","urlTemplate":"https:\/\/etival.fr\/?s={search_term_string}"},"query-input":{"@type":"PropertyValueSpecification","valueRequired":true,"valueName":"search_term_string"}}],"inLanguage":"fr-FR"},{"@type":"Person","@id":"https:\/\/etival.fr\/#\/schema\/person\/966767531f422984430588510b8d4c3f","name":"Catherine","image":{"@type":"ImageObject","inLanguage":"fr-FR","@id":"https:\/\/etival.fr\/#\/schema\/person\/image\/","url":"https:\/\/secure.gravatar.com\/avatar\/b99eff3bf59bd614e6c532df451dc649?s=96&d=mm&r=g","contentUrl":"https:\/\/secure.gravatar.com\/avatar\/b99eff3bf59bd614e6c532df451dc649?s=96&d=mm&r=g","caption":"Catherine"},"url":"https:\/\/etival.fr\/?author=2"}]}},"_links":{"self":[{"href":"https:\/\/etival.fr\/index.php?rest_route=\/wp\/v2\/posts\/12120","targetHints":{"allow":["GET"]}}],"collection":[{"href":"https:\/\/etival.fr\/index.php?rest_route=\/wp\/v2\/posts"}],"about":[{"href":"https:\/\/etival.fr\/index.php?rest_route=\/wp\/v2\/types\/post"}],"author":[{"embeddable":true,"href":"https:\/\/etival.fr\/index.php?rest_route=\/wp\/v2\/users\/2"}],"replies":[{"embeddable":true,"href":"https:\/\/etival.fr\/index.php?rest_route=%2Fwp%2Fv2%2Fcomments&post=12120"}],"version-history":[{"count":1,"href":"https:\/\/etival.fr\/index.php?rest_route=\/wp\/v2\/posts\/12120\/revisions"}],"predecessor-version":[{"id":12122,"href":"https:\/\/etival.fr\/index.php?rest_route=\/wp\/v2\/posts\/12120\/revisions\/12122"}],"wp:attachment":[{"href":"https:\/\/etival.fr\/index.php?rest_route=%2Fwp%2Fv2%2Fmedia&parent=12120"}],"wp:term":[{"taxonomy":"category","embeddable":true,"href":"https:\/\/etival.fr\/index.php?rest_route=%2Fwp%2Fv2%2Fcategories&post=12120"},{"taxonomy":"post_tag","embeddable":true,"href":"https:\/\/etival.fr\/index.php?rest_route=%2Fwp%2Fv2%2Ftags&post=12120"}],"curies":[{"name":"wp","href":"https:\/\/api.w.org\/{rel}","templated":true}]}}