{"id":12160,"date":"2024-08-23T13:14:13","date_gmt":"2024-08-23T12:14:13","guid":{"rendered":"https:\/\/etival.fr\/?p=12160"},"modified":"2024-08-23T13:16:00","modified_gmt":"2024-08-23T12:16:00","slug":"informations-travaux-rue-du-jard-et-rue-de-pajailles","status":"publish","type":"post","link":"https:\/\/etival.fr\/?p=12160","title":{"rendered":"Informations travaux, rue du Jard et rue de Pajailles"},"content":{"rendered":"\n<figure class=\"wp-block-image size-large is-resized\"><a href=\"https:\/\/etival.fr\/wp-content\/uploads\/2024\/08\/construction-area-150275_1280-1.png\"><img loading=\"lazy\" decoding=\"async\" width=\"1024\" height=\"950\" src=\"https:\/\/etival.fr\/wp-content\/uploads\/2024\/08\/construction-area-150275_1280-1-1024x950.png\" alt=\"\" class=\"wp-image-12161\" style=\"width:93px;height:auto\" srcset=\"https:\/\/etival.fr\/wp-content\/uploads\/2024\/08\/construction-area-150275_1280-1-1024x950.png 1024w, https:\/\/etival.fr\/wp-content\/uploads\/2024\/08\/construction-area-150275_1280-1-300x278.png 300w, https:\/\/etival.fr\/wp-content\/uploads\/2024\/08\/construction-area-150275_1280-1-768x713.png 768w, https:\/\/etival.fr\/wp-content\/uploads\/2024\/08\/construction-area-150275_1280-1-624x579.png 624w, https:\/\/etival.fr\/wp-content\/uploads\/2024\/08\/construction-area-150275_1280-1.png 1280w\" sizes=\"auto, (max-width: 1024px) 100vw, 1024px\" \/><\/a><\/figure>\n\n\n\n<p>\u00c0 compter <strong>du mardi 27 ao\u00fbt (semaine 35) et jusqu&rsquo;au vendredi 6 septembre 2024 <\/strong>(semaine 36), <strong>la circulation sera interdite rue du Jard et rue de Pajailles<\/strong> en raison de la r\u00e9fection de la route d\u00e9partementale.<\/p>\n\n\n\n<p>Un circuit de d\u00e9viation sera mis en place par les rues suivantes : rue du Vivier, rue de la Corv\u00e9e, rue du M\u00e9nil pour retrouver la rue de Sainte Odile et vice versa dans l&rsquo;autre sens.<\/p>\n\n\n\n<p>Les riverains directement affect\u00e9s par les travaux ont \u00e9t\u00e9 destinataires d&rsquo;un courrier expliquant la modalit\u00e9 du chantier.<\/p>\n\n\n\n<p>Le chantier sera bien entendu accessible \u00e0 pied en tout temps.<\/p>\n\n\n\n<p><strong>Lors de la semaine 36<\/strong> (rentr\u00e9e scolaire), le parking \u00e0 proximit\u00e9 imm\u00e9diate de l&rsquo;\u00e9cole de Pajailles ne sera pas accessible, il faudra alors utiliser les places de stationnement situ\u00e9es rue du M\u00e9nil.<\/p>\n\n\n\n<p><strong>Bus semaine 36<\/strong> (rentr\u00e9e scolaire) : Pas de changement, les arr\u00eates de bus ne seront pas affect\u00e9s par cette d\u00e9viation.<\/p>\n\n\n\n<p><strong>Acc\u00e8s CAJS semaine 36<\/strong> (rentr\u00e9e scolaire) : L&rsquo;acc\u00e8s au CAJS se fera (c\u00f4t\u00e9 centre-ville) par la rue du jard.<\/p>\n\n\n\n<p>Conscient de la g\u00eane occasionn\u00e9e, nous comptons sur votre compr\u00e9hension afin que les travaux se d\u00e9roulent dans de bonnes conditions, ce qui permettra certainement de r\u00e9duire les d\u00e9lais annonc\u00e9s.<\/p>\n\n\n\n<p>La Mairie reste \u00e0 disposition pour plus amples informations.<\/p>\n","protected":false},"excerpt":{"rendered":"<p>\u00c0 compter du mardi 27 ao\u00fbt (semaine 35) et jusqu&rsquo;au vendredi 6 septembre 2024 (semaine 36), la circulation sera interdite rue du Jard et rue de Pajailles en raison de la r\u00e9fection de la route d\u00e9partementale. Un circuit de d\u00e9viation sera mis en place par les rues suivantes : rue du Vivier, rue de la [&hellip;]<\/p>\n","protected":false},"author":2,"featured_media":0,"comment_status":"closed","ping_status":"open","sticky":false,"template":"","format":"standard","meta":{"footnotes":""},"categories":[6],"tags":[],"class_list":["post-12160","post","type-post","status-publish","format-standard","hentry","category-informations-municipales"],"yoast_head":"<!-- This site is optimized with the Yoast SEO plugin v26.8 - https:\/\/yoast.com\/product\/yoast-seo-wordpress\/ -->\n<title>Informations travaux, rue du Jard et rue de Pajailles - Etival-Clairefontaine<\/title>\n<meta name=\"robots\" content=\"index, follow, max-snippet:-1, max-image-preview:large, max-video-preview:-1\" \/>\n<link rel=\"canonical\" href=\"https:\/\/etival.fr\/?p=12160\" \/>\n<meta property=\"og:locale\" content=\"fr_FR\" \/>\n<meta property=\"og:type\" content=\"article\" \/>\n<meta property=\"og:title\" content=\"Informations travaux, rue du Jard et rue de Pajailles - Etival-Clairefontaine\" \/>\n<meta property=\"og:description\" content=\"\u00c0 compter du mardi 27 ao\u00fbt (semaine 35) et jusqu&rsquo;au vendredi 6 septembre 2024 (semaine 36), la circulation sera interdite rue du Jard et rue de Pajailles en raison de la r\u00e9fection de la route d\u00e9partementale. Un circuit de d\u00e9viation sera mis en place par les rues suivantes : rue du Vivier, rue de la [&hellip;]\" \/>\n<meta property=\"og:url\" content=\"https:\/\/etival.fr\/?p=12160\" \/>\n<meta property=\"og:site_name\" content=\"Etival-Clairefontaine\" \/>\n<meta property=\"article:published_time\" content=\"2024-08-23T12:14:13+00:00\" \/>\n<meta property=\"article:modified_time\" content=\"2024-08-23T12:16:00+00:00\" \/>\n<meta property=\"og:image\" content=\"https:\/\/etival.fr\/wp-content\/uploads\/2024\/08\/construction-area-150275_1280-1-1024x950.png\" \/>\n<meta name=\"author\" content=\"Catherine\" \/>\n<meta name=\"twitter:card\" content=\"summary_large_image\" \/>\n<meta name=\"twitter:label1\" content=\"\u00c9crit par\" \/>\n\t<meta name=\"twitter:data1\" content=\"Catherine\" \/>\n\t<meta name=\"twitter:label2\" content=\"Dur\u00e9e de lecture estim\u00e9e\" \/>\n\t<meta name=\"twitter:data2\" content=\"2 minutes\" \/>\n<script type=\"application\/ld+json\" class=\"yoast-schema-graph\">{\"@context\":\"https:\/\/schema.org\",\"@graph\":[{\"@type\":\"Article\",\"@id\":\"https:\/\/etival.fr\/?p=12160#article\",\"isPartOf\":{\"@id\":\"https:\/\/etival.fr\/?p=12160\"},\"author\":{\"name\":\"Catherine\",\"@id\":\"https:\/\/etival.fr\/#\/schema\/person\/966767531f422984430588510b8d4c3f\"},\"headline\":\"Informations travaux, rue du Jard et rue de Pajailles\",\"datePublished\":\"2024-08-23T12:14:13+00:00\",\"dateModified\":\"2024-08-23T12:16:00+00:00\",\"mainEntityOfPage\":{\"@id\":\"https:\/\/etival.fr\/?p=12160\"},\"wordCount\":234,\"image\":{\"@id\":\"https:\/\/etival.fr\/?p=12160#primaryimage\"},\"thumbnailUrl\":\"https:\/\/etival.fr\/wp-content\/uploads\/2024\/08\/construction-area-150275_1280-1-1024x950.png\",\"articleSection\":[\"Informations Municipales\"],\"inLanguage\":\"fr-FR\"},{\"@type\":\"WebPage\",\"@id\":\"https:\/\/etival.fr\/?p=12160\",\"url\":\"https:\/\/etival.fr\/?p=12160\",\"name\":\"Informations travaux, rue du Jard et rue de Pajailles - Etival-Clairefontaine\",\"isPartOf\":{\"@id\":\"https:\/\/etival.fr\/#website\"},\"primaryImageOfPage\":{\"@id\":\"https:\/\/etival.fr\/?p=12160#primaryimage\"},\"image\":{\"@id\":\"https:\/\/etival.fr\/?p=12160#primaryimage\"},\"thumbnailUrl\":\"https:\/\/etival.fr\/wp-content\/uploads\/2024\/08\/construction-area-150275_1280-1-1024x950.png\",\"datePublished\":\"2024-08-23T12:14:13+00:00\",\"dateModified\":\"2024-08-23T12:16:00+00:00\",\"author\":{\"@id\":\"https:\/\/etival.fr\/#\/schema\/person\/966767531f422984430588510b8d4c3f\"},\"breadcrumb\":{\"@id\":\"https:\/\/etival.fr\/?p=12160#breadcrumb\"},\"inLanguage\":\"fr-FR\",\"potentialAction\":[{\"@type\":\"ReadAction\",\"target\":[\"https:\/\/etival.fr\/?p=12160\"]}]},{\"@type\":\"ImageObject\",\"inLanguage\":\"fr-FR\",\"@id\":\"https:\/\/etival.fr\/?p=12160#primaryimage\",\"url\":\"https:\/\/etival.fr\/wp-content\/uploads\/2024\/08\/construction-area-150275_1280-1.png\",\"contentUrl\":\"https:\/\/etival.fr\/wp-content\/uploads\/2024\/08\/construction-area-150275_1280-1.png\",\"width\":1280,\"height\":1188},{\"@type\":\"BreadcrumbList\",\"@id\":\"https:\/\/etival.fr\/?p=12160#breadcrumb\",\"itemListElement\":[{\"@type\":\"ListItem\",\"position\":1,\"name\":\"Accueil\",\"item\":\"https:\/\/etival.fr\/\"},{\"@type\":\"ListItem\",\"position\":2,\"name\":\"Informations travaux, rue du Jard et rue de Pajailles\"}]},{\"@type\":\"WebSite\",\"@id\":\"https:\/\/etival.fr\/#website\",\"url\":\"https:\/\/etival.fr\/\",\"name\":\"Etival-Clairefontaine\",\"description\":\"Informations et actualit\u00e9s de la commune\",\"potentialAction\":[{\"@type\":\"SearchAction\",\"target\":{\"@type\":\"EntryPoint\",\"urlTemplate\":\"https:\/\/etival.fr\/?s={search_term_string}\"},\"query-input\":{\"@type\":\"PropertyValueSpecification\",\"valueRequired\":true,\"valueName\":\"search_term_string\"}}],\"inLanguage\":\"fr-FR\"},{\"@type\":\"Person\",\"@id\":\"https:\/\/etival.fr\/#\/schema\/person\/966767531f422984430588510b8d4c3f\",\"name\":\"Catherine\",\"image\":{\"@type\":\"ImageObject\",\"inLanguage\":\"fr-FR\",\"@id\":\"https:\/\/etival.fr\/#\/schema\/person\/image\/\",\"url\":\"https:\/\/secure.gravatar.com\/avatar\/b99eff3bf59bd614e6c532df451dc649?s=96&d=mm&r=g\",\"contentUrl\":\"https:\/\/secure.gravatar.com\/avatar\/b99eff3bf59bd614e6c532df451dc649?s=96&d=mm&r=g\",\"caption\":\"Catherine\"},\"url\":\"https:\/\/etival.fr\/?author=2\"}]}<\/script>\n<!-- \/ Yoast SEO plugin. -->","yoast_head_json":{"title":"Informations travaux, rue du Jard et rue de Pajailles - Etival-Clairefontaine","robots":{"index":"index","follow":"follow","max-snippet":"max-snippet:-1","max-image-preview":"max-image-preview:large","max-video-preview":"max-video-preview:-1"},"canonical":"https:\/\/etival.fr\/?p=12160","og_locale":"fr_FR","og_type":"article","og_title":"Informations travaux, rue du Jard et rue de Pajailles - Etival-Clairefontaine","og_description":"\u00c0 compter du mardi 27 ao\u00fbt (semaine 35) et jusqu&rsquo;au vendredi 6 septembre 2024 (semaine 36), la circulation sera interdite rue du Jard et rue de Pajailles en raison de la r\u00e9fection de la route d\u00e9partementale. Un circuit de d\u00e9viation sera mis en place par les rues suivantes : rue du Vivier, rue de la [&hellip;]","og_url":"https:\/\/etival.fr\/?p=12160","og_site_name":"Etival-Clairefontaine","article_published_time":"2024-08-23T12:14:13+00:00","article_modified_time":"2024-08-23T12:16:00+00:00","og_image":[{"url":"https:\/\/etival.fr\/wp-content\/uploads\/2024\/08\/construction-area-150275_1280-1-1024x950.png","type":"","width":"","height":""}],"author":"Catherine","twitter_card":"summary_large_image","twitter_misc":{"\u00c9crit par":"Catherine","Dur\u00e9e de lecture estim\u00e9e":"2 minutes"},"schema":{"@context":"https:\/\/schema.org","@graph":[{"@type":"Article","@id":"https:\/\/etival.fr\/?p=12160#article","isPartOf":{"@id":"https:\/\/etival.fr\/?p=12160"},"author":{"name":"Catherine","@id":"https:\/\/etival.fr\/#\/schema\/person\/966767531f422984430588510b8d4c3f"},"headline":"Informations travaux, rue du Jard et rue de Pajailles","datePublished":"2024-08-23T12:14:13+00:00","dateModified":"2024-08-23T12:16:00+00:00","mainEntityOfPage":{"@id":"https:\/\/etival.fr\/?p=12160"},"wordCount":234,"image":{"@id":"https:\/\/etival.fr\/?p=12160#primaryimage"},"thumbnailUrl":"https:\/\/etival.fr\/wp-content\/uploads\/2024\/08\/construction-area-150275_1280-1-1024x950.png","articleSection":["Informations Municipales"],"inLanguage":"fr-FR"},{"@type":"WebPage","@id":"https:\/\/etival.fr\/?p=12160","url":"https:\/\/etival.fr\/?p=12160","name":"Informations travaux, rue du Jard et rue de Pajailles - Etival-Clairefontaine","isPartOf":{"@id":"https:\/\/etival.fr\/#website"},"primaryImageOfPage":{"@id":"https:\/\/etival.fr\/?p=12160#primaryimage"},"image":{"@id":"https:\/\/etival.fr\/?p=12160#primaryimage"},"thumbnailUrl":"https:\/\/etival.fr\/wp-content\/uploads\/2024\/08\/construction-area-150275_1280-1-1024x950.png","datePublished":"2024-08-23T12:14:13+00:00","dateModified":"2024-08-23T12:16:00+00:00","author":{"@id":"https:\/\/etival.fr\/#\/schema\/person\/966767531f422984430588510b8d4c3f"},"breadcrumb":{"@id":"https:\/\/etival.fr\/?p=12160#breadcrumb"},"inLanguage":"fr-FR","potentialAction":[{"@type":"ReadAction","target":["https:\/\/etival.fr\/?p=12160"]}]},{"@type":"ImageObject","inLanguage":"fr-FR","@id":"https:\/\/etival.fr\/?p=12160#primaryimage","url":"https:\/\/etival.fr\/wp-content\/uploads\/2024\/08\/construction-area-150275_1280-1.png","contentUrl":"https:\/\/etival.fr\/wp-content\/uploads\/2024\/08\/construction-area-150275_1280-1.png","width":1280,"height":1188},{"@type":"BreadcrumbList","@id":"https:\/\/etival.fr\/?p=12160#breadcrumb","itemListElement":[{"@type":"ListItem","position":1,"name":"Accueil","item":"https:\/\/etival.fr\/"},{"@type":"ListItem","position":2,"name":"Informations travaux, rue du Jard et rue de Pajailles"}]},{"@type":"WebSite","@id":"https:\/\/etival.fr\/#website","url":"https:\/\/etival.fr\/","name":"Etival-Clairefontaine","description":"Informations et actualit\u00e9s de la commune","potentialAction":[{"@type":"SearchAction","target":{"@type":"EntryPoint","urlTemplate":"https:\/\/etival.fr\/?s={search_term_string}"},"query-input":{"@type":"PropertyValueSpecification","valueRequired":true,"valueName":"search_term_string"}}],"inLanguage":"fr-FR"},{"@type":"Person","@id":"https:\/\/etival.fr\/#\/schema\/person\/966767531f422984430588510b8d4c3f","name":"Catherine","image":{"@type":"ImageObject","inLanguage":"fr-FR","@id":"https:\/\/etival.fr\/#\/schema\/person\/image\/","url":"https:\/\/secure.gravatar.com\/avatar\/b99eff3bf59bd614e6c532df451dc649?s=96&d=mm&r=g","contentUrl":"https:\/\/secure.gravatar.com\/avatar\/b99eff3bf59bd614e6c532df451dc649?s=96&d=mm&r=g","caption":"Catherine"},"url":"https:\/\/etival.fr\/?author=2"}]}},"_links":{"self":[{"href":"https:\/\/etival.fr\/index.php?rest_route=\/wp\/v2\/posts\/12160","targetHints":{"allow":["GET"]}}],"collection":[{"href":"https:\/\/etival.fr\/index.php?rest_route=\/wp\/v2\/posts"}],"about":[{"href":"https:\/\/etival.fr\/index.php?rest_route=\/wp\/v2\/types\/post"}],"author":[{"embeddable":true,"href":"https:\/\/etival.fr\/index.php?rest_route=\/wp\/v2\/users\/2"}],"replies":[{"embeddable":true,"href":"https:\/\/etival.fr\/index.php?rest_route=%2Fwp%2Fv2%2Fcomments&post=12160"}],"version-history":[{"count":2,"href":"https:\/\/etival.fr\/index.php?rest_route=\/wp\/v2\/posts\/12160\/revisions"}],"predecessor-version":[{"id":12164,"href":"https:\/\/etival.fr\/index.php?rest_route=\/wp\/v2\/posts\/12160\/revisions\/12164"}],"wp:attachment":[{"href":"https:\/\/etival.fr\/index.php?rest_route=%2Fwp%2Fv2%2Fmedia&parent=12160"}],"wp:term":[{"taxonomy":"category","embeddable":true,"href":"https:\/\/etival.fr\/index.php?rest_route=%2Fwp%2Fv2%2Fcategories&post=12160"},{"taxonomy":"post_tag","embeddable":true,"href":"https:\/\/etival.fr\/index.php?rest_route=%2Fwp%2Fv2%2Ftags&post=12160"}],"curies":[{"name":"wp","href":"https:\/\/api.w.org\/{rel}","templated":true}]}}