{"id":12166,"date":"2024-08-27T08:58:57","date_gmt":"2024-08-27T07:58:57","guid":{"rendered":"https:\/\/etival.fr\/?p=12166"},"modified":"2024-08-27T08:59:13","modified_gmt":"2024-08-27T07:59:13","slug":"information-color-run","status":"publish","type":"post","link":"https:\/\/etival.fr\/?p=12166","title":{"rendered":"INFORMATION COLOR RUN"},"content":{"rendered":"\n<figure class=\"wp-block-image size-large\"><a href=\"https:\/\/etival.fr\/wp-content\/uploads\/2024\/08\/Banniere-pour-Helloasso-1920-\u00d7-250-px-scaled.jpg\"><img loading=\"lazy\" decoding=\"async\" width=\"1024\" height=\"133\" src=\"https:\/\/etival.fr\/wp-content\/uploads\/2024\/08\/Banniere-pour-Helloasso-1920-\u00d7-250-px-1024x133.jpg\" alt=\"\" class=\"wp-image-12168\" srcset=\"https:\/\/etival.fr\/wp-content\/uploads\/2024\/08\/Banniere-pour-Helloasso-1920-\u00d7-250-px-1024x133.jpg 1024w, https:\/\/etival.fr\/wp-content\/uploads\/2024\/08\/Banniere-pour-Helloasso-1920-\u00d7-250-px-300x39.jpg 300w, https:\/\/etival.fr\/wp-content\/uploads\/2024\/08\/Banniere-pour-Helloasso-1920-\u00d7-250-px-768x100.jpg 768w, https:\/\/etival.fr\/wp-content\/uploads\/2024\/08\/Banniere-pour-Helloasso-1920-\u00d7-250-px-1536x200.jpg 1536w, https:\/\/etival.fr\/wp-content\/uploads\/2024\/08\/Banniere-pour-Helloasso-1920-\u00d7-250-px-2048x267.jpg 2048w, https:\/\/etival.fr\/wp-content\/uploads\/2024\/08\/Banniere-pour-Helloasso-1920-\u00d7-250-px-624x81.jpg 624w\" sizes=\"auto, (max-width: 1024px) 100vw, 1024px\" \/><\/a><\/figure>\n\n\n\n<p>Afin d&rsquo;organiser au mieux l&rsquo;\u00e9v\u00e8nement et en tenant compte de la fermeture \u00e0 la circulation des rues du Jard et Pajailles, des parkings seront \u00e0 votre disposition :<\/p>\n\n\n\n<p>1 &#8211; Parking \u00c9tang du Petit Jard (Passage derri\u00e8re la Mairie).<\/p>\n\n\n\n<p>2 &#8211; <a><\/a>Parking de la Mairie (4 rue du Vivier).<\/p>\n\n\n\n<p>3 &#8211; Parking Place Abbatiale.<\/p>\n\n\n\n<p>4 &#8211; Parking derri\u00e8re la M\u00e9diath\u00e8que.<\/p>\n\n\n\n<p>5 &#8211; Parking du cimeti\u00e8re (Rue de l&rsquo;abbaye).<\/p>\n\n\n\n<p>6 &#8211; Parking devant la Salle des F\u00eates (Rue de l&rsquo;Abbaye).<\/p>\n\n\n\n<p>7 &#8211; Parking du Stade du bas (Rue de l&rsquo;Abbaye).<\/p>\n\n\n\n<p>Les stationnements seront interdits rues du Jard et Pajailles.<\/p>\n\n\n\n<figure class=\"wp-block-image size-large\"><a href=\"https:\/\/etival.fr\/wp-content\/uploads\/2024\/08\/PLAN-PARKING-scaled.jpg\"><img loading=\"lazy\" decoding=\"async\" width=\"1024\" height=\"724\" src=\"https:\/\/etival.fr\/wp-content\/uploads\/2024\/08\/PLAN-PARKING-1024x724.jpg\" alt=\"\" class=\"wp-image-12167\" srcset=\"https:\/\/etival.fr\/wp-content\/uploads\/2024\/08\/PLAN-PARKING-1024x724.jpg 1024w, https:\/\/etival.fr\/wp-content\/uploads\/2024\/08\/PLAN-PARKING-300x212.jpg 300w, https:\/\/etival.fr\/wp-content\/uploads\/2024\/08\/PLAN-PARKING-768x543.jpg 768w, https:\/\/etival.fr\/wp-content\/uploads\/2024\/08\/PLAN-PARKING-1536x1086.jpg 1536w, https:\/\/etival.fr\/wp-content\/uploads\/2024\/08\/PLAN-PARKING-2048x1448.jpg 2048w, https:\/\/etival.fr\/wp-content\/uploads\/2024\/08\/PLAN-PARKING-624x441.jpg 624w\" sizes=\"auto, (max-width: 1024px) 100vw, 1024px\" \/><\/a><\/figure>\n","protected":false},"excerpt":{"rendered":"<p>Afin d&rsquo;organiser au mieux l&rsquo;\u00e9v\u00e8nement et en tenant compte de la fermeture \u00e0 la circulation des rues du Jard et Pajailles, des parkings seront \u00e0 votre disposition : 1 &#8211; Parking \u00c9tang du Petit Jard (Passage derri\u00e8re la Mairie). 2 &#8211; Parking de la Mairie (4 rue du Vivier). 3 &#8211; Parking Place Abbatiale. 4 [&hellip;]<\/p>\n","protected":false},"author":2,"featured_media":0,"comment_status":"closed","ping_status":"open","sticky":false,"template":"","format":"standard","meta":{"footnotes":""},"categories":[6,1],"tags":[],"class_list":["post-12166","post","type-post","status-publish","format-standard","hentry","category-informations-municipales","category-non-classe"],"yoast_head":"<!-- This site is optimized with the Yoast SEO plugin v26.8 - https:\/\/yoast.com\/product\/yoast-seo-wordpress\/ -->\n<title>INFORMATION COLOR RUN - Etival-Clairefontaine<\/title>\n<meta name=\"robots\" content=\"index, follow, max-snippet:-1, max-image-preview:large, max-video-preview:-1\" \/>\n<link rel=\"canonical\" href=\"https:\/\/etival.fr\/?p=12166\" \/>\n<meta property=\"og:locale\" content=\"fr_FR\" \/>\n<meta property=\"og:type\" content=\"article\" \/>\n<meta property=\"og:title\" content=\"INFORMATION COLOR RUN - Etival-Clairefontaine\" \/>\n<meta property=\"og:description\" content=\"Afin d&rsquo;organiser au mieux l&rsquo;\u00e9v\u00e8nement et en tenant compte de la fermeture \u00e0 la circulation des rues du Jard et Pajailles, des parkings seront \u00e0 votre disposition : 1 &#8211; Parking \u00c9tang du Petit Jard (Passage derri\u00e8re la Mairie). 2 &#8211; Parking de la Mairie (4 rue du Vivier). 3 &#8211; Parking Place Abbatiale. 4 [&hellip;]\" \/>\n<meta property=\"og:url\" content=\"https:\/\/etival.fr\/?p=12166\" \/>\n<meta property=\"og:site_name\" content=\"Etival-Clairefontaine\" \/>\n<meta property=\"article:published_time\" content=\"2024-08-27T07:58:57+00:00\" \/>\n<meta property=\"article:modified_time\" content=\"2024-08-27T07:59:13+00:00\" \/>\n<meta property=\"og:image\" content=\"https:\/\/etival.fr\/wp-content\/uploads\/2024\/08\/PLAN-PARKING-1024x724.jpg\" \/>\n<meta name=\"author\" content=\"Catherine\" \/>\n<meta name=\"twitter:card\" content=\"summary_large_image\" \/>\n<meta name=\"twitter:label1\" content=\"\u00c9crit par\" \/>\n\t<meta name=\"twitter:data1\" content=\"Catherine\" \/>\n\t<meta name=\"twitter:label2\" content=\"Dur\u00e9e de lecture estim\u00e9e\" \/>\n\t<meta name=\"twitter:data2\" content=\"1 minute\" \/>\n<script type=\"application\/ld+json\" class=\"yoast-schema-graph\">{\"@context\":\"https:\/\/schema.org\",\"@graph\":[{\"@type\":\"Article\",\"@id\":\"https:\/\/etival.fr\/?p=12166#article\",\"isPartOf\":{\"@id\":\"https:\/\/etival.fr\/?p=12166\"},\"author\":{\"name\":\"Catherine\",\"@id\":\"https:\/\/etival.fr\/#\/schema\/person\/966767531f422984430588510b8d4c3f\"},\"headline\":\"INFORMATION COLOR RUN\",\"datePublished\":\"2024-08-27T07:58:57+00:00\",\"dateModified\":\"2024-08-27T07:59:13+00:00\",\"mainEntityOfPage\":{\"@id\":\"https:\/\/etival.fr\/?p=12166\"},\"wordCount\":102,\"image\":{\"@id\":\"https:\/\/etival.fr\/?p=12166#primaryimage\"},\"thumbnailUrl\":\"https:\/\/etival.fr\/wp-content\/uploads\/2024\/08\/PLAN-PARKING-1024x724.jpg\",\"articleSection\":[\"Informations Municipales\"],\"inLanguage\":\"fr-FR\"},{\"@type\":\"WebPage\",\"@id\":\"https:\/\/etival.fr\/?p=12166\",\"url\":\"https:\/\/etival.fr\/?p=12166\",\"name\":\"INFORMATION COLOR RUN - Etival-Clairefontaine\",\"isPartOf\":{\"@id\":\"https:\/\/etival.fr\/#website\"},\"primaryImageOfPage\":{\"@id\":\"https:\/\/etival.fr\/?p=12166#primaryimage\"},\"image\":{\"@id\":\"https:\/\/etival.fr\/?p=12166#primaryimage\"},\"thumbnailUrl\":\"https:\/\/etival.fr\/wp-content\/uploads\/2024\/08\/PLAN-PARKING-1024x724.jpg\",\"datePublished\":\"2024-08-27T07:58:57+00:00\",\"dateModified\":\"2024-08-27T07:59:13+00:00\",\"author\":{\"@id\":\"https:\/\/etival.fr\/#\/schema\/person\/966767531f422984430588510b8d4c3f\"},\"breadcrumb\":{\"@id\":\"https:\/\/etival.fr\/?p=12166#breadcrumb\"},\"inLanguage\":\"fr-FR\",\"potentialAction\":[{\"@type\":\"ReadAction\",\"target\":[\"https:\/\/etival.fr\/?p=12166\"]}]},{\"@type\":\"ImageObject\",\"inLanguage\":\"fr-FR\",\"@id\":\"https:\/\/etival.fr\/?p=12166#primaryimage\",\"url\":\"https:\/\/etival.fr\/wp-content\/uploads\/2024\/08\/PLAN-PARKING-scaled.jpg\",\"contentUrl\":\"https:\/\/etival.fr\/wp-content\/uploads\/2024\/08\/PLAN-PARKING-scaled.jpg\",\"width\":2560,\"height\":1810},{\"@type\":\"BreadcrumbList\",\"@id\":\"https:\/\/etival.fr\/?p=12166#breadcrumb\",\"itemListElement\":[{\"@type\":\"ListItem\",\"position\":1,\"name\":\"Accueil\",\"item\":\"https:\/\/etival.fr\/\"},{\"@type\":\"ListItem\",\"position\":2,\"name\":\"INFORMATION COLOR RUN\"}]},{\"@type\":\"WebSite\",\"@id\":\"https:\/\/etival.fr\/#website\",\"url\":\"https:\/\/etival.fr\/\",\"name\":\"Etival-Clairefontaine\",\"description\":\"Informations et actualit\u00e9s de la commune\",\"potentialAction\":[{\"@type\":\"SearchAction\",\"target\":{\"@type\":\"EntryPoint\",\"urlTemplate\":\"https:\/\/etival.fr\/?s={search_term_string}\"},\"query-input\":{\"@type\":\"PropertyValueSpecification\",\"valueRequired\":true,\"valueName\":\"search_term_string\"}}],\"inLanguage\":\"fr-FR\"},{\"@type\":\"Person\",\"@id\":\"https:\/\/etival.fr\/#\/schema\/person\/966767531f422984430588510b8d4c3f\",\"name\":\"Catherine\",\"image\":{\"@type\":\"ImageObject\",\"inLanguage\":\"fr-FR\",\"@id\":\"https:\/\/etival.fr\/#\/schema\/person\/image\/\",\"url\":\"https:\/\/secure.gravatar.com\/avatar\/b99eff3bf59bd614e6c532df451dc649?s=96&d=mm&r=g\",\"contentUrl\":\"https:\/\/secure.gravatar.com\/avatar\/b99eff3bf59bd614e6c532df451dc649?s=96&d=mm&r=g\",\"caption\":\"Catherine\"},\"url\":\"https:\/\/etival.fr\/?author=2\"}]}<\/script>\n<!-- \/ Yoast SEO plugin. -->","yoast_head_json":{"title":"INFORMATION COLOR RUN - Etival-Clairefontaine","robots":{"index":"index","follow":"follow","max-snippet":"max-snippet:-1","max-image-preview":"max-image-preview:large","max-video-preview":"max-video-preview:-1"},"canonical":"https:\/\/etival.fr\/?p=12166","og_locale":"fr_FR","og_type":"article","og_title":"INFORMATION COLOR RUN - Etival-Clairefontaine","og_description":"Afin d&rsquo;organiser au mieux l&rsquo;\u00e9v\u00e8nement et en tenant compte de la fermeture \u00e0 la circulation des rues du Jard et Pajailles, des parkings seront \u00e0 votre disposition : 1 &#8211; Parking \u00c9tang du Petit Jard (Passage derri\u00e8re la Mairie). 2 &#8211; Parking de la Mairie (4 rue du Vivier). 3 &#8211; Parking Place Abbatiale. 4 [&hellip;]","og_url":"https:\/\/etival.fr\/?p=12166","og_site_name":"Etival-Clairefontaine","article_published_time":"2024-08-27T07:58:57+00:00","article_modified_time":"2024-08-27T07:59:13+00:00","og_image":[{"url":"https:\/\/etival.fr\/wp-content\/uploads\/2024\/08\/PLAN-PARKING-1024x724.jpg","type":"","width":"","height":""}],"author":"Catherine","twitter_card":"summary_large_image","twitter_misc":{"\u00c9crit par":"Catherine","Dur\u00e9e de lecture estim\u00e9e":"1 minute"},"schema":{"@context":"https:\/\/schema.org","@graph":[{"@type":"Article","@id":"https:\/\/etival.fr\/?p=12166#article","isPartOf":{"@id":"https:\/\/etival.fr\/?p=12166"},"author":{"name":"Catherine","@id":"https:\/\/etival.fr\/#\/schema\/person\/966767531f422984430588510b8d4c3f"},"headline":"INFORMATION COLOR RUN","datePublished":"2024-08-27T07:58:57+00:00","dateModified":"2024-08-27T07:59:13+00:00","mainEntityOfPage":{"@id":"https:\/\/etival.fr\/?p=12166"},"wordCount":102,"image":{"@id":"https:\/\/etival.fr\/?p=12166#primaryimage"},"thumbnailUrl":"https:\/\/etival.fr\/wp-content\/uploads\/2024\/08\/PLAN-PARKING-1024x724.jpg","articleSection":["Informations Municipales"],"inLanguage":"fr-FR"},{"@type":"WebPage","@id":"https:\/\/etival.fr\/?p=12166","url":"https:\/\/etival.fr\/?p=12166","name":"INFORMATION COLOR RUN - Etival-Clairefontaine","isPartOf":{"@id":"https:\/\/etival.fr\/#website"},"primaryImageOfPage":{"@id":"https:\/\/etival.fr\/?p=12166#primaryimage"},"image":{"@id":"https:\/\/etival.fr\/?p=12166#primaryimage"},"thumbnailUrl":"https:\/\/etival.fr\/wp-content\/uploads\/2024\/08\/PLAN-PARKING-1024x724.jpg","datePublished":"2024-08-27T07:58:57+00:00","dateModified":"2024-08-27T07:59:13+00:00","author":{"@id":"https:\/\/etival.fr\/#\/schema\/person\/966767531f422984430588510b8d4c3f"},"breadcrumb":{"@id":"https:\/\/etival.fr\/?p=12166#breadcrumb"},"inLanguage":"fr-FR","potentialAction":[{"@type":"ReadAction","target":["https:\/\/etival.fr\/?p=12166"]}]},{"@type":"ImageObject","inLanguage":"fr-FR","@id":"https:\/\/etival.fr\/?p=12166#primaryimage","url":"https:\/\/etival.fr\/wp-content\/uploads\/2024\/08\/PLAN-PARKING-scaled.jpg","contentUrl":"https:\/\/etival.fr\/wp-content\/uploads\/2024\/08\/PLAN-PARKING-scaled.jpg","width":2560,"height":1810},{"@type":"BreadcrumbList","@id":"https:\/\/etival.fr\/?p=12166#breadcrumb","itemListElement":[{"@type":"ListItem","position":1,"name":"Accueil","item":"https:\/\/etival.fr\/"},{"@type":"ListItem","position":2,"name":"INFORMATION COLOR RUN"}]},{"@type":"WebSite","@id":"https:\/\/etival.fr\/#website","url":"https:\/\/etival.fr\/","name":"Etival-Clairefontaine","description":"Informations et actualit\u00e9s de la commune","potentialAction":[{"@type":"SearchAction","target":{"@type":"EntryPoint","urlTemplate":"https:\/\/etival.fr\/?s={search_term_string}"},"query-input":{"@type":"PropertyValueSpecification","valueRequired":true,"valueName":"search_term_string"}}],"inLanguage":"fr-FR"},{"@type":"Person","@id":"https:\/\/etival.fr\/#\/schema\/person\/966767531f422984430588510b8d4c3f","name":"Catherine","image":{"@type":"ImageObject","inLanguage":"fr-FR","@id":"https:\/\/etival.fr\/#\/schema\/person\/image\/","url":"https:\/\/secure.gravatar.com\/avatar\/b99eff3bf59bd614e6c532df451dc649?s=96&d=mm&r=g","contentUrl":"https:\/\/secure.gravatar.com\/avatar\/b99eff3bf59bd614e6c532df451dc649?s=96&d=mm&r=g","caption":"Catherine"},"url":"https:\/\/etival.fr\/?author=2"}]}},"_links":{"self":[{"href":"https:\/\/etival.fr\/index.php?rest_route=\/wp\/v2\/posts\/12166","targetHints":{"allow":["GET"]}}],"collection":[{"href":"https:\/\/etival.fr\/index.php?rest_route=\/wp\/v2\/posts"}],"about":[{"href":"https:\/\/etival.fr\/index.php?rest_route=\/wp\/v2\/types\/post"}],"author":[{"embeddable":true,"href":"https:\/\/etival.fr\/index.php?rest_route=\/wp\/v2\/users\/2"}],"replies":[{"embeddable":true,"href":"https:\/\/etival.fr\/index.php?rest_route=%2Fwp%2Fv2%2Fcomments&post=12166"}],"version-history":[{"count":1,"href":"https:\/\/etival.fr\/index.php?rest_route=\/wp\/v2\/posts\/12166\/revisions"}],"predecessor-version":[{"id":12169,"href":"https:\/\/etival.fr\/index.php?rest_route=\/wp\/v2\/posts\/12166\/revisions\/12169"}],"wp:attachment":[{"href":"https:\/\/etival.fr\/index.php?rest_route=%2Fwp%2Fv2%2Fmedia&parent=12166"}],"wp:term":[{"taxonomy":"category","embeddable":true,"href":"https:\/\/etival.fr\/index.php?rest_route=%2Fwp%2Fv2%2Fcategories&post=12166"},{"taxonomy":"post_tag","embeddable":true,"href":"https:\/\/etival.fr\/index.php?rest_route=%2Fwp%2Fv2%2Ftags&post=12166"}],"curies":[{"name":"wp","href":"https:\/\/api.w.org\/{rel}","templated":true}]}}