{"id":12395,"date":"2024-12-19T10:17:26","date_gmt":"2024-12-19T09:17:26","guid":{"rendered":"https:\/\/etival.fr\/?p=12395"},"modified":"2024-12-19T10:17:59","modified_gmt":"2024-12-19T09:17:59","slug":"fermeture-de-la-dechetterie","status":"publish","type":"post","link":"https:\/\/etival.fr\/?p=12395","title":{"rendered":"Fermeture de la d\u00e9chetterie"},"content":{"rendered":"\n<figure class=\"wp-block-image size-large is-resized\"><a href=\"https:\/\/etival.fr\/wp-content\/uploads\/2024\/12\/dech-1-scaled.jpeg\"><img loading=\"lazy\" decoding=\"async\" width=\"1024\" height=\"683\" src=\"https:\/\/etival.fr\/wp-content\/uploads\/2024\/12\/dech-1-1024x683.jpeg\" alt=\"\" class=\"wp-image-12397\" style=\"width:89px;height:auto\" srcset=\"https:\/\/etival.fr\/wp-content\/uploads\/2024\/12\/dech-1-1024x683.jpeg 1024w, https:\/\/etival.fr\/wp-content\/uploads\/2024\/12\/dech-1-300x200.jpeg 300w, https:\/\/etival.fr\/wp-content\/uploads\/2024\/12\/dech-1-768x512.jpeg 768w, https:\/\/etival.fr\/wp-content\/uploads\/2024\/12\/dech-1-1536x1024.jpeg 1536w, https:\/\/etival.fr\/wp-content\/uploads\/2024\/12\/dech-1-2048x1365.jpeg 2048w, https:\/\/etival.fr\/wp-content\/uploads\/2024\/12\/dech-1-624x416.jpeg 624w\" sizes=\"auto, (max-width: 1024px) 100vw, 1024px\" \/><\/a><\/figure>\n\n\n\n<p>La d\u00e9chetterie d&rsquo;\u00c9tival-Clairefontaine sera ferm\u00e9e le :<\/p>\n\n\n\n<p class=\"has-text-color has-link-color has-medium-font-size wp-elements-82bcc9eb98cb265ee711b1af25f90002\" style=\"color:#d70c27\"><strong>mardi 31 d\u00e9cembre 2024 toute la journ\u00e9e,<\/strong><\/p>\n\n\n\n<p class=\"has-text-color has-link-color has-medium-font-size wp-elements-2f328ff23b0a21c1514aef6b015840b7\" style=\"color:#d70c27\"><strong>r\u00e9ouverture le jeudi 2 janvier 2025 <\/strong><br><strong>uniquement l&rsquo;apr\u00e8s-midi de 13h \u00e0 17h.<\/strong><\/p>\n","protected":false},"excerpt":{"rendered":"<p>La d\u00e9chetterie d&rsquo;\u00c9tival-Clairefontaine sera ferm\u00e9e le : mardi 31 d\u00e9cembre 2024 toute la journ\u00e9e, r\u00e9ouverture le jeudi 2 janvier 2025 uniquement l&rsquo;apr\u00e8s-midi de 13h \u00e0 17h.<\/p>\n","protected":false},"author":2,"featured_media":0,"comment_status":"closed","ping_status":"open","sticky":false,"template":"","format":"standard","meta":{"footnotes":""},"categories":[9,6],"tags":[],"class_list":["post-12395","post","type-post","status-publish","format-standard","hentry","category-communaute-dagglomeration-de-saint-die-des-vosges","category-informations-municipales"],"yoast_head":"<!-- This site is optimized with the Yoast SEO plugin v26.8 - https:\/\/yoast.com\/product\/yoast-seo-wordpress\/ -->\n<title>Fermeture de la d\u00e9chetterie - Etival-Clairefontaine<\/title>\n<meta name=\"robots\" content=\"index, follow, max-snippet:-1, max-image-preview:large, max-video-preview:-1\" \/>\n<link rel=\"canonical\" href=\"https:\/\/etival.fr\/?p=12395\" \/>\n<meta property=\"og:locale\" content=\"fr_FR\" \/>\n<meta property=\"og:type\" content=\"article\" \/>\n<meta property=\"og:title\" content=\"Fermeture de la d\u00e9chetterie - Etival-Clairefontaine\" \/>\n<meta property=\"og:description\" content=\"La d\u00e9chetterie d&rsquo;\u00c9tival-Clairefontaine sera ferm\u00e9e le : mardi 31 d\u00e9cembre 2024 toute la journ\u00e9e, r\u00e9ouverture le jeudi 2 janvier 2025 uniquement l&rsquo;apr\u00e8s-midi de 13h \u00e0 17h.\" \/>\n<meta property=\"og:url\" content=\"https:\/\/etival.fr\/?p=12395\" \/>\n<meta property=\"og:site_name\" content=\"Etival-Clairefontaine\" \/>\n<meta property=\"article:published_time\" content=\"2024-12-19T09:17:26+00:00\" \/>\n<meta property=\"article:modified_time\" content=\"2024-12-19T09:17:59+00:00\" \/>\n<meta property=\"og:image\" content=\"https:\/\/etival.fr\/wp-content\/uploads\/2024\/12\/dech-1-1024x683.jpeg\" \/>\n<meta name=\"author\" content=\"Catherine\" \/>\n<meta name=\"twitter:card\" content=\"summary_large_image\" \/>\n<meta name=\"twitter:label1\" content=\"\u00c9crit par\" \/>\n\t<meta name=\"twitter:data1\" content=\"Catherine\" \/>\n\t<meta name=\"twitter:label2\" content=\"Dur\u00e9e de lecture estim\u00e9e\" \/>\n\t<meta name=\"twitter:data2\" content=\"1 minute\" \/>\n<script type=\"application\/ld+json\" class=\"yoast-schema-graph\">{\"@context\":\"https:\/\/schema.org\",\"@graph\":[{\"@type\":\"Article\",\"@id\":\"https:\/\/etival.fr\/?p=12395#article\",\"isPartOf\":{\"@id\":\"https:\/\/etival.fr\/?p=12395\"},\"author\":{\"name\":\"Catherine\",\"@id\":\"https:\/\/etival.fr\/#\/schema\/person\/966767531f422984430588510b8d4c3f\"},\"headline\":\"Fermeture de la d\u00e9chetterie\",\"datePublished\":\"2024-12-19T09:17:26+00:00\",\"dateModified\":\"2024-12-19T09:17:59+00:00\",\"mainEntityOfPage\":{\"@id\":\"https:\/\/etival.fr\/?p=12395\"},\"wordCount\":33,\"image\":{\"@id\":\"https:\/\/etival.fr\/?p=12395#primaryimage\"},\"thumbnailUrl\":\"https:\/\/etival.fr\/wp-content\/uploads\/2024\/12\/dech-1-1024x683.jpeg\",\"articleSection\":[\"Communaut\u00e9 d'Agglom\u00e9ration de Saint-Di\u00e9-Des-Vosges\",\"Informations Municipales\"],\"inLanguage\":\"fr-FR\"},{\"@type\":\"WebPage\",\"@id\":\"https:\/\/etival.fr\/?p=12395\",\"url\":\"https:\/\/etival.fr\/?p=12395\",\"name\":\"Fermeture de la d\u00e9chetterie - Etival-Clairefontaine\",\"isPartOf\":{\"@id\":\"https:\/\/etival.fr\/#website\"},\"primaryImageOfPage\":{\"@id\":\"https:\/\/etival.fr\/?p=12395#primaryimage\"},\"image\":{\"@id\":\"https:\/\/etival.fr\/?p=12395#primaryimage\"},\"thumbnailUrl\":\"https:\/\/etival.fr\/wp-content\/uploads\/2024\/12\/dech-1-1024x683.jpeg\",\"datePublished\":\"2024-12-19T09:17:26+00:00\",\"dateModified\":\"2024-12-19T09:17:59+00:00\",\"author\":{\"@id\":\"https:\/\/etival.fr\/#\/schema\/person\/966767531f422984430588510b8d4c3f\"},\"breadcrumb\":{\"@id\":\"https:\/\/etival.fr\/?p=12395#breadcrumb\"},\"inLanguage\":\"fr-FR\",\"potentialAction\":[{\"@type\":\"ReadAction\",\"target\":[\"https:\/\/etival.fr\/?p=12395\"]}]},{\"@type\":\"ImageObject\",\"inLanguage\":\"fr-FR\",\"@id\":\"https:\/\/etival.fr\/?p=12395#primaryimage\",\"url\":\"https:\/\/etival.fr\/wp-content\/uploads\/2024\/12\/dech-1-scaled.jpeg\",\"contentUrl\":\"https:\/\/etival.fr\/wp-content\/uploads\/2024\/12\/dech-1-scaled.jpeg\",\"width\":2560,\"height\":1707},{\"@type\":\"BreadcrumbList\",\"@id\":\"https:\/\/etival.fr\/?p=12395#breadcrumb\",\"itemListElement\":[{\"@type\":\"ListItem\",\"position\":1,\"name\":\"Accueil\",\"item\":\"https:\/\/etival.fr\/\"},{\"@type\":\"ListItem\",\"position\":2,\"name\":\"Fermeture de la d\u00e9chetterie\"}]},{\"@type\":\"WebSite\",\"@id\":\"https:\/\/etival.fr\/#website\",\"url\":\"https:\/\/etival.fr\/\",\"name\":\"Etival-Clairefontaine\",\"description\":\"Informations et actualit\u00e9s de la commune\",\"potentialAction\":[{\"@type\":\"SearchAction\",\"target\":{\"@type\":\"EntryPoint\",\"urlTemplate\":\"https:\/\/etival.fr\/?s={search_term_string}\"},\"query-input\":{\"@type\":\"PropertyValueSpecification\",\"valueRequired\":true,\"valueName\":\"search_term_string\"}}],\"inLanguage\":\"fr-FR\"},{\"@type\":\"Person\",\"@id\":\"https:\/\/etival.fr\/#\/schema\/person\/966767531f422984430588510b8d4c3f\",\"name\":\"Catherine\",\"image\":{\"@type\":\"ImageObject\",\"inLanguage\":\"fr-FR\",\"@id\":\"https:\/\/etival.fr\/#\/schema\/person\/image\/\",\"url\":\"https:\/\/secure.gravatar.com\/avatar\/b99eff3bf59bd614e6c532df451dc649?s=96&d=mm&r=g\",\"contentUrl\":\"https:\/\/secure.gravatar.com\/avatar\/b99eff3bf59bd614e6c532df451dc649?s=96&d=mm&r=g\",\"caption\":\"Catherine\"},\"url\":\"https:\/\/etival.fr\/?author=2\"}]}<\/script>\n<!-- \/ Yoast SEO plugin. -->","yoast_head_json":{"title":"Fermeture de la d\u00e9chetterie - Etival-Clairefontaine","robots":{"index":"index","follow":"follow","max-snippet":"max-snippet:-1","max-image-preview":"max-image-preview:large","max-video-preview":"max-video-preview:-1"},"canonical":"https:\/\/etival.fr\/?p=12395","og_locale":"fr_FR","og_type":"article","og_title":"Fermeture de la d\u00e9chetterie - Etival-Clairefontaine","og_description":"La d\u00e9chetterie d&rsquo;\u00c9tival-Clairefontaine sera ferm\u00e9e le : mardi 31 d\u00e9cembre 2024 toute la journ\u00e9e, r\u00e9ouverture le jeudi 2 janvier 2025 uniquement l&rsquo;apr\u00e8s-midi de 13h \u00e0 17h.","og_url":"https:\/\/etival.fr\/?p=12395","og_site_name":"Etival-Clairefontaine","article_published_time":"2024-12-19T09:17:26+00:00","article_modified_time":"2024-12-19T09:17:59+00:00","og_image":[{"url":"https:\/\/etival.fr\/wp-content\/uploads\/2024\/12\/dech-1-1024x683.jpeg","type":"","width":"","height":""}],"author":"Catherine","twitter_card":"summary_large_image","twitter_misc":{"\u00c9crit par":"Catherine","Dur\u00e9e de lecture estim\u00e9e":"1 minute"},"schema":{"@context":"https:\/\/schema.org","@graph":[{"@type":"Article","@id":"https:\/\/etival.fr\/?p=12395#article","isPartOf":{"@id":"https:\/\/etival.fr\/?p=12395"},"author":{"name":"Catherine","@id":"https:\/\/etival.fr\/#\/schema\/person\/966767531f422984430588510b8d4c3f"},"headline":"Fermeture de la d\u00e9chetterie","datePublished":"2024-12-19T09:17:26+00:00","dateModified":"2024-12-19T09:17:59+00:00","mainEntityOfPage":{"@id":"https:\/\/etival.fr\/?p=12395"},"wordCount":33,"image":{"@id":"https:\/\/etival.fr\/?p=12395#primaryimage"},"thumbnailUrl":"https:\/\/etival.fr\/wp-content\/uploads\/2024\/12\/dech-1-1024x683.jpeg","articleSection":["Communaut\u00e9 d'Agglom\u00e9ration de Saint-Di\u00e9-Des-Vosges","Informations Municipales"],"inLanguage":"fr-FR"},{"@type":"WebPage","@id":"https:\/\/etival.fr\/?p=12395","url":"https:\/\/etival.fr\/?p=12395","name":"Fermeture de la d\u00e9chetterie - Etival-Clairefontaine","isPartOf":{"@id":"https:\/\/etival.fr\/#website"},"primaryImageOfPage":{"@id":"https:\/\/etival.fr\/?p=12395#primaryimage"},"image":{"@id":"https:\/\/etival.fr\/?p=12395#primaryimage"},"thumbnailUrl":"https:\/\/etival.fr\/wp-content\/uploads\/2024\/12\/dech-1-1024x683.jpeg","datePublished":"2024-12-19T09:17:26+00:00","dateModified":"2024-12-19T09:17:59+00:00","author":{"@id":"https:\/\/etival.fr\/#\/schema\/person\/966767531f422984430588510b8d4c3f"},"breadcrumb":{"@id":"https:\/\/etival.fr\/?p=12395#breadcrumb"},"inLanguage":"fr-FR","potentialAction":[{"@type":"ReadAction","target":["https:\/\/etival.fr\/?p=12395"]}]},{"@type":"ImageObject","inLanguage":"fr-FR","@id":"https:\/\/etival.fr\/?p=12395#primaryimage","url":"https:\/\/etival.fr\/wp-content\/uploads\/2024\/12\/dech-1-scaled.jpeg","contentUrl":"https:\/\/etival.fr\/wp-content\/uploads\/2024\/12\/dech-1-scaled.jpeg","width":2560,"height":1707},{"@type":"BreadcrumbList","@id":"https:\/\/etival.fr\/?p=12395#breadcrumb","itemListElement":[{"@type":"ListItem","position":1,"name":"Accueil","item":"https:\/\/etival.fr\/"},{"@type":"ListItem","position":2,"name":"Fermeture de la d\u00e9chetterie"}]},{"@type":"WebSite","@id":"https:\/\/etival.fr\/#website","url":"https:\/\/etival.fr\/","name":"Etival-Clairefontaine","description":"Informations et actualit\u00e9s de la commune","potentialAction":[{"@type":"SearchAction","target":{"@type":"EntryPoint","urlTemplate":"https:\/\/etival.fr\/?s={search_term_string}"},"query-input":{"@type":"PropertyValueSpecification","valueRequired":true,"valueName":"search_term_string"}}],"inLanguage":"fr-FR"},{"@type":"Person","@id":"https:\/\/etival.fr\/#\/schema\/person\/966767531f422984430588510b8d4c3f","name":"Catherine","image":{"@type":"ImageObject","inLanguage":"fr-FR","@id":"https:\/\/etival.fr\/#\/schema\/person\/image\/","url":"https:\/\/secure.gravatar.com\/avatar\/b99eff3bf59bd614e6c532df451dc649?s=96&d=mm&r=g","contentUrl":"https:\/\/secure.gravatar.com\/avatar\/b99eff3bf59bd614e6c532df451dc649?s=96&d=mm&r=g","caption":"Catherine"},"url":"https:\/\/etival.fr\/?author=2"}]}},"_links":{"self":[{"href":"https:\/\/etival.fr\/index.php?rest_route=\/wp\/v2\/posts\/12395","targetHints":{"allow":["GET"]}}],"collection":[{"href":"https:\/\/etival.fr\/index.php?rest_route=\/wp\/v2\/posts"}],"about":[{"href":"https:\/\/etival.fr\/index.php?rest_route=\/wp\/v2\/types\/post"}],"author":[{"embeddable":true,"href":"https:\/\/etival.fr\/index.php?rest_route=\/wp\/v2\/users\/2"}],"replies":[{"embeddable":true,"href":"https:\/\/etival.fr\/index.php?rest_route=%2Fwp%2Fv2%2Fcomments&post=12395"}],"version-history":[{"count":1,"href":"https:\/\/etival.fr\/index.php?rest_route=\/wp\/v2\/posts\/12395\/revisions"}],"predecessor-version":[{"id":12398,"href":"https:\/\/etival.fr\/index.php?rest_route=\/wp\/v2\/posts\/12395\/revisions\/12398"}],"wp:attachment":[{"href":"https:\/\/etival.fr\/index.php?rest_route=%2Fwp%2Fv2%2Fmedia&parent=12395"}],"wp:term":[{"taxonomy":"category","embeddable":true,"href":"https:\/\/etival.fr\/index.php?rest_route=%2Fwp%2Fv2%2Fcategories&post=12395"},{"taxonomy":"post_tag","embeddable":true,"href":"https:\/\/etival.fr\/index.php?rest_route=%2Fwp%2Fv2%2Ftags&post=12395"}],"curies":[{"name":"wp","href":"https:\/\/api.w.org\/{rel}","templated":true}]}}