{"id":12407,"date":"2024-12-20T08:18:45","date_gmt":"2024-12-20T07:18:45","guid":{"rendered":"https:\/\/etival.fr\/?p=12407"},"modified":"2024-12-20T08:18:46","modified_gmt":"2024-12-20T07:18:46","slug":"ouverture-du-guichet-renouvellement-forestier-france-nation-verte","status":"publish","type":"post","link":"https:\/\/etival.fr\/?p=12407","title":{"rendered":"Ouverture du guichet \u00ab\u00a0renouvellement forestier\u00a0\u00bb France Nation Verte"},"content":{"rendered":"\n<figure class=\"wp-block-image size-full is-resized\"><a href=\"https:\/\/etival.fr\/wp-content\/uploads\/2024\/12\/francenationverte-0148a.jpg\"><img loading=\"lazy\" decoding=\"async\" width=\"619\" height=\"306\" src=\"https:\/\/etival.fr\/wp-content\/uploads\/2024\/12\/francenationverte-0148a.jpg\" alt=\"\" class=\"wp-image-12408\" style=\"width:458px;height:auto\" srcset=\"https:\/\/etival.fr\/wp-content\/uploads\/2024\/12\/francenationverte-0148a.jpg 619w, https:\/\/etival.fr\/wp-content\/uploads\/2024\/12\/francenationverte-0148a-300x148.jpg 300w\" sizes=\"auto, (max-width: 619px) 100vw, 619px\" \/><\/a><\/figure>\n\n\n\n<p>Pour soutenir les propri\u00e9taires forestiers dans la reconstitution et l\u2019adaptation de leurs for\u00eats face aux impacts du changement climatique ou des sinistres.<\/p>\n\n\n\n<p>Le dispositif s\u2019adresse aux propri\u00e9taires forestiers, qu\u2019ils soient publics ou priv\u00e9s, et concerne les peuplements forestiers sinistr\u00e9s, vuln\u00e9rables ou pr\u00e9sentant un faible potentiel \u00e9conomique.<\/p>\n\n\n\n<p>Il s\u2019inscrit dans le cadre du programme\u00a0<strong>France Nation Verte<\/strong>, en continuit\u00e9 avec les initiatives\u00a0<strong>France Relance<\/strong>\u00a0et\u00a0<strong>France 2030<\/strong>.<\/p>\n\n\n\n<p>Pour plus d&rsquo;informations, consultez la page d\u00e9di\u00e9e :<br><a href=\"https:\/\/draaf.grand-est.agriculture.gouv.fr\/ouverture-du-guichet-renouvellement-forestier-france-nation-verte-a4515.html\">https:\/\/draaf.grand-est.agriculture.gouv.fr\/ouverture-du-guichet-renouvellement-forestier-france-nation-verte-a4515.html<\/a><\/p>\n","protected":false},"excerpt":{"rendered":"<p>Pour soutenir les propri\u00e9taires forestiers dans la reconstitution et l\u2019adaptation de leurs for\u00eats face aux impacts du changement climatique ou des sinistres. Le dispositif s\u2019adresse aux propri\u00e9taires forestiers, qu\u2019ils soient publics ou priv\u00e9s, et concerne les peuplements forestiers sinistr\u00e9s, vuln\u00e9rables ou pr\u00e9sentant un faible potentiel \u00e9conomique. Il s\u2019inscrit dans le cadre du programme\u00a0France Nation Verte, [&hellip;]<\/p>\n","protected":false},"author":2,"featured_media":0,"comment_status":"closed","ping_status":"open","sticky":false,"template":"","format":"standard","meta":{"footnotes":""},"categories":[6],"tags":[],"class_list":["post-12407","post","type-post","status-publish","format-standard","hentry","category-informations-municipales"],"yoast_head":"<!-- This site is optimized with the Yoast SEO plugin v26.8 - https:\/\/yoast.com\/product\/yoast-seo-wordpress\/ -->\n<title>Ouverture du guichet &quot;renouvellement forestier&quot; France Nation Verte - Etival-Clairefontaine<\/title>\n<meta name=\"robots\" content=\"index, follow, max-snippet:-1, max-image-preview:large, max-video-preview:-1\" \/>\n<link rel=\"canonical\" href=\"https:\/\/etival.fr\/?p=12407\" \/>\n<meta property=\"og:locale\" content=\"fr_FR\" \/>\n<meta property=\"og:type\" content=\"article\" \/>\n<meta property=\"og:title\" content=\"Ouverture du guichet &quot;renouvellement forestier&quot; France Nation Verte - Etival-Clairefontaine\" \/>\n<meta property=\"og:description\" content=\"Pour soutenir les propri\u00e9taires forestiers dans la reconstitution et l\u2019adaptation de leurs for\u00eats face aux impacts du changement climatique ou des sinistres. Le dispositif s\u2019adresse aux propri\u00e9taires forestiers, qu\u2019ils soient publics ou priv\u00e9s, et concerne les peuplements forestiers sinistr\u00e9s, vuln\u00e9rables ou pr\u00e9sentant un faible potentiel \u00e9conomique. Il s\u2019inscrit dans le cadre du programme\u00a0France Nation Verte, [&hellip;]\" \/>\n<meta property=\"og:url\" content=\"https:\/\/etival.fr\/?p=12407\" \/>\n<meta property=\"og:site_name\" content=\"Etival-Clairefontaine\" \/>\n<meta property=\"article:published_time\" content=\"2024-12-20T07:18:45+00:00\" \/>\n<meta property=\"article:modified_time\" content=\"2024-12-20T07:18:46+00:00\" \/>\n<meta property=\"og:image\" content=\"https:\/\/etival.fr\/wp-content\/uploads\/2024\/12\/francenationverte-0148a.jpg\" \/>\n<meta name=\"author\" content=\"Catherine\" \/>\n<meta name=\"twitter:card\" content=\"summary_large_image\" \/>\n<meta name=\"twitter:label1\" content=\"\u00c9crit par\" \/>\n\t<meta name=\"twitter:data1\" content=\"Catherine\" \/>\n\t<meta name=\"twitter:label2\" content=\"Dur\u00e9e de lecture estim\u00e9e\" \/>\n\t<meta name=\"twitter:data2\" content=\"1 minute\" \/>\n<script type=\"application\/ld+json\" class=\"yoast-schema-graph\">{\"@context\":\"https:\/\/schema.org\",\"@graph\":[{\"@type\":\"Article\",\"@id\":\"https:\/\/etival.fr\/?p=12407#article\",\"isPartOf\":{\"@id\":\"https:\/\/etival.fr\/?p=12407\"},\"author\":{\"name\":\"Catherine\",\"@id\":\"https:\/\/etival.fr\/#\/schema\/person\/966767531f422984430588510b8d4c3f\"},\"headline\":\"Ouverture du guichet \u00ab\u00a0renouvellement forestier\u00a0\u00bb France Nation Verte\",\"datePublished\":\"2024-12-20T07:18:45+00:00\",\"dateModified\":\"2024-12-20T07:18:46+00:00\",\"mainEntityOfPage\":{\"@id\":\"https:\/\/etival.fr\/?p=12407\"},\"wordCount\":102,\"image\":{\"@id\":\"https:\/\/etival.fr\/?p=12407#primaryimage\"},\"thumbnailUrl\":\"https:\/\/etival.fr\/wp-content\/uploads\/2024\/12\/francenationverte-0148a.jpg\",\"articleSection\":[\"Informations Municipales\"],\"inLanguage\":\"fr-FR\"},{\"@type\":\"WebPage\",\"@id\":\"https:\/\/etival.fr\/?p=12407\",\"url\":\"https:\/\/etival.fr\/?p=12407\",\"name\":\"Ouverture du guichet \\\"renouvellement forestier\\\" France Nation Verte - Etival-Clairefontaine\",\"isPartOf\":{\"@id\":\"https:\/\/etival.fr\/#website\"},\"primaryImageOfPage\":{\"@id\":\"https:\/\/etival.fr\/?p=12407#primaryimage\"},\"image\":{\"@id\":\"https:\/\/etival.fr\/?p=12407#primaryimage\"},\"thumbnailUrl\":\"https:\/\/etival.fr\/wp-content\/uploads\/2024\/12\/francenationverte-0148a.jpg\",\"datePublished\":\"2024-12-20T07:18:45+00:00\",\"dateModified\":\"2024-12-20T07:18:46+00:00\",\"author\":{\"@id\":\"https:\/\/etival.fr\/#\/schema\/person\/966767531f422984430588510b8d4c3f\"},\"breadcrumb\":{\"@id\":\"https:\/\/etival.fr\/?p=12407#breadcrumb\"},\"inLanguage\":\"fr-FR\",\"potentialAction\":[{\"@type\":\"ReadAction\",\"target\":[\"https:\/\/etival.fr\/?p=12407\"]}]},{\"@type\":\"ImageObject\",\"inLanguage\":\"fr-FR\",\"@id\":\"https:\/\/etival.fr\/?p=12407#primaryimage\",\"url\":\"https:\/\/etival.fr\/wp-content\/uploads\/2024\/12\/francenationverte-0148a.jpg\",\"contentUrl\":\"https:\/\/etival.fr\/wp-content\/uploads\/2024\/12\/francenationverte-0148a.jpg\"},{\"@type\":\"BreadcrumbList\",\"@id\":\"https:\/\/etival.fr\/?p=12407#breadcrumb\",\"itemListElement\":[{\"@type\":\"ListItem\",\"position\":1,\"name\":\"Accueil\",\"item\":\"https:\/\/etival.fr\/\"},{\"@type\":\"ListItem\",\"position\":2,\"name\":\"Ouverture du guichet \u00ab\u00a0renouvellement forestier\u00a0\u00bb France Nation Verte\"}]},{\"@type\":\"WebSite\",\"@id\":\"https:\/\/etival.fr\/#website\",\"url\":\"https:\/\/etival.fr\/\",\"name\":\"Etival-Clairefontaine\",\"description\":\"Informations et actualit\u00e9s de la commune\",\"potentialAction\":[{\"@type\":\"SearchAction\",\"target\":{\"@type\":\"EntryPoint\",\"urlTemplate\":\"https:\/\/etival.fr\/?s={search_term_string}\"},\"query-input\":{\"@type\":\"PropertyValueSpecification\",\"valueRequired\":true,\"valueName\":\"search_term_string\"}}],\"inLanguage\":\"fr-FR\"},{\"@type\":\"Person\",\"@id\":\"https:\/\/etival.fr\/#\/schema\/person\/966767531f422984430588510b8d4c3f\",\"name\":\"Catherine\",\"image\":{\"@type\":\"ImageObject\",\"inLanguage\":\"fr-FR\",\"@id\":\"https:\/\/etival.fr\/#\/schema\/person\/image\/\",\"url\":\"https:\/\/secure.gravatar.com\/avatar\/b99eff3bf59bd614e6c532df451dc649?s=96&d=mm&r=g\",\"contentUrl\":\"https:\/\/secure.gravatar.com\/avatar\/b99eff3bf59bd614e6c532df451dc649?s=96&d=mm&r=g\",\"caption\":\"Catherine\"},\"url\":\"https:\/\/etival.fr\/?author=2\"}]}<\/script>\n<!-- \/ Yoast SEO plugin. -->","yoast_head_json":{"title":"Ouverture du guichet \"renouvellement forestier\" France Nation Verte - Etival-Clairefontaine","robots":{"index":"index","follow":"follow","max-snippet":"max-snippet:-1","max-image-preview":"max-image-preview:large","max-video-preview":"max-video-preview:-1"},"canonical":"https:\/\/etival.fr\/?p=12407","og_locale":"fr_FR","og_type":"article","og_title":"Ouverture du guichet \"renouvellement forestier\" France Nation Verte - Etival-Clairefontaine","og_description":"Pour soutenir les propri\u00e9taires forestiers dans la reconstitution et l\u2019adaptation de leurs for\u00eats face aux impacts du changement climatique ou des sinistres. Le dispositif s\u2019adresse aux propri\u00e9taires forestiers, qu\u2019ils soient publics ou priv\u00e9s, et concerne les peuplements forestiers sinistr\u00e9s, vuln\u00e9rables ou pr\u00e9sentant un faible potentiel \u00e9conomique. Il s\u2019inscrit dans le cadre du programme\u00a0France Nation Verte, [&hellip;]","og_url":"https:\/\/etival.fr\/?p=12407","og_site_name":"Etival-Clairefontaine","article_published_time":"2024-12-20T07:18:45+00:00","article_modified_time":"2024-12-20T07:18:46+00:00","og_image":[{"url":"https:\/\/etival.fr\/wp-content\/uploads\/2024\/12\/francenationverte-0148a.jpg","type":"","width":"","height":""}],"author":"Catherine","twitter_card":"summary_large_image","twitter_misc":{"\u00c9crit par":"Catherine","Dur\u00e9e de lecture estim\u00e9e":"1 minute"},"schema":{"@context":"https:\/\/schema.org","@graph":[{"@type":"Article","@id":"https:\/\/etival.fr\/?p=12407#article","isPartOf":{"@id":"https:\/\/etival.fr\/?p=12407"},"author":{"name":"Catherine","@id":"https:\/\/etival.fr\/#\/schema\/person\/966767531f422984430588510b8d4c3f"},"headline":"Ouverture du guichet \u00ab\u00a0renouvellement forestier\u00a0\u00bb France Nation Verte","datePublished":"2024-12-20T07:18:45+00:00","dateModified":"2024-12-20T07:18:46+00:00","mainEntityOfPage":{"@id":"https:\/\/etival.fr\/?p=12407"},"wordCount":102,"image":{"@id":"https:\/\/etival.fr\/?p=12407#primaryimage"},"thumbnailUrl":"https:\/\/etival.fr\/wp-content\/uploads\/2024\/12\/francenationverte-0148a.jpg","articleSection":["Informations Municipales"],"inLanguage":"fr-FR"},{"@type":"WebPage","@id":"https:\/\/etival.fr\/?p=12407","url":"https:\/\/etival.fr\/?p=12407","name":"Ouverture du guichet \"renouvellement forestier\" France Nation Verte - Etival-Clairefontaine","isPartOf":{"@id":"https:\/\/etival.fr\/#website"},"primaryImageOfPage":{"@id":"https:\/\/etival.fr\/?p=12407#primaryimage"},"image":{"@id":"https:\/\/etival.fr\/?p=12407#primaryimage"},"thumbnailUrl":"https:\/\/etival.fr\/wp-content\/uploads\/2024\/12\/francenationverte-0148a.jpg","datePublished":"2024-12-20T07:18:45+00:00","dateModified":"2024-12-20T07:18:46+00:00","author":{"@id":"https:\/\/etival.fr\/#\/schema\/person\/966767531f422984430588510b8d4c3f"},"breadcrumb":{"@id":"https:\/\/etival.fr\/?p=12407#breadcrumb"},"inLanguage":"fr-FR","potentialAction":[{"@type":"ReadAction","target":["https:\/\/etival.fr\/?p=12407"]}]},{"@type":"ImageObject","inLanguage":"fr-FR","@id":"https:\/\/etival.fr\/?p=12407#primaryimage","url":"https:\/\/etival.fr\/wp-content\/uploads\/2024\/12\/francenationverte-0148a.jpg","contentUrl":"https:\/\/etival.fr\/wp-content\/uploads\/2024\/12\/francenationverte-0148a.jpg"},{"@type":"BreadcrumbList","@id":"https:\/\/etival.fr\/?p=12407#breadcrumb","itemListElement":[{"@type":"ListItem","position":1,"name":"Accueil","item":"https:\/\/etival.fr\/"},{"@type":"ListItem","position":2,"name":"Ouverture du guichet \u00ab\u00a0renouvellement forestier\u00a0\u00bb France Nation Verte"}]},{"@type":"WebSite","@id":"https:\/\/etival.fr\/#website","url":"https:\/\/etival.fr\/","name":"Etival-Clairefontaine","description":"Informations et actualit\u00e9s de la commune","potentialAction":[{"@type":"SearchAction","target":{"@type":"EntryPoint","urlTemplate":"https:\/\/etival.fr\/?s={search_term_string}"},"query-input":{"@type":"PropertyValueSpecification","valueRequired":true,"valueName":"search_term_string"}}],"inLanguage":"fr-FR"},{"@type":"Person","@id":"https:\/\/etival.fr\/#\/schema\/person\/966767531f422984430588510b8d4c3f","name":"Catherine","image":{"@type":"ImageObject","inLanguage":"fr-FR","@id":"https:\/\/etival.fr\/#\/schema\/person\/image\/","url":"https:\/\/secure.gravatar.com\/avatar\/b99eff3bf59bd614e6c532df451dc649?s=96&d=mm&r=g","contentUrl":"https:\/\/secure.gravatar.com\/avatar\/b99eff3bf59bd614e6c532df451dc649?s=96&d=mm&r=g","caption":"Catherine"},"url":"https:\/\/etival.fr\/?author=2"}]}},"_links":{"self":[{"href":"https:\/\/etival.fr\/index.php?rest_route=\/wp\/v2\/posts\/12407","targetHints":{"allow":["GET"]}}],"collection":[{"href":"https:\/\/etival.fr\/index.php?rest_route=\/wp\/v2\/posts"}],"about":[{"href":"https:\/\/etival.fr\/index.php?rest_route=\/wp\/v2\/types\/post"}],"author":[{"embeddable":true,"href":"https:\/\/etival.fr\/index.php?rest_route=\/wp\/v2\/users\/2"}],"replies":[{"embeddable":true,"href":"https:\/\/etival.fr\/index.php?rest_route=%2Fwp%2Fv2%2Fcomments&post=12407"}],"version-history":[{"count":1,"href":"https:\/\/etival.fr\/index.php?rest_route=\/wp\/v2\/posts\/12407\/revisions"}],"predecessor-version":[{"id":12409,"href":"https:\/\/etival.fr\/index.php?rest_route=\/wp\/v2\/posts\/12407\/revisions\/12409"}],"wp:attachment":[{"href":"https:\/\/etival.fr\/index.php?rest_route=%2Fwp%2Fv2%2Fmedia&parent=12407"}],"wp:term":[{"taxonomy":"category","embeddable":true,"href":"https:\/\/etival.fr\/index.php?rest_route=%2Fwp%2Fv2%2Fcategories&post=12407"},{"taxonomy":"post_tag","embeddable":true,"href":"https:\/\/etival.fr\/index.php?rest_route=%2Fwp%2Fv2%2Ftags&post=12407"}],"curies":[{"name":"wp","href":"https:\/\/api.w.org\/{rel}","templated":true}]}}