{"id":12433,"date":"2024-12-30T14:50:15","date_gmt":"2024-12-30T13:50:15","guid":{"rendered":"https:\/\/etival.fr\/?p=12433"},"modified":"2024-12-30T14:50:16","modified_gmt":"2024-12-30T13:50:16","slug":"rentree-scolaire","status":"publish","type":"post","link":"https:\/\/etival.fr\/?p=12433","title":{"rendered":"Rentr\u00e9e scolaire"},"content":{"rendered":"<div class=\"wp-block-image\">\n<figure class=\"aligncenter size-large is-resized\"><a href=\"https:\/\/etival.fr\/wp-content\/uploads\/2024\/12\/school-7355056_1920.jpg\"><img loading=\"lazy\" decoding=\"async\" width=\"1024\" height=\"683\" src=\"https:\/\/etival.fr\/wp-content\/uploads\/2024\/12\/school-7355056_1920-1024x683.jpg\" alt=\"\" class=\"wp-image-12436\" style=\"width:465px;height:auto\" srcset=\"https:\/\/etival.fr\/wp-content\/uploads\/2024\/12\/school-7355056_1920-1024x683.jpg 1024w, https:\/\/etival.fr\/wp-content\/uploads\/2024\/12\/school-7355056_1920-300x200.jpg 300w, https:\/\/etival.fr\/wp-content\/uploads\/2024\/12\/school-7355056_1920-768x512.jpg 768w, https:\/\/etival.fr\/wp-content\/uploads\/2024\/12\/school-7355056_1920-1536x1024.jpg 1536w, https:\/\/etival.fr\/wp-content\/uploads\/2024\/12\/school-7355056_1920-624x416.jpg 624w, https:\/\/etival.fr\/wp-content\/uploads\/2024\/12\/school-7355056_1920.jpg 1920w\" sizes=\"auto, (max-width: 1024px) 100vw, 1024px\" \/><\/a><\/figure><\/div>\n\n\n<p>Ce <strong>lundi 6 janvier 2025<\/strong>, <strong>174 \u00e9l\u00e8ves<\/strong> vont faire leur rentr\u00e9e dans la toute nouvelle \u00e9cole d&rsquo;\u00c9tival-Clairefontaine.<\/p>\n\n\n\n<p>L&rsquo;\u00e9quipe enseignante et le personnel communal se sont mobilis\u00e9s pour pr\u00e9parer cette rentr\u00e9e dans les meilleures conditions.<\/p>\n\n\n\n<p>Un grand merci \u00e0 eux et une tr\u00e8s bonne rentr\u00e9e \u00e0 tous !<\/p>\n\n\n\n<p><strong>Pour information :<\/strong><br>&#8211; Nouveaux horaires des cours : <strong>8h<\/strong> <em>(accueil \u00e0 7h50)<\/em> <strong>&#8211;<\/strong> <strong>11h et 13h<\/strong> <em>(accueil \u00e0 12h50)<\/em> <strong>&#8211;<\/strong> <strong>16h<\/strong>.<\/p>\n\n\n\n<p>&#8211; Garderie gratuite de 7h15 \u00e0 7h45, de 11h \u00e0 11h30 et de 16h \u00e0 16h30.<\/p>\n\n\n\n<p><\/p>\n\n\n\n<p class=\"has-text-align-center has-text-color has-link-color has-small-font-size wp-elements-2faf13d7a22d9cb02edb05630628d00f\" style=\"color:#9f5f06\"><em><strong>Nous comptons sur chacun d&rsquo;entre vous <br>pour respecter les r\u00e8gles de s\u00e9curit\u00e9 aux abords de l&rsquo;\u00e9cole<\/strong>.<\/em><\/p>\n","protected":false},"excerpt":{"rendered":"<p>Ce lundi 6 janvier 2025, 174 \u00e9l\u00e8ves vont faire leur rentr\u00e9e dans la toute nouvelle \u00e9cole d&rsquo;\u00c9tival-Clairefontaine. L&rsquo;\u00e9quipe enseignante et le personnel communal se sont mobilis\u00e9s pour pr\u00e9parer cette rentr\u00e9e dans les meilleures conditions. Un grand merci \u00e0 eux et une tr\u00e8s bonne rentr\u00e9e \u00e0 tous ! Pour information :&#8211; Nouveaux horaires des cours : [&hellip;]<\/p>\n","protected":false},"author":2,"featured_media":0,"comment_status":"closed","ping_status":"open","sticky":false,"template":"","format":"standard","meta":{"footnotes":""},"categories":[6],"tags":[],"class_list":["post-12433","post","type-post","status-publish","format-standard","hentry","category-informations-municipales"],"yoast_head":"<!-- This site is optimized with the Yoast SEO plugin v26.8 - https:\/\/yoast.com\/product\/yoast-seo-wordpress\/ -->\n<title>Rentr\u00e9e scolaire - Etival-Clairefontaine<\/title>\n<meta name=\"robots\" content=\"index, follow, max-snippet:-1, max-image-preview:large, max-video-preview:-1\" \/>\n<link rel=\"canonical\" href=\"https:\/\/etival.fr\/?p=12433\" \/>\n<meta property=\"og:locale\" content=\"fr_FR\" \/>\n<meta property=\"og:type\" content=\"article\" \/>\n<meta property=\"og:title\" content=\"Rentr\u00e9e scolaire - Etival-Clairefontaine\" \/>\n<meta property=\"og:description\" content=\"Ce lundi 6 janvier 2025, 174 \u00e9l\u00e8ves vont faire leur rentr\u00e9e dans la toute nouvelle \u00e9cole d&rsquo;\u00c9tival-Clairefontaine. L&rsquo;\u00e9quipe enseignante et le personnel communal se sont mobilis\u00e9s pour pr\u00e9parer cette rentr\u00e9e dans les meilleures conditions. Un grand merci \u00e0 eux et une tr\u00e8s bonne rentr\u00e9e \u00e0 tous ! Pour information :&#8211; Nouveaux horaires des cours : [&hellip;]\" \/>\n<meta property=\"og:url\" content=\"https:\/\/etival.fr\/?p=12433\" \/>\n<meta property=\"og:site_name\" content=\"Etival-Clairefontaine\" \/>\n<meta property=\"article:published_time\" content=\"2024-12-30T13:50:15+00:00\" \/>\n<meta property=\"article:modified_time\" content=\"2024-12-30T13:50:16+00:00\" \/>\n<meta property=\"og:image\" content=\"https:\/\/etival.fr\/wp-content\/uploads\/2024\/12\/school-7355056_1920-1024x683.jpg\" \/>\n<meta name=\"author\" content=\"Catherine\" \/>\n<meta name=\"twitter:card\" content=\"summary_large_image\" \/>\n<meta name=\"twitter:label1\" content=\"\u00c9crit par\" \/>\n\t<meta name=\"twitter:data1\" content=\"Catherine\" \/>\n\t<meta name=\"twitter:label2\" content=\"Dur\u00e9e de lecture estim\u00e9e\" \/>\n\t<meta name=\"twitter:data2\" content=\"1 minute\" \/>\n<script type=\"application\/ld+json\" class=\"yoast-schema-graph\">{\"@context\":\"https:\/\/schema.org\",\"@graph\":[{\"@type\":\"Article\",\"@id\":\"https:\/\/etival.fr\/?p=12433#article\",\"isPartOf\":{\"@id\":\"https:\/\/etival.fr\/?p=12433\"},\"author\":{\"name\":\"Catherine\",\"@id\":\"https:\/\/etival.fr\/#\/schema\/person\/966767531f422984430588510b8d4c3f\"},\"headline\":\"Rentr\u00e9e scolaire\",\"datePublished\":\"2024-12-30T13:50:15+00:00\",\"dateModified\":\"2024-12-30T13:50:16+00:00\",\"mainEntityOfPage\":{\"@id\":\"https:\/\/etival.fr\/?p=12433\"},\"wordCount\":104,\"image\":{\"@id\":\"https:\/\/etival.fr\/?p=12433#primaryimage\"},\"thumbnailUrl\":\"https:\/\/etival.fr\/wp-content\/uploads\/2024\/12\/school-7355056_1920-1024x683.jpg\",\"articleSection\":[\"Informations Municipales\"],\"inLanguage\":\"fr-FR\"},{\"@type\":\"WebPage\",\"@id\":\"https:\/\/etival.fr\/?p=12433\",\"url\":\"https:\/\/etival.fr\/?p=12433\",\"name\":\"Rentr\u00e9e scolaire - Etival-Clairefontaine\",\"isPartOf\":{\"@id\":\"https:\/\/etival.fr\/#website\"},\"primaryImageOfPage\":{\"@id\":\"https:\/\/etival.fr\/?p=12433#primaryimage\"},\"image\":{\"@id\":\"https:\/\/etival.fr\/?p=12433#primaryimage\"},\"thumbnailUrl\":\"https:\/\/etival.fr\/wp-content\/uploads\/2024\/12\/school-7355056_1920-1024x683.jpg\",\"datePublished\":\"2024-12-30T13:50:15+00:00\",\"dateModified\":\"2024-12-30T13:50:16+00:00\",\"author\":{\"@id\":\"https:\/\/etival.fr\/#\/schema\/person\/966767531f422984430588510b8d4c3f\"},\"breadcrumb\":{\"@id\":\"https:\/\/etival.fr\/?p=12433#breadcrumb\"},\"inLanguage\":\"fr-FR\",\"potentialAction\":[{\"@type\":\"ReadAction\",\"target\":[\"https:\/\/etival.fr\/?p=12433\"]}]},{\"@type\":\"ImageObject\",\"inLanguage\":\"fr-FR\",\"@id\":\"https:\/\/etival.fr\/?p=12433#primaryimage\",\"url\":\"https:\/\/etival.fr\/wp-content\/uploads\/2024\/12\/school-7355056_1920.jpg\",\"contentUrl\":\"https:\/\/etival.fr\/wp-content\/uploads\/2024\/12\/school-7355056_1920.jpg\",\"width\":1920,\"height\":1280},{\"@type\":\"BreadcrumbList\",\"@id\":\"https:\/\/etival.fr\/?p=12433#breadcrumb\",\"itemListElement\":[{\"@type\":\"ListItem\",\"position\":1,\"name\":\"Accueil\",\"item\":\"https:\/\/etival.fr\/\"},{\"@type\":\"ListItem\",\"position\":2,\"name\":\"Rentr\u00e9e scolaire\"}]},{\"@type\":\"WebSite\",\"@id\":\"https:\/\/etival.fr\/#website\",\"url\":\"https:\/\/etival.fr\/\",\"name\":\"Etival-Clairefontaine\",\"description\":\"Informations et actualit\u00e9s de la commune\",\"potentialAction\":[{\"@type\":\"SearchAction\",\"target\":{\"@type\":\"EntryPoint\",\"urlTemplate\":\"https:\/\/etival.fr\/?s={search_term_string}\"},\"query-input\":{\"@type\":\"PropertyValueSpecification\",\"valueRequired\":true,\"valueName\":\"search_term_string\"}}],\"inLanguage\":\"fr-FR\"},{\"@type\":\"Person\",\"@id\":\"https:\/\/etival.fr\/#\/schema\/person\/966767531f422984430588510b8d4c3f\",\"name\":\"Catherine\",\"image\":{\"@type\":\"ImageObject\",\"inLanguage\":\"fr-FR\",\"@id\":\"https:\/\/etival.fr\/#\/schema\/person\/image\/\",\"url\":\"https:\/\/secure.gravatar.com\/avatar\/b99eff3bf59bd614e6c532df451dc649?s=96&d=mm&r=g\",\"contentUrl\":\"https:\/\/secure.gravatar.com\/avatar\/b99eff3bf59bd614e6c532df451dc649?s=96&d=mm&r=g\",\"caption\":\"Catherine\"},\"url\":\"https:\/\/etival.fr\/?author=2\"}]}<\/script>\n<!-- \/ Yoast SEO plugin. -->","yoast_head_json":{"title":"Rentr\u00e9e scolaire - Etival-Clairefontaine","robots":{"index":"index","follow":"follow","max-snippet":"max-snippet:-1","max-image-preview":"max-image-preview:large","max-video-preview":"max-video-preview:-1"},"canonical":"https:\/\/etival.fr\/?p=12433","og_locale":"fr_FR","og_type":"article","og_title":"Rentr\u00e9e scolaire - Etival-Clairefontaine","og_description":"Ce lundi 6 janvier 2025, 174 \u00e9l\u00e8ves vont faire leur rentr\u00e9e dans la toute nouvelle \u00e9cole d&rsquo;\u00c9tival-Clairefontaine. L&rsquo;\u00e9quipe enseignante et le personnel communal se sont mobilis\u00e9s pour pr\u00e9parer cette rentr\u00e9e dans les meilleures conditions. Un grand merci \u00e0 eux et une tr\u00e8s bonne rentr\u00e9e \u00e0 tous ! Pour information :&#8211; Nouveaux horaires des cours : [&hellip;]","og_url":"https:\/\/etival.fr\/?p=12433","og_site_name":"Etival-Clairefontaine","article_published_time":"2024-12-30T13:50:15+00:00","article_modified_time":"2024-12-30T13:50:16+00:00","og_image":[{"url":"https:\/\/etival.fr\/wp-content\/uploads\/2024\/12\/school-7355056_1920-1024x683.jpg","type":"","width":"","height":""}],"author":"Catherine","twitter_card":"summary_large_image","twitter_misc":{"\u00c9crit par":"Catherine","Dur\u00e9e de lecture estim\u00e9e":"1 minute"},"schema":{"@context":"https:\/\/schema.org","@graph":[{"@type":"Article","@id":"https:\/\/etival.fr\/?p=12433#article","isPartOf":{"@id":"https:\/\/etival.fr\/?p=12433"},"author":{"name":"Catherine","@id":"https:\/\/etival.fr\/#\/schema\/person\/966767531f422984430588510b8d4c3f"},"headline":"Rentr\u00e9e scolaire","datePublished":"2024-12-30T13:50:15+00:00","dateModified":"2024-12-30T13:50:16+00:00","mainEntityOfPage":{"@id":"https:\/\/etival.fr\/?p=12433"},"wordCount":104,"image":{"@id":"https:\/\/etival.fr\/?p=12433#primaryimage"},"thumbnailUrl":"https:\/\/etival.fr\/wp-content\/uploads\/2024\/12\/school-7355056_1920-1024x683.jpg","articleSection":["Informations Municipales"],"inLanguage":"fr-FR"},{"@type":"WebPage","@id":"https:\/\/etival.fr\/?p=12433","url":"https:\/\/etival.fr\/?p=12433","name":"Rentr\u00e9e scolaire - Etival-Clairefontaine","isPartOf":{"@id":"https:\/\/etival.fr\/#website"},"primaryImageOfPage":{"@id":"https:\/\/etival.fr\/?p=12433#primaryimage"},"image":{"@id":"https:\/\/etival.fr\/?p=12433#primaryimage"},"thumbnailUrl":"https:\/\/etival.fr\/wp-content\/uploads\/2024\/12\/school-7355056_1920-1024x683.jpg","datePublished":"2024-12-30T13:50:15+00:00","dateModified":"2024-12-30T13:50:16+00:00","author":{"@id":"https:\/\/etival.fr\/#\/schema\/person\/966767531f422984430588510b8d4c3f"},"breadcrumb":{"@id":"https:\/\/etival.fr\/?p=12433#breadcrumb"},"inLanguage":"fr-FR","potentialAction":[{"@type":"ReadAction","target":["https:\/\/etival.fr\/?p=12433"]}]},{"@type":"ImageObject","inLanguage":"fr-FR","@id":"https:\/\/etival.fr\/?p=12433#primaryimage","url":"https:\/\/etival.fr\/wp-content\/uploads\/2024\/12\/school-7355056_1920.jpg","contentUrl":"https:\/\/etival.fr\/wp-content\/uploads\/2024\/12\/school-7355056_1920.jpg","width":1920,"height":1280},{"@type":"BreadcrumbList","@id":"https:\/\/etival.fr\/?p=12433#breadcrumb","itemListElement":[{"@type":"ListItem","position":1,"name":"Accueil","item":"https:\/\/etival.fr\/"},{"@type":"ListItem","position":2,"name":"Rentr\u00e9e scolaire"}]},{"@type":"WebSite","@id":"https:\/\/etival.fr\/#website","url":"https:\/\/etival.fr\/","name":"Etival-Clairefontaine","description":"Informations et actualit\u00e9s de la commune","potentialAction":[{"@type":"SearchAction","target":{"@type":"EntryPoint","urlTemplate":"https:\/\/etival.fr\/?s={search_term_string}"},"query-input":{"@type":"PropertyValueSpecification","valueRequired":true,"valueName":"search_term_string"}}],"inLanguage":"fr-FR"},{"@type":"Person","@id":"https:\/\/etival.fr\/#\/schema\/person\/966767531f422984430588510b8d4c3f","name":"Catherine","image":{"@type":"ImageObject","inLanguage":"fr-FR","@id":"https:\/\/etival.fr\/#\/schema\/person\/image\/","url":"https:\/\/secure.gravatar.com\/avatar\/b99eff3bf59bd614e6c532df451dc649?s=96&d=mm&r=g","contentUrl":"https:\/\/secure.gravatar.com\/avatar\/b99eff3bf59bd614e6c532df451dc649?s=96&d=mm&r=g","caption":"Catherine"},"url":"https:\/\/etival.fr\/?author=2"}]}},"_links":{"self":[{"href":"https:\/\/etival.fr\/index.php?rest_route=\/wp\/v2\/posts\/12433","targetHints":{"allow":["GET"]}}],"collection":[{"href":"https:\/\/etival.fr\/index.php?rest_route=\/wp\/v2\/posts"}],"about":[{"href":"https:\/\/etival.fr\/index.php?rest_route=\/wp\/v2\/types\/post"}],"author":[{"embeddable":true,"href":"https:\/\/etival.fr\/index.php?rest_route=\/wp\/v2\/users\/2"}],"replies":[{"embeddable":true,"href":"https:\/\/etival.fr\/index.php?rest_route=%2Fwp%2Fv2%2Fcomments&post=12433"}],"version-history":[{"count":1,"href":"https:\/\/etival.fr\/index.php?rest_route=\/wp\/v2\/posts\/12433\/revisions"}],"predecessor-version":[{"id":12437,"href":"https:\/\/etival.fr\/index.php?rest_route=\/wp\/v2\/posts\/12433\/revisions\/12437"}],"wp:attachment":[{"href":"https:\/\/etival.fr\/index.php?rest_route=%2Fwp%2Fv2%2Fmedia&parent=12433"}],"wp:term":[{"taxonomy":"category","embeddable":true,"href":"https:\/\/etival.fr\/index.php?rest_route=%2Fwp%2Fv2%2Fcategories&post=12433"},{"taxonomy":"post_tag","embeddable":true,"href":"https:\/\/etival.fr\/index.php?rest_route=%2Fwp%2Fv2%2Ftags&post=12433"}],"curies":[{"name":"wp","href":"https:\/\/api.w.org\/{rel}","templated":true}]}}