{"id":12443,"date":"2025-01-04T11:12:17","date_gmt":"2025-01-04T10:12:17","guid":{"rendered":"https:\/\/etival.fr\/?p=12443"},"modified":"2025-01-04T11:12:57","modified_gmt":"2025-01-04T10:12:57","slug":"agenda-du-tri-et-de-collecte-2025","status":"publish","type":"post","link":"https:\/\/etival.fr\/?p=12443","title":{"rendered":"Agenda du tri et de collecte 2025"},"content":{"rendered":"\n<figure class=\"wp-block-gallery has-nested-images columns-default is-cropped wp-block-gallery-1 is-layout-flex wp-block-gallery-is-layout-flex\">\n<figure class=\"wp-block-image size-large\"><a href=\"https:\/\/etival.fr\/wp-content\/uploads\/2025\/01\/20250104_115722_0001-1.jpg\"><img loading=\"lazy\" decoding=\"async\" width=\"724\" height=\"1024\" data-id=\"12448\" src=\"https:\/\/etival.fr\/wp-content\/uploads\/2025\/01\/20250104_115722_0001-1-724x1024.jpg\" alt=\"\" class=\"wp-image-12448\" srcset=\"https:\/\/etival.fr\/wp-content\/uploads\/2025\/01\/20250104_115722_0001-1-724x1024.jpg 724w, https:\/\/etival.fr\/wp-content\/uploads\/2025\/01\/20250104_115722_0001-1-212x300.jpg 212w, https:\/\/etival.fr\/wp-content\/uploads\/2025\/01\/20250104_115722_0001-1-768x1086.jpg 768w, https:\/\/etival.fr\/wp-content\/uploads\/2025\/01\/20250104_115722_0001-1-1086x1536.jpg 1086w, https:\/\/etival.fr\/wp-content\/uploads\/2025\/01\/20250104_115722_0001-1-1448x2048.jpg 1448w, https:\/\/etival.fr\/wp-content\/uploads\/2025\/01\/20250104_115722_0001-1-624x883.jpg 624w, https:\/\/etival.fr\/wp-content\/uploads\/2025\/01\/20250104_115722_0001-1.jpg 1653w\" sizes=\"auto, (max-width: 724px) 100vw, 724px\" \/><\/a><figcaption class=\"wp-element-caption\">EPSON MFP image<\/figcaption><\/figure>\n\n\n\n<figure class=\"wp-block-image size-large\"><a href=\"https:\/\/etival.fr\/wp-content\/uploads\/2025\/01\/20250104_115804_0001-1.jpg\"><img loading=\"lazy\" decoding=\"async\" width=\"724\" height=\"1024\" data-id=\"12451\" src=\"https:\/\/etival.fr\/wp-content\/uploads\/2025\/01\/20250104_115804_0001-1-724x1024.jpg\" alt=\"\" class=\"wp-image-12451\" srcset=\"https:\/\/etival.fr\/wp-content\/uploads\/2025\/01\/20250104_115804_0001-1-724x1024.jpg 724w, https:\/\/etival.fr\/wp-content\/uploads\/2025\/01\/20250104_115804_0001-1-212x300.jpg 212w, https:\/\/etival.fr\/wp-content\/uploads\/2025\/01\/20250104_115804_0001-1-768x1086.jpg 768w, https:\/\/etival.fr\/wp-content\/uploads\/2025\/01\/20250104_115804_0001-1-1086x1536.jpg 1086w, https:\/\/etival.fr\/wp-content\/uploads\/2025\/01\/20250104_115804_0001-1-1448x2048.jpg 1448w, https:\/\/etival.fr\/wp-content\/uploads\/2025\/01\/20250104_115804_0001-1-624x883.jpg 624w, https:\/\/etival.fr\/wp-content\/uploads\/2025\/01\/20250104_115804_0001-1.jpg 1653w\" sizes=\"auto, (max-width: 724px) 100vw, 724px\" \/><\/a><figcaption class=\"wp-element-caption\">EPSON MFP image<\/figcaption><\/figure>\n\n\n\n<figure class=\"wp-block-image size-large\"><a href=\"https:\/\/etival.fr\/wp-content\/uploads\/2025\/01\/20250104_115857_0001-1.jpg\"><img loading=\"lazy\" decoding=\"async\" width=\"724\" height=\"1024\" data-id=\"12450\" src=\"https:\/\/etival.fr\/wp-content\/uploads\/2025\/01\/20250104_115857_0001-1-724x1024.jpg\" alt=\"\" class=\"wp-image-12450\" srcset=\"https:\/\/etival.fr\/wp-content\/uploads\/2025\/01\/20250104_115857_0001-1-724x1024.jpg 724w, https:\/\/etival.fr\/wp-content\/uploads\/2025\/01\/20250104_115857_0001-1-212x300.jpg 212w, https:\/\/etival.fr\/wp-content\/uploads\/2025\/01\/20250104_115857_0001-1-768x1086.jpg 768w, https:\/\/etival.fr\/wp-content\/uploads\/2025\/01\/20250104_115857_0001-1-1086x1536.jpg 1086w, https:\/\/etival.fr\/wp-content\/uploads\/2025\/01\/20250104_115857_0001-1-1448x2048.jpg 1448w, https:\/\/etival.fr\/wp-content\/uploads\/2025\/01\/20250104_115857_0001-1-624x883.jpg 624w, https:\/\/etival.fr\/wp-content\/uploads\/2025\/01\/20250104_115857_0001-1.jpg 1653w\" sizes=\"auto, (max-width: 724px) 100vw, 724px\" \/><\/a><figcaption class=\"wp-element-caption\">EPSON MFP image<\/figcaption><\/figure>\n\n\n\n<figure class=\"wp-block-image size-large\"><a href=\"https:\/\/etival.fr\/wp-content\/uploads\/2025\/01\/20250104_115915_0001-1.jpg\"><img loading=\"lazy\" decoding=\"async\" width=\"724\" height=\"1024\" data-id=\"12449\" src=\"https:\/\/etival.fr\/wp-content\/uploads\/2025\/01\/20250104_115915_0001-1-724x1024.jpg\" alt=\"\" class=\"wp-image-12449\" srcset=\"https:\/\/etival.fr\/wp-content\/uploads\/2025\/01\/20250104_115915_0001-1-724x1024.jpg 724w, https:\/\/etival.fr\/wp-content\/uploads\/2025\/01\/20250104_115915_0001-1-212x300.jpg 212w, https:\/\/etival.fr\/wp-content\/uploads\/2025\/01\/20250104_115915_0001-1-768x1086.jpg 768w, https:\/\/etival.fr\/wp-content\/uploads\/2025\/01\/20250104_115915_0001-1-1086x1536.jpg 1086w, https:\/\/etival.fr\/wp-content\/uploads\/2025\/01\/20250104_115915_0001-1-1448x2048.jpg 1448w, https:\/\/etival.fr\/wp-content\/uploads\/2025\/01\/20250104_115915_0001-1-624x883.jpg 624w, https:\/\/etival.fr\/wp-content\/uploads\/2025\/01\/20250104_115915_0001-1.jpg 1653w\" sizes=\"auto, (max-width: 724px) 100vw, 724px\" \/><\/a><figcaption class=\"wp-element-caption\">EPSON MFP image<\/figcaption><\/figure>\n<\/figure>\n\n\n\n<figure class=\"wp-block-gallery has-nested-images columns-default is-cropped wp-block-gallery-2 is-layout-flex wp-block-gallery-is-layout-flex\"><\/figure>\n","protected":false},"excerpt":{"rendered":"","protected":false},"author":2,"featured_media":0,"comment_status":"closed","ping_status":"open","sticky":false,"template":"","format":"standard","meta":{"footnotes":""},"categories":[9],"tags":[],"class_list":["post-12443","post","type-post","status-publish","format-standard","hentry","category-communaute-dagglomeration-de-saint-die-des-vosges"],"yoast_head":"<!-- This site is optimized with the Yoast SEO plugin v26.8 - https:\/\/yoast.com\/product\/yoast-seo-wordpress\/ -->\n<title>Agenda du tri et de collecte 2025 - Etival-Clairefontaine<\/title>\n<meta name=\"robots\" content=\"index, follow, max-snippet:-1, max-image-preview:large, max-video-preview:-1\" \/>\n<link rel=\"canonical\" href=\"https:\/\/etival.fr\/?p=12443\" \/>\n<meta property=\"og:locale\" content=\"fr_FR\" \/>\n<meta property=\"og:type\" content=\"article\" \/>\n<meta property=\"og:title\" content=\"Agenda du tri et de collecte 2025 - Etival-Clairefontaine\" \/>\n<meta property=\"og:url\" content=\"https:\/\/etival.fr\/?p=12443\" \/>\n<meta property=\"og:site_name\" content=\"Etival-Clairefontaine\" \/>\n<meta property=\"article:published_time\" content=\"2025-01-04T10:12:17+00:00\" \/>\n<meta property=\"article:modified_time\" content=\"2025-01-04T10:12:57+00:00\" \/>\n<meta property=\"og:image\" content=\"https:\/\/etival.fr\/wp-content\/uploads\/2025\/01\/20250104_115722_0001-1-724x1024.jpg\" \/>\n<meta name=\"author\" content=\"Catherine\" \/>\n<meta name=\"twitter:card\" content=\"summary_large_image\" \/>\n<meta name=\"twitter:label1\" content=\"\u00c9crit par\" \/>\n\t<meta name=\"twitter:data1\" content=\"Catherine\" \/>\n\t<meta name=\"twitter:label2\" content=\"Dur\u00e9e de lecture estim\u00e9e\" \/>\n\t<meta name=\"twitter:data2\" content=\"1 minute\" \/>\n<script type=\"application\/ld+json\" class=\"yoast-schema-graph\">{\"@context\":\"https:\/\/schema.org\",\"@graph\":[{\"@type\":\"Article\",\"@id\":\"https:\/\/etival.fr\/?p=12443#article\",\"isPartOf\":{\"@id\":\"https:\/\/etival.fr\/?p=12443\"},\"author\":{\"name\":\"Catherine\",\"@id\":\"https:\/\/etival.fr\/#\/schema\/person\/966767531f422984430588510b8d4c3f\"},\"headline\":\"Agenda du tri et de collecte 2025\",\"datePublished\":\"2025-01-04T10:12:17+00:00\",\"dateModified\":\"2025-01-04T10:12:57+00:00\",\"mainEntityOfPage\":{\"@id\":\"https:\/\/etival.fr\/?p=12443\"},\"wordCount\":18,\"image\":{\"@id\":\"https:\/\/etival.fr\/?p=12443#primaryimage\"},\"thumbnailUrl\":\"https:\/\/etival.fr\/wp-content\/uploads\/2025\/01\/20250104_115722_0001-1-724x1024.jpg\",\"articleSection\":[\"Communaut\u00e9 d'Agglom\u00e9ration de Saint-Di\u00e9-Des-Vosges\"],\"inLanguage\":\"fr-FR\"},{\"@type\":\"WebPage\",\"@id\":\"https:\/\/etival.fr\/?p=12443\",\"url\":\"https:\/\/etival.fr\/?p=12443\",\"name\":\"Agenda du tri et de collecte 2025 - Etival-Clairefontaine\",\"isPartOf\":{\"@id\":\"https:\/\/etival.fr\/#website\"},\"primaryImageOfPage\":{\"@id\":\"https:\/\/etival.fr\/?p=12443#primaryimage\"},\"image\":{\"@id\":\"https:\/\/etival.fr\/?p=12443#primaryimage\"},\"thumbnailUrl\":\"https:\/\/etival.fr\/wp-content\/uploads\/2025\/01\/20250104_115722_0001-1-724x1024.jpg\",\"datePublished\":\"2025-01-04T10:12:17+00:00\",\"dateModified\":\"2025-01-04T10:12:57+00:00\",\"author\":{\"@id\":\"https:\/\/etival.fr\/#\/schema\/person\/966767531f422984430588510b8d4c3f\"},\"breadcrumb\":{\"@id\":\"https:\/\/etival.fr\/?p=12443#breadcrumb\"},\"inLanguage\":\"fr-FR\",\"potentialAction\":[{\"@type\":\"ReadAction\",\"target\":[\"https:\/\/etival.fr\/?p=12443\"]}]},{\"@type\":\"ImageObject\",\"inLanguage\":\"fr-FR\",\"@id\":\"https:\/\/etival.fr\/?p=12443#primaryimage\",\"url\":\"https:\/\/etival.fr\/wp-content\/uploads\/2025\/01\/20250104_115722_0001-1.jpg\",\"contentUrl\":\"https:\/\/etival.fr\/wp-content\/uploads\/2025\/01\/20250104_115722_0001-1.jpg\",\"width\":1653,\"height\":2338,\"caption\":\"EPSON MFP image\"},{\"@type\":\"BreadcrumbList\",\"@id\":\"https:\/\/etival.fr\/?p=12443#breadcrumb\",\"itemListElement\":[{\"@type\":\"ListItem\",\"position\":1,\"name\":\"Accueil\",\"item\":\"https:\/\/etival.fr\/\"},{\"@type\":\"ListItem\",\"position\":2,\"name\":\"Agenda du tri et de collecte 2025\"}]},{\"@type\":\"WebSite\",\"@id\":\"https:\/\/etival.fr\/#website\",\"url\":\"https:\/\/etival.fr\/\",\"name\":\"Etival-Clairefontaine\",\"description\":\"Informations et actualit\u00e9s de la commune\",\"potentialAction\":[{\"@type\":\"SearchAction\",\"target\":{\"@type\":\"EntryPoint\",\"urlTemplate\":\"https:\/\/etival.fr\/?s={search_term_string}\"},\"query-input\":{\"@type\":\"PropertyValueSpecification\",\"valueRequired\":true,\"valueName\":\"search_term_string\"}}],\"inLanguage\":\"fr-FR\"},{\"@type\":\"Person\",\"@id\":\"https:\/\/etival.fr\/#\/schema\/person\/966767531f422984430588510b8d4c3f\",\"name\":\"Catherine\",\"image\":{\"@type\":\"ImageObject\",\"inLanguage\":\"fr-FR\",\"@id\":\"https:\/\/etival.fr\/#\/schema\/person\/image\/\",\"url\":\"https:\/\/secure.gravatar.com\/avatar\/b99eff3bf59bd614e6c532df451dc649?s=96&d=mm&r=g\",\"contentUrl\":\"https:\/\/secure.gravatar.com\/avatar\/b99eff3bf59bd614e6c532df451dc649?s=96&d=mm&r=g\",\"caption\":\"Catherine\"},\"url\":\"https:\/\/etival.fr\/?author=2\"}]}<\/script>\n<!-- \/ Yoast SEO plugin. -->","yoast_head_json":{"title":"Agenda du tri et de collecte 2025 - Etival-Clairefontaine","robots":{"index":"index","follow":"follow","max-snippet":"max-snippet:-1","max-image-preview":"max-image-preview:large","max-video-preview":"max-video-preview:-1"},"canonical":"https:\/\/etival.fr\/?p=12443","og_locale":"fr_FR","og_type":"article","og_title":"Agenda du tri et de collecte 2025 - Etival-Clairefontaine","og_url":"https:\/\/etival.fr\/?p=12443","og_site_name":"Etival-Clairefontaine","article_published_time":"2025-01-04T10:12:17+00:00","article_modified_time":"2025-01-04T10:12:57+00:00","og_image":[{"url":"https:\/\/etival.fr\/wp-content\/uploads\/2025\/01\/20250104_115722_0001-1-724x1024.jpg","type":"","width":"","height":""}],"author":"Catherine","twitter_card":"summary_large_image","twitter_misc":{"\u00c9crit par":"Catherine","Dur\u00e9e de lecture estim\u00e9e":"1 minute"},"schema":{"@context":"https:\/\/schema.org","@graph":[{"@type":"Article","@id":"https:\/\/etival.fr\/?p=12443#article","isPartOf":{"@id":"https:\/\/etival.fr\/?p=12443"},"author":{"name":"Catherine","@id":"https:\/\/etival.fr\/#\/schema\/person\/966767531f422984430588510b8d4c3f"},"headline":"Agenda du tri et de collecte 2025","datePublished":"2025-01-04T10:12:17+00:00","dateModified":"2025-01-04T10:12:57+00:00","mainEntityOfPage":{"@id":"https:\/\/etival.fr\/?p=12443"},"wordCount":18,"image":{"@id":"https:\/\/etival.fr\/?p=12443#primaryimage"},"thumbnailUrl":"https:\/\/etival.fr\/wp-content\/uploads\/2025\/01\/20250104_115722_0001-1-724x1024.jpg","articleSection":["Communaut\u00e9 d'Agglom\u00e9ration de Saint-Di\u00e9-Des-Vosges"],"inLanguage":"fr-FR"},{"@type":"WebPage","@id":"https:\/\/etival.fr\/?p=12443","url":"https:\/\/etival.fr\/?p=12443","name":"Agenda du tri et de collecte 2025 - Etival-Clairefontaine","isPartOf":{"@id":"https:\/\/etival.fr\/#website"},"primaryImageOfPage":{"@id":"https:\/\/etival.fr\/?p=12443#primaryimage"},"image":{"@id":"https:\/\/etival.fr\/?p=12443#primaryimage"},"thumbnailUrl":"https:\/\/etival.fr\/wp-content\/uploads\/2025\/01\/20250104_115722_0001-1-724x1024.jpg","datePublished":"2025-01-04T10:12:17+00:00","dateModified":"2025-01-04T10:12:57+00:00","author":{"@id":"https:\/\/etival.fr\/#\/schema\/person\/966767531f422984430588510b8d4c3f"},"breadcrumb":{"@id":"https:\/\/etival.fr\/?p=12443#breadcrumb"},"inLanguage":"fr-FR","potentialAction":[{"@type":"ReadAction","target":["https:\/\/etival.fr\/?p=12443"]}]},{"@type":"ImageObject","inLanguage":"fr-FR","@id":"https:\/\/etival.fr\/?p=12443#primaryimage","url":"https:\/\/etival.fr\/wp-content\/uploads\/2025\/01\/20250104_115722_0001-1.jpg","contentUrl":"https:\/\/etival.fr\/wp-content\/uploads\/2025\/01\/20250104_115722_0001-1.jpg","width":1653,"height":2338,"caption":"EPSON MFP image"},{"@type":"BreadcrumbList","@id":"https:\/\/etival.fr\/?p=12443#breadcrumb","itemListElement":[{"@type":"ListItem","position":1,"name":"Accueil","item":"https:\/\/etival.fr\/"},{"@type":"ListItem","position":2,"name":"Agenda du tri et de collecte 2025"}]},{"@type":"WebSite","@id":"https:\/\/etival.fr\/#website","url":"https:\/\/etival.fr\/","name":"Etival-Clairefontaine","description":"Informations et actualit\u00e9s de la commune","potentialAction":[{"@type":"SearchAction","target":{"@type":"EntryPoint","urlTemplate":"https:\/\/etival.fr\/?s={search_term_string}"},"query-input":{"@type":"PropertyValueSpecification","valueRequired":true,"valueName":"search_term_string"}}],"inLanguage":"fr-FR"},{"@type":"Person","@id":"https:\/\/etival.fr\/#\/schema\/person\/966767531f422984430588510b8d4c3f","name":"Catherine","image":{"@type":"ImageObject","inLanguage":"fr-FR","@id":"https:\/\/etival.fr\/#\/schema\/person\/image\/","url":"https:\/\/secure.gravatar.com\/avatar\/b99eff3bf59bd614e6c532df451dc649?s=96&d=mm&r=g","contentUrl":"https:\/\/secure.gravatar.com\/avatar\/b99eff3bf59bd614e6c532df451dc649?s=96&d=mm&r=g","caption":"Catherine"},"url":"https:\/\/etival.fr\/?author=2"}]}},"_links":{"self":[{"href":"https:\/\/etival.fr\/index.php?rest_route=\/wp\/v2\/posts\/12443","targetHints":{"allow":["GET"]}}],"collection":[{"href":"https:\/\/etival.fr\/index.php?rest_route=\/wp\/v2\/posts"}],"about":[{"href":"https:\/\/etival.fr\/index.php?rest_route=\/wp\/v2\/types\/post"}],"author":[{"embeddable":true,"href":"https:\/\/etival.fr\/index.php?rest_route=\/wp\/v2\/users\/2"}],"replies":[{"embeddable":true,"href":"https:\/\/etival.fr\/index.php?rest_route=%2Fwp%2Fv2%2Fcomments&post=12443"}],"version-history":[{"count":1,"href":"https:\/\/etival.fr\/index.php?rest_route=\/wp\/v2\/posts\/12443\/revisions"}],"predecessor-version":[{"id":12452,"href":"https:\/\/etival.fr\/index.php?rest_route=\/wp\/v2\/posts\/12443\/revisions\/12452"}],"wp:attachment":[{"href":"https:\/\/etival.fr\/index.php?rest_route=%2Fwp%2Fv2%2Fmedia&parent=12443"}],"wp:term":[{"taxonomy":"category","embeddable":true,"href":"https:\/\/etival.fr\/index.php?rest_route=%2Fwp%2Fv2%2Fcategories&post=12443"},{"taxonomy":"post_tag","embeddable":true,"href":"https:\/\/etival.fr\/index.php?rest_route=%2Fwp%2Fv2%2Ftags&post=12443"}],"curies":[{"name":"wp","href":"https:\/\/api.w.org\/{rel}","templated":true}]}}