{"id":12481,"date":"2025-01-16T08:10:51","date_gmt":"2025-01-16T07:10:51","guid":{"rendered":"https:\/\/etival.fr\/?p=12481"},"modified":"2025-01-16T08:12:14","modified_gmt":"2025-01-16T07:12:14","slug":"au-programme-de-la-mediatheque-detival-clairefontaine-2","status":"publish","type":"post","link":"https:\/\/etival.fr\/?p=12481","title":{"rendered":"Au programme de la M\u00e9diath\u00e8que d\u2019\u00c9tival-Clairefontaine"},"content":{"rendered":"\n<figure class=\"wp-block-gallery has-nested-images columns-default is-cropped wp-block-gallery-1 is-layout-flex wp-block-gallery-is-layout-flex\">\n<figure class=\"wp-block-image size-large\"><a href=\"https:\/\/etival.fr\/wp-content\/uploads\/2025\/01\/01_17-02_15-Expo-Anne-Laure-Bastien-scaled.jpg\"><img loading=\"lazy\" decoding=\"async\" width=\"725\" height=\"1024\" data-id=\"12483\" src=\"https:\/\/etival.fr\/wp-content\/uploads\/2025\/01\/01_17-02_15-Expo-Anne-Laure-Bastien-725x1024.jpg\" alt=\"\" class=\"wp-image-12483\" srcset=\"https:\/\/etival.fr\/wp-content\/uploads\/2025\/01\/01_17-02_15-Expo-Anne-Laure-Bastien-725x1024.jpg 725w, https:\/\/etival.fr\/wp-content\/uploads\/2025\/01\/01_17-02_15-Expo-Anne-Laure-Bastien-212x300.jpg 212w, https:\/\/etival.fr\/wp-content\/uploads\/2025\/01\/01_17-02_15-Expo-Anne-Laure-Bastien-768x1085.jpg 768w, https:\/\/etival.fr\/wp-content\/uploads\/2025\/01\/01_17-02_15-Expo-Anne-Laure-Bastien-1087x1536.jpg 1087w, https:\/\/etival.fr\/wp-content\/uploads\/2025\/01\/01_17-02_15-Expo-Anne-Laure-Bastien-1449x2048.jpg 1449w, https:\/\/etival.fr\/wp-content\/uploads\/2025\/01\/01_17-02_15-Expo-Anne-Laure-Bastien-624x882.jpg 624w, https:\/\/etival.fr\/wp-content\/uploads\/2025\/01\/01_17-02_15-Expo-Anne-Laure-Bastien-scaled.jpg 1811w\" sizes=\"auto, (max-width: 725px) 100vw, 725px\" \/><\/a><\/figure>\n\n\n\n<figure class=\"wp-block-image size-large\"><a href=\"https:\/\/etival.fr\/wp-content\/uploads\/2025\/01\/01_18-Tricote-papote-scaled.jpg\"><img loading=\"lazy\" decoding=\"async\" width=\"724\" height=\"1024\" data-id=\"12487\" src=\"https:\/\/etival.fr\/wp-content\/uploads\/2025\/01\/01_18-Tricote-papote-724x1024.jpg\" alt=\"\" class=\"wp-image-12487\" srcset=\"https:\/\/etival.fr\/wp-content\/uploads\/2025\/01\/01_18-Tricote-papote-724x1024.jpg 724w, https:\/\/etival.fr\/wp-content\/uploads\/2025\/01\/01_18-Tricote-papote-212x300.jpg 212w, https:\/\/etival.fr\/wp-content\/uploads\/2025\/01\/01_18-Tricote-papote-768x1087.jpg 768w, https:\/\/etival.fr\/wp-content\/uploads\/2025\/01\/01_18-Tricote-papote-1086x1536.jpg 1086w, https:\/\/etival.fr\/wp-content\/uploads\/2025\/01\/01_18-Tricote-papote-1448x2048.jpg 1448w, https:\/\/etival.fr\/wp-content\/uploads\/2025\/01\/01_18-Tricote-papote-624x883.jpg 624w, https:\/\/etival.fr\/wp-content\/uploads\/2025\/01\/01_18-Tricote-papote-scaled.jpg 1809w\" sizes=\"auto, (max-width: 724px) 100vw, 724px\" \/><\/a><\/figure>\n\n\n\n<figure class=\"wp-block-image size-large\"><a href=\"https:\/\/etival.fr\/wp-content\/uploads\/2025\/01\/01_22-Conference-Marie-Riebel-Genealogie-scaled.jpg\"><img loading=\"lazy\" decoding=\"async\" width=\"724\" height=\"1024\" data-id=\"12485\" src=\"https:\/\/etival.fr\/wp-content\/uploads\/2025\/01\/01_22-Conference-Marie-Riebel-Genealogie-724x1024.jpg\" alt=\"\" class=\"wp-image-12485\" srcset=\"https:\/\/etival.fr\/wp-content\/uploads\/2025\/01\/01_22-Conference-Marie-Riebel-Genealogie-724x1024.jpg 724w, https:\/\/etival.fr\/wp-content\/uploads\/2025\/01\/01_22-Conference-Marie-Riebel-Genealogie-212x300.jpg 212w, https:\/\/etival.fr\/wp-content\/uploads\/2025\/01\/01_22-Conference-Marie-Riebel-Genealogie-768x1086.jpg 768w, https:\/\/etival.fr\/wp-content\/uploads\/2025\/01\/01_22-Conference-Marie-Riebel-Genealogie-1086x1536.jpg 1086w, https:\/\/etival.fr\/wp-content\/uploads\/2025\/01\/01_22-Conference-Marie-Riebel-Genealogie-1448x2048.jpg 1448w, https:\/\/etival.fr\/wp-content\/uploads\/2025\/01\/01_22-Conference-Marie-Riebel-Genealogie-624x883.jpg 624w, https:\/\/etival.fr\/wp-content\/uploads\/2025\/01\/01_22-Conference-Marie-Riebel-Genealogie-scaled.jpg 1810w\" sizes=\"auto, (max-width: 724px) 100vw, 724px\" \/><\/a><\/figure>\n\n\n\n<figure class=\"wp-block-image size-large\"><a href=\"https:\/\/etival.fr\/wp-content\/uploads\/2025\/01\/01_25-14h-Defi-Stivalien-scaled.jpg\"><img loading=\"lazy\" decoding=\"async\" width=\"724\" height=\"1024\" data-id=\"12486\" src=\"https:\/\/etival.fr\/wp-content\/uploads\/2025\/01\/01_25-14h-Defi-Stivalien-724x1024.jpg\" alt=\"\" class=\"wp-image-12486\" srcset=\"https:\/\/etival.fr\/wp-content\/uploads\/2025\/01\/01_25-14h-Defi-Stivalien-724x1024.jpg 724w, https:\/\/etival.fr\/wp-content\/uploads\/2025\/01\/01_25-14h-Defi-Stivalien-212x300.jpg 212w, https:\/\/etival.fr\/wp-content\/uploads\/2025\/01\/01_25-14h-Defi-Stivalien-768x1086.jpg 768w, https:\/\/etival.fr\/wp-content\/uploads\/2025\/01\/01_25-14h-Defi-Stivalien-1086x1536.jpg 1086w, https:\/\/etival.fr\/wp-content\/uploads\/2025\/01\/01_25-14h-Defi-Stivalien-1448x2048.jpg 1448w, https:\/\/etival.fr\/wp-content\/uploads\/2025\/01\/01_25-14h-Defi-Stivalien-624x883.jpg 624w, https:\/\/etival.fr\/wp-content\/uploads\/2025\/01\/01_25-14h-Defi-Stivalien-scaled.jpg 1810w\" sizes=\"auto, (max-width: 724px) 100vw, 724px\" \/><\/a><\/figure>\n\n\n\n<figure class=\"wp-block-image size-large\"><a href=\"https:\/\/etival.fr\/wp-content\/uploads\/2025\/01\/01_25-15h-En-avant-la-musique-scaled.jpg\"><img loading=\"lazy\" decoding=\"async\" width=\"724\" height=\"1024\" data-id=\"12482\" src=\"https:\/\/etival.fr\/wp-content\/uploads\/2025\/01\/01_25-15h-En-avant-la-musique-724x1024.jpg\" alt=\"\" class=\"wp-image-12482\" srcset=\"https:\/\/etival.fr\/wp-content\/uploads\/2025\/01\/01_25-15h-En-avant-la-musique-724x1024.jpg 724w, https:\/\/etival.fr\/wp-content\/uploads\/2025\/01\/01_25-15h-En-avant-la-musique-212x300.jpg 212w, https:\/\/etival.fr\/wp-content\/uploads\/2025\/01\/01_25-15h-En-avant-la-musique-768x1086.jpg 768w, https:\/\/etival.fr\/wp-content\/uploads\/2025\/01\/01_25-15h-En-avant-la-musique-1086x1536.jpg 1086w, https:\/\/etival.fr\/wp-content\/uploads\/2025\/01\/01_25-15h-En-avant-la-musique-1448x2048.jpg 1448w, https:\/\/etival.fr\/wp-content\/uploads\/2025\/01\/01_25-15h-En-avant-la-musique-624x883.jpg 624w, https:\/\/etival.fr\/wp-content\/uploads\/2025\/01\/01_25-15h-En-avant-la-musique-scaled.jpg 1810w\" sizes=\"auto, (max-width: 724px) 100vw, 724px\" \/><\/a><\/figure>\n\n\n\n<figure class=\"wp-block-image size-large\"><a href=\"https:\/\/etival.fr\/wp-content\/uploads\/2025\/01\/01_25-16h30-Loups-Garous-scaled.jpg\"><img loading=\"lazy\" decoding=\"async\" width=\"724\" height=\"1024\" data-id=\"12484\" src=\"https:\/\/etival.fr\/wp-content\/uploads\/2025\/01\/01_25-16h30-Loups-Garous-724x1024.jpg\" alt=\"\" class=\"wp-image-12484\" srcset=\"https:\/\/etival.fr\/wp-content\/uploads\/2025\/01\/01_25-16h30-Loups-Garous-724x1024.jpg 724w, https:\/\/etival.fr\/wp-content\/uploads\/2025\/01\/01_25-16h30-Loups-Garous-212x300.jpg 212w, https:\/\/etival.fr\/wp-content\/uploads\/2025\/01\/01_25-16h30-Loups-Garous-768x1086.jpg 768w, https:\/\/etival.fr\/wp-content\/uploads\/2025\/01\/01_25-16h30-Loups-Garous-1086x1536.jpg 1086w, https:\/\/etival.fr\/wp-content\/uploads\/2025\/01\/01_25-16h30-Loups-Garous-1448x2048.jpg 1448w, https:\/\/etival.fr\/wp-content\/uploads\/2025\/01\/01_25-16h30-Loups-Garous-624x883.jpg 624w, https:\/\/etival.fr\/wp-content\/uploads\/2025\/01\/01_25-16h30-Loups-Garous-scaled.jpg 1810w\" sizes=\"auto, (max-width: 724px) 100vw, 724px\" \/><\/a><\/figure>\n<\/figure>\n","protected":false},"excerpt":{"rendered":"","protected":false},"author":2,"featured_media":0,"comment_status":"closed","ping_status":"open","sticky":false,"template":"","format":"standard","meta":{"footnotes":""},"categories":[9],"tags":[],"class_list":["post-12481","post","type-post","status-publish","format-standard","hentry","category-communaute-dagglomeration-de-saint-die-des-vosges"],"yoast_head":"<!-- This site is optimized with the Yoast SEO plugin v26.8 - https:\/\/yoast.com\/product\/yoast-seo-wordpress\/ -->\n<title>Au programme de la M\u00e9diath\u00e8que d\u2019\u00c9tival-Clairefontaine - Etival-Clairefontaine<\/title>\n<meta name=\"robots\" content=\"index, follow, max-snippet:-1, max-image-preview:large, max-video-preview:-1\" \/>\n<link rel=\"canonical\" href=\"https:\/\/etival.fr\/?p=12481\" \/>\n<meta property=\"og:locale\" content=\"fr_FR\" \/>\n<meta property=\"og:type\" content=\"article\" \/>\n<meta property=\"og:title\" content=\"Au programme de la M\u00e9diath\u00e8que d\u2019\u00c9tival-Clairefontaine - Etival-Clairefontaine\" \/>\n<meta property=\"og:url\" content=\"https:\/\/etival.fr\/?p=12481\" \/>\n<meta property=\"og:site_name\" content=\"Etival-Clairefontaine\" \/>\n<meta property=\"article:published_time\" content=\"2025-01-16T07:10:51+00:00\" \/>\n<meta property=\"article:modified_time\" content=\"2025-01-16T07:12:14+00:00\" \/>\n<meta property=\"og:image\" content=\"https:\/\/etival.fr\/wp-content\/uploads\/2025\/01\/01_17-02_15-Expo-Anne-Laure-Bastien-scaled.jpg\" \/>\n\t<meta property=\"og:image:width\" content=\"1811\" \/>\n\t<meta property=\"og:image:height\" content=\"2560\" \/>\n\t<meta property=\"og:image:type\" content=\"image\/jpeg\" \/>\n<meta name=\"author\" content=\"Catherine\" \/>\n<meta name=\"twitter:card\" content=\"summary_large_image\" \/>\n<meta name=\"twitter:label1\" content=\"\u00c9crit par\" \/>\n\t<meta name=\"twitter:data1\" content=\"Catherine\" \/>\n\t<meta name=\"twitter:label2\" content=\"Dur\u00e9e de lecture estim\u00e9e\" \/>\n\t<meta name=\"twitter:data2\" content=\"2 minutes\" \/>\n<script type=\"application\/ld+json\" class=\"yoast-schema-graph\">{\"@context\":\"https:\/\/schema.org\",\"@graph\":[{\"@type\":\"Article\",\"@id\":\"https:\/\/etival.fr\/?p=12481#article\",\"isPartOf\":{\"@id\":\"https:\/\/etival.fr\/?p=12481\"},\"author\":{\"name\":\"Catherine\",\"@id\":\"https:\/\/etival.fr\/#\/schema\/person\/966767531f422984430588510b8d4c3f\"},\"headline\":\"Au programme de la M\u00e9diath\u00e8que d\u2019\u00c9tival-Clairefontaine\",\"datePublished\":\"2025-01-16T07:10:51+00:00\",\"dateModified\":\"2025-01-16T07:12:14+00:00\",\"mainEntityOfPage\":{\"@id\":\"https:\/\/etival.fr\/?p=12481\"},\"wordCount\":9,\"image\":{\"@id\":\"https:\/\/etival.fr\/?p=12481#primaryimage\"},\"thumbnailUrl\":\"https:\/\/etival.fr\/wp-content\/uploads\/2025\/01\/01_17-02_15-Expo-Anne-Laure-Bastien-725x1024.jpg\",\"articleSection\":[\"Communaut\u00e9 d'Agglom\u00e9ration de Saint-Di\u00e9-Des-Vosges\"],\"inLanguage\":\"fr-FR\"},{\"@type\":\"WebPage\",\"@id\":\"https:\/\/etival.fr\/?p=12481\",\"url\":\"https:\/\/etival.fr\/?p=12481\",\"name\":\"Au programme de la M\u00e9diath\u00e8que d\u2019\u00c9tival-Clairefontaine - Etival-Clairefontaine\",\"isPartOf\":{\"@id\":\"https:\/\/etival.fr\/#website\"},\"primaryImageOfPage\":{\"@id\":\"https:\/\/etival.fr\/?p=12481#primaryimage\"},\"image\":{\"@id\":\"https:\/\/etival.fr\/?p=12481#primaryimage\"},\"thumbnailUrl\":\"https:\/\/etival.fr\/wp-content\/uploads\/2025\/01\/01_17-02_15-Expo-Anne-Laure-Bastien-725x1024.jpg\",\"datePublished\":\"2025-01-16T07:10:51+00:00\",\"dateModified\":\"2025-01-16T07:12:14+00:00\",\"author\":{\"@id\":\"https:\/\/etival.fr\/#\/schema\/person\/966767531f422984430588510b8d4c3f\"},\"breadcrumb\":{\"@id\":\"https:\/\/etival.fr\/?p=12481#breadcrumb\"},\"inLanguage\":\"fr-FR\",\"potentialAction\":[{\"@type\":\"ReadAction\",\"target\":[\"https:\/\/etival.fr\/?p=12481\"]}]},{\"@type\":\"ImageObject\",\"inLanguage\":\"fr-FR\",\"@id\":\"https:\/\/etival.fr\/?p=12481#primaryimage\",\"url\":\"https:\/\/etival.fr\/wp-content\/uploads\/2025\/01\/01_17-02_15-Expo-Anne-Laure-Bastien-scaled.jpg\",\"contentUrl\":\"https:\/\/etival.fr\/wp-content\/uploads\/2025\/01\/01_17-02_15-Expo-Anne-Laure-Bastien-scaled.jpg\",\"width\":1811,\"height\":2560},{\"@type\":\"BreadcrumbList\",\"@id\":\"https:\/\/etival.fr\/?p=12481#breadcrumb\",\"itemListElement\":[{\"@type\":\"ListItem\",\"position\":1,\"name\":\"Accueil\",\"item\":\"https:\/\/etival.fr\/\"},{\"@type\":\"ListItem\",\"position\":2,\"name\":\"Au programme de la M\u00e9diath\u00e8que d\u2019\u00c9tival-Clairefontaine\"}]},{\"@type\":\"WebSite\",\"@id\":\"https:\/\/etival.fr\/#website\",\"url\":\"https:\/\/etival.fr\/\",\"name\":\"Etival-Clairefontaine\",\"description\":\"Informations et actualit\u00e9s de la commune\",\"potentialAction\":[{\"@type\":\"SearchAction\",\"target\":{\"@type\":\"EntryPoint\",\"urlTemplate\":\"https:\/\/etival.fr\/?s={search_term_string}\"},\"query-input\":{\"@type\":\"PropertyValueSpecification\",\"valueRequired\":true,\"valueName\":\"search_term_string\"}}],\"inLanguage\":\"fr-FR\"},{\"@type\":\"Person\",\"@id\":\"https:\/\/etival.fr\/#\/schema\/person\/966767531f422984430588510b8d4c3f\",\"name\":\"Catherine\",\"image\":{\"@type\":\"ImageObject\",\"inLanguage\":\"fr-FR\",\"@id\":\"https:\/\/etival.fr\/#\/schema\/person\/image\/\",\"url\":\"https:\/\/secure.gravatar.com\/avatar\/b99eff3bf59bd614e6c532df451dc649?s=96&d=mm&r=g\",\"contentUrl\":\"https:\/\/secure.gravatar.com\/avatar\/b99eff3bf59bd614e6c532df451dc649?s=96&d=mm&r=g\",\"caption\":\"Catherine\"},\"url\":\"https:\/\/etival.fr\/?author=2\"}]}<\/script>\n<!-- \/ Yoast SEO plugin. -->","yoast_head_json":{"title":"Au programme de la M\u00e9diath\u00e8que d\u2019\u00c9tival-Clairefontaine - Etival-Clairefontaine","robots":{"index":"index","follow":"follow","max-snippet":"max-snippet:-1","max-image-preview":"max-image-preview:large","max-video-preview":"max-video-preview:-1"},"canonical":"https:\/\/etival.fr\/?p=12481","og_locale":"fr_FR","og_type":"article","og_title":"Au programme de la M\u00e9diath\u00e8que d\u2019\u00c9tival-Clairefontaine - Etival-Clairefontaine","og_url":"https:\/\/etival.fr\/?p=12481","og_site_name":"Etival-Clairefontaine","article_published_time":"2025-01-16T07:10:51+00:00","article_modified_time":"2025-01-16T07:12:14+00:00","og_image":[{"width":1811,"height":2560,"url":"https:\/\/etival.fr\/wp-content\/uploads\/2025\/01\/01_17-02_15-Expo-Anne-Laure-Bastien-scaled.jpg","type":"image\/jpeg"}],"author":"Catherine","twitter_card":"summary_large_image","twitter_misc":{"\u00c9crit par":"Catherine","Dur\u00e9e de lecture estim\u00e9e":"2 minutes"},"schema":{"@context":"https:\/\/schema.org","@graph":[{"@type":"Article","@id":"https:\/\/etival.fr\/?p=12481#article","isPartOf":{"@id":"https:\/\/etival.fr\/?p=12481"},"author":{"name":"Catherine","@id":"https:\/\/etival.fr\/#\/schema\/person\/966767531f422984430588510b8d4c3f"},"headline":"Au programme de la M\u00e9diath\u00e8que d\u2019\u00c9tival-Clairefontaine","datePublished":"2025-01-16T07:10:51+00:00","dateModified":"2025-01-16T07:12:14+00:00","mainEntityOfPage":{"@id":"https:\/\/etival.fr\/?p=12481"},"wordCount":9,"image":{"@id":"https:\/\/etival.fr\/?p=12481#primaryimage"},"thumbnailUrl":"https:\/\/etival.fr\/wp-content\/uploads\/2025\/01\/01_17-02_15-Expo-Anne-Laure-Bastien-725x1024.jpg","articleSection":["Communaut\u00e9 d'Agglom\u00e9ration de Saint-Di\u00e9-Des-Vosges"],"inLanguage":"fr-FR"},{"@type":"WebPage","@id":"https:\/\/etival.fr\/?p=12481","url":"https:\/\/etival.fr\/?p=12481","name":"Au programme de la M\u00e9diath\u00e8que d\u2019\u00c9tival-Clairefontaine - Etival-Clairefontaine","isPartOf":{"@id":"https:\/\/etival.fr\/#website"},"primaryImageOfPage":{"@id":"https:\/\/etival.fr\/?p=12481#primaryimage"},"image":{"@id":"https:\/\/etival.fr\/?p=12481#primaryimage"},"thumbnailUrl":"https:\/\/etival.fr\/wp-content\/uploads\/2025\/01\/01_17-02_15-Expo-Anne-Laure-Bastien-725x1024.jpg","datePublished":"2025-01-16T07:10:51+00:00","dateModified":"2025-01-16T07:12:14+00:00","author":{"@id":"https:\/\/etival.fr\/#\/schema\/person\/966767531f422984430588510b8d4c3f"},"breadcrumb":{"@id":"https:\/\/etival.fr\/?p=12481#breadcrumb"},"inLanguage":"fr-FR","potentialAction":[{"@type":"ReadAction","target":["https:\/\/etival.fr\/?p=12481"]}]},{"@type":"ImageObject","inLanguage":"fr-FR","@id":"https:\/\/etival.fr\/?p=12481#primaryimage","url":"https:\/\/etival.fr\/wp-content\/uploads\/2025\/01\/01_17-02_15-Expo-Anne-Laure-Bastien-scaled.jpg","contentUrl":"https:\/\/etival.fr\/wp-content\/uploads\/2025\/01\/01_17-02_15-Expo-Anne-Laure-Bastien-scaled.jpg","width":1811,"height":2560},{"@type":"BreadcrumbList","@id":"https:\/\/etival.fr\/?p=12481#breadcrumb","itemListElement":[{"@type":"ListItem","position":1,"name":"Accueil","item":"https:\/\/etival.fr\/"},{"@type":"ListItem","position":2,"name":"Au programme de la M\u00e9diath\u00e8que d\u2019\u00c9tival-Clairefontaine"}]},{"@type":"WebSite","@id":"https:\/\/etival.fr\/#website","url":"https:\/\/etival.fr\/","name":"Etival-Clairefontaine","description":"Informations et actualit\u00e9s de la commune","potentialAction":[{"@type":"SearchAction","target":{"@type":"EntryPoint","urlTemplate":"https:\/\/etival.fr\/?s={search_term_string}"},"query-input":{"@type":"PropertyValueSpecification","valueRequired":true,"valueName":"search_term_string"}}],"inLanguage":"fr-FR"},{"@type":"Person","@id":"https:\/\/etival.fr\/#\/schema\/person\/966767531f422984430588510b8d4c3f","name":"Catherine","image":{"@type":"ImageObject","inLanguage":"fr-FR","@id":"https:\/\/etival.fr\/#\/schema\/person\/image\/","url":"https:\/\/secure.gravatar.com\/avatar\/b99eff3bf59bd614e6c532df451dc649?s=96&d=mm&r=g","contentUrl":"https:\/\/secure.gravatar.com\/avatar\/b99eff3bf59bd614e6c532df451dc649?s=96&d=mm&r=g","caption":"Catherine"},"url":"https:\/\/etival.fr\/?author=2"}]}},"_links":{"self":[{"href":"https:\/\/etival.fr\/index.php?rest_route=\/wp\/v2\/posts\/12481","targetHints":{"allow":["GET"]}}],"collection":[{"href":"https:\/\/etival.fr\/index.php?rest_route=\/wp\/v2\/posts"}],"about":[{"href":"https:\/\/etival.fr\/index.php?rest_route=\/wp\/v2\/types\/post"}],"author":[{"embeddable":true,"href":"https:\/\/etival.fr\/index.php?rest_route=\/wp\/v2\/users\/2"}],"replies":[{"embeddable":true,"href":"https:\/\/etival.fr\/index.php?rest_route=%2Fwp%2Fv2%2Fcomments&post=12481"}],"version-history":[{"count":1,"href":"https:\/\/etival.fr\/index.php?rest_route=\/wp\/v2\/posts\/12481\/revisions"}],"predecessor-version":[{"id":12488,"href":"https:\/\/etival.fr\/index.php?rest_route=\/wp\/v2\/posts\/12481\/revisions\/12488"}],"wp:attachment":[{"href":"https:\/\/etival.fr\/index.php?rest_route=%2Fwp%2Fv2%2Fmedia&parent=12481"}],"wp:term":[{"taxonomy":"category","embeddable":true,"href":"https:\/\/etival.fr\/index.php?rest_route=%2Fwp%2Fv2%2Fcategories&post=12481"},{"taxonomy":"post_tag","embeddable":true,"href":"https:\/\/etival.fr\/index.php?rest_route=%2Fwp%2Fv2%2Ftags&post=12481"}],"curies":[{"name":"wp","href":"https:\/\/api.w.org\/{rel}","templated":true}]}}